{"id":1685,"date":"2014-12-05T12:04:16","date_gmt":"2014-12-05T11:04:16","guid":{"rendered":"http:\/\/wp.kristdemokraterna.se\/vasterbotten\/?p=1685"},"modified":"2020-01-14T16:14:15","modified_gmt":"2020-01-14T15:14:15","slug":"synprovning-hos-bvc-vid-5-ars-alder","status":"publish","type":"post","link":"https:\/\/wp.kristdemokraterna.se\/vasterbotten\/synprovning-hos-bvc-vid-5-ars-alder\/","title":{"rendered":"Synpr\u00f6vning hos BVC vid 5 \u00bd \u00e5rs \u00e5lder"},"content":{"rendered":"<p><em><strong>Motion<\/strong><\/em><br \/>\nSynpr\u00f6vning g\u00f6rs av BVC p\u00e5 alla 4-\u00e5ringar. Efter det ser det lite olika ut i v\u00e5rt l\u00e4n.<!--more--><\/p>\n<p>I Skellefte\u00e5 g\u00f6r BVC \u00e4ven synpr\u00f6vningen p\u00e5 alla 5 \u00bd \u00e5ringar medan man i Ume\u00e5 samt S\u00f6dra Lappland har l\u00e5tit kommunerna \u00f6verta dessa kontroller. De sker d\u00e5 i f\u00f6rskoleklass (6 \u00e5r). De kan ske under h\u00f6st- eller v\u00e5rtermin beroende p\u00e5 hur mycket skolsk\u00f6terskorna har att g\u00f6ra och hur stora f\u00f6rskoleklasserna \u00e4r, barnen kanske till och med hinner fylla 7 \u00e5r. Detta kan vara f\u00f6r\u00f6dande f\u00f6r de barn som har en synneds\u00e4ttning.<\/p>\n<p>Barnens syn utvecklas fr\u00e5n det de f\u00f6ds till cirka 8-10 \u00e5rs \u00e5lder.\u00a0 Om man av olika sk\u00e4l har klarat 4-\u00e5rskontrollen trots att synen har varit d\u00e5lig s\u00e5 f\u00e5ngas dessa barn upp vid 5 \u00bd-\u00e5rskontrollen. Med tanke p\u00e5 att synsystemet blir \u201dtr\u00f6gare och tr\u00f6gare\u201d ju \u00e4ldre barnen blir s\u00e5 \u00e4r det viktigt att vi f\u00e5ngar upp dem tidigt, vid 5 \u00bd \u00e5rs \u00e5lder, s\u00e5 att glas- och lappbehandling kan s\u00e4ttas in.<\/p>\n<p>Med ovanst\u00e5ende som bakgrund f\u00f6resl\u00e5s att landstingsfullm\u00e4ktige beslutar<br \/>\n<strong>att synkontrollerna i Ume\u00e5 och S\u00f6dra Lappland p\u00e5 nytt \u00e5terg\u00e5r till BVC och g\u00f6rs vid 5 \u00bd \u00e5rs \u00e5lder f\u00f6r att f\u00e5 en j\u00e4mlik och r\u00e4ttvis v\u00e5rd i l\u00e4net.<\/strong><\/p>\n<p><strong>Betty-Ann Nilsson<\/strong><br \/>\n<strong>Kristdemokraterna<\/strong><\/p>\n","protected":false},"excerpt":{"rendered":"<p>Motion Synpr\u00f6vning g\u00f6rs av BVC p\u00e5 alla 4-\u00e5ringar. Efter det ser det lite olika ut i v\u00e5rt l\u00e4n.<\/p>\n","protected":false},"author":31,"featured_media":1835,"comment_status":"closed","ping_status":"closed","sticky":false,"template":"","format":"standard","meta":{"_acf_changed":false,"footnotes":""},"categories":[3],"tags":[10,44,47,7,46,19],"class_list":["post-1685","post","type-post","status-publish","format-standard","hentry","category-region","tag-barn","tag-betty-ann-nilsson","tag-bvc","tag-kristdemokraterna","tag-synundersokning","tag-vasterbotten"],"acf":[],"yoast_head":"<!-- This site is optimized with the Yoast SEO plugin v27.4 - https:\/\/yoast.com\/product\/yoast-seo-wordpress\/ -->\n<title>Synpr\u00f6vning hos BVC vid 5 \u00bd \u00e5rs \u00e5lder - KRISTDEMOKRATERNA i V\u00e4sterbotten<\/title>\n<meta name=\"robots\" content=\"index, follow, max-snippet:-1, max-image-preview:large, max-video-preview:-1\" \/>\n<link rel=\"canonical\" href=\"https:\/\/wp.kristdemokraterna.se\/vasterbotten\/synprovning-hos-bvc-vid-5-ars-alder\/\" \/>\n<meta property=\"og:locale\" content=\"sv_SE\" \/>\n<meta property=\"og:type\" content=\"article\" \/>\n<meta property=\"og:title\" content=\"Synpr\u00f6vning hos BVC vid 5 \u00bd \u00e5rs \u00e5lder - KRISTDEMOKRATERNA i V\u00e4sterbotten\" \/>\n<meta property=\"og:description\" content=\"Motion Synpr\u00f6vning g\u00f6rs av BVC p\u00e5 alla 4-\u00e5ringar. Efter det ser det lite olika ut i v\u00e5rt l\u00e4n.\" \/>\n<meta property=\"og:url\" content=\"https:\/\/wp.kristdemokraterna.se\/vasterbotten\/synprovning-hos-bvc-vid-5-ars-alder\/\" \/>\n<meta property=\"og:site_name\" content=\"KRISTDEMOKRATERNA i V\u00e4sterbotten\" \/>\n<meta property=\"article:publisher\" content=\"https:\/\/www.facebook.com\/kdvasterbotten\/\" \/>\n<meta property=\"article:published_time\" content=\"2014-12-05T11:04:16+00:00\" \/>\n<meta property=\"article:modified_time\" content=\"2020-01-14T15:14:15+00:00\" \/>\n<meta property=\"og:image\" content=\"https:\/\/wp.kristdemokraterna.se\/vasterbotten\/files\/2014\/12\/girl-388652_960_720.jpg\" \/>\n\t<meta property=\"og:image:width\" content=\"960\" \/>\n\t<meta property=\"og:image:height\" content=\"640\" \/>\n\t<meta property=\"og:image:type\" content=\"image\/jpeg\" \/>\n<meta name=\"author\" content=\"vasterbotten\" \/>\n<meta name=\"twitter:card\" content=\"summary_large_image\" \/>\n<meta name=\"twitter:creator\" content=\"@kdvasterbotten\" \/>\n<meta name=\"twitter:site\" content=\"@kdvasterbotten\" \/>\n<meta name=\"twitter:label1\" content=\"Skriven av\" \/>\n\t<meta name=\"twitter:data1\" content=\"vasterbotten\" \/>\n\t<meta name=\"twitter:label2\" content=\"Ber\u00e4knad l\u00e4stid\" \/>\n\t<meta name=\"twitter:data2\" content=\"1 minut\" \/>\n<script type=\"application\/ld+json\" class=\"yoast-schema-graph\">{\"@context\":\"https:\\\/\\\/schema.org\",\"@graph\":[{\"@type\":\"Article\",\"@id\":\"https:\\\/\\\/wp.kristdemokraterna.se\\\/vasterbotten\\\/synprovning-hos-bvc-vid-5-ars-alder\\\/#article\",\"isPartOf\":{\"@id\":\"https:\\\/\\\/wp.kristdemokraterna.se\\\/vasterbotten\\\/synprovning-hos-bvc-vid-5-ars-alder\\\/\"},\"author\":{\"name\":\"vasterbotten\",\"@id\":\"https:\\\/\\\/wp.kristdemokraterna.se\\\/vasterbotten\\\/#\\\/schema\\\/person\\\/76df48c7a948639b55d24e5cbdc2bf8f\"},\"headline\":\"Synpr\u00f6vning hos BVC vid 5 \u00bd \u00e5rs \u00e5lder\",\"datePublished\":\"2014-12-05T11:04:16+00:00\",\"dateModified\":\"2020-01-14T15:14:15+00:00\",\"mainEntityOfPage\":{\"@id\":\"https:\\\/\\\/wp.kristdemokraterna.se\\\/vasterbotten\\\/synprovning-hos-bvc-vid-5-ars-alder\\\/\"},\"wordCount\":239,\"image\":{\"@id\":\"https:\\\/\\\/wp.kristdemokraterna.se\\\/vasterbotten\\\/synprovning-hos-bvc-vid-5-ars-alder\\\/#primaryimage\"},\"thumbnailUrl\":\"https:\\\/\\\/wp.kristdemokraterna.se\\\/vasterbotten\\\/files\\\/2014\\\/12\\\/girl-388652_960_720.jpg\",\"keywords\":[\"barn\",\"Betty-Ann Nilsson\",\"BVC\",\"kristdemokraterna\",\"synunders\u00f6kning\",\"v\u00e4sterbotten\"],\"articleSection\":[\"Region\"],\"inLanguage\":\"sv-SE\"},{\"@type\":\"WebPage\",\"@id\":\"https:\\\/\\\/wp.kristdemokraterna.se\\\/vasterbotten\\\/synprovning-hos-bvc-vid-5-ars-alder\\\/\",\"url\":\"https:\\\/\\\/wp.kristdemokraterna.se\\\/vasterbotten\\\/synprovning-hos-bvc-vid-5-ars-alder\\\/\",\"name\":\"Synpr\u00f6vning hos BVC vid 5 \u00bd \u00e5rs \u00e5lder - KRISTDEMOKRATERNA i V\u00e4sterbotten\",\"isPartOf\":{\"@id\":\"https:\\\/\\\/wp.kristdemokraterna.se\\\/vasterbotten\\\/#website\"},\"primaryImageOfPage\":{\"@id\":\"https:\\\/\\\/wp.kristdemokraterna.se\\\/vasterbotten\\\/synprovning-hos-bvc-vid-5-ars-alder\\\/#primaryimage\"},\"image\":{\"@id\":\"https:\\\/\\\/wp.kristdemokraterna.se\\\/vasterbotten\\\/synprovning-hos-bvc-vid-5-ars-alder\\\/#primaryimage\"},\"thumbnailUrl\":\"https:\\\/\\\/wp.kristdemokraterna.se\\\/vasterbotten\\\/files\\\/2014\\\/12\\\/girl-388652_960_720.jpg\",\"datePublished\":\"2014-12-05T11:04:16+00:00\",\"dateModified\":\"2020-01-14T15:14:15+00:00\",\"author\":{\"@id\":\"https:\\\/\\\/wp.kristdemokraterna.se\\\/vasterbotten\\\/#\\\/schema\\\/person\\\/76df48c7a948639b55d24e5cbdc2bf8f\"},\"breadcrumb\":{\"@id\":\"https:\\\/\\\/wp.kristdemokraterna.se\\\/vasterbotten\\\/synprovning-hos-bvc-vid-5-ars-alder\\\/#breadcrumb\"},\"inLanguage\":\"sv-SE\",\"potentialAction\":[{\"@type\":\"ReadAction\",\"target\":[\"https:\\\/\\\/wp.kristdemokraterna.se\\\/vasterbotten\\\/synprovning-hos-bvc-vid-5-ars-alder\\\/\"]}]},{\"@type\":\"ImageObject\",\"inLanguage\":\"sv-SE\",\"@id\":\"https:\\\/\\\/wp.kristdemokraterna.se\\\/vasterbotten\\\/synprovning-hos-bvc-vid-5-ars-alder\\\/#primaryimage\",\"url\":\"https:\\\/\\\/wp.kristdemokraterna.se\\\/vasterbotten\\\/files\\\/2014\\\/12\\\/girl-388652_960_720.jpg\",\"contentUrl\":\"https:\\\/\\\/wp.kristdemokraterna.se\\\/vasterbotten\\\/files\\\/2014\\\/12\\\/girl-388652_960_720.jpg\",\"width\":960,\"height\":640},{\"@type\":\"BreadcrumbList\",\"@id\":\"https:\\\/\\\/wp.kristdemokraterna.se\\\/vasterbotten\\\/synprovning-hos-bvc-vid-5-ars-alder\\\/#breadcrumb\",\"itemListElement\":[{\"@type\":\"ListItem\",\"position\":1,\"name\":\"Hem\",\"item\":\"https:\\\/\\\/wp.kristdemokraterna.se\\\/vasterbotten\\\/\"},{\"@type\":\"ListItem\",\"position\":2,\"name\":\"Synpr\u00f6vning hos BVC vid 5 \u00bd \u00e5rs \u00e5lder\"}]},{\"@type\":\"WebSite\",\"@id\":\"https:\\\/\\\/wp.kristdemokraterna.se\\\/vasterbotten\\\/#website\",\"url\":\"https:\\\/\\\/wp.kristdemokraterna.se\\\/vasterbotten\\\/\",\"name\":\"KRISTDEMOKRATERNA i V\u00e4sterbotten\",\"description\":\"Varje m\u00e4nniska ska bem\u00f6tas med v\u00e4rdighet!\",\"inLanguage\":\"sv-SE\"},{\"@type\":\"Person\",\"@id\":\"https:\\\/\\\/wp.kristdemokraterna.se\\\/vasterbotten\\\/#\\\/schema\\\/person\\\/76df48c7a948639b55d24e5cbdc2bf8f\",\"name\":\"vasterbotten\",\"image\":{\"@type\":\"ImageObject\",\"inLanguage\":\"sv-SE\",\"@id\":\"https:\\\/\\\/secure.gravatar.com\\\/avatar\\\/1b166c6019db6128cf01be0910f312f1bf8363aef45fdd1c3f0f9d3ca000604f?s=96&d=mm&r=g\",\"url\":\"https:\\\/\\\/secure.gravatar.com\\\/avatar\\\/1b166c6019db6128cf01be0910f312f1bf8363aef45fdd1c3f0f9d3ca000604f?s=96&d=mm&r=g\",\"contentUrl\":\"https:\\\/\\\/secure.gravatar.com\\\/avatar\\\/1b166c6019db6128cf01be0910f312f1bf8363aef45fdd1c3f0f9d3ca000604f?s=96&d=mm&r=g\",\"caption\":\"vasterbotten\"},\"url\":\"https:\\\/\\\/wp.kristdemokraterna.se\\\/vasterbotten\\\/author\\\/vasterbotten\\\/\"}]}<\/script>\n<!-- \/ Yoast SEO plugin. -->","yoast_head_json":{"title":"Synpr\u00f6vning hos BVC vid 5 \u00bd \u00e5rs \u00e5lder - KRISTDEMOKRATERNA i V\u00e4sterbotten","robots":{"index":"index","follow":"follow","max-snippet":"max-snippet:-1","max-image-preview":"max-image-preview:large","max-video-preview":"max-video-preview:-1"},"canonical":"https:\/\/wp.kristdemokraterna.se\/vasterbotten\/synprovning-hos-bvc-vid-5-ars-alder\/","og_locale":"sv_SE","og_type":"article","og_title":"Synpr\u00f6vning hos BVC vid 5 \u00bd \u00e5rs \u00e5lder - KRISTDEMOKRATERNA i V\u00e4sterbotten","og_description":"Motion Synpr\u00f6vning g\u00f6rs av BVC p\u00e5 alla 4-\u00e5ringar. Efter det ser det lite olika ut i v\u00e5rt l\u00e4n.","og_url":"https:\/\/wp.kristdemokraterna.se\/vasterbotten\/synprovning-hos-bvc-vid-5-ars-alder\/","og_site_name":"KRISTDEMOKRATERNA i V\u00e4sterbotten","article_publisher":"https:\/\/www.facebook.com\/kdvasterbotten\/","article_published_time":"2014-12-05T11:04:16+00:00","article_modified_time":"2020-01-14T15:14:15+00:00","og_image":[{"width":960,"height":640,"url":"https:\/\/wp.kristdemokraterna.se\/vasterbotten\/files\/2014\/12\/girl-388652_960_720.jpg","type":"image\/jpeg"}],"author":"vasterbotten","twitter_card":"summary_large_image","twitter_creator":"@kdvasterbotten","twitter_site":"@kdvasterbotten","twitter_misc":{"Skriven av":"vasterbotten","Ber\u00e4knad l\u00e4stid":"1 minut"},"schema":{"@context":"https:\/\/schema.org","@graph":[{"@type":"Article","@id":"https:\/\/wp.kristdemokraterna.se\/vasterbotten\/synprovning-hos-bvc-vid-5-ars-alder\/#article","isPartOf":{"@id":"https:\/\/wp.kristdemokraterna.se\/vasterbotten\/synprovning-hos-bvc-vid-5-ars-alder\/"},"author":{"name":"vasterbotten","@id":"https:\/\/wp.kristdemokraterna.se\/vasterbotten\/#\/schema\/person\/76df48c7a948639b55d24e5cbdc2bf8f"},"headline":"Synpr\u00f6vning hos BVC vid 5 \u00bd \u00e5rs \u00e5lder","datePublished":"2014-12-05T11:04:16+00:00","dateModified":"2020-01-14T15:14:15+00:00","mainEntityOfPage":{"@id":"https:\/\/wp.kristdemokraterna.se\/vasterbotten\/synprovning-hos-bvc-vid-5-ars-alder\/"},"wordCount":239,"image":{"@id":"https:\/\/wp.kristdemokraterna.se\/vasterbotten\/synprovning-hos-bvc-vid-5-ars-alder\/#primaryimage"},"thumbnailUrl":"https:\/\/wp.kristdemokraterna.se\/vasterbotten\/files\/2014\/12\/girl-388652_960_720.jpg","keywords":["barn","Betty-Ann Nilsson","BVC","kristdemokraterna","synunders\u00f6kning","v\u00e4sterbotten"],"articleSection":["Region"],"inLanguage":"sv-SE"},{"@type":"WebPage","@id":"https:\/\/wp.kristdemokraterna.se\/vasterbotten\/synprovning-hos-bvc-vid-5-ars-alder\/","url":"https:\/\/wp.kristdemokraterna.se\/vasterbotten\/synprovning-hos-bvc-vid-5-ars-alder\/","name":"Synpr\u00f6vning hos BVC vid 5 \u00bd \u00e5rs \u00e5lder - KRISTDEMOKRATERNA i V\u00e4sterbotten","isPartOf":{"@id":"https:\/\/wp.kristdemokraterna.se\/vasterbotten\/#website"},"primaryImageOfPage":{"@id":"https:\/\/wp.kristdemokraterna.se\/vasterbotten\/synprovning-hos-bvc-vid-5-ars-alder\/#primaryimage"},"image":{"@id":"https:\/\/wp.kristdemokraterna.se\/vasterbotten\/synprovning-hos-bvc-vid-5-ars-alder\/#primaryimage"},"thumbnailUrl":"https:\/\/wp.kristdemokraterna.se\/vasterbotten\/files\/2014\/12\/girl-388652_960_720.jpg","datePublished":"2014-12-05T11:04:16+00:00","dateModified":"2020-01-14T15:14:15+00:00","author":{"@id":"https:\/\/wp.kristdemokraterna.se\/vasterbotten\/#\/schema\/person\/76df48c7a948639b55d24e5cbdc2bf8f"},"breadcrumb":{"@id":"https:\/\/wp.kristdemokraterna.se\/vasterbotten\/synprovning-hos-bvc-vid-5-ars-alder\/#breadcrumb"},"inLanguage":"sv-SE","potentialAction":[{"@type":"ReadAction","target":["https:\/\/wp.kristdemokraterna.se\/vasterbotten\/synprovning-hos-bvc-vid-5-ars-alder\/"]}]},{"@type":"ImageObject","inLanguage":"sv-SE","@id":"https:\/\/wp.kristdemokraterna.se\/vasterbotten\/synprovning-hos-bvc-vid-5-ars-alder\/#primaryimage","url":"https:\/\/wp.kristdemokraterna.se\/vasterbotten\/files\/2014\/12\/girl-388652_960_720.jpg","contentUrl":"https:\/\/wp.kristdemokraterna.se\/vasterbotten\/files\/2014\/12\/girl-388652_960_720.jpg","width":960,"height":640},{"@type":"BreadcrumbList","@id":"https:\/\/wp.kristdemokraterna.se\/vasterbotten\/synprovning-hos-bvc-vid-5-ars-alder\/#breadcrumb","itemListElement":[{"@type":"ListItem","position":1,"name":"Hem","item":"https:\/\/wp.kristdemokraterna.se\/vasterbotten\/"},{"@type":"ListItem","position":2,"name":"Synpr\u00f6vning hos BVC vid 5 \u00bd \u00e5rs \u00e5lder"}]},{"@type":"WebSite","@id":"https:\/\/wp.kristdemokraterna.se\/vasterbotten\/#website","url":"https:\/\/wp.kristdemokraterna.se\/vasterbotten\/","name":"KRISTDEMOKRATERNA i V\u00e4sterbotten","description":"Varje m\u00e4nniska ska bem\u00f6tas med v\u00e4rdighet!","inLanguage":"sv-SE"},{"@type":"Person","@id":"https:\/\/wp.kristdemokraterna.se\/vasterbotten\/#\/schema\/person\/76df48c7a948639b55d24e5cbdc2bf8f","name":"vasterbotten","image":{"@type":"ImageObject","inLanguage":"sv-SE","@id":"https:\/\/secure.gravatar.com\/avatar\/1b166c6019db6128cf01be0910f312f1bf8363aef45fdd1c3f0f9d3ca000604f?s=96&d=mm&r=g","url":"https:\/\/secure.gravatar.com\/avatar\/1b166c6019db6128cf01be0910f312f1bf8363aef45fdd1c3f0f9d3ca000604f?s=96&d=mm&r=g","contentUrl":"https:\/\/secure.gravatar.com\/avatar\/1b166c6019db6128cf01be0910f312f1bf8363aef45fdd1c3f0f9d3ca000604f?s=96&d=mm&r=g","caption":"vasterbotten"},"url":"https:\/\/wp.kristdemokraterna.se\/vasterbotten\/author\/vasterbotten\/"}]}},"_links":{"self":[{"href":"https:\/\/wp.kristdemokraterna.se\/vasterbotten\/wp-json\/wp\/v2\/posts\/1685","targetHints":{"allow":["GET"]}}],"collection":[{"href":"https:\/\/wp.kristdemokraterna.se\/vasterbotten\/wp-json\/wp\/v2\/posts"}],"about":[{"href":"https:\/\/wp.kristdemokraterna.se\/vasterbotten\/wp-json\/wp\/v2\/types\/post"}],"author":[{"embeddable":true,"href":"https:\/\/wp.kristdemokraterna.se\/vasterbotten\/wp-json\/wp\/v2\/users\/31"}],"replies":[{"embeddable":true,"href":"https:\/\/wp.kristdemokraterna.se\/vasterbotten\/wp-json\/wp\/v2\/comments?post=1685"}],"version-history":[{"count":1,"href":"https:\/\/wp.kristdemokraterna.se\/vasterbotten\/wp-json\/wp\/v2\/posts\/1685\/revisions"}],"predecessor-version":[{"id":1686,"href":"https:\/\/wp.kristdemokraterna.se\/vasterbotten\/wp-json\/wp\/v2\/posts\/1685\/revisions\/1686"}],"wp:featuredmedia":[{"embeddable":true,"href":"https:\/\/wp.kristdemokraterna.se\/vasterbotten\/wp-json\/wp\/v2\/media\/1835"}],"wp:attachment":[{"href":"https:\/\/wp.kristdemokraterna.se\/vasterbotten\/wp-json\/wp\/v2\/media?parent=1685"}],"wp:term":[{"taxonomy":"category","embeddable":true,"href":"https:\/\/wp.kristdemokraterna.se\/vasterbotten\/wp-json\/wp\/v2\/categories?post=1685"},{"taxonomy":"post_tag","embeddable":true,"href":"https:\/\/wp.kristdemokraterna.se\/vasterbotten\/wp-json\/wp\/v2\/tags?post=1685"}],"curies":[{"name":"wp","href":"https:\/\/api.w.org\/{rel}","templated":true}]}}