{"id":2375,"date":"2020-01-14T14:15:54","date_gmt":"2020-01-14T13:15:54","guid":{"rendered":"http:\/\/wp.kristdemokraterna.se\/vasterbotten\/?p=2375"},"modified":"2020-01-14T16:14:02","modified_gmt":"2020-01-14T15:14:02","slug":"sallsynta-diagnoser","status":"publish","type":"post","link":"https:\/\/wp.kristdemokraterna.se\/vasterbotten\/sallsynta-diagnoser\/","title":{"rendered":"S\u00e4llsynta diagnoser!"},"content":{"rendered":"<p>Det finns familjer som lider i det tysta. Barn som har olika diagnoser och s\u00e4llsynta d\u00e4r varken l\u00e4karna som remitterar eller \u00f6vrig sjukv\u00e5rd har en klar bild vilken v\u00e5rd patienten beh\u00f6ver.<\/p>\n<p>&#8211; Det \u00e4r dags att ta ett samlat grepp om denna fr\u00e5ga. Men d\u00e5 m\u00e5ste ocks\u00e5 alla veta vad som g\u00e4ller och vilka resurser som finns. Allt ifr\u00e5n individen till l\u00e4kare i prim\u00e4rv\u00e5rden, s\u00e4ger Anna-Karin Lundberg<\/p>\n<p>&#8211; Enligt Socialstyrelsen ska enheter finnas p\u00e5 varje universitetssjukhus. NUS har enligt uppgift en enhet men l\u00e4karna i prim\u00e4rv\u00e5rden k\u00e4nner inte till den. S\u00e5 h\u00e4r beh\u00f6vs information och d\u00e4rf\u00f6r st\u00e4ller jag fr\u00e5gan f\u00f6r att bringa klarhet f\u00f6r dem som beh\u00f6ver hj\u00e4lpen, s\u00e4ger Anna-Karin Lundberg.<\/p>\n<p>Bild samt interpellationen i sin helhet finns i bifogad fil i l\u00e4nken nedan:<\/p>\n<p><a href=\"http:\/\/wp.kristdemokraterna.se\/vasterbotten\/files\/2020\/01\/interpellation-sallsynta-diagnoser.doc\">Interpellation s\u00e4llsynta diagnoser<\/a><\/p>\n<p><strong>Pressmeddelande\u00a0<\/strong>1 april 2019<\/p>\n<p>F\u00f6r mer info:<br \/>\nAnna-Karin Lundberg (kd)<br \/>\nTfn 070-239 26 71<br \/>\n<a href=\"mailto:sunnandotter@hotmail.com\">sunnandotter@hotmail.com<\/a><\/p>\n<p>Hans-Inge Smetana<br \/>\nGruppledare Region V\u00e4sterbotten<br \/>\nTfn 070-628 01 02<br \/>\nhans-inge.smetana@kristdemokraterna.se<\/p>\n","protected":false},"excerpt":{"rendered":"<p>Det finns familjer som lider i det tysta. Barn som har olika diagnoser och s\u00e4llsynta d\u00e4r varken l\u00e4karna som remitterar eller \u00f6vrig sjukv\u00e5rd har en klar bild vilken v\u00e5rd patienten beh\u00f6ver. &#8211; Det \u00e4r dags att ta ett samlat grepp om denna fr\u00e5ga. Men d\u00e5 m\u00e5ste ocks\u00e5 alla veta vad som g\u00e4ller och vilka resurser <a class=\"read-more-link\" href=\"https:\/\/wp.kristdemokraterna.se\/vasterbotten\/sallsynta-diagnoser\/\">Read More<\/a><\/p>\n","protected":false},"author":863,"featured_media":0,"comment_status":"closed","ping_status":"closed","sticky":false,"template":"","format":"standard","meta":{"_acf_changed":false,"footnotes":""},"categories":[58,60,59,63,3],"tags":[],"class_list":["post-2375","post","type-post","status-publish","format-standard","hentry","category-inlagg","category-nyheter","category-politik","category-pressmeddelande","category-region"],"acf":[],"yoast_head":"<!-- This site is optimized with the Yoast SEO plugin v27.4 - https:\/\/yoast.com\/product\/yoast-seo-wordpress\/ -->\n<title>S\u00e4llsynta diagnoser! - KRISTDEMOKRATERNA i V\u00e4sterbotten<\/title>\n<meta name=\"robots\" content=\"index, follow, max-snippet:-1, max-image-preview:large, max-video-preview:-1\" \/>\n<link rel=\"canonical\" href=\"https:\/\/wp.kristdemokraterna.se\/vasterbotten\/sallsynta-diagnoser\/\" \/>\n<meta property=\"og:locale\" content=\"sv_SE\" \/>\n<meta property=\"og:type\" content=\"article\" \/>\n<meta property=\"og:title\" content=\"S\u00e4llsynta diagnoser! - KRISTDEMOKRATERNA i V\u00e4sterbotten\" \/>\n<meta property=\"og:description\" content=\"Det finns familjer som lider i det tysta. Barn som har olika diagnoser och s\u00e4llsynta d\u00e4r varken l\u00e4karna som remitterar eller \u00f6vrig sjukv\u00e5rd har en klar bild vilken v\u00e5rd patienten beh\u00f6ver. &#8211; Det \u00e4r dags att ta ett samlat grepp om denna fr\u00e5ga. Men d\u00e5 m\u00e5ste ocks\u00e5 alla veta vad som g\u00e4ller och vilka resurser Read More\" \/>\n<meta property=\"og:url\" content=\"https:\/\/wp.kristdemokraterna.se\/vasterbotten\/sallsynta-diagnoser\/\" \/>\n<meta property=\"og:site_name\" content=\"KRISTDEMOKRATERNA i V\u00e4sterbotten\" \/>\n<meta property=\"article:publisher\" content=\"https:\/\/www.facebook.com\/kdvasterbotten\/\" \/>\n<meta property=\"article:published_time\" content=\"2020-01-14T13:15:54+00:00\" \/>\n<meta property=\"article:modified_time\" content=\"2020-01-14T15:14:02+00:00\" \/>\n<meta name=\"author\" content=\"Ronja Strid\" \/>\n<meta name=\"twitter:card\" content=\"summary_large_image\" \/>\n<meta name=\"twitter:creator\" content=\"@kdvasterbotten\" \/>\n<meta name=\"twitter:site\" content=\"@kdvasterbotten\" \/>\n<meta name=\"twitter:label1\" content=\"Skriven av\" \/>\n\t<meta name=\"twitter:data1\" content=\"Ronja Strid\" \/>\n\t<meta name=\"twitter:label2\" content=\"Ber\u00e4knad l\u00e4stid\" \/>\n\t<meta name=\"twitter:data2\" content=\"1 minut\" \/>\n<script type=\"application\/ld+json\" class=\"yoast-schema-graph\">{\"@context\":\"https:\\\/\\\/schema.org\",\"@graph\":[{\"@type\":\"Article\",\"@id\":\"https:\\\/\\\/wp.kristdemokraterna.se\\\/vasterbotten\\\/sallsynta-diagnoser\\\/#article\",\"isPartOf\":{\"@id\":\"https:\\\/\\\/wp.kristdemokraterna.se\\\/vasterbotten\\\/sallsynta-diagnoser\\\/\"},\"author\":{\"name\":\"Ronja Strid\",\"@id\":\"https:\\\/\\\/wp.kristdemokraterna.se\\\/vasterbotten\\\/#\\\/schema\\\/person\\\/19d8e06514589a71d368f158ba338d7c\"},\"headline\":\"S\u00e4llsynta diagnoser!\",\"datePublished\":\"2020-01-14T13:15:54+00:00\",\"dateModified\":\"2020-01-14T15:14:02+00:00\",\"mainEntityOfPage\":{\"@id\":\"https:\\\/\\\/wp.kristdemokraterna.se\\\/vasterbotten\\\/sallsynta-diagnoser\\\/\"},\"wordCount\":187,\"articleSection\":[\"Inl\u00e4gg\",\"Nyheter\",\"Politik\",\"Pressmeddelande\",\"Region\"],\"inLanguage\":\"sv-SE\"},{\"@type\":\"WebPage\",\"@id\":\"https:\\\/\\\/wp.kristdemokraterna.se\\\/vasterbotten\\\/sallsynta-diagnoser\\\/\",\"url\":\"https:\\\/\\\/wp.kristdemokraterna.se\\\/vasterbotten\\\/sallsynta-diagnoser\\\/\",\"name\":\"S\u00e4llsynta diagnoser! - KRISTDEMOKRATERNA i V\u00e4sterbotten\",\"isPartOf\":{\"@id\":\"https:\\\/\\\/wp.kristdemokraterna.se\\\/vasterbotten\\\/#website\"},\"datePublished\":\"2020-01-14T13:15:54+00:00\",\"dateModified\":\"2020-01-14T15:14:02+00:00\",\"author\":{\"@id\":\"https:\\\/\\\/wp.kristdemokraterna.se\\\/vasterbotten\\\/#\\\/schema\\\/person\\\/19d8e06514589a71d368f158ba338d7c\"},\"breadcrumb\":{\"@id\":\"https:\\\/\\\/wp.kristdemokraterna.se\\\/vasterbotten\\\/sallsynta-diagnoser\\\/#breadcrumb\"},\"inLanguage\":\"sv-SE\",\"potentialAction\":[{\"@type\":\"ReadAction\",\"target\":[\"https:\\\/\\\/wp.kristdemokraterna.se\\\/vasterbotten\\\/sallsynta-diagnoser\\\/\"]}]},{\"@type\":\"BreadcrumbList\",\"@id\":\"https:\\\/\\\/wp.kristdemokraterna.se\\\/vasterbotten\\\/sallsynta-diagnoser\\\/#breadcrumb\",\"itemListElement\":[{\"@type\":\"ListItem\",\"position\":1,\"name\":\"Hem\",\"item\":\"https:\\\/\\\/wp.kristdemokraterna.se\\\/vasterbotten\\\/\"},{\"@type\":\"ListItem\",\"position\":2,\"name\":\"S\u00e4llsynta diagnoser!\"}]},{\"@type\":\"WebSite\",\"@id\":\"https:\\\/\\\/wp.kristdemokraterna.se\\\/vasterbotten\\\/#website\",\"url\":\"https:\\\/\\\/wp.kristdemokraterna.se\\\/vasterbotten\\\/\",\"name\":\"KRISTDEMOKRATERNA i V\u00e4sterbotten\",\"description\":\"Varje m\u00e4nniska ska bem\u00f6tas med v\u00e4rdighet!\",\"inLanguage\":\"sv-SE\"},{\"@type\":\"Person\",\"@id\":\"https:\\\/\\\/wp.kristdemokraterna.se\\\/vasterbotten\\\/#\\\/schema\\\/person\\\/19d8e06514589a71d368f158ba338d7c\",\"name\":\"Ronja Strid\",\"image\":{\"@type\":\"ImageObject\",\"inLanguage\":\"sv-SE\",\"@id\":\"https:\\\/\\\/secure.gravatar.com\\\/avatar\\\/7ff4811150c8b31ca71347d2dbb55635437db68452a94a1fd0183c0f13991f7f?s=96&d=mm&r=g\",\"url\":\"https:\\\/\\\/secure.gravatar.com\\\/avatar\\\/7ff4811150c8b31ca71347d2dbb55635437db68452a94a1fd0183c0f13991f7f?s=96&d=mm&r=g\",\"contentUrl\":\"https:\\\/\\\/secure.gravatar.com\\\/avatar\\\/7ff4811150c8b31ca71347d2dbb55635437db68452a94a1fd0183c0f13991f7f?s=96&d=mm&r=g\",\"caption\":\"Ronja Strid\"},\"url\":\"https:\\\/\\\/wp.kristdemokraterna.se\\\/vasterbotten\\\/author\\\/ronja\\\/\"}]}<\/script>\n<!-- \/ Yoast SEO plugin. -->","yoast_head_json":{"title":"S\u00e4llsynta diagnoser! - KRISTDEMOKRATERNA i V\u00e4sterbotten","robots":{"index":"index","follow":"follow","max-snippet":"max-snippet:-1","max-image-preview":"max-image-preview:large","max-video-preview":"max-video-preview:-1"},"canonical":"https:\/\/wp.kristdemokraterna.se\/vasterbotten\/sallsynta-diagnoser\/","og_locale":"sv_SE","og_type":"article","og_title":"S\u00e4llsynta diagnoser! - KRISTDEMOKRATERNA i V\u00e4sterbotten","og_description":"Det finns familjer som lider i det tysta. Barn som har olika diagnoser och s\u00e4llsynta d\u00e4r varken l\u00e4karna som remitterar eller \u00f6vrig sjukv\u00e5rd har en klar bild vilken v\u00e5rd patienten beh\u00f6ver. &#8211; Det \u00e4r dags att ta ett samlat grepp om denna fr\u00e5ga. Men d\u00e5 m\u00e5ste ocks\u00e5 alla veta vad som g\u00e4ller och vilka resurser Read More","og_url":"https:\/\/wp.kristdemokraterna.se\/vasterbotten\/sallsynta-diagnoser\/","og_site_name":"KRISTDEMOKRATERNA i V\u00e4sterbotten","article_publisher":"https:\/\/www.facebook.com\/kdvasterbotten\/","article_published_time":"2020-01-14T13:15:54+00:00","article_modified_time":"2020-01-14T15:14:02+00:00","author":"Ronja Strid","twitter_card":"summary_large_image","twitter_creator":"@kdvasterbotten","twitter_site":"@kdvasterbotten","twitter_misc":{"Skriven av":"Ronja Strid","Ber\u00e4knad l\u00e4stid":"1 minut"},"schema":{"@context":"https:\/\/schema.org","@graph":[{"@type":"Article","@id":"https:\/\/wp.kristdemokraterna.se\/vasterbotten\/sallsynta-diagnoser\/#article","isPartOf":{"@id":"https:\/\/wp.kristdemokraterna.se\/vasterbotten\/sallsynta-diagnoser\/"},"author":{"name":"Ronja Strid","@id":"https:\/\/wp.kristdemokraterna.se\/vasterbotten\/#\/schema\/person\/19d8e06514589a71d368f158ba338d7c"},"headline":"S\u00e4llsynta diagnoser!","datePublished":"2020-01-14T13:15:54+00:00","dateModified":"2020-01-14T15:14:02+00:00","mainEntityOfPage":{"@id":"https:\/\/wp.kristdemokraterna.se\/vasterbotten\/sallsynta-diagnoser\/"},"wordCount":187,"articleSection":["Inl\u00e4gg","Nyheter","Politik","Pressmeddelande","Region"],"inLanguage":"sv-SE"},{"@type":"WebPage","@id":"https:\/\/wp.kristdemokraterna.se\/vasterbotten\/sallsynta-diagnoser\/","url":"https:\/\/wp.kristdemokraterna.se\/vasterbotten\/sallsynta-diagnoser\/","name":"S\u00e4llsynta diagnoser! - KRISTDEMOKRATERNA i V\u00e4sterbotten","isPartOf":{"@id":"https:\/\/wp.kristdemokraterna.se\/vasterbotten\/#website"},"datePublished":"2020-01-14T13:15:54+00:00","dateModified":"2020-01-14T15:14:02+00:00","author":{"@id":"https:\/\/wp.kristdemokraterna.se\/vasterbotten\/#\/schema\/person\/19d8e06514589a71d368f158ba338d7c"},"breadcrumb":{"@id":"https:\/\/wp.kristdemokraterna.se\/vasterbotten\/sallsynta-diagnoser\/#breadcrumb"},"inLanguage":"sv-SE","potentialAction":[{"@type":"ReadAction","target":["https:\/\/wp.kristdemokraterna.se\/vasterbotten\/sallsynta-diagnoser\/"]}]},{"@type":"BreadcrumbList","@id":"https:\/\/wp.kristdemokraterna.se\/vasterbotten\/sallsynta-diagnoser\/#breadcrumb","itemListElement":[{"@type":"ListItem","position":1,"name":"Hem","item":"https:\/\/wp.kristdemokraterna.se\/vasterbotten\/"},{"@type":"ListItem","position":2,"name":"S\u00e4llsynta diagnoser!"}]},{"@type":"WebSite","@id":"https:\/\/wp.kristdemokraterna.se\/vasterbotten\/#website","url":"https:\/\/wp.kristdemokraterna.se\/vasterbotten\/","name":"KRISTDEMOKRATERNA i V\u00e4sterbotten","description":"Varje m\u00e4nniska ska bem\u00f6tas med v\u00e4rdighet!","inLanguage":"sv-SE"},{"@type":"Person","@id":"https:\/\/wp.kristdemokraterna.se\/vasterbotten\/#\/schema\/person\/19d8e06514589a71d368f158ba338d7c","name":"Ronja Strid","image":{"@type":"ImageObject","inLanguage":"sv-SE","@id":"https:\/\/secure.gravatar.com\/avatar\/7ff4811150c8b31ca71347d2dbb55635437db68452a94a1fd0183c0f13991f7f?s=96&d=mm&r=g","url":"https:\/\/secure.gravatar.com\/avatar\/7ff4811150c8b31ca71347d2dbb55635437db68452a94a1fd0183c0f13991f7f?s=96&d=mm&r=g","contentUrl":"https:\/\/secure.gravatar.com\/avatar\/7ff4811150c8b31ca71347d2dbb55635437db68452a94a1fd0183c0f13991f7f?s=96&d=mm&r=g","caption":"Ronja Strid"},"url":"https:\/\/wp.kristdemokraterna.se\/vasterbotten\/author\/ronja\/"}]}},"_links":{"self":[{"href":"https:\/\/wp.kristdemokraterna.se\/vasterbotten\/wp-json\/wp\/v2\/posts\/2375","targetHints":{"allow":["GET"]}}],"collection":[{"href":"https:\/\/wp.kristdemokraterna.se\/vasterbotten\/wp-json\/wp\/v2\/posts"}],"about":[{"href":"https:\/\/wp.kristdemokraterna.se\/vasterbotten\/wp-json\/wp\/v2\/types\/post"}],"author":[{"embeddable":true,"href":"https:\/\/wp.kristdemokraterna.se\/vasterbotten\/wp-json\/wp\/v2\/users\/863"}],"replies":[{"embeddable":true,"href":"https:\/\/wp.kristdemokraterna.se\/vasterbotten\/wp-json\/wp\/v2\/comments?post=2375"}],"version-history":[{"count":4,"href":"https:\/\/wp.kristdemokraterna.se\/vasterbotten\/wp-json\/wp\/v2\/posts\/2375\/revisions"}],"predecessor-version":[{"id":2415,"href":"https:\/\/wp.kristdemokraterna.se\/vasterbotten\/wp-json\/wp\/v2\/posts\/2375\/revisions\/2415"}],"wp:attachment":[{"href":"https:\/\/wp.kristdemokraterna.se\/vasterbotten\/wp-json\/wp\/v2\/media?parent=2375"}],"wp:term":[{"taxonomy":"category","embeddable":true,"href":"https:\/\/wp.kristdemokraterna.se\/vasterbotten\/wp-json\/wp\/v2\/categories?post=2375"},{"taxonomy":"post_tag","embeddable":true,"href":"https:\/\/wp.kristdemokraterna.se\/vasterbotten\/wp-json\/wp\/v2\/tags?post=2375"}],"curies":[{"name":"wp","href":"https:\/\/api.w.org\/{rel}","templated":true}]}}