{"id":2406,"date":"2020-01-14T14:47:17","date_gmt":"2020-01-14T13:47:17","guid":{"rendered":"http:\/\/wp.kristdemokraterna.se\/vasterbotten\/?p=2406"},"modified":"2020-01-14T16:12:39","modified_gmt":"2020-01-14T15:12:39","slug":"dags-ta-krafttag-over-den-ofrivilliga-ensamheten","status":"publish","type":"post","link":"https:\/\/wp.kristdemokraterna.se\/vasterbotten\/dags-ta-krafttag-over-den-ofrivilliga-ensamheten\/","title":{"rendered":"Dags ta krafttag \u00f6ver den ofrivilliga ensamheten!"},"content":{"rendered":"<p>Ofrivillig ensamhet \u00e4r en lika stor riskfaktor f\u00f6r att d\u00f6 i f\u00f6rtid som r\u00f6kning. Ensamheten inneb\u00e4r en kronisk stress som sliter p\u00e5 kroppen och \u00f6kar risken f\u00f6r k\u00e4rlkramp, hj\u00e4rtinfarkt och stroke. Det \u00e4r dags vi tar detta p\u00e5 allvar!<\/p>\n<p>Allt fler begravs utan en enda v\u00e4n eller anh\u00f6rig n\u00e4rvarande. I Stockholm \u00e4r var tionde begravning s k \u201ddirektare\u201d d\u00e4r ingen deltar vid begravningen.<\/p>\n<p>&#8211; Den ofrivilliga ensamheten drabbar m\u00e5nga \u00e4ldre som t o m tar sina egna liv i v\u00e4ntan p\u00e5 besked om \u00e4ldrebonde eller andra viktiga h\u00e4ndelser som p\u00e5verkar den \u00e4ldre, s\u00e4ger Hans-Inge Smetana<\/p>\n<p>&#8211; Inte bara \u00e4ldre drabbas av ofrivillig ensamhet. Utan unders\u00f6kningar visar att \u00e4ven barn och unga lever i en oh\u00e4lsosam upplevd ensamhet som vi m\u00e5ste bryta, s\u00e4ger Betty-Ann Nilsson<\/p>\n<p>Pressmeddelande samt b\u00e5de interpellationen och motionen i sin helhet finns som bifogad fil i l\u00e4nken nedan:<\/p>\n<p><a href=\"http:\/\/wp.kristdemokraterna.se\/vasterbotten\/files\/2020\/01\/interpellation-ensamheten.doc\">Interpellation ensamheten<\/a><\/p>\n<p><strong>Pressmeddelande\u00a0<\/strong>5 november 2019<\/p>\n<table width=\"386\">\n<tbody>\n<tr>\n<td><em>F\u00f6r mer information:<br \/>\n<\/em>Hans-Inge Smetana<br \/>\n<span style=\"font-family: inherit;font-size: inherit\">Gruppledare Region V\u00e4sterbotten<br \/>\n<\/span><span style=\"font-family: inherit;font-size: inherit\">Tfn 070-628 01 02<br \/>\n<\/span><a style=\"font-family: inherit;font-size: inherit\" href=\"mailto:hans-inge.smetana@kristdemokraterna.se\">hans-inge.smetana@kristdemokraterna.se<\/a><\/td>\n<\/tr>\n<\/tbody>\n<\/table>\n","protected":false},"excerpt":{"rendered":"<p>Ofrivillig ensamhet \u00e4r en lika stor riskfaktor f\u00f6r att d\u00f6 i f\u00f6rtid som r\u00f6kning. Ensamheten inneb\u00e4r en kronisk stress som sliter p\u00e5 kroppen och \u00f6kar risken f\u00f6r k\u00e4rlkramp, hj\u00e4rtinfarkt och stroke. Det \u00e4r dags vi tar detta p\u00e5 allvar! Allt fler begravs utan en enda v\u00e4n eller anh\u00f6rig n\u00e4rvarande. I Stockholm \u00e4r var tionde begravning <a class=\"read-more-link\" href=\"https:\/\/wp.kristdemokraterna.se\/vasterbotten\/dags-ta-krafttag-over-den-ofrivilliga-ensamheten\/\">Read More<\/a><\/p>\n","protected":false},"author":863,"featured_media":0,"comment_status":"closed","ping_status":"closed","sticky":false,"template":"","format":"standard","meta":{"_acf_changed":false,"footnotes":""},"categories":[58,60,59,63,3],"tags":[],"class_list":["post-2406","post","type-post","status-publish","format-standard","hentry","category-inlagg","category-nyheter","category-politik","category-pressmeddelande","category-region"],"acf":[],"yoast_head":"<!-- This site is optimized with the Yoast SEO plugin v27.4 - https:\/\/yoast.com\/product\/yoast-seo-wordpress\/ -->\n<title>Dags ta krafttag \u00f6ver den ofrivilliga ensamheten! - KRISTDEMOKRATERNA i V\u00e4sterbotten<\/title>\n<meta name=\"robots\" content=\"index, follow, max-snippet:-1, max-image-preview:large, max-video-preview:-1\" \/>\n<link rel=\"canonical\" href=\"https:\/\/wp.kristdemokraterna.se\/vasterbotten\/dags-ta-krafttag-over-den-ofrivilliga-ensamheten\/\" \/>\n<meta property=\"og:locale\" content=\"sv_SE\" \/>\n<meta property=\"og:type\" content=\"article\" \/>\n<meta property=\"og:title\" content=\"Dags ta krafttag \u00f6ver den ofrivilliga ensamheten! - KRISTDEMOKRATERNA i V\u00e4sterbotten\" \/>\n<meta property=\"og:description\" content=\"Ofrivillig ensamhet \u00e4r en lika stor riskfaktor f\u00f6r att d\u00f6 i f\u00f6rtid som r\u00f6kning. Ensamheten inneb\u00e4r en kronisk stress som sliter p\u00e5 kroppen och \u00f6kar risken f\u00f6r k\u00e4rlkramp, hj\u00e4rtinfarkt och stroke. Det \u00e4r dags vi tar detta p\u00e5 allvar! Allt fler begravs utan en enda v\u00e4n eller anh\u00f6rig n\u00e4rvarande. I Stockholm \u00e4r var tionde begravning Read More\" \/>\n<meta property=\"og:url\" content=\"https:\/\/wp.kristdemokraterna.se\/vasterbotten\/dags-ta-krafttag-over-den-ofrivilliga-ensamheten\/\" \/>\n<meta property=\"og:site_name\" content=\"KRISTDEMOKRATERNA i V\u00e4sterbotten\" \/>\n<meta property=\"article:publisher\" content=\"https:\/\/www.facebook.com\/kdvasterbotten\/\" \/>\n<meta property=\"article:published_time\" content=\"2020-01-14T13:47:17+00:00\" \/>\n<meta property=\"article:modified_time\" content=\"2020-01-14T15:12:39+00:00\" \/>\n<meta name=\"author\" content=\"Ronja Strid\" \/>\n<meta name=\"twitter:card\" content=\"summary_large_image\" \/>\n<meta name=\"twitter:creator\" content=\"@kdvasterbotten\" \/>\n<meta name=\"twitter:site\" content=\"@kdvasterbotten\" \/>\n<meta name=\"twitter:label1\" content=\"Skriven av\" \/>\n\t<meta name=\"twitter:data1\" content=\"Ronja Strid\" \/>\n\t<meta name=\"twitter:label2\" content=\"Ber\u00e4knad l\u00e4stid\" \/>\n\t<meta name=\"twitter:data2\" content=\"1 minut\" \/>\n<script type=\"application\/ld+json\" class=\"yoast-schema-graph\">{\"@context\":\"https:\\\/\\\/schema.org\",\"@graph\":[{\"@type\":\"Article\",\"@id\":\"https:\\\/\\\/wp.kristdemokraterna.se\\\/vasterbotten\\\/dags-ta-krafttag-over-den-ofrivilliga-ensamheten\\\/#article\",\"isPartOf\":{\"@id\":\"https:\\\/\\\/wp.kristdemokraterna.se\\\/vasterbotten\\\/dags-ta-krafttag-over-den-ofrivilliga-ensamheten\\\/\"},\"author\":{\"name\":\"Ronja Strid\",\"@id\":\"https:\\\/\\\/wp.kristdemokraterna.se\\\/vasterbotten\\\/#\\\/schema\\\/person\\\/19d8e06514589a71d368f158ba338d7c\"},\"headline\":\"Dags ta krafttag \u00f6ver den ofrivilliga ensamheten!\",\"datePublished\":\"2020-01-14T13:47:17+00:00\",\"dateModified\":\"2020-01-14T15:12:39+00:00\",\"mainEntityOfPage\":{\"@id\":\"https:\\\/\\\/wp.kristdemokraterna.se\\\/vasterbotten\\\/dags-ta-krafttag-over-den-ofrivilliga-ensamheten\\\/\"},\"wordCount\":189,\"articleSection\":[\"Inl\u00e4gg\",\"Nyheter\",\"Politik\",\"Pressmeddelande\",\"Region\"],\"inLanguage\":\"sv-SE\"},{\"@type\":\"WebPage\",\"@id\":\"https:\\\/\\\/wp.kristdemokraterna.se\\\/vasterbotten\\\/dags-ta-krafttag-over-den-ofrivilliga-ensamheten\\\/\",\"url\":\"https:\\\/\\\/wp.kristdemokraterna.se\\\/vasterbotten\\\/dags-ta-krafttag-over-den-ofrivilliga-ensamheten\\\/\",\"name\":\"Dags ta krafttag \u00f6ver den ofrivilliga ensamheten! - KRISTDEMOKRATERNA i V\u00e4sterbotten\",\"isPartOf\":{\"@id\":\"https:\\\/\\\/wp.kristdemokraterna.se\\\/vasterbotten\\\/#website\"},\"datePublished\":\"2020-01-14T13:47:17+00:00\",\"dateModified\":\"2020-01-14T15:12:39+00:00\",\"author\":{\"@id\":\"https:\\\/\\\/wp.kristdemokraterna.se\\\/vasterbotten\\\/#\\\/schema\\\/person\\\/19d8e06514589a71d368f158ba338d7c\"},\"breadcrumb\":{\"@id\":\"https:\\\/\\\/wp.kristdemokraterna.se\\\/vasterbotten\\\/dags-ta-krafttag-over-den-ofrivilliga-ensamheten\\\/#breadcrumb\"},\"inLanguage\":\"sv-SE\",\"potentialAction\":[{\"@type\":\"ReadAction\",\"target\":[\"https:\\\/\\\/wp.kristdemokraterna.se\\\/vasterbotten\\\/dags-ta-krafttag-over-den-ofrivilliga-ensamheten\\\/\"]}]},{\"@type\":\"BreadcrumbList\",\"@id\":\"https:\\\/\\\/wp.kristdemokraterna.se\\\/vasterbotten\\\/dags-ta-krafttag-over-den-ofrivilliga-ensamheten\\\/#breadcrumb\",\"itemListElement\":[{\"@type\":\"ListItem\",\"position\":1,\"name\":\"Hem\",\"item\":\"https:\\\/\\\/wp.kristdemokraterna.se\\\/vasterbotten\\\/\"},{\"@type\":\"ListItem\",\"position\":2,\"name\":\"Dags ta krafttag \u00f6ver den ofrivilliga ensamheten!\"}]},{\"@type\":\"WebSite\",\"@id\":\"https:\\\/\\\/wp.kristdemokraterna.se\\\/vasterbotten\\\/#website\",\"url\":\"https:\\\/\\\/wp.kristdemokraterna.se\\\/vasterbotten\\\/\",\"name\":\"KRISTDEMOKRATERNA i V\u00e4sterbotten\",\"description\":\"Varje m\u00e4nniska ska bem\u00f6tas med v\u00e4rdighet!\",\"inLanguage\":\"sv-SE\"},{\"@type\":\"Person\",\"@id\":\"https:\\\/\\\/wp.kristdemokraterna.se\\\/vasterbotten\\\/#\\\/schema\\\/person\\\/19d8e06514589a71d368f158ba338d7c\",\"name\":\"Ronja Strid\",\"image\":{\"@type\":\"ImageObject\",\"inLanguage\":\"sv-SE\",\"@id\":\"https:\\\/\\\/secure.gravatar.com\\\/avatar\\\/7ff4811150c8b31ca71347d2dbb55635437db68452a94a1fd0183c0f13991f7f?s=96&d=mm&r=g\",\"url\":\"https:\\\/\\\/secure.gravatar.com\\\/avatar\\\/7ff4811150c8b31ca71347d2dbb55635437db68452a94a1fd0183c0f13991f7f?s=96&d=mm&r=g\",\"contentUrl\":\"https:\\\/\\\/secure.gravatar.com\\\/avatar\\\/7ff4811150c8b31ca71347d2dbb55635437db68452a94a1fd0183c0f13991f7f?s=96&d=mm&r=g\",\"caption\":\"Ronja Strid\"},\"url\":\"https:\\\/\\\/wp.kristdemokraterna.se\\\/vasterbotten\\\/author\\\/ronja\\\/\"}]}<\/script>\n<!-- \/ Yoast SEO plugin. -->","yoast_head_json":{"title":"Dags ta krafttag \u00f6ver den ofrivilliga ensamheten! - KRISTDEMOKRATERNA i V\u00e4sterbotten","robots":{"index":"index","follow":"follow","max-snippet":"max-snippet:-1","max-image-preview":"max-image-preview:large","max-video-preview":"max-video-preview:-1"},"canonical":"https:\/\/wp.kristdemokraterna.se\/vasterbotten\/dags-ta-krafttag-over-den-ofrivilliga-ensamheten\/","og_locale":"sv_SE","og_type":"article","og_title":"Dags ta krafttag \u00f6ver den ofrivilliga ensamheten! - KRISTDEMOKRATERNA i V\u00e4sterbotten","og_description":"Ofrivillig ensamhet \u00e4r en lika stor riskfaktor f\u00f6r att d\u00f6 i f\u00f6rtid som r\u00f6kning. Ensamheten inneb\u00e4r en kronisk stress som sliter p\u00e5 kroppen och \u00f6kar risken f\u00f6r k\u00e4rlkramp, hj\u00e4rtinfarkt och stroke. Det \u00e4r dags vi tar detta p\u00e5 allvar! Allt fler begravs utan en enda v\u00e4n eller anh\u00f6rig n\u00e4rvarande. I Stockholm \u00e4r var tionde begravning Read More","og_url":"https:\/\/wp.kristdemokraterna.se\/vasterbotten\/dags-ta-krafttag-over-den-ofrivilliga-ensamheten\/","og_site_name":"KRISTDEMOKRATERNA i V\u00e4sterbotten","article_publisher":"https:\/\/www.facebook.com\/kdvasterbotten\/","article_published_time":"2020-01-14T13:47:17+00:00","article_modified_time":"2020-01-14T15:12:39+00:00","author":"Ronja Strid","twitter_card":"summary_large_image","twitter_creator":"@kdvasterbotten","twitter_site":"@kdvasterbotten","twitter_misc":{"Skriven av":"Ronja Strid","Ber\u00e4knad l\u00e4stid":"1 minut"},"schema":{"@context":"https:\/\/schema.org","@graph":[{"@type":"Article","@id":"https:\/\/wp.kristdemokraterna.se\/vasterbotten\/dags-ta-krafttag-over-den-ofrivilliga-ensamheten\/#article","isPartOf":{"@id":"https:\/\/wp.kristdemokraterna.se\/vasterbotten\/dags-ta-krafttag-over-den-ofrivilliga-ensamheten\/"},"author":{"name":"Ronja Strid","@id":"https:\/\/wp.kristdemokraterna.se\/vasterbotten\/#\/schema\/person\/19d8e06514589a71d368f158ba338d7c"},"headline":"Dags ta krafttag \u00f6ver den ofrivilliga ensamheten!","datePublished":"2020-01-14T13:47:17+00:00","dateModified":"2020-01-14T15:12:39+00:00","mainEntityOfPage":{"@id":"https:\/\/wp.kristdemokraterna.se\/vasterbotten\/dags-ta-krafttag-over-den-ofrivilliga-ensamheten\/"},"wordCount":189,"articleSection":["Inl\u00e4gg","Nyheter","Politik","Pressmeddelande","Region"],"inLanguage":"sv-SE"},{"@type":"WebPage","@id":"https:\/\/wp.kristdemokraterna.se\/vasterbotten\/dags-ta-krafttag-over-den-ofrivilliga-ensamheten\/","url":"https:\/\/wp.kristdemokraterna.se\/vasterbotten\/dags-ta-krafttag-over-den-ofrivilliga-ensamheten\/","name":"Dags ta krafttag \u00f6ver den ofrivilliga ensamheten! - KRISTDEMOKRATERNA i V\u00e4sterbotten","isPartOf":{"@id":"https:\/\/wp.kristdemokraterna.se\/vasterbotten\/#website"},"datePublished":"2020-01-14T13:47:17+00:00","dateModified":"2020-01-14T15:12:39+00:00","author":{"@id":"https:\/\/wp.kristdemokraterna.se\/vasterbotten\/#\/schema\/person\/19d8e06514589a71d368f158ba338d7c"},"breadcrumb":{"@id":"https:\/\/wp.kristdemokraterna.se\/vasterbotten\/dags-ta-krafttag-over-den-ofrivilliga-ensamheten\/#breadcrumb"},"inLanguage":"sv-SE","potentialAction":[{"@type":"ReadAction","target":["https:\/\/wp.kristdemokraterna.se\/vasterbotten\/dags-ta-krafttag-over-den-ofrivilliga-ensamheten\/"]}]},{"@type":"BreadcrumbList","@id":"https:\/\/wp.kristdemokraterna.se\/vasterbotten\/dags-ta-krafttag-over-den-ofrivilliga-ensamheten\/#breadcrumb","itemListElement":[{"@type":"ListItem","position":1,"name":"Hem","item":"https:\/\/wp.kristdemokraterna.se\/vasterbotten\/"},{"@type":"ListItem","position":2,"name":"Dags ta krafttag \u00f6ver den ofrivilliga ensamheten!"}]},{"@type":"WebSite","@id":"https:\/\/wp.kristdemokraterna.se\/vasterbotten\/#website","url":"https:\/\/wp.kristdemokraterna.se\/vasterbotten\/","name":"KRISTDEMOKRATERNA i V\u00e4sterbotten","description":"Varje m\u00e4nniska ska bem\u00f6tas med v\u00e4rdighet!","inLanguage":"sv-SE"},{"@type":"Person","@id":"https:\/\/wp.kristdemokraterna.se\/vasterbotten\/#\/schema\/person\/19d8e06514589a71d368f158ba338d7c","name":"Ronja Strid","image":{"@type":"ImageObject","inLanguage":"sv-SE","@id":"https:\/\/secure.gravatar.com\/avatar\/7ff4811150c8b31ca71347d2dbb55635437db68452a94a1fd0183c0f13991f7f?s=96&d=mm&r=g","url":"https:\/\/secure.gravatar.com\/avatar\/7ff4811150c8b31ca71347d2dbb55635437db68452a94a1fd0183c0f13991f7f?s=96&d=mm&r=g","contentUrl":"https:\/\/secure.gravatar.com\/avatar\/7ff4811150c8b31ca71347d2dbb55635437db68452a94a1fd0183c0f13991f7f?s=96&d=mm&r=g","caption":"Ronja Strid"},"url":"https:\/\/wp.kristdemokraterna.se\/vasterbotten\/author\/ronja\/"}]}},"_links":{"self":[{"href":"https:\/\/wp.kristdemokraterna.se\/vasterbotten\/wp-json\/wp\/v2\/posts\/2406","targetHints":{"allow":["GET"]}}],"collection":[{"href":"https:\/\/wp.kristdemokraterna.se\/vasterbotten\/wp-json\/wp\/v2\/posts"}],"about":[{"href":"https:\/\/wp.kristdemokraterna.se\/vasterbotten\/wp-json\/wp\/v2\/types\/post"}],"author":[{"embeddable":true,"href":"https:\/\/wp.kristdemokraterna.se\/vasterbotten\/wp-json\/wp\/v2\/users\/863"}],"replies":[{"embeddable":true,"href":"https:\/\/wp.kristdemokraterna.se\/vasterbotten\/wp-json\/wp\/v2\/comments?post=2406"}],"version-history":[{"count":2,"href":"https:\/\/wp.kristdemokraterna.se\/vasterbotten\/wp-json\/wp\/v2\/posts\/2406\/revisions"}],"predecessor-version":[{"id":2416,"href":"https:\/\/wp.kristdemokraterna.se\/vasterbotten\/wp-json\/wp\/v2\/posts\/2406\/revisions\/2416"}],"wp:attachment":[{"href":"https:\/\/wp.kristdemokraterna.se\/vasterbotten\/wp-json\/wp\/v2\/media?parent=2406"}],"wp:term":[{"taxonomy":"category","embeddable":true,"href":"https:\/\/wp.kristdemokraterna.se\/vasterbotten\/wp-json\/wp\/v2\/categories?post=2406"},{"taxonomy":"post_tag","embeddable":true,"href":"https:\/\/wp.kristdemokraterna.se\/vasterbotten\/wp-json\/wp\/v2\/tags?post=2406"}],"curies":[{"name":"wp","href":"https:\/\/api.w.org\/{rel}","templated":true}]}}