{"id":2423,"date":"2020-03-24T09:34:23","date_gmt":"2020-03-24T08:34:23","guid":{"rendered":"http:\/\/wp.kristdemokraterna.se\/vasterbotten\/?p=2423"},"modified":"2020-03-24T09:34:23","modified_gmt":"2020-03-24T08:34:23","slug":"roland-sjogren-ny-distriktsordforande-for-kristdemokraterna-i-vasterbotten","status":"publish","type":"post","link":"https:\/\/wp.kristdemokraterna.se\/vasterbotten\/roland-sjogren-ny-distriktsordforande-for-kristdemokraterna-i-vasterbotten\/","title":{"rendered":"Roland Sj\u00f6gren ny distriktsordf\u00f6rande f\u00f6r kristdemokraterna i V\u00e4sterbotten"},"content":{"rendered":"<p><em>Bild. Anders Sellstr\u00f6m &amp; Roland Sj\u00f6gren. Foto L-\u00c5 Holmgren.<\/em><\/p>\n<p>Vid Kristdemokraternas distrikts\u00e5rsm\u00f6te i Lycksele 14 mars valdes kommunalr\u00e5det och kommunstyrelsens ordf\u00f6rande i Lycksele, Roland Sj\u00f6gren till ordf\u00f6rande f\u00f6r l\u00e4nets kristdemokrater. Han eftertr\u00e4der Anders Sellstr\u00f6m som innehaft posten i 16 \u00e5r.<\/p>\n<p>Flera deltagare uttryckte stor tacksamhet till Anders f\u00f6r hans stora engagemang och gedigna arbete under alla dessa \u00e5r.\u00a0 F\u00f6rutom distriktsordf\u00f6rande har han varit riksdagsman och \u00e4ven EU-parlamentariker under en tid. Han forts\u00e4tter nu som kommunpolitiker i Ume\u00e5 och med nationella uppdrag bl.a. i partistyrelsen f\u00f6r KD och uppdrag inom SKR, Sveriges kommuner och regioner.<\/p>\n<p>Roland Sj\u00f6gren uttrycker en stor \u00f6dmjukhet men \u00e4ven tacksamhet inf\u00f6r det f\u00f6rtroende som gets honom att f\u00e5 leda ett distrikt i det parti som v\u00e4xer snabbast i Sverige.<\/p>\n<p><em>Det ska bli sp\u00e4nnande att tillsammans med \u00f6vriga KD-politiker i l\u00e4net f\u00f6ra fram den kristdemokratiska politiken p\u00e5 ett konstruktivt och tydligt s\u00e4tt, s\u00e4ger Roland Sj\u00f6gren.<\/em><\/p>\n<p><em>Kontakt:<\/em><\/p>\n<p>L-\u00c5 Holmgren \u00a0 \u00a0 \u00a0 \u00a0 \u00a0 \u00a0 \u00a0 \u00a0 \u00a0 \u00a0 \u00a0 \u00a0 \u00a0 \u00a0 \u00a0 \u00a0 \u00a0 \u00a0 \u00a0 \u00a0 \u00a0 \u00a0 \u00a0 \u00a0 \u00a0 \u00a0 \u00a0 \u00a0 \u00a0 \u00a0 \u00a0 \u00a0 \u00a0 \u00a0 \u00a0 \u00a0 Roland Sj\u00f6gren<\/p>\n<p>Ombudsman Kristdemokraterna V\u00e4sterbotten \u00a0 \u00a0 \u00a0 \u00a0 \u00a0 \u00a0 \u00a0 Kommunstyrelsens ordf\u00f6rande Lycksele<\/p>\n<p>Tel. 070-314 50 53 \u00a0 \u00a0 \u00a0 \u00a0 \u00a0 \u00a0 \u00a0 \u00a0 \u00a0 \u00a0 \u00a0 \u00a0 \u00a0 \u00a0 \u00a0 \u00a0 \u00a0 \u00a0 \u00a0 \u00a0 \u00a0 \u00a0 \u00a0 \u00a0 \u00a0 \u00a0 \u00a0 \u00a0 \u00a0 \u00a0 \u00a0 \u00a0 Tel. 070-325 02 76<\/p>\n<p>E-post <a href=\"mailto:Lars-ake.holmgren@kristdemokraterna.se\">Lars-ake.holmgren@kristdemokraterna.se<\/a>\u00a0 \u00a0 \u00a0 \u00a0 \u00a0E-post <a href=\"mailto:Roland.sjogren@kristdemokraterna.se\">Roland.sjogren@kristdemokraterna.se<\/a><\/p>\n","protected":false},"excerpt":{"rendered":"<p>Bild. Anders Sellstr\u00f6m &amp; Roland Sj\u00f6gren. Foto L-\u00c5 Holmgren. Vid Kristdemokraternas distrikts\u00e5rsm\u00f6te i Lycksele 14 mars valdes kommunalr\u00e5det och kommunstyrelsens ordf\u00f6rande i Lycksele, Roland Sj\u00f6gren till ordf\u00f6rande f\u00f6r l\u00e4nets kristdemokrater. Han eftertr\u00e4der Anders Sellstr\u00f6m som innehaft posten i 16 \u00e5r. Flera deltagare uttryckte stor tacksamhet till Anders f\u00f6r hans stora engagemang och gedigna arbete under <a class=\"read-more-link\" href=\"https:\/\/wp.kristdemokraterna.se\/vasterbotten\/roland-sjogren-ny-distriktsordforande-for-kristdemokraterna-i-vasterbotten\/\">Read More<\/a><\/p>\n","protected":false},"author":863,"featured_media":0,"comment_status":"closed","ping_status":"closed","sticky":false,"template":"","format":"standard","meta":{"_acf_changed":false,"footnotes":""},"categories":[58,60,63],"tags":[],"class_list":["post-2423","post","type-post","status-publish","format-standard","hentry","category-inlagg","category-nyheter","category-pressmeddelande"],"acf":[],"yoast_head":"<!-- This site is optimized with the Yoast SEO plugin v27.4 - https:\/\/yoast.com\/product\/yoast-seo-wordpress\/ -->\n<title>Roland Sj\u00f6gren ny distriktsordf\u00f6rande f\u00f6r kristdemokraterna i V\u00e4sterbotten - KRISTDEMOKRATERNA i V\u00e4sterbotten<\/title>\n<meta name=\"robots\" content=\"index, follow, max-snippet:-1, max-image-preview:large, max-video-preview:-1\" \/>\n<link rel=\"canonical\" href=\"https:\/\/wp.kristdemokraterna.se\/vasterbotten\/roland-sjogren-ny-distriktsordforande-for-kristdemokraterna-i-vasterbotten\/\" \/>\n<meta property=\"og:locale\" content=\"sv_SE\" \/>\n<meta property=\"og:type\" content=\"article\" \/>\n<meta property=\"og:title\" content=\"Roland Sj\u00f6gren ny distriktsordf\u00f6rande f\u00f6r kristdemokraterna i V\u00e4sterbotten - KRISTDEMOKRATERNA i V\u00e4sterbotten\" \/>\n<meta property=\"og:description\" content=\"Bild. Anders Sellstr\u00f6m &amp; Roland Sj\u00f6gren. Foto L-\u00c5 Holmgren. Vid Kristdemokraternas distrikts\u00e5rsm\u00f6te i Lycksele 14 mars valdes kommunalr\u00e5det och kommunstyrelsens ordf\u00f6rande i Lycksele, Roland Sj\u00f6gren till ordf\u00f6rande f\u00f6r l\u00e4nets kristdemokrater. Han eftertr\u00e4der Anders Sellstr\u00f6m som innehaft posten i 16 \u00e5r. Flera deltagare uttryckte stor tacksamhet till Anders f\u00f6r hans stora engagemang och gedigna arbete under Read More\" \/>\n<meta property=\"og:url\" content=\"https:\/\/wp.kristdemokraterna.se\/vasterbotten\/roland-sjogren-ny-distriktsordforande-for-kristdemokraterna-i-vasterbotten\/\" \/>\n<meta property=\"og:site_name\" content=\"KRISTDEMOKRATERNA i V\u00e4sterbotten\" \/>\n<meta property=\"article:publisher\" content=\"https:\/\/www.facebook.com\/kdvasterbotten\/\" \/>\n<meta property=\"article:published_time\" content=\"2020-03-24T08:34:23+00:00\" \/>\n<meta name=\"author\" content=\"Ronja Strid\" \/>\n<meta name=\"twitter:card\" content=\"summary_large_image\" \/>\n<meta name=\"twitter:creator\" content=\"@kdvasterbotten\" \/>\n<meta name=\"twitter:site\" content=\"@kdvasterbotten\" \/>\n<meta name=\"twitter:label1\" content=\"Skriven av\" \/>\n\t<meta name=\"twitter:data1\" content=\"Ronja Strid\" \/>\n\t<meta name=\"twitter:label2\" content=\"Ber\u00e4knad l\u00e4stid\" \/>\n\t<meta name=\"twitter:data2\" content=\"1 minut\" \/>\n<script type=\"application\/ld+json\" class=\"yoast-schema-graph\">{\"@context\":\"https:\\\/\\\/schema.org\",\"@graph\":[{\"@type\":\"Article\",\"@id\":\"https:\\\/\\\/wp.kristdemokraterna.se\\\/vasterbotten\\\/roland-sjogren-ny-distriktsordforande-for-kristdemokraterna-i-vasterbotten\\\/#article\",\"isPartOf\":{\"@id\":\"https:\\\/\\\/wp.kristdemokraterna.se\\\/vasterbotten\\\/roland-sjogren-ny-distriktsordforande-for-kristdemokraterna-i-vasterbotten\\\/\"},\"author\":{\"name\":\"Ronja Strid\",\"@id\":\"https:\\\/\\\/wp.kristdemokraterna.se\\\/vasterbotten\\\/#\\\/schema\\\/person\\\/19d8e06514589a71d368f158ba338d7c\"},\"headline\":\"Roland Sj\u00f6gren ny distriktsordf\u00f6rande f\u00f6r kristdemokraterna i V\u00e4sterbotten\",\"datePublished\":\"2020-03-24T08:34:23+00:00\",\"mainEntityOfPage\":{\"@id\":\"https:\\\/\\\/wp.kristdemokraterna.se\\\/vasterbotten\\\/roland-sjogren-ny-distriktsordforande-for-kristdemokraterna-i-vasterbotten\\\/\"},\"wordCount\":213,\"articleSection\":[\"Inl\u00e4gg\",\"Nyheter\",\"Pressmeddelande\"],\"inLanguage\":\"sv-SE\"},{\"@type\":\"WebPage\",\"@id\":\"https:\\\/\\\/wp.kristdemokraterna.se\\\/vasterbotten\\\/roland-sjogren-ny-distriktsordforande-for-kristdemokraterna-i-vasterbotten\\\/\",\"url\":\"https:\\\/\\\/wp.kristdemokraterna.se\\\/vasterbotten\\\/roland-sjogren-ny-distriktsordforande-for-kristdemokraterna-i-vasterbotten\\\/\",\"name\":\"Roland Sj\u00f6gren ny distriktsordf\u00f6rande f\u00f6r kristdemokraterna i V\u00e4sterbotten - KRISTDEMOKRATERNA i V\u00e4sterbotten\",\"isPartOf\":{\"@id\":\"https:\\\/\\\/wp.kristdemokraterna.se\\\/vasterbotten\\\/#website\"},\"datePublished\":\"2020-03-24T08:34:23+00:00\",\"author\":{\"@id\":\"https:\\\/\\\/wp.kristdemokraterna.se\\\/vasterbotten\\\/#\\\/schema\\\/person\\\/19d8e06514589a71d368f158ba338d7c\"},\"breadcrumb\":{\"@id\":\"https:\\\/\\\/wp.kristdemokraterna.se\\\/vasterbotten\\\/roland-sjogren-ny-distriktsordforande-for-kristdemokraterna-i-vasterbotten\\\/#breadcrumb\"},\"inLanguage\":\"sv-SE\",\"potentialAction\":[{\"@type\":\"ReadAction\",\"target\":[\"https:\\\/\\\/wp.kristdemokraterna.se\\\/vasterbotten\\\/roland-sjogren-ny-distriktsordforande-for-kristdemokraterna-i-vasterbotten\\\/\"]}]},{\"@type\":\"BreadcrumbList\",\"@id\":\"https:\\\/\\\/wp.kristdemokraterna.se\\\/vasterbotten\\\/roland-sjogren-ny-distriktsordforande-for-kristdemokraterna-i-vasterbotten\\\/#breadcrumb\",\"itemListElement\":[{\"@type\":\"ListItem\",\"position\":1,\"name\":\"Hem\",\"item\":\"https:\\\/\\\/wp.kristdemokraterna.se\\\/vasterbotten\\\/\"},{\"@type\":\"ListItem\",\"position\":2,\"name\":\"Roland Sj\u00f6gren ny distriktsordf\u00f6rande f\u00f6r kristdemokraterna i V\u00e4sterbotten\"}]},{\"@type\":\"WebSite\",\"@id\":\"https:\\\/\\\/wp.kristdemokraterna.se\\\/vasterbotten\\\/#website\",\"url\":\"https:\\\/\\\/wp.kristdemokraterna.se\\\/vasterbotten\\\/\",\"name\":\"KRISTDEMOKRATERNA i V\u00e4sterbotten\",\"description\":\"Varje m\u00e4nniska ska bem\u00f6tas med v\u00e4rdighet!\",\"inLanguage\":\"sv-SE\"},{\"@type\":\"Person\",\"@id\":\"https:\\\/\\\/wp.kristdemokraterna.se\\\/vasterbotten\\\/#\\\/schema\\\/person\\\/19d8e06514589a71d368f158ba338d7c\",\"name\":\"Ronja Strid\",\"image\":{\"@type\":\"ImageObject\",\"inLanguage\":\"sv-SE\",\"@id\":\"https:\\\/\\\/secure.gravatar.com\\\/avatar\\\/7ff4811150c8b31ca71347d2dbb55635437db68452a94a1fd0183c0f13991f7f?s=96&d=mm&r=g\",\"url\":\"https:\\\/\\\/secure.gravatar.com\\\/avatar\\\/7ff4811150c8b31ca71347d2dbb55635437db68452a94a1fd0183c0f13991f7f?s=96&d=mm&r=g\",\"contentUrl\":\"https:\\\/\\\/secure.gravatar.com\\\/avatar\\\/7ff4811150c8b31ca71347d2dbb55635437db68452a94a1fd0183c0f13991f7f?s=96&d=mm&r=g\",\"caption\":\"Ronja Strid\"},\"url\":\"https:\\\/\\\/wp.kristdemokraterna.se\\\/vasterbotten\\\/author\\\/ronja\\\/\"}]}<\/script>\n<!-- \/ Yoast SEO plugin. -->","yoast_head_json":{"title":"Roland Sj\u00f6gren ny distriktsordf\u00f6rande f\u00f6r kristdemokraterna i V\u00e4sterbotten - KRISTDEMOKRATERNA i V\u00e4sterbotten","robots":{"index":"index","follow":"follow","max-snippet":"max-snippet:-1","max-image-preview":"max-image-preview:large","max-video-preview":"max-video-preview:-1"},"canonical":"https:\/\/wp.kristdemokraterna.se\/vasterbotten\/roland-sjogren-ny-distriktsordforande-for-kristdemokraterna-i-vasterbotten\/","og_locale":"sv_SE","og_type":"article","og_title":"Roland Sj\u00f6gren ny distriktsordf\u00f6rande f\u00f6r kristdemokraterna i V\u00e4sterbotten - KRISTDEMOKRATERNA i V\u00e4sterbotten","og_description":"Bild. Anders Sellstr\u00f6m &amp; Roland Sj\u00f6gren. Foto L-\u00c5 Holmgren. Vid Kristdemokraternas distrikts\u00e5rsm\u00f6te i Lycksele 14 mars valdes kommunalr\u00e5det och kommunstyrelsens ordf\u00f6rande i Lycksele, Roland Sj\u00f6gren till ordf\u00f6rande f\u00f6r l\u00e4nets kristdemokrater. Han eftertr\u00e4der Anders Sellstr\u00f6m som innehaft posten i 16 \u00e5r. Flera deltagare uttryckte stor tacksamhet till Anders f\u00f6r hans stora engagemang och gedigna arbete under Read More","og_url":"https:\/\/wp.kristdemokraterna.se\/vasterbotten\/roland-sjogren-ny-distriktsordforande-for-kristdemokraterna-i-vasterbotten\/","og_site_name":"KRISTDEMOKRATERNA i V\u00e4sterbotten","article_publisher":"https:\/\/www.facebook.com\/kdvasterbotten\/","article_published_time":"2020-03-24T08:34:23+00:00","author":"Ronja Strid","twitter_card":"summary_large_image","twitter_creator":"@kdvasterbotten","twitter_site":"@kdvasterbotten","twitter_misc":{"Skriven av":"Ronja Strid","Ber\u00e4knad l\u00e4stid":"1 minut"},"schema":{"@context":"https:\/\/schema.org","@graph":[{"@type":"Article","@id":"https:\/\/wp.kristdemokraterna.se\/vasterbotten\/roland-sjogren-ny-distriktsordforande-for-kristdemokraterna-i-vasterbotten\/#article","isPartOf":{"@id":"https:\/\/wp.kristdemokraterna.se\/vasterbotten\/roland-sjogren-ny-distriktsordforande-for-kristdemokraterna-i-vasterbotten\/"},"author":{"name":"Ronja Strid","@id":"https:\/\/wp.kristdemokraterna.se\/vasterbotten\/#\/schema\/person\/19d8e06514589a71d368f158ba338d7c"},"headline":"Roland Sj\u00f6gren ny distriktsordf\u00f6rande f\u00f6r kristdemokraterna i V\u00e4sterbotten","datePublished":"2020-03-24T08:34:23+00:00","mainEntityOfPage":{"@id":"https:\/\/wp.kristdemokraterna.se\/vasterbotten\/roland-sjogren-ny-distriktsordforande-for-kristdemokraterna-i-vasterbotten\/"},"wordCount":213,"articleSection":["Inl\u00e4gg","Nyheter","Pressmeddelande"],"inLanguage":"sv-SE"},{"@type":"WebPage","@id":"https:\/\/wp.kristdemokraterna.se\/vasterbotten\/roland-sjogren-ny-distriktsordforande-for-kristdemokraterna-i-vasterbotten\/","url":"https:\/\/wp.kristdemokraterna.se\/vasterbotten\/roland-sjogren-ny-distriktsordforande-for-kristdemokraterna-i-vasterbotten\/","name":"Roland Sj\u00f6gren ny distriktsordf\u00f6rande f\u00f6r kristdemokraterna i V\u00e4sterbotten - KRISTDEMOKRATERNA i V\u00e4sterbotten","isPartOf":{"@id":"https:\/\/wp.kristdemokraterna.se\/vasterbotten\/#website"},"datePublished":"2020-03-24T08:34:23+00:00","author":{"@id":"https:\/\/wp.kristdemokraterna.se\/vasterbotten\/#\/schema\/person\/19d8e06514589a71d368f158ba338d7c"},"breadcrumb":{"@id":"https:\/\/wp.kristdemokraterna.se\/vasterbotten\/roland-sjogren-ny-distriktsordforande-for-kristdemokraterna-i-vasterbotten\/#breadcrumb"},"inLanguage":"sv-SE","potentialAction":[{"@type":"ReadAction","target":["https:\/\/wp.kristdemokraterna.se\/vasterbotten\/roland-sjogren-ny-distriktsordforande-for-kristdemokraterna-i-vasterbotten\/"]}]},{"@type":"BreadcrumbList","@id":"https:\/\/wp.kristdemokraterna.se\/vasterbotten\/roland-sjogren-ny-distriktsordforande-for-kristdemokraterna-i-vasterbotten\/#breadcrumb","itemListElement":[{"@type":"ListItem","position":1,"name":"Hem","item":"https:\/\/wp.kristdemokraterna.se\/vasterbotten\/"},{"@type":"ListItem","position":2,"name":"Roland Sj\u00f6gren ny distriktsordf\u00f6rande f\u00f6r kristdemokraterna i V\u00e4sterbotten"}]},{"@type":"WebSite","@id":"https:\/\/wp.kristdemokraterna.se\/vasterbotten\/#website","url":"https:\/\/wp.kristdemokraterna.se\/vasterbotten\/","name":"KRISTDEMOKRATERNA i V\u00e4sterbotten","description":"Varje m\u00e4nniska ska bem\u00f6tas med v\u00e4rdighet!","inLanguage":"sv-SE"},{"@type":"Person","@id":"https:\/\/wp.kristdemokraterna.se\/vasterbotten\/#\/schema\/person\/19d8e06514589a71d368f158ba338d7c","name":"Ronja Strid","image":{"@type":"ImageObject","inLanguage":"sv-SE","@id":"https:\/\/secure.gravatar.com\/avatar\/7ff4811150c8b31ca71347d2dbb55635437db68452a94a1fd0183c0f13991f7f?s=96&d=mm&r=g","url":"https:\/\/secure.gravatar.com\/avatar\/7ff4811150c8b31ca71347d2dbb55635437db68452a94a1fd0183c0f13991f7f?s=96&d=mm&r=g","contentUrl":"https:\/\/secure.gravatar.com\/avatar\/7ff4811150c8b31ca71347d2dbb55635437db68452a94a1fd0183c0f13991f7f?s=96&d=mm&r=g","caption":"Ronja Strid"},"url":"https:\/\/wp.kristdemokraterna.se\/vasterbotten\/author\/ronja\/"}]}},"_links":{"self":[{"href":"https:\/\/wp.kristdemokraterna.se\/vasterbotten\/wp-json\/wp\/v2\/posts\/2423","targetHints":{"allow":["GET"]}}],"collection":[{"href":"https:\/\/wp.kristdemokraterna.se\/vasterbotten\/wp-json\/wp\/v2\/posts"}],"about":[{"href":"https:\/\/wp.kristdemokraterna.se\/vasterbotten\/wp-json\/wp\/v2\/types\/post"}],"author":[{"embeddable":true,"href":"https:\/\/wp.kristdemokraterna.se\/vasterbotten\/wp-json\/wp\/v2\/users\/863"}],"replies":[{"embeddable":true,"href":"https:\/\/wp.kristdemokraterna.se\/vasterbotten\/wp-json\/wp\/v2\/comments?post=2423"}],"version-history":[{"count":9,"href":"https:\/\/wp.kristdemokraterna.se\/vasterbotten\/wp-json\/wp\/v2\/posts\/2423\/revisions"}],"predecessor-version":[{"id":2433,"href":"https:\/\/wp.kristdemokraterna.se\/vasterbotten\/wp-json\/wp\/v2\/posts\/2423\/revisions\/2433"}],"wp:attachment":[{"href":"https:\/\/wp.kristdemokraterna.se\/vasterbotten\/wp-json\/wp\/v2\/media?parent=2423"}],"wp:term":[{"taxonomy":"category","embeddable":true,"href":"https:\/\/wp.kristdemokraterna.se\/vasterbotten\/wp-json\/wp\/v2\/categories?post=2423"},{"taxonomy":"post_tag","embeddable":true,"href":"https:\/\/wp.kristdemokraterna.se\/vasterbotten\/wp-json\/wp\/v2\/tags?post=2423"}],"curies":[{"name":"wp","href":"https:\/\/api.w.org\/{rel}","templated":true}]}}