{"id":2446,"date":"2020-08-04T11:43:41","date_gmt":"2020-08-04T09:43:41","guid":{"rendered":"http:\/\/wp.kristdemokraterna.se\/vasterbotten\/?p=2446"},"modified":"2020-08-04T11:45:55","modified_gmt":"2020-08-04T09:45:55","slug":"infor-social-aktivitet-pa-recept","status":"publish","type":"post","link":"https:\/\/wp.kristdemokraterna.se\/vasterbotten\/infor-social-aktivitet-pa-recept\/","title":{"rendered":"Inf\u00f6r social aktivitet p\u00e5 recept"},"content":{"rendered":"<p class=\"vkmui-Paragraph vkmui-Paragraph--medium\"><strong>Ensamhet breder ut sig allt mer efter den senaste tidens nedst\u00e4ngda samh\u00e4lle, bes\u00f6ksf\u00f6rbud p\u00e5 \u00e4ldreboenden och rekommendationer att h\u00e5lla avst\u00e5ndet till varandra. Det \u00e4r f\u00f6rst\u00e5s helt centralt att f\u00f6lja riktlinjerna f\u00f6r att skydda riskgrupper och r\u00e4dda liv men det har ocks\u00e5 inneburit att m\u00e5nga blivit alltmer isolerade.<\/strong><\/p>\n<p class=\"vkmui-Paragraph vkmui-Paragraph--medium\">N\u00e4r vi tagit oss genom viruspr\u00f6vningarna \u00e4r det h\u00f6g tid att b\u00f6rja l\u00e5ta l\u00e4kare skriva ut social aktivitet p\u00e5 recept (SAR) som ett s\u00e4tt att motverka den v\u00e4xande ensamheten i samh\u00e4llet. De r\u00f6dgr\u00f6na \u00e4r fast i gamla tankebanor. F\u00f6r att l\u00f6sa denna utmaning kr\u00e4vs ett nytillskott av id\u00e9er.<\/p>\n<p class=\"vkmui-Paragraph vkmui-Paragraph--medium\">Den ofrivilliga ensamheten drabbar b\u00e5de psykiskt och fysiskt. Ofta leder den till kroppsliga besv\u00e4r, kronisk stress och andra sjukdomar. Risken att drabbas av k\u00e4rlkramp, hj\u00e4rtinfarkt och stroke \u00f6kar. Ensamhet inneb\u00e4r en lika stor riskfaktor f\u00f6r att d\u00f6 i f\u00f6rtid som r\u00f6kning och skadar v\u00e5r h\u00e4lsa mer \u00e4n s\u00e5v\u00e4l stillasittande som d\u00e5liga matvanor.<\/p>\n<p class=\"vkmui-Paragraph vkmui-Paragraph--medium\"><strong>Men ensamheten i sig<\/strong> \u00e4r sv\u00e5r att komma \u00e5t. En l\u00e4ngre tids avskildhet kan g\u00f6ra att steget ut till en social aktivitet bland nya m\u00e4nniskor k\u00e4nns stort att ta p\u00e5 egen hand. Det \u00e4r dags att erk\u00e4nna ensamhet som ett av v\u00e5ra stora samh\u00e4llsproblem, som orsakar b\u00e5de h\u00f6ga m\u00e4nskliga och samh\u00e4llsekonomiska kostnader.<\/p>\n<p class=\"vkmui-Paragraph vkmui-Paragraph--medium\">Att bygga gemenskaper och relationer \u00e4r f\u00f6rst\u00e5s inte en uppgift fr\u00e4mst f\u00f6r politiken \u2013 men att uppmuntra och f\u00f6rb\u00e4ttra f\u00f6ruts\u00e4ttningarna f\u00f6r gemenskap \u00e4r det definitivt.<\/p>\n<p class=\"vkmui-Paragraph vkmui-Paragraph--medium\"><strong>Kristdemokraterna har<\/strong> i Region V\u00e4sterbotten lagt en motion i \u00e4rendet som de styrande r\u00f6dgr\u00f6na \u00e4nnu inte hanterat. Vi ser fram emot den debatten f\u00f6r n\u00e5got m\u00e5ste g\u00f6ras och det snabbt.<\/p>\n<p class=\"vkmui-Paragraph vkmui-Paragraph--medium\">Social aktivitet p\u00e5 recept (SAR) \u00e4r, likt den mer k\u00e4nda fysiska varianten (FAR), ett komplement till \u00f6vrig v\u00e5rd i syfte att fr\u00e4mja h\u00e4lsan. Genom att en l\u00e4kare ordinerar social aktivitet uppmuntras patienten ta del av befintliga aktiviteter i n\u00e4romr\u00e5det. Ensamhet har ofta en stressande effekt, medan samvaro har en positiv och lugnande effekt.<\/p>\n<p class=\"vkmui-Paragraph vkmui-Paragraph--medium\"><strong>Bland de \u00f6ver 75 \u00e5r <\/strong>k\u00e4nner sig n\u00e4stan tv\u00e5 av tre personer ensamma, enligt en enk\u00e4t fr\u00e5n Socialstyrelsen. Ofta kanske i v\u00e4ntan p\u00e5 en plats p\u00e5 ett \u00e4ldreboende och den gemenskap det skulle kunna ge. Minds \u00e4ldrelinje, dit personer \u00f6ver 65 \u00e5r kan ringa ifall de m\u00e5r psykiskt d\u00e5ligt eller bara vill prata med n\u00e5gon, har tagit emot rekordm\u00e5nga samtal under v\u00e5ren och b\u00f6rjan av sommaren. Framf\u00f6rallt f\u00f6r \u00e4ldre kan SAR d\u00e4rf\u00f6r vara till hj\u00e4lp f\u00f6r att bibeh\u00e5lla eller f\u00f6rb\u00e4ttra sitt h\u00e4lsotillst\u00e5nd, ut\u00f6ver att det bidrar till nya sociala n\u00e4tverk.<\/p>\n<div>\n<div data-auid=\"000000000005454c\" data-visible=\"\" data-viewable=\"https:\/\/delivery.adnuntius.com\/v?rt=TX-AT00rpCO5LGhnL8gS1wcbv5VkquO5bW-vJV_8A-gAAAAQCtjQz9kbGWD4nuZy3q6HaHGLU96lqvrAVhPVbr3aL43y8xhRP1bzDM-Owa-7FyxMlg2dZnJ80gK1pw1W1J9OR2bxNAqGiXyFnEWW-KqQb7Kg3vHhHoHCt-FnNYJ7RDonC84WB9lKqhBmk73FVr3BvbLNT00xX1_bbxWcW0LS3Jvb8kQFWLyKNLV4UfM5fJWdGy56pzPNYb_gmY4w26cgZAg-pcoc8KssW5k6WnK18_WIvkWN\">\n<div>\n<div class=\"vkmui-TeaserInline vkmui-TeaserInline--ad\"><\/div>\n<\/div>\n<\/div>\n<\/div>\n<p class=\"vkmui-Paragraph vkmui-Paragraph--medium\">Genom att erbjuda en s\u00e5dan h\u00e4lsofr\u00e4mjande insats till v\u00e5ra \u00e4ldre kan vi bidra till l\u00e4ngre, sj\u00e4lvst\u00e4ndiga liv med god livskvalitet.\u00a0Men ensamheten drabbar inte enbart \u00e4ldre. Ifjol kom siffror som visade att n\u00e4stan var tjugonde ungdom och vuxen i Sverige k\u00e4nde sig socialt isolerade. BRIS rapporter visar att ensamhet \u00e4ven tenderar att ha en negativ p\u00e5verkan p\u00e5 betygen i skolan.<\/p>\n<p class=\"vkmui-Paragraph vkmui-Paragraph--medium\"><strong>Ume\u00e5 Universitet forskar<\/strong> i samarbete med Husl\u00e4karnas h\u00e4lsocentral i Ume\u00e5 kring social aktivitet p\u00e5 recept. D\u00e4r l\u00e4gger man ett s\u00e4rskilt fokus p\u00e5 att identifiera vad som skulle vara meningsfullt f\u00f6r individen det g\u00e4ller, i syfte att matcha ensamma \u00e4ldre med utbudet av aktiviteter i kommunen.<\/p>\n<p class=\"vkmui-Paragraph vkmui-Paragraph--medium\">Detta bidrar till attb\u00e5de \u00f6ka k\u00e4nslan av meningsfullhet i vardagen samt f\u00f6rebygga psykisk oh\u00e4lsa. I Storbritannien, vars regering till och med har utn\u00e4mnt en ensamhetsminister, anv\u00e4nder man sig av SAR. Man har efter bara n\u00e5gra \u00e5r kunnat se en tydlig och v\u00e4rdefull minskning av \u00e4ldres upplevda ensamhet. M\u00e5nga g\u00e5nger har man lyckats bryta en l\u00e5ng period av social isolering och som en positiv f\u00f6ljd dessutom sett minskningar i antalet bes\u00f6k hos landets h\u00e4lsocentraler.<\/p>\n<p class=\"vkmui-Paragraph vkmui-Paragraph--medium\">Redan innan coronapandemin saknade \u00f6ver en miljon svenskar en n\u00e4ra v\u00e4n och antalet deltagare p\u00e5 begravningar har halverats mellan \u00e5ren 1990 och 2016. Det har g\u00e5tt s\u00e5 l\u00e5ngt att var tionde begravning i Stockholm sker helt utan n\u00e4rvarande av anh\u00f6rig. De senaste m\u00e5nadernas sociala distansering har varit n\u00f6dv\u00e4ndiga f\u00f6r att r\u00e4dda liv, men inneb\u00e4r samtidigt en p\u00e5verkan p\u00e5 m\u00e4nniskors h\u00e4lsa inom andra omr\u00e5den vars effekt vi \u00e4nnu inte sett slutet av.<\/p>\n<p class=\"vkmui-Paragraph vkmui-Paragraph--medium\"><strong>Politiska beslut m\u00e5ste<\/strong> nu fattas f\u00f6r att underl\u00e4tta mellanm\u00e4nskliga kontakter. De r\u00f6dgr\u00f6na i regionen beh\u00f6ver ta till sig den motion vi kristdemokrater har lagt. Att m\u00e4nniskor \u00e5ter, eller f\u00f6r f\u00f6rsta g\u00e5ngen, f\u00e5r k\u00e4nna sig som en del av en gemenskap och bygga kontakter, samla nya erfarenheter och upplevelser \u00e4r en grundbult i ett samh\u00e4lle som h\u00e5ller ihop. Detta blir \u00e4nnu viktigare n\u00e4r pandemin \u00e4r \u00f6ver eftersom ensamhet b\u00e4st l\u00f6ses tillsammans.<\/p>\n<p class=\"vkmui-Paragraph vkmui-Paragraph--medium\"><strong>Hans-Inge Smetana,\u00a0<\/strong>gruppledare Region V\u00e4sterbotten<\/p>\n<p class=\"vkmui-Paragraph vkmui-Paragraph--medium\"><strong>Veronica Kerr,\u00a0<\/strong>gruppledare och vice ordf\u00f6rande i \u00c4ldren\u00e4mnden i Ume\u00e5 kommun, KD<\/p>\n","protected":false},"excerpt":{"rendered":"<p>Ensamhet breder ut sig allt mer efter den senaste tidens nedst\u00e4ngda samh\u00e4lle, bes\u00f6ksf\u00f6rbud p\u00e5 \u00e4ldreboenden och rekommendationer att h\u00e5lla avst\u00e5ndet till varandra. Det \u00e4r f\u00f6rst\u00e5s helt centralt att f\u00f6lja riktlinjerna f\u00f6r att skydda riskgrupper och r\u00e4dda liv men det har ocks\u00e5 inneburit att m\u00e5nga blivit alltmer isolerade. N\u00e4r vi tagit oss genom viruspr\u00f6vningarna \u00e4r det <a class=\"read-more-link\" href=\"https:\/\/wp.kristdemokraterna.se\/vasterbotten\/infor-social-aktivitet-pa-recept\/\">Read More<\/a><\/p>\n","protected":false},"author":873,"featured_media":0,"comment_status":"closed","ping_status":"closed","sticky":false,"template":"","format":"standard","meta":{"_acf_changed":false,"footnotes":""},"categories":[58,60,3],"tags":[69,71,70],"class_list":["post-2446","post","type-post","status-publish","format-standard","hentry","category-inlagg","category-nyheter","category-region","tag-ensamhet","tag-sar","tag-social-aktivitet"],"acf":[],"yoast_head":"<!-- This site is optimized with the Yoast SEO plugin v27.4 - https:\/\/yoast.com\/product\/yoast-seo-wordpress\/ -->\n<title>Inf\u00f6r social aktivitet p\u00e5 recept - KRISTDEMOKRATERNA i V\u00e4sterbotten<\/title>\n<meta name=\"robots\" content=\"index, follow, max-snippet:-1, max-image-preview:large, max-video-preview:-1\" \/>\n<link rel=\"canonical\" href=\"https:\/\/wp.kristdemokraterna.se\/vasterbotten\/infor-social-aktivitet-pa-recept\/\" \/>\n<meta property=\"og:locale\" content=\"sv_SE\" \/>\n<meta property=\"og:type\" content=\"article\" \/>\n<meta property=\"og:title\" content=\"Inf\u00f6r social aktivitet p\u00e5 recept - KRISTDEMOKRATERNA i V\u00e4sterbotten\" \/>\n<meta property=\"og:description\" content=\"Ensamhet breder ut sig allt mer efter den senaste tidens nedst\u00e4ngda samh\u00e4lle, bes\u00f6ksf\u00f6rbud p\u00e5 \u00e4ldreboenden och rekommendationer att h\u00e5lla avst\u00e5ndet till varandra. Det \u00e4r f\u00f6rst\u00e5s helt centralt att f\u00f6lja riktlinjerna f\u00f6r att skydda riskgrupper och r\u00e4dda liv men det har ocks\u00e5 inneburit att m\u00e5nga blivit alltmer isolerade. N\u00e4r vi tagit oss genom viruspr\u00f6vningarna \u00e4r det Read More\" \/>\n<meta property=\"og:url\" content=\"https:\/\/wp.kristdemokraterna.se\/vasterbotten\/infor-social-aktivitet-pa-recept\/\" \/>\n<meta property=\"og:site_name\" content=\"KRISTDEMOKRATERNA i V\u00e4sterbotten\" \/>\n<meta property=\"article:publisher\" content=\"https:\/\/www.facebook.com\/kdvasterbotten\/\" \/>\n<meta property=\"article:published_time\" content=\"2020-08-04T09:43:41+00:00\" \/>\n<meta property=\"article:modified_time\" content=\"2020-08-04T09:45:55+00:00\" \/>\n<meta name=\"author\" content=\"Jesper Frii\" \/>\n<meta name=\"twitter:card\" content=\"summary_large_image\" \/>\n<meta name=\"twitter:creator\" content=\"@kdvasterbotten\" \/>\n<meta name=\"twitter:site\" content=\"@kdvasterbotten\" \/>\n<meta name=\"twitter:label1\" content=\"Skriven av\" \/>\n\t<meta name=\"twitter:data1\" content=\"Jesper Frii\" \/>\n\t<meta name=\"twitter:label2\" content=\"Ber\u00e4knad l\u00e4stid\" \/>\n\t<meta name=\"twitter:data2\" content=\"4 minuter\" \/>\n<script type=\"application\/ld+json\" class=\"yoast-schema-graph\">{\"@context\":\"https:\\\/\\\/schema.org\",\"@graph\":[{\"@type\":\"Article\",\"@id\":\"https:\\\/\\\/wp.kristdemokraterna.se\\\/vasterbotten\\\/infor-social-aktivitet-pa-recept\\\/#article\",\"isPartOf\":{\"@id\":\"https:\\\/\\\/wp.kristdemokraterna.se\\\/vasterbotten\\\/infor-social-aktivitet-pa-recept\\\/\"},\"author\":{\"name\":\"Jesper Frii\",\"@id\":\"https:\\\/\\\/wp.kristdemokraterna.se\\\/vasterbotten\\\/#\\\/schema\\\/person\\\/5f0071aee1bf3b2c1631730da27eb168\"},\"headline\":\"Inf\u00f6r social aktivitet p\u00e5 recept\",\"datePublished\":\"2020-08-04T09:43:41+00:00\",\"dateModified\":\"2020-08-04T09:45:55+00:00\",\"mainEntityOfPage\":{\"@id\":\"https:\\\/\\\/wp.kristdemokraterna.se\\\/vasterbotten\\\/infor-social-aktivitet-pa-recept\\\/\"},\"wordCount\":901,\"keywords\":[\"Ensamhet\",\"SAR\",\"Social aktivitet\"],\"articleSection\":[\"Inl\u00e4gg\",\"Nyheter\",\"Region\"],\"inLanguage\":\"sv-SE\"},{\"@type\":\"WebPage\",\"@id\":\"https:\\\/\\\/wp.kristdemokraterna.se\\\/vasterbotten\\\/infor-social-aktivitet-pa-recept\\\/\",\"url\":\"https:\\\/\\\/wp.kristdemokraterna.se\\\/vasterbotten\\\/infor-social-aktivitet-pa-recept\\\/\",\"name\":\"Inf\u00f6r social aktivitet p\u00e5 recept - KRISTDEMOKRATERNA i V\u00e4sterbotten\",\"isPartOf\":{\"@id\":\"https:\\\/\\\/wp.kristdemokraterna.se\\\/vasterbotten\\\/#website\"},\"datePublished\":\"2020-08-04T09:43:41+00:00\",\"dateModified\":\"2020-08-04T09:45:55+00:00\",\"author\":{\"@id\":\"https:\\\/\\\/wp.kristdemokraterna.se\\\/vasterbotten\\\/#\\\/schema\\\/person\\\/5f0071aee1bf3b2c1631730da27eb168\"},\"breadcrumb\":{\"@id\":\"https:\\\/\\\/wp.kristdemokraterna.se\\\/vasterbotten\\\/infor-social-aktivitet-pa-recept\\\/#breadcrumb\"},\"inLanguage\":\"sv-SE\",\"potentialAction\":[{\"@type\":\"ReadAction\",\"target\":[\"https:\\\/\\\/wp.kristdemokraterna.se\\\/vasterbotten\\\/infor-social-aktivitet-pa-recept\\\/\"]}]},{\"@type\":\"BreadcrumbList\",\"@id\":\"https:\\\/\\\/wp.kristdemokraterna.se\\\/vasterbotten\\\/infor-social-aktivitet-pa-recept\\\/#breadcrumb\",\"itemListElement\":[{\"@type\":\"ListItem\",\"position\":1,\"name\":\"Hem\",\"item\":\"https:\\\/\\\/wp.kristdemokraterna.se\\\/vasterbotten\\\/\"},{\"@type\":\"ListItem\",\"position\":2,\"name\":\"Inf\u00f6r social aktivitet p\u00e5 recept\"}]},{\"@type\":\"WebSite\",\"@id\":\"https:\\\/\\\/wp.kristdemokraterna.se\\\/vasterbotten\\\/#website\",\"url\":\"https:\\\/\\\/wp.kristdemokraterna.se\\\/vasterbotten\\\/\",\"name\":\"KRISTDEMOKRATERNA i V\u00e4sterbotten\",\"description\":\"Varje m\u00e4nniska ska bem\u00f6tas med v\u00e4rdighet!\",\"inLanguage\":\"sv-SE\"},{\"@type\":\"Person\",\"@id\":\"https:\\\/\\\/wp.kristdemokraterna.se\\\/vasterbotten\\\/#\\\/schema\\\/person\\\/5f0071aee1bf3b2c1631730da27eb168\",\"name\":\"Jesper Frii\",\"image\":{\"@type\":\"ImageObject\",\"inLanguage\":\"sv-SE\",\"@id\":\"https:\\\/\\\/secure.gravatar.com\\\/avatar\\\/5da3b8448af1434e6cb15877098c523a00ce25447d0c31977562b6219e05e618?s=96&d=mm&r=g\",\"url\":\"https:\\\/\\\/secure.gravatar.com\\\/avatar\\\/5da3b8448af1434e6cb15877098c523a00ce25447d0c31977562b6219e05e618?s=96&d=mm&r=g\",\"contentUrl\":\"https:\\\/\\\/secure.gravatar.com\\\/avatar\\\/5da3b8448af1434e6cb15877098c523a00ce25447d0c31977562b6219e05e618?s=96&d=mm&r=g\",\"caption\":\"Jesper Frii\"},\"url\":\"https:\\\/\\\/wp.kristdemokraterna.se\\\/vasterbotten\\\/author\\\/jesperfrii\\\/\"}]}<\/script>\n<!-- \/ Yoast SEO plugin. -->","yoast_head_json":{"title":"Inf\u00f6r social aktivitet p\u00e5 recept - KRISTDEMOKRATERNA i V\u00e4sterbotten","robots":{"index":"index","follow":"follow","max-snippet":"max-snippet:-1","max-image-preview":"max-image-preview:large","max-video-preview":"max-video-preview:-1"},"canonical":"https:\/\/wp.kristdemokraterna.se\/vasterbotten\/infor-social-aktivitet-pa-recept\/","og_locale":"sv_SE","og_type":"article","og_title":"Inf\u00f6r social aktivitet p\u00e5 recept - KRISTDEMOKRATERNA i V\u00e4sterbotten","og_description":"Ensamhet breder ut sig allt mer efter den senaste tidens nedst\u00e4ngda samh\u00e4lle, bes\u00f6ksf\u00f6rbud p\u00e5 \u00e4ldreboenden och rekommendationer att h\u00e5lla avst\u00e5ndet till varandra. Det \u00e4r f\u00f6rst\u00e5s helt centralt att f\u00f6lja riktlinjerna f\u00f6r att skydda riskgrupper och r\u00e4dda liv men det har ocks\u00e5 inneburit att m\u00e5nga blivit alltmer isolerade. N\u00e4r vi tagit oss genom viruspr\u00f6vningarna \u00e4r det Read More","og_url":"https:\/\/wp.kristdemokraterna.se\/vasterbotten\/infor-social-aktivitet-pa-recept\/","og_site_name":"KRISTDEMOKRATERNA i V\u00e4sterbotten","article_publisher":"https:\/\/www.facebook.com\/kdvasterbotten\/","article_published_time":"2020-08-04T09:43:41+00:00","article_modified_time":"2020-08-04T09:45:55+00:00","author":"Jesper Frii","twitter_card":"summary_large_image","twitter_creator":"@kdvasterbotten","twitter_site":"@kdvasterbotten","twitter_misc":{"Skriven av":"Jesper Frii","Ber\u00e4knad l\u00e4stid":"4 minuter"},"schema":{"@context":"https:\/\/schema.org","@graph":[{"@type":"Article","@id":"https:\/\/wp.kristdemokraterna.se\/vasterbotten\/infor-social-aktivitet-pa-recept\/#article","isPartOf":{"@id":"https:\/\/wp.kristdemokraterna.se\/vasterbotten\/infor-social-aktivitet-pa-recept\/"},"author":{"name":"Jesper Frii","@id":"https:\/\/wp.kristdemokraterna.se\/vasterbotten\/#\/schema\/person\/5f0071aee1bf3b2c1631730da27eb168"},"headline":"Inf\u00f6r social aktivitet p\u00e5 recept","datePublished":"2020-08-04T09:43:41+00:00","dateModified":"2020-08-04T09:45:55+00:00","mainEntityOfPage":{"@id":"https:\/\/wp.kristdemokraterna.se\/vasterbotten\/infor-social-aktivitet-pa-recept\/"},"wordCount":901,"keywords":["Ensamhet","SAR","Social aktivitet"],"articleSection":["Inl\u00e4gg","Nyheter","Region"],"inLanguage":"sv-SE"},{"@type":"WebPage","@id":"https:\/\/wp.kristdemokraterna.se\/vasterbotten\/infor-social-aktivitet-pa-recept\/","url":"https:\/\/wp.kristdemokraterna.se\/vasterbotten\/infor-social-aktivitet-pa-recept\/","name":"Inf\u00f6r social aktivitet p\u00e5 recept - KRISTDEMOKRATERNA i V\u00e4sterbotten","isPartOf":{"@id":"https:\/\/wp.kristdemokraterna.se\/vasterbotten\/#website"},"datePublished":"2020-08-04T09:43:41+00:00","dateModified":"2020-08-04T09:45:55+00:00","author":{"@id":"https:\/\/wp.kristdemokraterna.se\/vasterbotten\/#\/schema\/person\/5f0071aee1bf3b2c1631730da27eb168"},"breadcrumb":{"@id":"https:\/\/wp.kristdemokraterna.se\/vasterbotten\/infor-social-aktivitet-pa-recept\/#breadcrumb"},"inLanguage":"sv-SE","potentialAction":[{"@type":"ReadAction","target":["https:\/\/wp.kristdemokraterna.se\/vasterbotten\/infor-social-aktivitet-pa-recept\/"]}]},{"@type":"BreadcrumbList","@id":"https:\/\/wp.kristdemokraterna.se\/vasterbotten\/infor-social-aktivitet-pa-recept\/#breadcrumb","itemListElement":[{"@type":"ListItem","position":1,"name":"Hem","item":"https:\/\/wp.kristdemokraterna.se\/vasterbotten\/"},{"@type":"ListItem","position":2,"name":"Inf\u00f6r social aktivitet p\u00e5 recept"}]},{"@type":"WebSite","@id":"https:\/\/wp.kristdemokraterna.se\/vasterbotten\/#website","url":"https:\/\/wp.kristdemokraterna.se\/vasterbotten\/","name":"KRISTDEMOKRATERNA i V\u00e4sterbotten","description":"Varje m\u00e4nniska ska bem\u00f6tas med v\u00e4rdighet!","inLanguage":"sv-SE"},{"@type":"Person","@id":"https:\/\/wp.kristdemokraterna.se\/vasterbotten\/#\/schema\/person\/5f0071aee1bf3b2c1631730da27eb168","name":"Jesper Frii","image":{"@type":"ImageObject","inLanguage":"sv-SE","@id":"https:\/\/secure.gravatar.com\/avatar\/5da3b8448af1434e6cb15877098c523a00ce25447d0c31977562b6219e05e618?s=96&d=mm&r=g","url":"https:\/\/secure.gravatar.com\/avatar\/5da3b8448af1434e6cb15877098c523a00ce25447d0c31977562b6219e05e618?s=96&d=mm&r=g","contentUrl":"https:\/\/secure.gravatar.com\/avatar\/5da3b8448af1434e6cb15877098c523a00ce25447d0c31977562b6219e05e618?s=96&d=mm&r=g","caption":"Jesper Frii"},"url":"https:\/\/wp.kristdemokraterna.se\/vasterbotten\/author\/jesperfrii\/"}]}},"_links":{"self":[{"href":"https:\/\/wp.kristdemokraterna.se\/vasterbotten\/wp-json\/wp\/v2\/posts\/2446","targetHints":{"allow":["GET"]}}],"collection":[{"href":"https:\/\/wp.kristdemokraterna.se\/vasterbotten\/wp-json\/wp\/v2\/posts"}],"about":[{"href":"https:\/\/wp.kristdemokraterna.se\/vasterbotten\/wp-json\/wp\/v2\/types\/post"}],"author":[{"embeddable":true,"href":"https:\/\/wp.kristdemokraterna.se\/vasterbotten\/wp-json\/wp\/v2\/users\/873"}],"replies":[{"embeddable":true,"href":"https:\/\/wp.kristdemokraterna.se\/vasterbotten\/wp-json\/wp\/v2\/comments?post=2446"}],"version-history":[{"count":2,"href":"https:\/\/wp.kristdemokraterna.se\/vasterbotten\/wp-json\/wp\/v2\/posts\/2446\/revisions"}],"predecessor-version":[{"id":2449,"href":"https:\/\/wp.kristdemokraterna.se\/vasterbotten\/wp-json\/wp\/v2\/posts\/2446\/revisions\/2449"}],"wp:attachment":[{"href":"https:\/\/wp.kristdemokraterna.se\/vasterbotten\/wp-json\/wp\/v2\/media?parent=2446"}],"wp:term":[{"taxonomy":"category","embeddable":true,"href":"https:\/\/wp.kristdemokraterna.se\/vasterbotten\/wp-json\/wp\/v2\/categories?post=2446"},{"taxonomy":"post_tag","embeddable":true,"href":"https:\/\/wp.kristdemokraterna.se\/vasterbotten\/wp-json\/wp\/v2\/tags?post=2446"}],"curies":[{"name":"wp","href":"https:\/\/api.w.org\/{rel}","templated":true}]}}