{"id":2489,"date":"2021-01-20T15:05:30","date_gmt":"2021-01-20T14:05:30","guid":{"rendered":"http:\/\/wp.kristdemokraterna.se\/vasterbotten\/?p=2489"},"modified":"2021-09-13T14:55:45","modified_gmt":"2021-09-13T12:55:45","slug":"lyckseles-patienter-fortjanar-nylagad-mat","status":"publish","type":"post","link":"https:\/\/wp.kristdemokraterna.se\/vasterbotten\/lyckseles-patienter-fortjanar-nylagad-mat\/","title":{"rendered":"Lyckseles patienter f\u00f6rtj\u00e4nar nylagad mat"},"content":{"rendered":"<p><strong>Den som n\u00e5gon g\u00e5ng beh\u00f6vt spendera tid p\u00e5 sjukhus vet hur betydelsefulla m\u00e5ltiderna \u00e4r. Dofterna fr\u00e5n nylagad, varm mat hj\u00e4lper till att h\u00f6ja aptiten f\u00f6r den som \u00e5terh\u00e4mtar sig efter en operation, eller som behandlas f\u00f6r en sv\u00e5r sjukdom. I dagsl\u00e4get serveras varm mat p\u00e5 lasarettets avdelningar och den \u00e4r oerh\u00f6rt uppskattad.<\/strong><\/p>\n<p>I februari fastst\u00e4ller Region V\u00e4sterbotten ett nytt s\u00e4tt att tillhandah\u00e5lla maten vid Lycksele lasarett. Ett av alternativen \u00e4r att r\u00e5a eller f\u00f6rkokta r\u00e5varor ska packas i Ume\u00e5, fraktas en l\u00e5ng str\u00e4cka, innan de slutligen ska v\u00e4rmas upp i Lycksele. Att transportera m\u00e5ltider fr\u00e5n Ume\u00e5 \u00e4r vi kristdemokrater helt emot. Det skulle till att b\u00f6rja med inneb\u00e4ra stora kostnader att bygga om lasarettets avdelningar f\u00f6r att kunna klara av dessa nya arbetss\u00e4tt. Och ombyggnationer blir ofta mycket dyrare \u00e4n vad som f\u00f6rst lovas. D\u00e4rtill f\u00f6ljer b\u00e5de ekonomiska och milj\u00f6m\u00e4ssiga kostnader med att frakta all mat.<\/p>\n<p>Kristdemokraterna har lyft fr\u00e5gan \u00e4nda sedan sommaren, n\u00e4r de nya planerna blev k\u00e4nda. Bland annat genom v\u00e5rt f\u00f6rslag i regionstyrelsen att se om n\u00e4ringslivsakt\u00f6rer i Lycksele kan ta \u00f6ver m\u00e5ltidsuppdraget, vilket skulle inneb\u00e4ra enbart korta str\u00e4ckor som maten beh\u00f6ver varmh\u00e5llas. Sett till hur pandemin slagit mot n\u00e4ringslivet finns anledning att se \u00f6ver just detta alternativ. En enig styrelse st\u00e4llde sig bakom v\u00e5rt f\u00f6rslag. Det \u00e4r bekymmersamt att beslutet i efterhand har modifierats. Privata akt\u00f6rer har enbart f\u00e5tt f\u00f6rfr\u00e5gan om att kunna leverera kall mat, som sedan \u00e4nd\u00e5 m\u00e5ste v\u00e4rmas p\u00e5 lasarettet.<\/p>\n<p>Men det b\u00e4sta alternativet vore sj\u00e4lvklart att maten tillagas p\u00e5 plats p\u00e5 lasarettet. Vi kristdemokrater kommer forts\u00e4tta k\u00e4mpa f\u00f6r att Lyckseles patienter \u00e4ven fram\u00f6ver ska erbjudas varma, nylagade m\u00e5ltider.<\/p>\n<p><strong>Betty-Ann Nilsson (KD), <\/strong>ledamot i h\u00e4lso- och sjukv\u00e5rdsn\u00e4mnden samt anst\u00e4lld vid Lycksele lasarett<\/p>\n<p><strong>Hans-Inge Smetana (KD), <\/strong>gruppledare vid Region V\u00e4sterbotten<\/p>\n","protected":false},"excerpt":{"rendered":"<p>Den som n\u00e5gon g\u00e5ng beh\u00f6vt spendera tid p\u00e5 sjukhus vet hur betydelsefulla m\u00e5ltiderna \u00e4r. Dofterna fr\u00e5n nylagad, varm mat hj\u00e4lper till att h\u00f6ja aptiten f\u00f6r den som \u00e5terh\u00e4mtar sig efter en operation, eller som behandlas f\u00f6r en sv\u00e5r sjukdom. I dagsl\u00e4get serveras varm mat p\u00e5 lasarettets avdelningar och den \u00e4r oerh\u00f6rt uppskattad. I februari fastst\u00e4ller <a class=\"read-more-link\" href=\"https:\/\/wp.kristdemokraterna.se\/vasterbotten\/lyckseles-patienter-fortjanar-nylagad-mat\/\">Read More<\/a><\/p>\n","protected":false},"author":873,"featured_media":0,"comment_status":"closed","ping_status":"closed","sticky":false,"template":"","format":"standard","meta":{"_acf_changed":false,"footnotes":""},"categories":[58,60,3],"tags":[82,78,83],"class_list":["post-2489","post","type-post","status-publish","format-standard","hentry","category-inlagg","category-nyheter","category-region","tag-lycksele-lasarett","tag-region-vasterbotten","tag-sjukhusmat"],"acf":[],"yoast_head":"<!-- This site is optimized with the Yoast SEO plugin v27.4 - https:\/\/yoast.com\/product\/yoast-seo-wordpress\/ -->\n<title>Lyckseles patienter f\u00f6rtj\u00e4nar nylagad mat - KRISTDEMOKRATERNA i V\u00e4sterbotten<\/title>\n<meta name=\"robots\" content=\"index, follow, max-snippet:-1, max-image-preview:large, max-video-preview:-1\" \/>\n<link rel=\"canonical\" href=\"https:\/\/wp.kristdemokraterna.se\/vasterbotten\/lyckseles-patienter-fortjanar-nylagad-mat\/\" \/>\n<meta property=\"og:locale\" content=\"sv_SE\" \/>\n<meta property=\"og:type\" content=\"article\" \/>\n<meta property=\"og:title\" content=\"Lyckseles patienter f\u00f6rtj\u00e4nar nylagad mat - KRISTDEMOKRATERNA i V\u00e4sterbotten\" \/>\n<meta property=\"og:description\" content=\"Den som n\u00e5gon g\u00e5ng beh\u00f6vt spendera tid p\u00e5 sjukhus vet hur betydelsefulla m\u00e5ltiderna \u00e4r. Dofterna fr\u00e5n nylagad, varm mat hj\u00e4lper till att h\u00f6ja aptiten f\u00f6r den som \u00e5terh\u00e4mtar sig efter en operation, eller som behandlas f\u00f6r en sv\u00e5r sjukdom. I dagsl\u00e4get serveras varm mat p\u00e5 lasarettets avdelningar och den \u00e4r oerh\u00f6rt uppskattad. I februari fastst\u00e4ller Read More\" \/>\n<meta property=\"og:url\" content=\"https:\/\/wp.kristdemokraterna.se\/vasterbotten\/lyckseles-patienter-fortjanar-nylagad-mat\/\" \/>\n<meta property=\"og:site_name\" content=\"KRISTDEMOKRATERNA i V\u00e4sterbotten\" \/>\n<meta property=\"article:publisher\" content=\"https:\/\/www.facebook.com\/kdvasterbotten\/\" \/>\n<meta property=\"article:published_time\" content=\"2021-01-20T14:05:30+00:00\" \/>\n<meta property=\"article:modified_time\" content=\"2021-09-13T12:55:45+00:00\" \/>\n<meta name=\"author\" content=\"Jesper Frii\" \/>\n<meta name=\"twitter:card\" content=\"summary_large_image\" \/>\n<meta name=\"twitter:creator\" content=\"@kdvasterbotten\" \/>\n<meta name=\"twitter:site\" content=\"@kdvasterbotten\" \/>\n<meta name=\"twitter:label1\" content=\"Skriven av\" \/>\n\t<meta name=\"twitter:data1\" content=\"Jesper Frii\" \/>\n\t<meta name=\"twitter:label2\" content=\"Ber\u00e4knad l\u00e4stid\" \/>\n\t<meta name=\"twitter:data2\" content=\"2 minuter\" \/>\n<script type=\"application\/ld+json\" class=\"yoast-schema-graph\">{\"@context\":\"https:\\\/\\\/schema.org\",\"@graph\":[{\"@type\":\"Article\",\"@id\":\"https:\\\/\\\/wp.kristdemokraterna.se\\\/vasterbotten\\\/lyckseles-patienter-fortjanar-nylagad-mat\\\/#article\",\"isPartOf\":{\"@id\":\"https:\\\/\\\/wp.kristdemokraterna.se\\\/vasterbotten\\\/lyckseles-patienter-fortjanar-nylagad-mat\\\/\"},\"author\":{\"name\":\"Jesper Frii\",\"@id\":\"https:\\\/\\\/wp.kristdemokraterna.se\\\/vasterbotten\\\/#\\\/schema\\\/person\\\/5f0071aee1bf3b2c1631730da27eb168\"},\"headline\":\"Lyckseles patienter f\u00f6rtj\u00e4nar nylagad mat\",\"datePublished\":\"2021-01-20T14:05:30+00:00\",\"dateModified\":\"2021-09-13T12:55:45+00:00\",\"mainEntityOfPage\":{\"@id\":\"https:\\\/\\\/wp.kristdemokraterna.se\\\/vasterbotten\\\/lyckseles-patienter-fortjanar-nylagad-mat\\\/\"},\"wordCount\":362,\"keywords\":[\"Lycksele lasarett\",\"Region V\u00e4sterbotten\",\"Sjukhusmat\"],\"articleSection\":[\"Inl\u00e4gg\",\"Nyheter\",\"Region\"],\"inLanguage\":\"sv-SE\"},{\"@type\":\"WebPage\",\"@id\":\"https:\\\/\\\/wp.kristdemokraterna.se\\\/vasterbotten\\\/lyckseles-patienter-fortjanar-nylagad-mat\\\/\",\"url\":\"https:\\\/\\\/wp.kristdemokraterna.se\\\/vasterbotten\\\/lyckseles-patienter-fortjanar-nylagad-mat\\\/\",\"name\":\"Lyckseles patienter f\u00f6rtj\u00e4nar nylagad mat - KRISTDEMOKRATERNA i V\u00e4sterbotten\",\"isPartOf\":{\"@id\":\"https:\\\/\\\/wp.kristdemokraterna.se\\\/vasterbotten\\\/#website\"},\"datePublished\":\"2021-01-20T14:05:30+00:00\",\"dateModified\":\"2021-09-13T12:55:45+00:00\",\"author\":{\"@id\":\"https:\\\/\\\/wp.kristdemokraterna.se\\\/vasterbotten\\\/#\\\/schema\\\/person\\\/5f0071aee1bf3b2c1631730da27eb168\"},\"breadcrumb\":{\"@id\":\"https:\\\/\\\/wp.kristdemokraterna.se\\\/vasterbotten\\\/lyckseles-patienter-fortjanar-nylagad-mat\\\/#breadcrumb\"},\"inLanguage\":\"sv-SE\",\"potentialAction\":[{\"@type\":\"ReadAction\",\"target\":[\"https:\\\/\\\/wp.kristdemokraterna.se\\\/vasterbotten\\\/lyckseles-patienter-fortjanar-nylagad-mat\\\/\"]}]},{\"@type\":\"BreadcrumbList\",\"@id\":\"https:\\\/\\\/wp.kristdemokraterna.se\\\/vasterbotten\\\/lyckseles-patienter-fortjanar-nylagad-mat\\\/#breadcrumb\",\"itemListElement\":[{\"@type\":\"ListItem\",\"position\":1,\"name\":\"Hem\",\"item\":\"https:\\\/\\\/wp.kristdemokraterna.se\\\/vasterbotten\\\/\"},{\"@type\":\"ListItem\",\"position\":2,\"name\":\"Lyckseles patienter f\u00f6rtj\u00e4nar nylagad mat\"}]},{\"@type\":\"WebSite\",\"@id\":\"https:\\\/\\\/wp.kristdemokraterna.se\\\/vasterbotten\\\/#website\",\"url\":\"https:\\\/\\\/wp.kristdemokraterna.se\\\/vasterbotten\\\/\",\"name\":\"KRISTDEMOKRATERNA i V\u00e4sterbotten\",\"description\":\"Varje m\u00e4nniska ska bem\u00f6tas med v\u00e4rdighet!\",\"inLanguage\":\"sv-SE\"},{\"@type\":\"Person\",\"@id\":\"https:\\\/\\\/wp.kristdemokraterna.se\\\/vasterbotten\\\/#\\\/schema\\\/person\\\/5f0071aee1bf3b2c1631730da27eb168\",\"name\":\"Jesper Frii\",\"image\":{\"@type\":\"ImageObject\",\"inLanguage\":\"sv-SE\",\"@id\":\"https:\\\/\\\/secure.gravatar.com\\\/avatar\\\/5da3b8448af1434e6cb15877098c523a00ce25447d0c31977562b6219e05e618?s=96&d=mm&r=g\",\"url\":\"https:\\\/\\\/secure.gravatar.com\\\/avatar\\\/5da3b8448af1434e6cb15877098c523a00ce25447d0c31977562b6219e05e618?s=96&d=mm&r=g\",\"contentUrl\":\"https:\\\/\\\/secure.gravatar.com\\\/avatar\\\/5da3b8448af1434e6cb15877098c523a00ce25447d0c31977562b6219e05e618?s=96&d=mm&r=g\",\"caption\":\"Jesper Frii\"},\"url\":\"https:\\\/\\\/wp.kristdemokraterna.se\\\/vasterbotten\\\/author\\\/jesperfrii\\\/\"}]}<\/script>\n<!-- \/ Yoast SEO plugin. -->","yoast_head_json":{"title":"Lyckseles patienter f\u00f6rtj\u00e4nar nylagad mat - KRISTDEMOKRATERNA i V\u00e4sterbotten","robots":{"index":"index","follow":"follow","max-snippet":"max-snippet:-1","max-image-preview":"max-image-preview:large","max-video-preview":"max-video-preview:-1"},"canonical":"https:\/\/wp.kristdemokraterna.se\/vasterbotten\/lyckseles-patienter-fortjanar-nylagad-mat\/","og_locale":"sv_SE","og_type":"article","og_title":"Lyckseles patienter f\u00f6rtj\u00e4nar nylagad mat - KRISTDEMOKRATERNA i V\u00e4sterbotten","og_description":"Den som n\u00e5gon g\u00e5ng beh\u00f6vt spendera tid p\u00e5 sjukhus vet hur betydelsefulla m\u00e5ltiderna \u00e4r. Dofterna fr\u00e5n nylagad, varm mat hj\u00e4lper till att h\u00f6ja aptiten f\u00f6r den som \u00e5terh\u00e4mtar sig efter en operation, eller som behandlas f\u00f6r en sv\u00e5r sjukdom. I dagsl\u00e4get serveras varm mat p\u00e5 lasarettets avdelningar och den \u00e4r oerh\u00f6rt uppskattad. I februari fastst\u00e4ller Read More","og_url":"https:\/\/wp.kristdemokraterna.se\/vasterbotten\/lyckseles-patienter-fortjanar-nylagad-mat\/","og_site_name":"KRISTDEMOKRATERNA i V\u00e4sterbotten","article_publisher":"https:\/\/www.facebook.com\/kdvasterbotten\/","article_published_time":"2021-01-20T14:05:30+00:00","article_modified_time":"2021-09-13T12:55:45+00:00","author":"Jesper Frii","twitter_card":"summary_large_image","twitter_creator":"@kdvasterbotten","twitter_site":"@kdvasterbotten","twitter_misc":{"Skriven av":"Jesper Frii","Ber\u00e4knad l\u00e4stid":"2 minuter"},"schema":{"@context":"https:\/\/schema.org","@graph":[{"@type":"Article","@id":"https:\/\/wp.kristdemokraterna.se\/vasterbotten\/lyckseles-patienter-fortjanar-nylagad-mat\/#article","isPartOf":{"@id":"https:\/\/wp.kristdemokraterna.se\/vasterbotten\/lyckseles-patienter-fortjanar-nylagad-mat\/"},"author":{"name":"Jesper Frii","@id":"https:\/\/wp.kristdemokraterna.se\/vasterbotten\/#\/schema\/person\/5f0071aee1bf3b2c1631730da27eb168"},"headline":"Lyckseles patienter f\u00f6rtj\u00e4nar nylagad mat","datePublished":"2021-01-20T14:05:30+00:00","dateModified":"2021-09-13T12:55:45+00:00","mainEntityOfPage":{"@id":"https:\/\/wp.kristdemokraterna.se\/vasterbotten\/lyckseles-patienter-fortjanar-nylagad-mat\/"},"wordCount":362,"keywords":["Lycksele lasarett","Region V\u00e4sterbotten","Sjukhusmat"],"articleSection":["Inl\u00e4gg","Nyheter","Region"],"inLanguage":"sv-SE"},{"@type":"WebPage","@id":"https:\/\/wp.kristdemokraterna.se\/vasterbotten\/lyckseles-patienter-fortjanar-nylagad-mat\/","url":"https:\/\/wp.kristdemokraterna.se\/vasterbotten\/lyckseles-patienter-fortjanar-nylagad-mat\/","name":"Lyckseles patienter f\u00f6rtj\u00e4nar nylagad mat - KRISTDEMOKRATERNA i V\u00e4sterbotten","isPartOf":{"@id":"https:\/\/wp.kristdemokraterna.se\/vasterbotten\/#website"},"datePublished":"2021-01-20T14:05:30+00:00","dateModified":"2021-09-13T12:55:45+00:00","author":{"@id":"https:\/\/wp.kristdemokraterna.se\/vasterbotten\/#\/schema\/person\/5f0071aee1bf3b2c1631730da27eb168"},"breadcrumb":{"@id":"https:\/\/wp.kristdemokraterna.se\/vasterbotten\/lyckseles-patienter-fortjanar-nylagad-mat\/#breadcrumb"},"inLanguage":"sv-SE","potentialAction":[{"@type":"ReadAction","target":["https:\/\/wp.kristdemokraterna.se\/vasterbotten\/lyckseles-patienter-fortjanar-nylagad-mat\/"]}]},{"@type":"BreadcrumbList","@id":"https:\/\/wp.kristdemokraterna.se\/vasterbotten\/lyckseles-patienter-fortjanar-nylagad-mat\/#breadcrumb","itemListElement":[{"@type":"ListItem","position":1,"name":"Hem","item":"https:\/\/wp.kristdemokraterna.se\/vasterbotten\/"},{"@type":"ListItem","position":2,"name":"Lyckseles patienter f\u00f6rtj\u00e4nar nylagad mat"}]},{"@type":"WebSite","@id":"https:\/\/wp.kristdemokraterna.se\/vasterbotten\/#website","url":"https:\/\/wp.kristdemokraterna.se\/vasterbotten\/","name":"KRISTDEMOKRATERNA i V\u00e4sterbotten","description":"Varje m\u00e4nniska ska bem\u00f6tas med v\u00e4rdighet!","inLanguage":"sv-SE"},{"@type":"Person","@id":"https:\/\/wp.kristdemokraterna.se\/vasterbotten\/#\/schema\/person\/5f0071aee1bf3b2c1631730da27eb168","name":"Jesper Frii","image":{"@type":"ImageObject","inLanguage":"sv-SE","@id":"https:\/\/secure.gravatar.com\/avatar\/5da3b8448af1434e6cb15877098c523a00ce25447d0c31977562b6219e05e618?s=96&d=mm&r=g","url":"https:\/\/secure.gravatar.com\/avatar\/5da3b8448af1434e6cb15877098c523a00ce25447d0c31977562b6219e05e618?s=96&d=mm&r=g","contentUrl":"https:\/\/secure.gravatar.com\/avatar\/5da3b8448af1434e6cb15877098c523a00ce25447d0c31977562b6219e05e618?s=96&d=mm&r=g","caption":"Jesper Frii"},"url":"https:\/\/wp.kristdemokraterna.se\/vasterbotten\/author\/jesperfrii\/"}]}},"_links":{"self":[{"href":"https:\/\/wp.kristdemokraterna.se\/vasterbotten\/wp-json\/wp\/v2\/posts\/2489","targetHints":{"allow":["GET"]}}],"collection":[{"href":"https:\/\/wp.kristdemokraterna.se\/vasterbotten\/wp-json\/wp\/v2\/posts"}],"about":[{"href":"https:\/\/wp.kristdemokraterna.se\/vasterbotten\/wp-json\/wp\/v2\/types\/post"}],"author":[{"embeddable":true,"href":"https:\/\/wp.kristdemokraterna.se\/vasterbotten\/wp-json\/wp\/v2\/users\/873"}],"replies":[{"embeddable":true,"href":"https:\/\/wp.kristdemokraterna.se\/vasterbotten\/wp-json\/wp\/v2\/comments?post=2489"}],"version-history":[{"count":1,"href":"https:\/\/wp.kristdemokraterna.se\/vasterbotten\/wp-json\/wp\/v2\/posts\/2489\/revisions"}],"predecessor-version":[{"id":2491,"href":"https:\/\/wp.kristdemokraterna.se\/vasterbotten\/wp-json\/wp\/v2\/posts\/2489\/revisions\/2491"}],"wp:attachment":[{"href":"https:\/\/wp.kristdemokraterna.se\/vasterbotten\/wp-json\/wp\/v2\/media?parent=2489"}],"wp:term":[{"taxonomy":"category","embeddable":true,"href":"https:\/\/wp.kristdemokraterna.se\/vasterbotten\/wp-json\/wp\/v2\/categories?post=2489"},{"taxonomy":"post_tag","embeddable":true,"href":"https:\/\/wp.kristdemokraterna.se\/vasterbotten\/wp-json\/wp\/v2\/tags?post=2489"}],"curies":[{"name":"wp","href":"https:\/\/api.w.org\/{rel}","templated":true}]}}