{"id":2683,"date":"2022-06-08T09:09:36","date_gmt":"2022-06-08T07:09:36","guid":{"rendered":"https:\/\/wp.kristdemokraterna.se\/vasterbotten\/?p=2683"},"modified":"2022-08-12T10:54:54","modified_gmt":"2022-08-12T08:54:54","slug":"halsan-sommarstanger-inte","status":"publish","type":"post","link":"https:\/\/wp.kristdemokraterna.se\/vasterbotten\/halsan-sommarstanger-inte\/","title":{"rendered":"&#8221;H\u00e4lsan sommarst\u00e4nger inte&#8221;"},"content":{"rendered":"<div class=\"kvgmc6g5 cxmmr5t8 oygrvhab hcukyx3x c1et5uql ii04i59q\">\n<div dir=\"auto\">\u00c4nnu en h\u00e4lsocentral tvingas till sommarst\u00e4ngning\u2026 Vilhelmina sjukstuga st\u00e4nger sin akutv\u00e5rdsavdelning under tio veckor i sommar. Det inneb\u00e4r att det inte kommer finnas n\u00e5gon personal f\u00f6r en f\u00f6rsta bed\u00f6mning nattetid under den h\u00e4r perioden. Anledningen till beslutet \u00e4r personalbrist.<\/div>\n<div dir=\"auto\"><\/div>\n<\/div>\n<div class=\"cxmmr5t8 oygrvhab hcukyx3x c1et5uql o9v6fnle ii04i59q\">\n<div dir=\"auto\">Majoriteten h\u00e4vdar att man \u00e4nd\u00e5 har det antal v\u00e5rdplatser som kr\u00e4vs f\u00f6r att bedriva en patients\u00e4ker v\u00e5rd i sommar. Detta trots att Vilhelmina \u00e4r l\u00e5ngt ifr\u00e5n den f\u00f6rsta som tvingas st\u00e4nga. Lycksele lasarett tvingas till exempel att sl\u00e5 ihop tv\u00e5 v\u00e5rdavdelningar bara f\u00f6r att kunna h\u00e5lla \u00f6ppet. Redan nu saknas v\u00e5rdplatser p\u00e5 l\u00e4nets alla tre sjukhus och situationen blir bara v\u00e4rre. V\u00e5rdplatserna minskar, men det g\u00f6r inte behovet.<\/div>\n<div dir=\"auto\"><\/div>\n<\/div>\n<div class=\"cxmmr5t8 oygrvhab hcukyx3x c1et5uql o9v6fnle ii04i59q\">\n<div dir=\"auto\">&#8211; V\u00e4sterbotten ska ha en v\u00e5rd som \u00e4r tillg\u00e4nglig, \u00e5ret om. H\u00e4lsan sommarst\u00e4nger inte. Personalen beh\u00f6ver f\u00e5 rimliga arbetsvillkor, s\u00e5 vi \u00e5ter kan bemanna upp st\u00e4ngda v\u00e5rdplatser, s\u00e4ger v\u00e5r gruppledare <a class=\"oajrlxb2 g5ia77u1 qu0x051f esr5mh6w e9989ue4 r7d6kgcz rq0escxv nhd2j8a9 nc684nl6 p7hjln8o kvgmc6g5 cxmmr5t8 oygrvhab hcukyx3x jb3vyjys rz4wbd8a qt6c0cv9 a8nywdso i1ao9s8h esuyzwwr f1sip0of lzcic4wl gpro0wi8 q66pz984 b1v8xokw\" role=\"link\" href=\"https:\/\/www.facebook.com\/hansinge.smetana?__cft__[0]=AZV1WVXDSriCdc-psZgV3N8dG3-AFxqyX7-CRxif-2VqjMd3fSOLkqZybicjEk_Ur2vqFqIZqDqdrp6bdJ9AYxO5TJC26XvlU4vb4_3lKtLK6rHArL1x3vTXfM3ahveyOXDXuJbkyYldfR6pQuvJOeos1yr4wo-yzVEFSsUWdsWTAw&amp;__tn__=-]K-R\"><span class=\"nc684nl6\">Hans-Inge Smetana<\/span><\/a> g\u00e4llande nyheten.<\/div>\n<div dir=\"auto\"><\/div>\n<\/div>\n<div class=\"cxmmr5t8 oygrvhab hcukyx3x c1et5uql o9v6fnle ii04i59q\">\n<div dir=\"auto\">Den l\u00e5ngsiktigt mest h\u00e5llbara l\u00f6sningen f\u00f6r att beh\u00e5lla kompetent personal och attrahera nya \u00e4r att erbjuda rimliga l\u00f6nevillkor och en trygg arbetsmilj\u00f6. Vi beh\u00f6ver f\u00e5 en l\u00e5ngsiktig handlingsplan p\u00e5 plats som skapar en framtidstro inom v\u00e5rden. God och n\u00e4ra v\u00e5rd ska bedrivas i prim\u00e4rv\u00e5rden. D\u00e5 kan man inte forts\u00e4tta att st\u00e4nga h\u00e4lsocentraler under sommaren.<\/div>\n<\/div>\n<div dir=\"auto\"><\/div>\n<div dir=\"auto\"><img loading=\"lazy\" decoding=\"async\" class=\"alignnone size-large wp-image-2684\" src=\"http:\/\/wp.kristdemokraterna.se\/vasterbotten\/files\/2022\/06\/halsocentral-stangd-2-1024x1024.jpg\" alt=\"\" width=\"1024\" height=\"1024\" srcset=\"https:\/\/wp.kristdemokraterna.se\/vasterbotten\/files\/2022\/06\/halsocentral-stangd-2-1024x1024.jpg 1024w, https:\/\/wp.kristdemokraterna.se\/vasterbotten\/files\/2022\/06\/halsocentral-stangd-2-300x300.jpg 300w, https:\/\/wp.kristdemokraterna.se\/vasterbotten\/files\/2022\/06\/halsocentral-stangd-2-150x150.jpg 150w, https:\/\/wp.kristdemokraterna.se\/vasterbotten\/files\/2022\/06\/halsocentral-stangd-2-768x768.jpg 768w, https:\/\/wp.kristdemokraterna.se\/vasterbotten\/files\/2022\/06\/halsocentral-stangd-2-200x200.jpg 200w, https:\/\/wp.kristdemokraterna.se\/vasterbotten\/files\/2022\/06\/halsocentral-stangd-2-370x370.jpg 370w, https:\/\/wp.kristdemokraterna.se\/vasterbotten\/files\/2022\/06\/halsocentral-stangd-2-90x90.jpg 90w, https:\/\/wp.kristdemokraterna.se\/vasterbotten\/files\/2022\/06\/halsocentral-stangd-2-770x770.jpg 770w, https:\/\/wp.kristdemokraterna.se\/vasterbotten\/files\/2022\/06\/halsocentral-stangd-2-450x450.jpg 450w, https:\/\/wp.kristdemokraterna.se\/vasterbotten\/files\/2022\/06\/halsocentral-stangd-2-280x280.jpg 280w, https:\/\/wp.kristdemokraterna.se\/vasterbotten\/files\/2022\/06\/halsocentral-stangd-2-340x340.jpg 340w, https:\/\/wp.kristdemokraterna.se\/vasterbotten\/files\/2022\/06\/halsocentral-stangd-2-56x56.jpg 56w, https:\/\/wp.kristdemokraterna.se\/vasterbotten\/files\/2022\/06\/halsocentral-stangd-2.jpg 1080w\" sizes=\"auto, (max-width: 1024px) 100vw, 1024px\" \/><\/div>\n","protected":false},"excerpt":{"rendered":"<p>\u00c4nnu en h\u00e4lsocentral tvingas till sommarst\u00e4ngning\u2026 Vilhelmina sjukstuga st\u00e4nger sin akutv\u00e5rdsavdelning under tio veckor i sommar. Det inneb\u00e4r att det inte kommer finnas n\u00e5gon personal f\u00f6r en f\u00f6rsta bed\u00f6mning nattetid under den h\u00e4r perioden. Anledningen till beslutet \u00e4r personalbrist. Majoriteten h\u00e4vdar att man \u00e4nd\u00e5 har det antal v\u00e5rdplatser som kr\u00e4vs f\u00f6r att bedriva en patients\u00e4ker <a class=\"read-more-link\" href=\"https:\/\/wp.kristdemokraterna.se\/vasterbotten\/halsan-sommarstanger-inte\/\">Read More<\/a><\/p>\n","protected":false},"author":1024,"featured_media":0,"comment_status":"closed","ping_status":"closed","sticky":false,"template":"","format":"standard","meta":{"_acf_changed":false,"footnotes":""},"categories":[58,9,1,3],"tags":[],"class_list":["post-2683","post","type-post","status-publish","format-standard","hentry","category-inlagg","category-kristdemokraterna-2","category-okategoriserade","category-region"],"acf":[],"yoast_head":"<!-- This site is optimized with the Yoast SEO plugin v27.4 - https:\/\/yoast.com\/product\/yoast-seo-wordpress\/ -->\n<title>&quot;H\u00e4lsan sommarst\u00e4nger inte&quot; - KRISTDEMOKRATERNA i V\u00e4sterbotten<\/title>\n<meta name=\"robots\" content=\"index, follow, max-snippet:-1, max-image-preview:large, max-video-preview:-1\" \/>\n<link rel=\"canonical\" href=\"https:\/\/wp.kristdemokraterna.se\/vasterbotten\/halsan-sommarstanger-inte\/\" \/>\n<meta property=\"og:locale\" content=\"sv_SE\" \/>\n<meta property=\"og:type\" content=\"article\" \/>\n<meta property=\"og:title\" content=\"&quot;H\u00e4lsan sommarst\u00e4nger inte&quot; - KRISTDEMOKRATERNA i V\u00e4sterbotten\" \/>\n<meta property=\"og:description\" content=\"\u00c4nnu en h\u00e4lsocentral tvingas till sommarst\u00e4ngning\u2026 Vilhelmina sjukstuga st\u00e4nger sin akutv\u00e5rdsavdelning under tio veckor i sommar. Det inneb\u00e4r att det inte kommer finnas n\u00e5gon personal f\u00f6r en f\u00f6rsta bed\u00f6mning nattetid under den h\u00e4r perioden. Anledningen till beslutet \u00e4r personalbrist. Majoriteten h\u00e4vdar att man \u00e4nd\u00e5 har det antal v\u00e5rdplatser som kr\u00e4vs f\u00f6r att bedriva en patients\u00e4ker Read More\" \/>\n<meta property=\"og:url\" content=\"https:\/\/wp.kristdemokraterna.se\/vasterbotten\/halsan-sommarstanger-inte\/\" \/>\n<meta property=\"og:site_name\" content=\"KRISTDEMOKRATERNA i V\u00e4sterbotten\" \/>\n<meta property=\"article:publisher\" content=\"https:\/\/www.facebook.com\/kdvasterbotten\/\" \/>\n<meta property=\"article:published_time\" content=\"2022-06-08T07:09:36+00:00\" \/>\n<meta property=\"article:modified_time\" content=\"2022-08-12T08:54:54+00:00\" \/>\n<meta property=\"og:image\" content=\"http:\/\/wp.kristdemokraterna.se\/vasterbotten\/files\/2022\/06\/halsocentral-stangd-2-1024x1024.jpg\" \/>\n<meta name=\"author\" content=\"courtneykerr\" \/>\n<meta name=\"twitter:card\" content=\"summary_large_image\" \/>\n<meta name=\"twitter:creator\" content=\"@kdvasterbotten\" \/>\n<meta name=\"twitter:site\" content=\"@kdvasterbotten\" \/>\n<meta name=\"twitter:label1\" content=\"Skriven av\" \/>\n\t<meta name=\"twitter:data1\" content=\"courtneykerr\" \/>\n\t<meta name=\"twitter:label2\" content=\"Ber\u00e4knad l\u00e4stid\" \/>\n\t<meta name=\"twitter:data2\" content=\"1 minut\" \/>\n<script type=\"application\/ld+json\" class=\"yoast-schema-graph\">{\"@context\":\"https:\\\/\\\/schema.org\",\"@graph\":[{\"@type\":\"Article\",\"@id\":\"https:\\\/\\\/wp.kristdemokraterna.se\\\/vasterbotten\\\/halsan-sommarstanger-inte\\\/#article\",\"isPartOf\":{\"@id\":\"https:\\\/\\\/wp.kristdemokraterna.se\\\/vasterbotten\\\/halsan-sommarstanger-inte\\\/\"},\"author\":{\"name\":\"courtneykerr\",\"@id\":\"https:\\\/\\\/wp.kristdemokraterna.se\\\/vasterbotten\\\/#\\\/schema\\\/person\\\/241a03c8ddf486b5c5ca7f1502496f97\"},\"headline\":\"&#8221;H\u00e4lsan sommarst\u00e4nger inte&#8221;\",\"datePublished\":\"2022-06-08T07:09:36+00:00\",\"dateModified\":\"2022-08-12T08:54:54+00:00\",\"mainEntityOfPage\":{\"@id\":\"https:\\\/\\\/wp.kristdemokraterna.se\\\/vasterbotten\\\/halsan-sommarstanger-inte\\\/\"},\"wordCount\":255,\"image\":{\"@id\":\"https:\\\/\\\/wp.kristdemokraterna.se\\\/vasterbotten\\\/halsan-sommarstanger-inte\\\/#primaryimage\"},\"thumbnailUrl\":\"http:\\\/\\\/wp.kristdemokraterna.se\\\/vasterbotten\\\/files\\\/2022\\\/06\\\/halsocentral-stangd-2-1024x1024.jpg\",\"articleSection\":{\"0\":\"Inl\u00e4gg\",\"1\":\"Kristdemokraterna\",\"3\":\"Region\"},\"inLanguage\":\"sv-SE\"},{\"@type\":\"WebPage\",\"@id\":\"https:\\\/\\\/wp.kristdemokraterna.se\\\/vasterbotten\\\/halsan-sommarstanger-inte\\\/\",\"url\":\"https:\\\/\\\/wp.kristdemokraterna.se\\\/vasterbotten\\\/halsan-sommarstanger-inte\\\/\",\"name\":\"\\\"H\u00e4lsan sommarst\u00e4nger inte\\\" - KRISTDEMOKRATERNA i V\u00e4sterbotten\",\"isPartOf\":{\"@id\":\"https:\\\/\\\/wp.kristdemokraterna.se\\\/vasterbotten\\\/#website\"},\"primaryImageOfPage\":{\"@id\":\"https:\\\/\\\/wp.kristdemokraterna.se\\\/vasterbotten\\\/halsan-sommarstanger-inte\\\/#primaryimage\"},\"image\":{\"@id\":\"https:\\\/\\\/wp.kristdemokraterna.se\\\/vasterbotten\\\/halsan-sommarstanger-inte\\\/#primaryimage\"},\"thumbnailUrl\":\"http:\\\/\\\/wp.kristdemokraterna.se\\\/vasterbotten\\\/files\\\/2022\\\/06\\\/halsocentral-stangd-2-1024x1024.jpg\",\"datePublished\":\"2022-06-08T07:09:36+00:00\",\"dateModified\":\"2022-08-12T08:54:54+00:00\",\"author\":{\"@id\":\"https:\\\/\\\/wp.kristdemokraterna.se\\\/vasterbotten\\\/#\\\/schema\\\/person\\\/241a03c8ddf486b5c5ca7f1502496f97\"},\"breadcrumb\":{\"@id\":\"https:\\\/\\\/wp.kristdemokraterna.se\\\/vasterbotten\\\/halsan-sommarstanger-inte\\\/#breadcrumb\"},\"inLanguage\":\"sv-SE\",\"potentialAction\":[{\"@type\":\"ReadAction\",\"target\":[\"https:\\\/\\\/wp.kristdemokraterna.se\\\/vasterbotten\\\/halsan-sommarstanger-inte\\\/\"]}]},{\"@type\":\"ImageObject\",\"inLanguage\":\"sv-SE\",\"@id\":\"https:\\\/\\\/wp.kristdemokraterna.se\\\/vasterbotten\\\/halsan-sommarstanger-inte\\\/#primaryimage\",\"url\":\"http:\\\/\\\/wp.kristdemokraterna.se\\\/vasterbotten\\\/files\\\/2022\\\/06\\\/halsocentral-stangd-2-1024x1024.jpg\",\"contentUrl\":\"http:\\\/\\\/wp.kristdemokraterna.se\\\/vasterbotten\\\/files\\\/2022\\\/06\\\/halsocentral-stangd-2-1024x1024.jpg\"},{\"@type\":\"BreadcrumbList\",\"@id\":\"https:\\\/\\\/wp.kristdemokraterna.se\\\/vasterbotten\\\/halsan-sommarstanger-inte\\\/#breadcrumb\",\"itemListElement\":[{\"@type\":\"ListItem\",\"position\":1,\"name\":\"Hem\",\"item\":\"https:\\\/\\\/wp.kristdemokraterna.se\\\/vasterbotten\\\/\"},{\"@type\":\"ListItem\",\"position\":2,\"name\":\"&#8221;H\u00e4lsan sommarst\u00e4nger inte&#8221;\"}]},{\"@type\":\"WebSite\",\"@id\":\"https:\\\/\\\/wp.kristdemokraterna.se\\\/vasterbotten\\\/#website\",\"url\":\"https:\\\/\\\/wp.kristdemokraterna.se\\\/vasterbotten\\\/\",\"name\":\"KRISTDEMOKRATERNA i V\u00e4sterbotten\",\"description\":\"Varje m\u00e4nniska ska bem\u00f6tas med v\u00e4rdighet!\",\"inLanguage\":\"sv-SE\"},{\"@type\":\"Person\",\"@id\":\"https:\\\/\\\/wp.kristdemokraterna.se\\\/vasterbotten\\\/#\\\/schema\\\/person\\\/241a03c8ddf486b5c5ca7f1502496f97\",\"name\":\"courtneykerr\",\"image\":{\"@type\":\"ImageObject\",\"inLanguage\":\"sv-SE\",\"@id\":\"https:\\\/\\\/secure.gravatar.com\\\/avatar\\\/ae413d904f49ece1400ca2ecf9ab5030479768a716f8d503813d11bb1e310709?s=96&d=mm&r=g\",\"url\":\"https:\\\/\\\/secure.gravatar.com\\\/avatar\\\/ae413d904f49ece1400ca2ecf9ab5030479768a716f8d503813d11bb1e310709?s=96&d=mm&r=g\",\"contentUrl\":\"https:\\\/\\\/secure.gravatar.com\\\/avatar\\\/ae413d904f49ece1400ca2ecf9ab5030479768a716f8d503813d11bb1e310709?s=96&d=mm&r=g\",\"caption\":\"courtneykerr\"},\"url\":\"https:\\\/\\\/wp.kristdemokraterna.se\\\/vasterbotten\\\/author\\\/courtneykerr\\\/\"}]}<\/script>\n<!-- \/ Yoast SEO plugin. -->","yoast_head_json":{"title":"\"H\u00e4lsan sommarst\u00e4nger inte\" - KRISTDEMOKRATERNA i V\u00e4sterbotten","robots":{"index":"index","follow":"follow","max-snippet":"max-snippet:-1","max-image-preview":"max-image-preview:large","max-video-preview":"max-video-preview:-1"},"canonical":"https:\/\/wp.kristdemokraterna.se\/vasterbotten\/halsan-sommarstanger-inte\/","og_locale":"sv_SE","og_type":"article","og_title":"\"H\u00e4lsan sommarst\u00e4nger inte\" - KRISTDEMOKRATERNA i V\u00e4sterbotten","og_description":"\u00c4nnu en h\u00e4lsocentral tvingas till sommarst\u00e4ngning\u2026 Vilhelmina sjukstuga st\u00e4nger sin akutv\u00e5rdsavdelning under tio veckor i sommar. Det inneb\u00e4r att det inte kommer finnas n\u00e5gon personal f\u00f6r en f\u00f6rsta bed\u00f6mning nattetid under den h\u00e4r perioden. Anledningen till beslutet \u00e4r personalbrist. Majoriteten h\u00e4vdar att man \u00e4nd\u00e5 har det antal v\u00e5rdplatser som kr\u00e4vs f\u00f6r att bedriva en patients\u00e4ker Read More","og_url":"https:\/\/wp.kristdemokraterna.se\/vasterbotten\/halsan-sommarstanger-inte\/","og_site_name":"KRISTDEMOKRATERNA i V\u00e4sterbotten","article_publisher":"https:\/\/www.facebook.com\/kdvasterbotten\/","article_published_time":"2022-06-08T07:09:36+00:00","article_modified_time":"2022-08-12T08:54:54+00:00","og_image":[{"url":"http:\/\/wp.kristdemokraterna.se\/vasterbotten\/files\/2022\/06\/halsocentral-stangd-2-1024x1024.jpg","type":"","width":"","height":""}],"author":"courtneykerr","twitter_card":"summary_large_image","twitter_creator":"@kdvasterbotten","twitter_site":"@kdvasterbotten","twitter_misc":{"Skriven av":"courtneykerr","Ber\u00e4knad l\u00e4stid":"1 minut"},"schema":{"@context":"https:\/\/schema.org","@graph":[{"@type":"Article","@id":"https:\/\/wp.kristdemokraterna.se\/vasterbotten\/halsan-sommarstanger-inte\/#article","isPartOf":{"@id":"https:\/\/wp.kristdemokraterna.se\/vasterbotten\/halsan-sommarstanger-inte\/"},"author":{"name":"courtneykerr","@id":"https:\/\/wp.kristdemokraterna.se\/vasterbotten\/#\/schema\/person\/241a03c8ddf486b5c5ca7f1502496f97"},"headline":"&#8221;H\u00e4lsan sommarst\u00e4nger inte&#8221;","datePublished":"2022-06-08T07:09:36+00:00","dateModified":"2022-08-12T08:54:54+00:00","mainEntityOfPage":{"@id":"https:\/\/wp.kristdemokraterna.se\/vasterbotten\/halsan-sommarstanger-inte\/"},"wordCount":255,"image":{"@id":"https:\/\/wp.kristdemokraterna.se\/vasterbotten\/halsan-sommarstanger-inte\/#primaryimage"},"thumbnailUrl":"http:\/\/wp.kristdemokraterna.se\/vasterbotten\/files\/2022\/06\/halsocentral-stangd-2-1024x1024.jpg","articleSection":{"0":"Inl\u00e4gg","1":"Kristdemokraterna","3":"Region"},"inLanguage":"sv-SE"},{"@type":"WebPage","@id":"https:\/\/wp.kristdemokraterna.se\/vasterbotten\/halsan-sommarstanger-inte\/","url":"https:\/\/wp.kristdemokraterna.se\/vasterbotten\/halsan-sommarstanger-inte\/","name":"\"H\u00e4lsan sommarst\u00e4nger inte\" - KRISTDEMOKRATERNA i V\u00e4sterbotten","isPartOf":{"@id":"https:\/\/wp.kristdemokraterna.se\/vasterbotten\/#website"},"primaryImageOfPage":{"@id":"https:\/\/wp.kristdemokraterna.se\/vasterbotten\/halsan-sommarstanger-inte\/#primaryimage"},"image":{"@id":"https:\/\/wp.kristdemokraterna.se\/vasterbotten\/halsan-sommarstanger-inte\/#primaryimage"},"thumbnailUrl":"http:\/\/wp.kristdemokraterna.se\/vasterbotten\/files\/2022\/06\/halsocentral-stangd-2-1024x1024.jpg","datePublished":"2022-06-08T07:09:36+00:00","dateModified":"2022-08-12T08:54:54+00:00","author":{"@id":"https:\/\/wp.kristdemokraterna.se\/vasterbotten\/#\/schema\/person\/241a03c8ddf486b5c5ca7f1502496f97"},"breadcrumb":{"@id":"https:\/\/wp.kristdemokraterna.se\/vasterbotten\/halsan-sommarstanger-inte\/#breadcrumb"},"inLanguage":"sv-SE","potentialAction":[{"@type":"ReadAction","target":["https:\/\/wp.kristdemokraterna.se\/vasterbotten\/halsan-sommarstanger-inte\/"]}]},{"@type":"ImageObject","inLanguage":"sv-SE","@id":"https:\/\/wp.kristdemokraterna.se\/vasterbotten\/halsan-sommarstanger-inte\/#primaryimage","url":"http:\/\/wp.kristdemokraterna.se\/vasterbotten\/files\/2022\/06\/halsocentral-stangd-2-1024x1024.jpg","contentUrl":"http:\/\/wp.kristdemokraterna.se\/vasterbotten\/files\/2022\/06\/halsocentral-stangd-2-1024x1024.jpg"},{"@type":"BreadcrumbList","@id":"https:\/\/wp.kristdemokraterna.se\/vasterbotten\/halsan-sommarstanger-inte\/#breadcrumb","itemListElement":[{"@type":"ListItem","position":1,"name":"Hem","item":"https:\/\/wp.kristdemokraterna.se\/vasterbotten\/"},{"@type":"ListItem","position":2,"name":"&#8221;H\u00e4lsan sommarst\u00e4nger inte&#8221;"}]},{"@type":"WebSite","@id":"https:\/\/wp.kristdemokraterna.se\/vasterbotten\/#website","url":"https:\/\/wp.kristdemokraterna.se\/vasterbotten\/","name":"KRISTDEMOKRATERNA i V\u00e4sterbotten","description":"Varje m\u00e4nniska ska bem\u00f6tas med v\u00e4rdighet!","inLanguage":"sv-SE"},{"@type":"Person","@id":"https:\/\/wp.kristdemokraterna.se\/vasterbotten\/#\/schema\/person\/241a03c8ddf486b5c5ca7f1502496f97","name":"courtneykerr","image":{"@type":"ImageObject","inLanguage":"sv-SE","@id":"https:\/\/secure.gravatar.com\/avatar\/ae413d904f49ece1400ca2ecf9ab5030479768a716f8d503813d11bb1e310709?s=96&d=mm&r=g","url":"https:\/\/secure.gravatar.com\/avatar\/ae413d904f49ece1400ca2ecf9ab5030479768a716f8d503813d11bb1e310709?s=96&d=mm&r=g","contentUrl":"https:\/\/secure.gravatar.com\/avatar\/ae413d904f49ece1400ca2ecf9ab5030479768a716f8d503813d11bb1e310709?s=96&d=mm&r=g","caption":"courtneykerr"},"url":"https:\/\/wp.kristdemokraterna.se\/vasterbotten\/author\/courtneykerr\/"}]}},"_links":{"self":[{"href":"https:\/\/wp.kristdemokraterna.se\/vasterbotten\/wp-json\/wp\/v2\/posts\/2683","targetHints":{"allow":["GET"]}}],"collection":[{"href":"https:\/\/wp.kristdemokraterna.se\/vasterbotten\/wp-json\/wp\/v2\/posts"}],"about":[{"href":"https:\/\/wp.kristdemokraterna.se\/vasterbotten\/wp-json\/wp\/v2\/types\/post"}],"author":[{"embeddable":true,"href":"https:\/\/wp.kristdemokraterna.se\/vasterbotten\/wp-json\/wp\/v2\/users\/1024"}],"replies":[{"embeddable":true,"href":"https:\/\/wp.kristdemokraterna.se\/vasterbotten\/wp-json\/wp\/v2\/comments?post=2683"}],"version-history":[{"count":1,"href":"https:\/\/wp.kristdemokraterna.se\/vasterbotten\/wp-json\/wp\/v2\/posts\/2683\/revisions"}],"predecessor-version":[{"id":2685,"href":"https:\/\/wp.kristdemokraterna.se\/vasterbotten\/wp-json\/wp\/v2\/posts\/2683\/revisions\/2685"}],"wp:attachment":[{"href":"https:\/\/wp.kristdemokraterna.se\/vasterbotten\/wp-json\/wp\/v2\/media?parent=2683"}],"wp:term":[{"taxonomy":"category","embeddable":true,"href":"https:\/\/wp.kristdemokraterna.se\/vasterbotten\/wp-json\/wp\/v2\/categories?post=2683"},{"taxonomy":"post_tag","embeddable":true,"href":"https:\/\/wp.kristdemokraterna.se\/vasterbotten\/wp-json\/wp\/v2\/tags?post=2683"}],"curies":[{"name":"wp","href":"https:\/\/api.w.org\/{rel}","templated":true}]}}