{"id":2746,"date":"2022-08-18T14:49:16","date_gmt":"2022-08-18T12:49:16","guid":{"rendered":"https:\/\/wp.kristdemokraterna.se\/vasterbotten\/?p=2746"},"modified":"2022-08-19T17:26:12","modified_gmt":"2022-08-19T15:26:12","slug":"vi-ar-redo","status":"publish","type":"post","link":"https:\/\/wp.kristdemokraterna.se\/vasterbotten\/vi-ar-redo\/","title":{"rendered":"Vi \u00e4r redo!!"},"content":{"rendered":"<div class=\"m8h3af8h l7ghb35v kjdc1dyq kmwttqpk gh25dzvf n3t5jt4f\">\n<div dir=\"auto\">En valr\u00f6relse f\u00f6rtj\u00e4nar sin anthem och nu \u00e4r v\u00e5r h\u00e4r. &#8221;Vi \u00e4r redo&#8221; med Roland Utbult finns nu p\u00e5 Spotify och youtube.<\/div>\n<\/div>\n<div class=\"l7ghb35v kjdc1dyq kmwttqpk gh25dzvf jikcssrz n3t5jt4f\">\n<div dir=\"auto\">&#8211; Refr\u00e4ngen landar med orden &#8221;vi \u00e4r redo att f\u00e5 n\u00e5nting gjort&#8221; och det f\u00e5ngar andan i KD:s valr\u00f6relse p\u00e5 ett bra s\u00e4tt, s\u00e4ger Roland Utbult.<\/div>\n<div dir=\"auto\"><\/div>\n<\/div>\n<div class=\"l7ghb35v kjdc1dyq kmwttqpk gh25dzvf jikcssrz n3t5jt4f\">\n<div dir=\"auto\">Tillsammans ska vi se till att vi efter valet i september f\u00e5r ett nytt styre med ett starkt kristdemokratiskt inflytande som kan \u00e5stadkomma en f\u00f6r\u00e4ndring p\u00e5 riktigt. Nu taggar vi ig\u00e5ng!<\/div>\n<\/div>\n<div class=\"l7ghb35v kjdc1dyq kmwttqpk gh25dzvf jikcssrz n3t5jt4f\">\n<div dir=\"auto\">Lyssna h\u00e4r!!<iframe loading=\"lazy\" title=\"KD Vall\u00e5t 2022\" width=\"500\" height=\"281\" src=\"https:\/\/www.youtube.com\/embed\/oCsnOd4RHBM?feature=oembed\" frameborder=\"0\" allow=\"accelerometer; autoplay; clipboard-write; encrypted-media; gyroscope; picture-in-picture; web-share\" referrerpolicy=\"strict-origin-when-cross-origin\" allowfullscreen><\/iframe><\/p>\n<\/div>\n<\/div>\n<div class=\"l7ghb35v kjdc1dyq kmwttqpk gh25dzvf jikcssrz n3t5jt4f\">\n<div dir=\"auto\"><\/div>\n<div dir=\"auto\">Kristdemokraterna \u00e4r redo, \u00e4r du? <span class=\"fxk3tzhb b2rh1bv3 gh55jysx m8h3af8h ewco64xe kjdc1dyq ms56khn7 bq6c9xl4 eohcrkr5 akh3l2rg\"><img loading=\"lazy\" decoding=\"async\" src=\"https:\/\/static.xx.fbcdn.net\/images\/emoji.php\/v9\/tb\/2\/16\/1f499.png\" alt=\"\ud83d\udc99\" width=\"16\" height=\"16\" \/><\/span><\/div>\n<div dir=\"auto\">Bli Kristdemokrat du med!<\/div>\n<div dir=\"auto\"><a class=\"qi72231t nu7423ey n3hqoq4p r86q59rh b3qcqh3k fq87ekyn bdao358l fsf7x5fv rse6dlih s5oniofx m8h3af8h l7ghb35v kjdc1dyq kmwttqpk srn514ro oxkhqvkx rl78xhln nch0832m cr00lzj9 rn8ck1ys s3jn8y49 icdlwmnq cxfqmxzd ezidihy3\" role=\"link\" href=\"http:\/\/kd.nu\/blimedlem?fbclid=IwAR08LgPQZt_RnZsASXK1k1p_stp8Z5SXERCmEXaBnXetIcaKKPpxWk4I1gM\" target=\"_blank\" rel=\"nofollow noopener\">kd.nu\/blimedlem<\/a><\/div>\n<\/div>\n","protected":false},"excerpt":{"rendered":"<p>En valr\u00f6relse f\u00f6rtj\u00e4nar sin anthem och nu \u00e4r v\u00e5r h\u00e4r. &#8221;Vi \u00e4r redo&#8221; med Roland Utbult finns nu p\u00e5 Spotify och youtube. &#8211; Refr\u00e4ngen landar med orden &#8221;vi \u00e4r redo att f\u00e5 n\u00e5nting gjort&#8221; och det f\u00e5ngar andan i KD:s valr\u00f6relse p\u00e5 ett bra s\u00e4tt, s\u00e4ger Roland Utbult. Tillsammans ska vi se till att vi <a class=\"read-more-link\" href=\"https:\/\/wp.kristdemokraterna.se\/vasterbotten\/vi-ar-redo\/\">Read More<\/a><\/p>\n","protected":false},"author":1024,"featured_media":0,"comment_status":"closed","ping_status":"closed","sticky":false,"template":"","format":"standard","meta":{"_acf_changed":false,"footnotes":""},"categories":[58,1,3,4],"tags":[],"class_list":["post-2746","post","type-post","status-publish","format-standard","hentry","category-inlagg","category-okategoriserade","category-region","category-rikspolitik"],"acf":[],"yoast_head":"<!-- This site is optimized with the Yoast SEO plugin v27.4 - https:\/\/yoast.com\/product\/yoast-seo-wordpress\/ -->\n<title>Vi \u00e4r redo!! - KRISTDEMOKRATERNA i V\u00e4sterbotten<\/title>\n<meta name=\"robots\" content=\"index, follow, max-snippet:-1, max-image-preview:large, max-video-preview:-1\" \/>\n<link rel=\"canonical\" href=\"https:\/\/wp.kristdemokraterna.se\/vasterbotten\/vi-ar-redo\/\" \/>\n<meta property=\"og:locale\" content=\"sv_SE\" \/>\n<meta property=\"og:type\" content=\"article\" \/>\n<meta property=\"og:title\" content=\"Vi \u00e4r redo!! - KRISTDEMOKRATERNA i V\u00e4sterbotten\" \/>\n<meta property=\"og:description\" content=\"En valr\u00f6relse f\u00f6rtj\u00e4nar sin anthem och nu \u00e4r v\u00e5r h\u00e4r. &#8221;Vi \u00e4r redo&#8221; med Roland Utbult finns nu p\u00e5 Spotify och youtube. &#8211; Refr\u00e4ngen landar med orden &#8221;vi \u00e4r redo att f\u00e5 n\u00e5nting gjort&#8221; och det f\u00e5ngar andan i KD:s valr\u00f6relse p\u00e5 ett bra s\u00e4tt, s\u00e4ger Roland Utbult. Tillsammans ska vi se till att vi Read More\" \/>\n<meta property=\"og:url\" content=\"https:\/\/wp.kristdemokraterna.se\/vasterbotten\/vi-ar-redo\/\" \/>\n<meta property=\"og:site_name\" content=\"KRISTDEMOKRATERNA i V\u00e4sterbotten\" \/>\n<meta property=\"article:publisher\" content=\"https:\/\/www.facebook.com\/kdvasterbotten\/\" \/>\n<meta property=\"article:published_time\" content=\"2022-08-18T12:49:16+00:00\" \/>\n<meta property=\"article:modified_time\" content=\"2022-08-19T15:26:12+00:00\" \/>\n<meta property=\"og:image\" content=\"https:\/\/static.xx.fbcdn.net\/images\/emoji.php\/v9\/tb\/2\/16\/1f499.png\" \/>\n<meta name=\"author\" content=\"courtneykerr\" \/>\n<meta name=\"twitter:card\" content=\"summary_large_image\" \/>\n<meta name=\"twitter:creator\" content=\"@kdvasterbotten\" \/>\n<meta name=\"twitter:site\" content=\"@kdvasterbotten\" \/>\n<meta name=\"twitter:label1\" content=\"Skriven av\" \/>\n\t<meta name=\"twitter:data1\" content=\"courtneykerr\" \/>\n\t<meta name=\"twitter:label2\" content=\"Ber\u00e4knad l\u00e4stid\" \/>\n\t<meta name=\"twitter:data2\" content=\"1 minut\" \/>\n<script type=\"application\/ld+json\" class=\"yoast-schema-graph\">{\"@context\":\"https:\\\/\\\/schema.org\",\"@graph\":[{\"@type\":\"Article\",\"@id\":\"https:\\\/\\\/wp.kristdemokraterna.se\\\/vasterbotten\\\/vi-ar-redo\\\/#article\",\"isPartOf\":{\"@id\":\"https:\\\/\\\/wp.kristdemokraterna.se\\\/vasterbotten\\\/vi-ar-redo\\\/\"},\"author\":{\"name\":\"courtneykerr\",\"@id\":\"https:\\\/\\\/wp.kristdemokraterna.se\\\/vasterbotten\\\/#\\\/schema\\\/person\\\/241a03c8ddf486b5c5ca7f1502496f97\"},\"headline\":\"Vi \u00e4r redo!!\",\"datePublished\":\"2022-08-18T12:49:16+00:00\",\"dateModified\":\"2022-08-19T15:26:12+00:00\",\"mainEntityOfPage\":{\"@id\":\"https:\\\/\\\/wp.kristdemokraterna.se\\\/vasterbotten\\\/vi-ar-redo\\\/\"},\"wordCount\":120,\"image\":{\"@id\":\"https:\\\/\\\/wp.kristdemokraterna.se\\\/vasterbotten\\\/vi-ar-redo\\\/#primaryimage\"},\"thumbnailUrl\":\"https:\\\/\\\/static.xx.fbcdn.net\\\/images\\\/emoji.php\\\/v9\\\/tb\\\/2\\\/16\\\/1f499.png\",\"articleSection\":{\"0\":\"Inl\u00e4gg\",\"2\":\"Region\",\"3\":\"Rikspolitik\"},\"inLanguage\":\"sv-SE\"},{\"@type\":\"WebPage\",\"@id\":\"https:\\\/\\\/wp.kristdemokraterna.se\\\/vasterbotten\\\/vi-ar-redo\\\/\",\"url\":\"https:\\\/\\\/wp.kristdemokraterna.se\\\/vasterbotten\\\/vi-ar-redo\\\/\",\"name\":\"Vi \u00e4r redo!! - KRISTDEMOKRATERNA i V\u00e4sterbotten\",\"isPartOf\":{\"@id\":\"https:\\\/\\\/wp.kristdemokraterna.se\\\/vasterbotten\\\/#website\"},\"primaryImageOfPage\":{\"@id\":\"https:\\\/\\\/wp.kristdemokraterna.se\\\/vasterbotten\\\/vi-ar-redo\\\/#primaryimage\"},\"image\":{\"@id\":\"https:\\\/\\\/wp.kristdemokraterna.se\\\/vasterbotten\\\/vi-ar-redo\\\/#primaryimage\"},\"thumbnailUrl\":\"https:\\\/\\\/static.xx.fbcdn.net\\\/images\\\/emoji.php\\\/v9\\\/tb\\\/2\\\/16\\\/1f499.png\",\"datePublished\":\"2022-08-18T12:49:16+00:00\",\"dateModified\":\"2022-08-19T15:26:12+00:00\",\"author\":{\"@id\":\"https:\\\/\\\/wp.kristdemokraterna.se\\\/vasterbotten\\\/#\\\/schema\\\/person\\\/241a03c8ddf486b5c5ca7f1502496f97\"},\"breadcrumb\":{\"@id\":\"https:\\\/\\\/wp.kristdemokraterna.se\\\/vasterbotten\\\/vi-ar-redo\\\/#breadcrumb\"},\"inLanguage\":\"sv-SE\",\"potentialAction\":[{\"@type\":\"ReadAction\",\"target\":[\"https:\\\/\\\/wp.kristdemokraterna.se\\\/vasterbotten\\\/vi-ar-redo\\\/\"]}]},{\"@type\":\"ImageObject\",\"inLanguage\":\"sv-SE\",\"@id\":\"https:\\\/\\\/wp.kristdemokraterna.se\\\/vasterbotten\\\/vi-ar-redo\\\/#primaryimage\",\"url\":\"https:\\\/\\\/static.xx.fbcdn.net\\\/images\\\/emoji.php\\\/v9\\\/tb\\\/2\\\/16\\\/1f499.png\",\"contentUrl\":\"https:\\\/\\\/static.xx.fbcdn.net\\\/images\\\/emoji.php\\\/v9\\\/tb\\\/2\\\/16\\\/1f499.png\"},{\"@type\":\"BreadcrumbList\",\"@id\":\"https:\\\/\\\/wp.kristdemokraterna.se\\\/vasterbotten\\\/vi-ar-redo\\\/#breadcrumb\",\"itemListElement\":[{\"@type\":\"ListItem\",\"position\":1,\"name\":\"Hem\",\"item\":\"https:\\\/\\\/wp.kristdemokraterna.se\\\/vasterbotten\\\/\"},{\"@type\":\"ListItem\",\"position\":2,\"name\":\"Vi \u00e4r redo!!\"}]},{\"@type\":\"WebSite\",\"@id\":\"https:\\\/\\\/wp.kristdemokraterna.se\\\/vasterbotten\\\/#website\",\"url\":\"https:\\\/\\\/wp.kristdemokraterna.se\\\/vasterbotten\\\/\",\"name\":\"KRISTDEMOKRATERNA i V\u00e4sterbotten\",\"description\":\"Varje m\u00e4nniska ska bem\u00f6tas med v\u00e4rdighet!\",\"inLanguage\":\"sv-SE\"},{\"@type\":\"Person\",\"@id\":\"https:\\\/\\\/wp.kristdemokraterna.se\\\/vasterbotten\\\/#\\\/schema\\\/person\\\/241a03c8ddf486b5c5ca7f1502496f97\",\"name\":\"courtneykerr\",\"image\":{\"@type\":\"ImageObject\",\"inLanguage\":\"sv-SE\",\"@id\":\"https:\\\/\\\/secure.gravatar.com\\\/avatar\\\/ae413d904f49ece1400ca2ecf9ab5030479768a716f8d503813d11bb1e310709?s=96&d=mm&r=g\",\"url\":\"https:\\\/\\\/secure.gravatar.com\\\/avatar\\\/ae413d904f49ece1400ca2ecf9ab5030479768a716f8d503813d11bb1e310709?s=96&d=mm&r=g\",\"contentUrl\":\"https:\\\/\\\/secure.gravatar.com\\\/avatar\\\/ae413d904f49ece1400ca2ecf9ab5030479768a716f8d503813d11bb1e310709?s=96&d=mm&r=g\",\"caption\":\"courtneykerr\"},\"url\":\"https:\\\/\\\/wp.kristdemokraterna.se\\\/vasterbotten\\\/author\\\/courtneykerr\\\/\"}]}<\/script>\n<!-- \/ Yoast SEO plugin. -->","yoast_head_json":{"title":"Vi \u00e4r redo!! - KRISTDEMOKRATERNA i V\u00e4sterbotten","robots":{"index":"index","follow":"follow","max-snippet":"max-snippet:-1","max-image-preview":"max-image-preview:large","max-video-preview":"max-video-preview:-1"},"canonical":"https:\/\/wp.kristdemokraterna.se\/vasterbotten\/vi-ar-redo\/","og_locale":"sv_SE","og_type":"article","og_title":"Vi \u00e4r redo!! - KRISTDEMOKRATERNA i V\u00e4sterbotten","og_description":"En valr\u00f6relse f\u00f6rtj\u00e4nar sin anthem och nu \u00e4r v\u00e5r h\u00e4r. &#8221;Vi \u00e4r redo&#8221; med Roland Utbult finns nu p\u00e5 Spotify och youtube. &#8211; Refr\u00e4ngen landar med orden &#8221;vi \u00e4r redo att f\u00e5 n\u00e5nting gjort&#8221; och det f\u00e5ngar andan i KD:s valr\u00f6relse p\u00e5 ett bra s\u00e4tt, s\u00e4ger Roland Utbult. Tillsammans ska vi se till att vi Read More","og_url":"https:\/\/wp.kristdemokraterna.se\/vasterbotten\/vi-ar-redo\/","og_site_name":"KRISTDEMOKRATERNA i V\u00e4sterbotten","article_publisher":"https:\/\/www.facebook.com\/kdvasterbotten\/","article_published_time":"2022-08-18T12:49:16+00:00","article_modified_time":"2022-08-19T15:26:12+00:00","og_image":[{"url":"https:\/\/static.xx.fbcdn.net\/images\/emoji.php\/v9\/tb\/2\/16\/1f499.png","type":"","width":"","height":""}],"author":"courtneykerr","twitter_card":"summary_large_image","twitter_creator":"@kdvasterbotten","twitter_site":"@kdvasterbotten","twitter_misc":{"Skriven av":"courtneykerr","Ber\u00e4knad l\u00e4stid":"1 minut"},"schema":{"@context":"https:\/\/schema.org","@graph":[{"@type":"Article","@id":"https:\/\/wp.kristdemokraterna.se\/vasterbotten\/vi-ar-redo\/#article","isPartOf":{"@id":"https:\/\/wp.kristdemokraterna.se\/vasterbotten\/vi-ar-redo\/"},"author":{"name":"courtneykerr","@id":"https:\/\/wp.kristdemokraterna.se\/vasterbotten\/#\/schema\/person\/241a03c8ddf486b5c5ca7f1502496f97"},"headline":"Vi \u00e4r redo!!","datePublished":"2022-08-18T12:49:16+00:00","dateModified":"2022-08-19T15:26:12+00:00","mainEntityOfPage":{"@id":"https:\/\/wp.kristdemokraterna.se\/vasterbotten\/vi-ar-redo\/"},"wordCount":120,"image":{"@id":"https:\/\/wp.kristdemokraterna.se\/vasterbotten\/vi-ar-redo\/#primaryimage"},"thumbnailUrl":"https:\/\/static.xx.fbcdn.net\/images\/emoji.php\/v9\/tb\/2\/16\/1f499.png","articleSection":{"0":"Inl\u00e4gg","2":"Region","3":"Rikspolitik"},"inLanguage":"sv-SE"},{"@type":"WebPage","@id":"https:\/\/wp.kristdemokraterna.se\/vasterbotten\/vi-ar-redo\/","url":"https:\/\/wp.kristdemokraterna.se\/vasterbotten\/vi-ar-redo\/","name":"Vi \u00e4r redo!! - KRISTDEMOKRATERNA i V\u00e4sterbotten","isPartOf":{"@id":"https:\/\/wp.kristdemokraterna.se\/vasterbotten\/#website"},"primaryImageOfPage":{"@id":"https:\/\/wp.kristdemokraterna.se\/vasterbotten\/vi-ar-redo\/#primaryimage"},"image":{"@id":"https:\/\/wp.kristdemokraterna.se\/vasterbotten\/vi-ar-redo\/#primaryimage"},"thumbnailUrl":"https:\/\/static.xx.fbcdn.net\/images\/emoji.php\/v9\/tb\/2\/16\/1f499.png","datePublished":"2022-08-18T12:49:16+00:00","dateModified":"2022-08-19T15:26:12+00:00","author":{"@id":"https:\/\/wp.kristdemokraterna.se\/vasterbotten\/#\/schema\/person\/241a03c8ddf486b5c5ca7f1502496f97"},"breadcrumb":{"@id":"https:\/\/wp.kristdemokraterna.se\/vasterbotten\/vi-ar-redo\/#breadcrumb"},"inLanguage":"sv-SE","potentialAction":[{"@type":"ReadAction","target":["https:\/\/wp.kristdemokraterna.se\/vasterbotten\/vi-ar-redo\/"]}]},{"@type":"ImageObject","inLanguage":"sv-SE","@id":"https:\/\/wp.kristdemokraterna.se\/vasterbotten\/vi-ar-redo\/#primaryimage","url":"https:\/\/static.xx.fbcdn.net\/images\/emoji.php\/v9\/tb\/2\/16\/1f499.png","contentUrl":"https:\/\/static.xx.fbcdn.net\/images\/emoji.php\/v9\/tb\/2\/16\/1f499.png"},{"@type":"BreadcrumbList","@id":"https:\/\/wp.kristdemokraterna.se\/vasterbotten\/vi-ar-redo\/#breadcrumb","itemListElement":[{"@type":"ListItem","position":1,"name":"Hem","item":"https:\/\/wp.kristdemokraterna.se\/vasterbotten\/"},{"@type":"ListItem","position":2,"name":"Vi \u00e4r redo!!"}]},{"@type":"WebSite","@id":"https:\/\/wp.kristdemokraterna.se\/vasterbotten\/#website","url":"https:\/\/wp.kristdemokraterna.se\/vasterbotten\/","name":"KRISTDEMOKRATERNA i V\u00e4sterbotten","description":"Varje m\u00e4nniska ska bem\u00f6tas med v\u00e4rdighet!","inLanguage":"sv-SE"},{"@type":"Person","@id":"https:\/\/wp.kristdemokraterna.se\/vasterbotten\/#\/schema\/person\/241a03c8ddf486b5c5ca7f1502496f97","name":"courtneykerr","image":{"@type":"ImageObject","inLanguage":"sv-SE","@id":"https:\/\/secure.gravatar.com\/avatar\/ae413d904f49ece1400ca2ecf9ab5030479768a716f8d503813d11bb1e310709?s=96&d=mm&r=g","url":"https:\/\/secure.gravatar.com\/avatar\/ae413d904f49ece1400ca2ecf9ab5030479768a716f8d503813d11bb1e310709?s=96&d=mm&r=g","contentUrl":"https:\/\/secure.gravatar.com\/avatar\/ae413d904f49ece1400ca2ecf9ab5030479768a716f8d503813d11bb1e310709?s=96&d=mm&r=g","caption":"courtneykerr"},"url":"https:\/\/wp.kristdemokraterna.se\/vasterbotten\/author\/courtneykerr\/"}]}},"_links":{"self":[{"href":"https:\/\/wp.kristdemokraterna.se\/vasterbotten\/wp-json\/wp\/v2\/posts\/2746","targetHints":{"allow":["GET"]}}],"collection":[{"href":"https:\/\/wp.kristdemokraterna.se\/vasterbotten\/wp-json\/wp\/v2\/posts"}],"about":[{"href":"https:\/\/wp.kristdemokraterna.se\/vasterbotten\/wp-json\/wp\/v2\/types\/post"}],"author":[{"embeddable":true,"href":"https:\/\/wp.kristdemokraterna.se\/vasterbotten\/wp-json\/wp\/v2\/users\/1024"}],"replies":[{"embeddable":true,"href":"https:\/\/wp.kristdemokraterna.se\/vasterbotten\/wp-json\/wp\/v2\/comments?post=2746"}],"version-history":[{"count":1,"href":"https:\/\/wp.kristdemokraterna.se\/vasterbotten\/wp-json\/wp\/v2\/posts\/2746\/revisions"}],"predecessor-version":[{"id":2747,"href":"https:\/\/wp.kristdemokraterna.se\/vasterbotten\/wp-json\/wp\/v2\/posts\/2746\/revisions\/2747"}],"wp:attachment":[{"href":"https:\/\/wp.kristdemokraterna.se\/vasterbotten\/wp-json\/wp\/v2\/media?parent=2746"}],"wp:term":[{"taxonomy":"category","embeddable":true,"href":"https:\/\/wp.kristdemokraterna.se\/vasterbotten\/wp-json\/wp\/v2\/categories?post=2746"},{"taxonomy":"post_tag","embeddable":true,"href":"https:\/\/wp.kristdemokraterna.se\/vasterbotten\/wp-json\/wp\/v2\/tags?post=2746"}],"curies":[{"name":"wp","href":"https:\/\/api.w.org\/{rel}","templated":true}]}}