{"id":2776,"date":"2022-08-30T12:16:23","date_gmt":"2022-08-30T10:16:23","guid":{"rendered":"https:\/\/wp.kristdemokraterna.se\/vasterbotten\/?p=2776"},"modified":"2022-08-30T12:16:23","modified_gmt":"2022-08-30T10:16:23","slug":"1-vastra-regionlistan-betty-ann-nilsson","status":"publish","type":"post","link":"https:\/\/wp.kristdemokraterna.se\/vasterbotten\/1-vastra-regionlistan-betty-ann-nilsson\/","title":{"rendered":"#1 V\u00e4stra regionlistan: Betty-Ann Nilsson"},"content":{"rendered":"<p>Jag heter Betty-Ann Nilsson och \u00e4r 58 \u00e5r. Gift och bor tillsammans med min familj i Ulriksdal utanf\u00f6r Lycksele. \u00c4r i grunden en \u201dBonnj\u00e4nta\u201d uppvuxen i Vilhelminas inland, V\u00e4stanb\u00e4ck. F\u00e4rdig sjuksk\u00f6terska 1985 och har jobbat som \u00d6gon sedan 1994, som ortoptist sedan 2000. Att arbeta med barn och unga \u00e4r n\u00e5got jag gjort s\u00e5 l\u00e4nge jag kan minnas och \u00e4r ett oerh\u00f6rt givande och stimulerande jobb. Barnen \u00e4r v\u00e5r framtid!<\/p>\n<p>F\u00f6r mig \u00e4r sjukv\u00e5rden en viktig fr\u00e5ga. Den ska vara tillg\u00e4nglig och likv\u00e4rdig f\u00f6r alla oavsett var du bor, (i v\u00e5rt l\u00e4n eller i v\u00e5rt land. ) F\u00f6r att vi ska kunna f\u00e5 detta kr\u00e4vs att vi har personal p\u00e5 alla olika niv\u00e5er, fr\u00e5n prim\u00e4rv\u00e5rden till v\u00e5ra tre sjukhus. Personal som trivs, har bra arbetsvillkor, m\u00f6jlighet att p\u00e5verka sin arbetssituation och har rimliga l\u00f6nevillkor. V\u00e5rdproffesionen \u00e4r de som ska styra och leda v\u00e5rden vilket inte \u00e4r fallet i nul\u00e4get. Personalen \u00e4r v\u00e5r viktigaste resurs!<\/p>\n<p>Lycksele lasarett, det lagomt stora!<\/p>\n<p>H\u00e4r finns personal som samarbetar mellan de olika verksamheterna,\u00a0\u00a0med korta beslutsv\u00e4gar vilket i sin tur g\u00f6r verksamheterna\u00a0effektiva.<\/p>\n<p>Vi vill st\u00e4rka och f\u00f6rb\u00e4ttra genom att<\/p>\n<ul>\n<li>Anst\u00e4lla en egen \u201dplatschef\u201d<\/li>\n<li>Ge personalen m\u00f6jlighet att styra den verksamhet som man arbetar i!<\/li>\n<li>\u201dskrota\u201d L\u00e4nsklinikerna!<\/li>\n<li>F\u00f6rb\u00e4ttra arbetsmilj\u00f6n!<\/li>\n<li>St\u00e4rka villkoren f\u00f6r regionens egen personal genom att bla v\u00e4xla \u00f6ver kostnaderna fr\u00e5n hyrpersonalen.<\/li>\n<li>Utveckla f\u00f6rlossningsavdelningen med tex Barnmorskestyrd f\u00f6rlossningsv\u00e5rd!<\/li>\n<li>St\u00f6rre m\u00f6jlighet till betald specialistutbildning!<strong>Personalen \u00e4r v\u00e5r viktigaste resurs! L\u00e5t de med r\u00e4tt kompetens styra!<\/strong><strong>\u00a0<\/strong><\/li>\n<\/ul>\n<p>&nbsp;<\/p>\n<p>Betty-Ann Nilsson, #1 KD Regionlista V\u00e4sterbotten V\u00e4stra<\/p>\n<p>Lycksele<\/p>\n<p><img loading=\"lazy\" decoding=\"async\" class=\"alignnone size-large wp-image-2777\" src=\"http:\/\/wp.kristdemokraterna.se\/vasterbotten\/files\/2022\/08\/betty-ann-nilsson-1024x1024.jpg\" alt=\"\" width=\"1024\" height=\"1024\" srcset=\"https:\/\/wp.kristdemokraterna.se\/vasterbotten\/files\/2022\/08\/betty-ann-nilsson-1024x1024.jpg 1024w, https:\/\/wp.kristdemokraterna.se\/vasterbotten\/files\/2022\/08\/betty-ann-nilsson-300x300.jpg 300w, https:\/\/wp.kristdemokraterna.se\/vasterbotten\/files\/2022\/08\/betty-ann-nilsson-150x150.jpg 150w, https:\/\/wp.kristdemokraterna.se\/vasterbotten\/files\/2022\/08\/betty-ann-nilsson-768x768.jpg 768w, https:\/\/wp.kristdemokraterna.se\/vasterbotten\/files\/2022\/08\/betty-ann-nilsson-200x200.jpg 200w, https:\/\/wp.kristdemokraterna.se\/vasterbotten\/files\/2022\/08\/betty-ann-nilsson-370x370.jpg 370w, https:\/\/wp.kristdemokraterna.se\/vasterbotten\/files\/2022\/08\/betty-ann-nilsson-90x90.jpg 90w, https:\/\/wp.kristdemokraterna.se\/vasterbotten\/files\/2022\/08\/betty-ann-nilsson-770x770.jpg 770w, https:\/\/wp.kristdemokraterna.se\/vasterbotten\/files\/2022\/08\/betty-ann-nilsson-450x450.jpg 450w, https:\/\/wp.kristdemokraterna.se\/vasterbotten\/files\/2022\/08\/betty-ann-nilsson-280x280.jpg 280w, https:\/\/wp.kristdemokraterna.se\/vasterbotten\/files\/2022\/08\/betty-ann-nilsson-340x340.jpg 340w, https:\/\/wp.kristdemokraterna.se\/vasterbotten\/files\/2022\/08\/betty-ann-nilsson-56x56.jpg 56w, https:\/\/wp.kristdemokraterna.se\/vasterbotten\/files\/2022\/08\/betty-ann-nilsson.jpg 1080w\" sizes=\"auto, (max-width: 1024px) 100vw, 1024px\" \/><\/p>\n","protected":false},"excerpt":{"rendered":"<p>Jag heter Betty-Ann Nilsson och \u00e4r 58 \u00e5r. Gift och bor tillsammans med min familj i Ulriksdal utanf\u00f6r Lycksele. \u00c4r i grunden en \u201dBonnj\u00e4nta\u201d uppvuxen i Vilhelminas inland, V\u00e4stanb\u00e4ck. F\u00e4rdig sjuksk\u00f6terska 1985 och har jobbat som \u00d6gon sedan 1994, som ortoptist sedan 2000. Att arbeta med barn och unga \u00e4r n\u00e5got jag gjort s\u00e5 l\u00e4nge <a class=\"read-more-link\" href=\"https:\/\/wp.kristdemokraterna.se\/vasterbotten\/1-vastra-regionlistan-betty-ann-nilsson\/\">Read More<\/a><\/p>\n","protected":false},"author":1024,"featured_media":0,"comment_status":"closed","ping_status":"closed","sticky":false,"template":"","format":"standard","meta":{"_acf_changed":false,"footnotes":""},"categories":[99,9,59,3],"tags":[],"class_list":["post-2776","post","type-post","status-publish","format-standard","hentry","category-kandidater","category-kristdemokraterna-2","category-politik","category-region"],"acf":[],"yoast_head":"<!-- This site is optimized with the Yoast SEO plugin v27.4 - https:\/\/yoast.com\/product\/yoast-seo-wordpress\/ -->\n<title>#1 V\u00e4stra regionlistan: Betty-Ann Nilsson - KRISTDEMOKRATERNA i V\u00e4sterbotten<\/title>\n<meta name=\"robots\" content=\"index, follow, max-snippet:-1, max-image-preview:large, max-video-preview:-1\" \/>\n<link rel=\"canonical\" href=\"https:\/\/wp.kristdemokraterna.se\/vasterbotten\/1-vastra-regionlistan-betty-ann-nilsson\/\" \/>\n<meta property=\"og:locale\" content=\"sv_SE\" \/>\n<meta property=\"og:type\" content=\"article\" \/>\n<meta property=\"og:title\" content=\"#1 V\u00e4stra regionlistan: Betty-Ann Nilsson - KRISTDEMOKRATERNA i V\u00e4sterbotten\" \/>\n<meta property=\"og:description\" content=\"Jag heter Betty-Ann Nilsson och \u00e4r 58 \u00e5r. Gift och bor tillsammans med min familj i Ulriksdal utanf\u00f6r Lycksele. \u00c4r i grunden en \u201dBonnj\u00e4nta\u201d uppvuxen i Vilhelminas inland, V\u00e4stanb\u00e4ck. F\u00e4rdig sjuksk\u00f6terska 1985 och har jobbat som \u00d6gon sedan 1994, som ortoptist sedan 2000. Att arbeta med barn och unga \u00e4r n\u00e5got jag gjort s\u00e5 l\u00e4nge Read More\" \/>\n<meta property=\"og:url\" content=\"https:\/\/wp.kristdemokraterna.se\/vasterbotten\/1-vastra-regionlistan-betty-ann-nilsson\/\" \/>\n<meta property=\"og:site_name\" content=\"KRISTDEMOKRATERNA i V\u00e4sterbotten\" \/>\n<meta property=\"article:publisher\" content=\"https:\/\/www.facebook.com\/kdvasterbotten\/\" \/>\n<meta property=\"article:published_time\" content=\"2022-08-30T10:16:23+00:00\" \/>\n<meta property=\"og:image\" content=\"http:\/\/wp.kristdemokraterna.se\/vasterbotten\/files\/2022\/08\/betty-ann-nilsson-1024x1024.jpg\" \/>\n<meta name=\"author\" content=\"courtneykerr\" \/>\n<meta name=\"twitter:card\" content=\"summary_large_image\" \/>\n<meta name=\"twitter:creator\" content=\"@kdvasterbotten\" \/>\n<meta name=\"twitter:site\" content=\"@kdvasterbotten\" \/>\n<meta name=\"twitter:label1\" content=\"Skriven av\" \/>\n\t<meta name=\"twitter:data1\" content=\"courtneykerr\" \/>\n\t<meta name=\"twitter:label2\" content=\"Ber\u00e4knad l\u00e4stid\" \/>\n\t<meta name=\"twitter:data2\" content=\"2 minuter\" \/>\n<script type=\"application\/ld+json\" class=\"yoast-schema-graph\">{\"@context\":\"https:\\\/\\\/schema.org\",\"@graph\":[{\"@type\":\"Article\",\"@id\":\"https:\\\/\\\/wp.kristdemokraterna.se\\\/vasterbotten\\\/1-vastra-regionlistan-betty-ann-nilsson\\\/#article\",\"isPartOf\":{\"@id\":\"https:\\\/\\\/wp.kristdemokraterna.se\\\/vasterbotten\\\/1-vastra-regionlistan-betty-ann-nilsson\\\/\"},\"author\":{\"name\":\"courtneykerr\",\"@id\":\"https:\\\/\\\/wp.kristdemokraterna.se\\\/vasterbotten\\\/#\\\/schema\\\/person\\\/241a03c8ddf486b5c5ca7f1502496f97\"},\"headline\":\"#1 V\u00e4stra regionlistan: Betty-Ann Nilsson\",\"datePublished\":\"2022-08-30T10:16:23+00:00\",\"mainEntityOfPage\":{\"@id\":\"https:\\\/\\\/wp.kristdemokraterna.se\\\/vasterbotten\\\/1-vastra-regionlistan-betty-ann-nilsson\\\/\"},\"wordCount\":307,\"image\":{\"@id\":\"https:\\\/\\\/wp.kristdemokraterna.se\\\/vasterbotten\\\/1-vastra-regionlistan-betty-ann-nilsson\\\/#primaryimage\"},\"thumbnailUrl\":\"http:\\\/\\\/wp.kristdemokraterna.se\\\/vasterbotten\\\/files\\\/2022\\\/08\\\/betty-ann-nilsson-1024x1024.jpg\",\"articleSection\":[\"Kandidater\",\"Kristdemokraterna\",\"Politik\",\"Region\"],\"inLanguage\":\"sv-SE\"},{\"@type\":\"WebPage\",\"@id\":\"https:\\\/\\\/wp.kristdemokraterna.se\\\/vasterbotten\\\/1-vastra-regionlistan-betty-ann-nilsson\\\/\",\"url\":\"https:\\\/\\\/wp.kristdemokraterna.se\\\/vasterbotten\\\/1-vastra-regionlistan-betty-ann-nilsson\\\/\",\"name\":\"#1 V\u00e4stra regionlistan: Betty-Ann Nilsson - KRISTDEMOKRATERNA i V\u00e4sterbotten\",\"isPartOf\":{\"@id\":\"https:\\\/\\\/wp.kristdemokraterna.se\\\/vasterbotten\\\/#website\"},\"primaryImageOfPage\":{\"@id\":\"https:\\\/\\\/wp.kristdemokraterna.se\\\/vasterbotten\\\/1-vastra-regionlistan-betty-ann-nilsson\\\/#primaryimage\"},\"image\":{\"@id\":\"https:\\\/\\\/wp.kristdemokraterna.se\\\/vasterbotten\\\/1-vastra-regionlistan-betty-ann-nilsson\\\/#primaryimage\"},\"thumbnailUrl\":\"http:\\\/\\\/wp.kristdemokraterna.se\\\/vasterbotten\\\/files\\\/2022\\\/08\\\/betty-ann-nilsson-1024x1024.jpg\",\"datePublished\":\"2022-08-30T10:16:23+00:00\",\"author\":{\"@id\":\"https:\\\/\\\/wp.kristdemokraterna.se\\\/vasterbotten\\\/#\\\/schema\\\/person\\\/241a03c8ddf486b5c5ca7f1502496f97\"},\"breadcrumb\":{\"@id\":\"https:\\\/\\\/wp.kristdemokraterna.se\\\/vasterbotten\\\/1-vastra-regionlistan-betty-ann-nilsson\\\/#breadcrumb\"},\"inLanguage\":\"sv-SE\",\"potentialAction\":[{\"@type\":\"ReadAction\",\"target\":[\"https:\\\/\\\/wp.kristdemokraterna.se\\\/vasterbotten\\\/1-vastra-regionlistan-betty-ann-nilsson\\\/\"]}]},{\"@type\":\"ImageObject\",\"inLanguage\":\"sv-SE\",\"@id\":\"https:\\\/\\\/wp.kristdemokraterna.se\\\/vasterbotten\\\/1-vastra-regionlistan-betty-ann-nilsson\\\/#primaryimage\",\"url\":\"http:\\\/\\\/wp.kristdemokraterna.se\\\/vasterbotten\\\/files\\\/2022\\\/08\\\/betty-ann-nilsson-1024x1024.jpg\",\"contentUrl\":\"http:\\\/\\\/wp.kristdemokraterna.se\\\/vasterbotten\\\/files\\\/2022\\\/08\\\/betty-ann-nilsson-1024x1024.jpg\"},{\"@type\":\"BreadcrumbList\",\"@id\":\"https:\\\/\\\/wp.kristdemokraterna.se\\\/vasterbotten\\\/1-vastra-regionlistan-betty-ann-nilsson\\\/#breadcrumb\",\"itemListElement\":[{\"@type\":\"ListItem\",\"position\":1,\"name\":\"Hem\",\"item\":\"https:\\\/\\\/wp.kristdemokraterna.se\\\/vasterbotten\\\/\"},{\"@type\":\"ListItem\",\"position\":2,\"name\":\"#1 V\u00e4stra regionlistan: Betty-Ann Nilsson\"}]},{\"@type\":\"WebSite\",\"@id\":\"https:\\\/\\\/wp.kristdemokraterna.se\\\/vasterbotten\\\/#website\",\"url\":\"https:\\\/\\\/wp.kristdemokraterna.se\\\/vasterbotten\\\/\",\"name\":\"KRISTDEMOKRATERNA i V\u00e4sterbotten\",\"description\":\"Varje m\u00e4nniska ska bem\u00f6tas med v\u00e4rdighet!\",\"inLanguage\":\"sv-SE\"},{\"@type\":\"Person\",\"@id\":\"https:\\\/\\\/wp.kristdemokraterna.se\\\/vasterbotten\\\/#\\\/schema\\\/person\\\/241a03c8ddf486b5c5ca7f1502496f97\",\"name\":\"courtneykerr\",\"image\":{\"@type\":\"ImageObject\",\"inLanguage\":\"sv-SE\",\"@id\":\"https:\\\/\\\/secure.gravatar.com\\\/avatar\\\/ae413d904f49ece1400ca2ecf9ab5030479768a716f8d503813d11bb1e310709?s=96&d=mm&r=g\",\"url\":\"https:\\\/\\\/secure.gravatar.com\\\/avatar\\\/ae413d904f49ece1400ca2ecf9ab5030479768a716f8d503813d11bb1e310709?s=96&d=mm&r=g\",\"contentUrl\":\"https:\\\/\\\/secure.gravatar.com\\\/avatar\\\/ae413d904f49ece1400ca2ecf9ab5030479768a716f8d503813d11bb1e310709?s=96&d=mm&r=g\",\"caption\":\"courtneykerr\"},\"url\":\"https:\\\/\\\/wp.kristdemokraterna.se\\\/vasterbotten\\\/author\\\/courtneykerr\\\/\"}]}<\/script>\n<!-- \/ Yoast SEO plugin. -->","yoast_head_json":{"title":"#1 V\u00e4stra regionlistan: Betty-Ann Nilsson - KRISTDEMOKRATERNA i V\u00e4sterbotten","robots":{"index":"index","follow":"follow","max-snippet":"max-snippet:-1","max-image-preview":"max-image-preview:large","max-video-preview":"max-video-preview:-1"},"canonical":"https:\/\/wp.kristdemokraterna.se\/vasterbotten\/1-vastra-regionlistan-betty-ann-nilsson\/","og_locale":"sv_SE","og_type":"article","og_title":"#1 V\u00e4stra regionlistan: Betty-Ann Nilsson - KRISTDEMOKRATERNA i V\u00e4sterbotten","og_description":"Jag heter Betty-Ann Nilsson och \u00e4r 58 \u00e5r. Gift och bor tillsammans med min familj i Ulriksdal utanf\u00f6r Lycksele. \u00c4r i grunden en \u201dBonnj\u00e4nta\u201d uppvuxen i Vilhelminas inland, V\u00e4stanb\u00e4ck. F\u00e4rdig sjuksk\u00f6terska 1985 och har jobbat som \u00d6gon sedan 1994, som ortoptist sedan 2000. Att arbeta med barn och unga \u00e4r n\u00e5got jag gjort s\u00e5 l\u00e4nge Read More","og_url":"https:\/\/wp.kristdemokraterna.se\/vasterbotten\/1-vastra-regionlistan-betty-ann-nilsson\/","og_site_name":"KRISTDEMOKRATERNA i V\u00e4sterbotten","article_publisher":"https:\/\/www.facebook.com\/kdvasterbotten\/","article_published_time":"2022-08-30T10:16:23+00:00","og_image":[{"url":"http:\/\/wp.kristdemokraterna.se\/vasterbotten\/files\/2022\/08\/betty-ann-nilsson-1024x1024.jpg","type":"","width":"","height":""}],"author":"courtneykerr","twitter_card":"summary_large_image","twitter_creator":"@kdvasterbotten","twitter_site":"@kdvasterbotten","twitter_misc":{"Skriven av":"courtneykerr","Ber\u00e4knad l\u00e4stid":"2 minuter"},"schema":{"@context":"https:\/\/schema.org","@graph":[{"@type":"Article","@id":"https:\/\/wp.kristdemokraterna.se\/vasterbotten\/1-vastra-regionlistan-betty-ann-nilsson\/#article","isPartOf":{"@id":"https:\/\/wp.kristdemokraterna.se\/vasterbotten\/1-vastra-regionlistan-betty-ann-nilsson\/"},"author":{"name":"courtneykerr","@id":"https:\/\/wp.kristdemokraterna.se\/vasterbotten\/#\/schema\/person\/241a03c8ddf486b5c5ca7f1502496f97"},"headline":"#1 V\u00e4stra regionlistan: Betty-Ann Nilsson","datePublished":"2022-08-30T10:16:23+00:00","mainEntityOfPage":{"@id":"https:\/\/wp.kristdemokraterna.se\/vasterbotten\/1-vastra-regionlistan-betty-ann-nilsson\/"},"wordCount":307,"image":{"@id":"https:\/\/wp.kristdemokraterna.se\/vasterbotten\/1-vastra-regionlistan-betty-ann-nilsson\/#primaryimage"},"thumbnailUrl":"http:\/\/wp.kristdemokraterna.se\/vasterbotten\/files\/2022\/08\/betty-ann-nilsson-1024x1024.jpg","articleSection":["Kandidater","Kristdemokraterna","Politik","Region"],"inLanguage":"sv-SE"},{"@type":"WebPage","@id":"https:\/\/wp.kristdemokraterna.se\/vasterbotten\/1-vastra-regionlistan-betty-ann-nilsson\/","url":"https:\/\/wp.kristdemokraterna.se\/vasterbotten\/1-vastra-regionlistan-betty-ann-nilsson\/","name":"#1 V\u00e4stra regionlistan: Betty-Ann Nilsson - KRISTDEMOKRATERNA i V\u00e4sterbotten","isPartOf":{"@id":"https:\/\/wp.kristdemokraterna.se\/vasterbotten\/#website"},"primaryImageOfPage":{"@id":"https:\/\/wp.kristdemokraterna.se\/vasterbotten\/1-vastra-regionlistan-betty-ann-nilsson\/#primaryimage"},"image":{"@id":"https:\/\/wp.kristdemokraterna.se\/vasterbotten\/1-vastra-regionlistan-betty-ann-nilsson\/#primaryimage"},"thumbnailUrl":"http:\/\/wp.kristdemokraterna.se\/vasterbotten\/files\/2022\/08\/betty-ann-nilsson-1024x1024.jpg","datePublished":"2022-08-30T10:16:23+00:00","author":{"@id":"https:\/\/wp.kristdemokraterna.se\/vasterbotten\/#\/schema\/person\/241a03c8ddf486b5c5ca7f1502496f97"},"breadcrumb":{"@id":"https:\/\/wp.kristdemokraterna.se\/vasterbotten\/1-vastra-regionlistan-betty-ann-nilsson\/#breadcrumb"},"inLanguage":"sv-SE","potentialAction":[{"@type":"ReadAction","target":["https:\/\/wp.kristdemokraterna.se\/vasterbotten\/1-vastra-regionlistan-betty-ann-nilsson\/"]}]},{"@type":"ImageObject","inLanguage":"sv-SE","@id":"https:\/\/wp.kristdemokraterna.se\/vasterbotten\/1-vastra-regionlistan-betty-ann-nilsson\/#primaryimage","url":"http:\/\/wp.kristdemokraterna.se\/vasterbotten\/files\/2022\/08\/betty-ann-nilsson-1024x1024.jpg","contentUrl":"http:\/\/wp.kristdemokraterna.se\/vasterbotten\/files\/2022\/08\/betty-ann-nilsson-1024x1024.jpg"},{"@type":"BreadcrumbList","@id":"https:\/\/wp.kristdemokraterna.se\/vasterbotten\/1-vastra-regionlistan-betty-ann-nilsson\/#breadcrumb","itemListElement":[{"@type":"ListItem","position":1,"name":"Hem","item":"https:\/\/wp.kristdemokraterna.se\/vasterbotten\/"},{"@type":"ListItem","position":2,"name":"#1 V\u00e4stra regionlistan: Betty-Ann Nilsson"}]},{"@type":"WebSite","@id":"https:\/\/wp.kristdemokraterna.se\/vasterbotten\/#website","url":"https:\/\/wp.kristdemokraterna.se\/vasterbotten\/","name":"KRISTDEMOKRATERNA i V\u00e4sterbotten","description":"Varje m\u00e4nniska ska bem\u00f6tas med v\u00e4rdighet!","inLanguage":"sv-SE"},{"@type":"Person","@id":"https:\/\/wp.kristdemokraterna.se\/vasterbotten\/#\/schema\/person\/241a03c8ddf486b5c5ca7f1502496f97","name":"courtneykerr","image":{"@type":"ImageObject","inLanguage":"sv-SE","@id":"https:\/\/secure.gravatar.com\/avatar\/ae413d904f49ece1400ca2ecf9ab5030479768a716f8d503813d11bb1e310709?s=96&d=mm&r=g","url":"https:\/\/secure.gravatar.com\/avatar\/ae413d904f49ece1400ca2ecf9ab5030479768a716f8d503813d11bb1e310709?s=96&d=mm&r=g","contentUrl":"https:\/\/secure.gravatar.com\/avatar\/ae413d904f49ece1400ca2ecf9ab5030479768a716f8d503813d11bb1e310709?s=96&d=mm&r=g","caption":"courtneykerr"},"url":"https:\/\/wp.kristdemokraterna.se\/vasterbotten\/author\/courtneykerr\/"}]}},"_links":{"self":[{"href":"https:\/\/wp.kristdemokraterna.se\/vasterbotten\/wp-json\/wp\/v2\/posts\/2776","targetHints":{"allow":["GET"]}}],"collection":[{"href":"https:\/\/wp.kristdemokraterna.se\/vasterbotten\/wp-json\/wp\/v2\/posts"}],"about":[{"href":"https:\/\/wp.kristdemokraterna.se\/vasterbotten\/wp-json\/wp\/v2\/types\/post"}],"author":[{"embeddable":true,"href":"https:\/\/wp.kristdemokraterna.se\/vasterbotten\/wp-json\/wp\/v2\/users\/1024"}],"replies":[{"embeddable":true,"href":"https:\/\/wp.kristdemokraterna.se\/vasterbotten\/wp-json\/wp\/v2\/comments?post=2776"}],"version-history":[{"count":2,"href":"https:\/\/wp.kristdemokraterna.se\/vasterbotten\/wp-json\/wp\/v2\/posts\/2776\/revisions"}],"predecessor-version":[{"id":2787,"href":"https:\/\/wp.kristdemokraterna.se\/vasterbotten\/wp-json\/wp\/v2\/posts\/2776\/revisions\/2787"}],"wp:attachment":[{"href":"https:\/\/wp.kristdemokraterna.se\/vasterbotten\/wp-json\/wp\/v2\/media?parent=2776"}],"wp:term":[{"taxonomy":"category","embeddable":true,"href":"https:\/\/wp.kristdemokraterna.se\/vasterbotten\/wp-json\/wp\/v2\/categories?post=2776"},{"taxonomy":"post_tag","embeddable":true,"href":"https:\/\/wp.kristdemokraterna.se\/vasterbotten\/wp-json\/wp\/v2\/tags?post=2776"}],"curies":[{"name":"wp","href":"https:\/\/api.w.org\/{rel}","templated":true}]}}