{"id":2830,"date":"2022-09-06T14:22:29","date_gmt":"2022-09-06T12:22:29","guid":{"rendered":"https:\/\/wp.kristdemokraterna.se\/vasterbotten\/?p=2830"},"modified":"2022-09-06T14:22:29","modified_gmt":"2022-09-06T12:22:29","slug":"vasterbotten-behover-fler-vardplatser","status":"publish","type":"post","link":"https:\/\/wp.kristdemokraterna.se\/vasterbotten\/vasterbotten-behover-fler-vardplatser\/","title":{"rendered":"V\u00e4sterbotten beh\u00f6ver fler v\u00e5rdplatser"},"content":{"rendered":"<p>V\u00e4sterbotten beh\u00f6ver fler v\u00e5rdplatser. Kristdemokraterna \u00e4r redo. R\u00f6sta p\u00e5 en Kristdemokrat i regionvalet den 11e september!!<\/p>\n<p>Vi \u00e4r redo.<\/p>\n<div style=\"width: 1920px;\" class=\"wp-video\"><video class=\"wp-video-shortcode\" id=\"video-2830-1\" width=\"1920\" height=\"1080\" preload=\"metadata\" controls=\"controls\"><source type=\"video\/mp4\" src=\"http:\/\/wp.kristdemokraterna.se\/vasterbotten\/files\/2022\/09\/kd2022-2hdmastergrafik.mp4?_=1\" \/><a href=\"http:\/\/wp.kristdemokraterna.se\/vasterbotten\/files\/2022\/09\/kd2022-2hdmastergrafik.mp4\">http:\/\/wp.kristdemokraterna.se\/vasterbotten\/files\/2022\/09\/kd2022-2hdmastergrafik.mp4<\/a><\/video><\/div>\n<p>&nbsp;<\/p>\n<p><img loading=\"lazy\" decoding=\"async\" class=\"alignnone size-large wp-image-2579\" src=\"http:\/\/wp.kristdemokraterna.se\/vasterbotten\/files\/2022\/05\/screenshot-2022-05-19-at-13.08.22-637x1024.png\" alt=\"\" width=\"637\" height=\"1024\" srcset=\"https:\/\/wp.kristdemokraterna.se\/vasterbotten\/files\/2022\/05\/screenshot-2022-05-19-at-13.08.22-637x1024.png 637w, https:\/\/wp.kristdemokraterna.se\/vasterbotten\/files\/2022\/05\/screenshot-2022-05-19-at-13.08.22-187x300.png 187w, https:\/\/wp.kristdemokraterna.se\/vasterbotten\/files\/2022\/05\/screenshot-2022-05-19-at-13.08.22-768x1234.png 768w, https:\/\/wp.kristdemokraterna.se\/vasterbotten\/files\/2022\/05\/screenshot-2022-05-19-at-13.08.22-125x200.png 125w, https:\/\/wp.kristdemokraterna.se\/vasterbotten\/files\/2022\/05\/screenshot-2022-05-19-at-13.08.22-370x594.png 370w, https:\/\/wp.kristdemokraterna.se\/vasterbotten\/files\/2022\/05\/screenshot-2022-05-19-at-13.08.22-770x1237.png 770w, https:\/\/wp.kristdemokraterna.se\/vasterbotten\/files\/2022\/05\/screenshot-2022-05-19-at-13.08.22-450x723.png 450w, https:\/\/wp.kristdemokraterna.se\/vasterbotten\/files\/2022\/05\/screenshot-2022-05-19-at-13.08.22-250x402.png 250w, https:\/\/wp.kristdemokraterna.se\/vasterbotten\/files\/2022\/05\/screenshot-2022-05-19-at-13.08.22-340x546.png 340w, https:\/\/wp.kristdemokraterna.se\/vasterbotten\/files\/2022\/05\/screenshot-2022-05-19-at-13.08.22-35x56.png 35w, https:\/\/wp.kristdemokraterna.se\/vasterbotten\/files\/2022\/05\/screenshot-2022-05-19-at-13.08.22.png 828w\" sizes=\"auto, (max-width: 637px) 100vw, 637px\" \/><\/p>\n<p><img loading=\"lazy\" decoding=\"async\" class=\"alignnone size-large wp-image-2571\" src=\"http:\/\/wp.kristdemokraterna.se\/vasterbotten\/files\/2022\/05\/screenshot-2022-05-19-at-11.56.56-651x1024.png\" alt=\"\" width=\"651\" height=\"1024\" srcset=\"https:\/\/wp.kristdemokraterna.se\/vasterbotten\/files\/2022\/05\/screenshot-2022-05-19-at-11.56.56-651x1024.png 651w, https:\/\/wp.kristdemokraterna.se\/vasterbotten\/files\/2022\/05\/screenshot-2022-05-19-at-11.56.56-191x300.png 191w, https:\/\/wp.kristdemokraterna.se\/vasterbotten\/files\/2022\/05\/screenshot-2022-05-19-at-11.56.56-768x1208.png 768w, https:\/\/wp.kristdemokraterna.se\/vasterbotten\/files\/2022\/05\/screenshot-2022-05-19-at-11.56.56-127x200.png 127w, https:\/\/wp.kristdemokraterna.se\/vasterbotten\/files\/2022\/05\/screenshot-2022-05-19-at-11.56.56-370x582.png 370w, https:\/\/wp.kristdemokraterna.se\/vasterbotten\/files\/2022\/05\/screenshot-2022-05-19-at-11.56.56-770x1211.png 770w, https:\/\/wp.kristdemokraterna.se\/vasterbotten\/files\/2022\/05\/screenshot-2022-05-19-at-11.56.56-450x708.png 450w, https:\/\/wp.kristdemokraterna.se\/vasterbotten\/files\/2022\/05\/screenshot-2022-05-19-at-11.56.56-256x402.png 256w, https:\/\/wp.kristdemokraterna.se\/vasterbotten\/files\/2022\/05\/screenshot-2022-05-19-at-11.56.56-340x535.png 340w, https:\/\/wp.kristdemokraterna.se\/vasterbotten\/files\/2022\/05\/screenshot-2022-05-19-at-11.56.56-36x56.png 36w, https:\/\/wp.kristdemokraterna.se\/vasterbotten\/files\/2022\/05\/screenshot-2022-05-19-at-11.56.56.png 852w\" sizes=\"auto, (max-width: 651px) 100vw, 651px\" \/><\/p>\n<p><img loading=\"lazy\" decoding=\"async\" class=\"alignnone size-large wp-image-2576\" src=\"http:\/\/wp.kristdemokraterna.se\/vasterbotten\/files\/2022\/05\/vastra-652x1024.png\" alt=\"\" width=\"652\" height=\"1024\" srcset=\"https:\/\/wp.kristdemokraterna.se\/vasterbotten\/files\/2022\/05\/vastra-652x1024.png 652w, https:\/\/wp.kristdemokraterna.se\/vasterbotten\/files\/2022\/05\/vastra-191x300.png 191w, https:\/\/wp.kristdemokraterna.se\/vasterbotten\/files\/2022\/05\/vastra-768x1205.png 768w, https:\/\/wp.kristdemokraterna.se\/vasterbotten\/files\/2022\/05\/vastra-127x200.png 127w, https:\/\/wp.kristdemokraterna.se\/vasterbotten\/files\/2022\/05\/vastra-370x581.png 370w, https:\/\/wp.kristdemokraterna.se\/vasterbotten\/files\/2022\/05\/vastra-770x1209.png 770w, https:\/\/wp.kristdemokraterna.se\/vasterbotten\/files\/2022\/05\/vastra-450x706.png 450w, https:\/\/wp.kristdemokraterna.se\/vasterbotten\/files\/2022\/05\/vastra-256x402.png 256w, https:\/\/wp.kristdemokraterna.se\/vasterbotten\/files\/2022\/05\/vastra-340x534.png 340w, https:\/\/wp.kristdemokraterna.se\/vasterbotten\/files\/2022\/05\/vastra-36x56.png 36w, https:\/\/wp.kristdemokraterna.se\/vasterbotten\/files\/2022\/05\/vastra.png 906w\" sizes=\"auto, (max-width: 652px) 100vw, 652px\" \/><\/p>\n","protected":false},"excerpt":{"rendered":"<p>V\u00e4sterbotten beh\u00f6ver fler v\u00e5rdplatser. Kristdemokraterna \u00e4r redo. R\u00f6sta p\u00e5 en Kristdemokrat i regionvalet den 11e september!! Vi \u00e4r redo. &nbsp;<\/p>\n","protected":false},"author":1024,"featured_media":0,"comment_status":"closed","ping_status":"closed","sticky":false,"template":"","format":"standard","meta":{"_acf_changed":false,"footnotes":""},"categories":[1],"tags":[],"class_list":["post-2830","post","type-post","status-publish","format-standard","hentry","category-okategoriserade"],"acf":[],"yoast_head":"<!-- This site is optimized with the Yoast SEO plugin v27.4 - https:\/\/yoast.com\/product\/yoast-seo-wordpress\/ -->\n<title>V\u00e4sterbotten beh\u00f6ver fler v\u00e5rdplatser - KRISTDEMOKRATERNA i V\u00e4sterbotten<\/title>\n<meta name=\"robots\" content=\"index, follow, max-snippet:-1, max-image-preview:large, max-video-preview:-1\" \/>\n<link rel=\"canonical\" href=\"https:\/\/wp.kristdemokraterna.se\/vasterbotten\/vasterbotten-behover-fler-vardplatser\/\" \/>\n<meta property=\"og:locale\" content=\"sv_SE\" \/>\n<meta property=\"og:type\" content=\"article\" \/>\n<meta property=\"og:title\" content=\"V\u00e4sterbotten beh\u00f6ver fler v\u00e5rdplatser - KRISTDEMOKRATERNA i V\u00e4sterbotten\" \/>\n<meta property=\"og:description\" content=\"V\u00e4sterbotten beh\u00f6ver fler v\u00e5rdplatser. Kristdemokraterna \u00e4r redo. R\u00f6sta p\u00e5 en Kristdemokrat i regionvalet den 11e september!! Vi \u00e4r redo. &nbsp;\" \/>\n<meta property=\"og:url\" content=\"https:\/\/wp.kristdemokraterna.se\/vasterbotten\/vasterbotten-behover-fler-vardplatser\/\" \/>\n<meta property=\"og:site_name\" content=\"KRISTDEMOKRATERNA i V\u00e4sterbotten\" \/>\n<meta property=\"article:publisher\" content=\"https:\/\/www.facebook.com\/kdvasterbotten\/\" \/>\n<meta property=\"article:published_time\" content=\"2022-09-06T12:22:29+00:00\" \/>\n<meta property=\"og:image\" content=\"http:\/\/wp.kristdemokraterna.se\/vasterbotten\/files\/2022\/05\/screenshot-2022-05-19-at-13.08.22-637x1024.png\" \/>\n<meta name=\"author\" content=\"courtneykerr\" \/>\n<meta name=\"twitter:card\" content=\"summary_large_image\" \/>\n<meta name=\"twitter:creator\" content=\"@kdvasterbotten\" \/>\n<meta name=\"twitter:site\" content=\"@kdvasterbotten\" \/>\n<meta name=\"twitter:label1\" content=\"Skriven av\" \/>\n\t<meta name=\"twitter:data1\" content=\"courtneykerr\" \/>\n<script type=\"application\/ld+json\" class=\"yoast-schema-graph\">{\"@context\":\"https:\\\/\\\/schema.org\",\"@graph\":[{\"@type\":\"Article\",\"@id\":\"https:\\\/\\\/wp.kristdemokraterna.se\\\/vasterbotten\\\/vasterbotten-behover-fler-vardplatser\\\/#article\",\"isPartOf\":{\"@id\":\"https:\\\/\\\/wp.kristdemokraterna.se\\\/vasterbotten\\\/vasterbotten-behover-fler-vardplatser\\\/\"},\"author\":{\"name\":\"courtneykerr\",\"@id\":\"https:\\\/\\\/wp.kristdemokraterna.se\\\/vasterbotten\\\/#\\\/schema\\\/person\\\/241a03c8ddf486b5c5ca7f1502496f97\"},\"headline\":\"V\u00e4sterbotten beh\u00f6ver fler v\u00e5rdplatser\",\"datePublished\":\"2022-09-06T12:22:29+00:00\",\"mainEntityOfPage\":{\"@id\":\"https:\\\/\\\/wp.kristdemokraterna.se\\\/vasterbotten\\\/vasterbotten-behover-fler-vardplatser\\\/\"},\"wordCount\":46,\"image\":{\"@id\":\"https:\\\/\\\/wp.kristdemokraterna.se\\\/vasterbotten\\\/vasterbotten-behover-fler-vardplatser\\\/#primaryimage\"},\"thumbnailUrl\":\"http:\\\/\\\/wp.kristdemokraterna.se\\\/vasterbotten\\\/files\\\/2022\\\/05\\\/screenshot-2022-05-19-at-13.08.22-637x1024.png\",\"inLanguage\":\"sv-SE\"},{\"@type\":\"WebPage\",\"@id\":\"https:\\\/\\\/wp.kristdemokraterna.se\\\/vasterbotten\\\/vasterbotten-behover-fler-vardplatser\\\/\",\"url\":\"https:\\\/\\\/wp.kristdemokraterna.se\\\/vasterbotten\\\/vasterbotten-behover-fler-vardplatser\\\/\",\"name\":\"V\u00e4sterbotten beh\u00f6ver fler v\u00e5rdplatser - KRISTDEMOKRATERNA i V\u00e4sterbotten\",\"isPartOf\":{\"@id\":\"https:\\\/\\\/wp.kristdemokraterna.se\\\/vasterbotten\\\/#website\"},\"primaryImageOfPage\":{\"@id\":\"https:\\\/\\\/wp.kristdemokraterna.se\\\/vasterbotten\\\/vasterbotten-behover-fler-vardplatser\\\/#primaryimage\"},\"image\":{\"@id\":\"https:\\\/\\\/wp.kristdemokraterna.se\\\/vasterbotten\\\/vasterbotten-behover-fler-vardplatser\\\/#primaryimage\"},\"thumbnailUrl\":\"http:\\\/\\\/wp.kristdemokraterna.se\\\/vasterbotten\\\/files\\\/2022\\\/05\\\/screenshot-2022-05-19-at-13.08.22-637x1024.png\",\"datePublished\":\"2022-09-06T12:22:29+00:00\",\"author\":{\"@id\":\"https:\\\/\\\/wp.kristdemokraterna.se\\\/vasterbotten\\\/#\\\/schema\\\/person\\\/241a03c8ddf486b5c5ca7f1502496f97\"},\"breadcrumb\":{\"@id\":\"https:\\\/\\\/wp.kristdemokraterna.se\\\/vasterbotten\\\/vasterbotten-behover-fler-vardplatser\\\/#breadcrumb\"},\"inLanguage\":\"sv-SE\",\"potentialAction\":[{\"@type\":\"ReadAction\",\"target\":[\"https:\\\/\\\/wp.kristdemokraterna.se\\\/vasterbotten\\\/vasterbotten-behover-fler-vardplatser\\\/\"]}]},{\"@type\":\"ImageObject\",\"inLanguage\":\"sv-SE\",\"@id\":\"https:\\\/\\\/wp.kristdemokraterna.se\\\/vasterbotten\\\/vasterbotten-behover-fler-vardplatser\\\/#primaryimage\",\"url\":\"http:\\\/\\\/wp.kristdemokraterna.se\\\/vasterbotten\\\/files\\\/2022\\\/05\\\/screenshot-2022-05-19-at-13.08.22-637x1024.png\",\"contentUrl\":\"http:\\\/\\\/wp.kristdemokraterna.se\\\/vasterbotten\\\/files\\\/2022\\\/05\\\/screenshot-2022-05-19-at-13.08.22-637x1024.png\"},{\"@type\":\"BreadcrumbList\",\"@id\":\"https:\\\/\\\/wp.kristdemokraterna.se\\\/vasterbotten\\\/vasterbotten-behover-fler-vardplatser\\\/#breadcrumb\",\"itemListElement\":[{\"@type\":\"ListItem\",\"position\":1,\"name\":\"Hem\",\"item\":\"https:\\\/\\\/wp.kristdemokraterna.se\\\/vasterbotten\\\/\"},{\"@type\":\"ListItem\",\"position\":2,\"name\":\"V\u00e4sterbotten beh\u00f6ver fler v\u00e5rdplatser\"}]},{\"@type\":\"WebSite\",\"@id\":\"https:\\\/\\\/wp.kristdemokraterna.se\\\/vasterbotten\\\/#website\",\"url\":\"https:\\\/\\\/wp.kristdemokraterna.se\\\/vasterbotten\\\/\",\"name\":\"KRISTDEMOKRATERNA i V\u00e4sterbotten\",\"description\":\"Varje m\u00e4nniska ska bem\u00f6tas med v\u00e4rdighet!\",\"inLanguage\":\"sv-SE\"},{\"@type\":\"Person\",\"@id\":\"https:\\\/\\\/wp.kristdemokraterna.se\\\/vasterbotten\\\/#\\\/schema\\\/person\\\/241a03c8ddf486b5c5ca7f1502496f97\",\"name\":\"courtneykerr\",\"image\":{\"@type\":\"ImageObject\",\"inLanguage\":\"sv-SE\",\"@id\":\"https:\\\/\\\/secure.gravatar.com\\\/avatar\\\/ae413d904f49ece1400ca2ecf9ab5030479768a716f8d503813d11bb1e310709?s=96&d=mm&r=g\",\"url\":\"https:\\\/\\\/secure.gravatar.com\\\/avatar\\\/ae413d904f49ece1400ca2ecf9ab5030479768a716f8d503813d11bb1e310709?s=96&d=mm&r=g\",\"contentUrl\":\"https:\\\/\\\/secure.gravatar.com\\\/avatar\\\/ae413d904f49ece1400ca2ecf9ab5030479768a716f8d503813d11bb1e310709?s=96&d=mm&r=g\",\"caption\":\"courtneykerr\"},\"url\":\"https:\\\/\\\/wp.kristdemokraterna.se\\\/vasterbotten\\\/author\\\/courtneykerr\\\/\"}]}<\/script>\n<!-- \/ Yoast SEO plugin. -->","yoast_head_json":{"title":"V\u00e4sterbotten beh\u00f6ver fler v\u00e5rdplatser - KRISTDEMOKRATERNA i V\u00e4sterbotten","robots":{"index":"index","follow":"follow","max-snippet":"max-snippet:-1","max-image-preview":"max-image-preview:large","max-video-preview":"max-video-preview:-1"},"canonical":"https:\/\/wp.kristdemokraterna.se\/vasterbotten\/vasterbotten-behover-fler-vardplatser\/","og_locale":"sv_SE","og_type":"article","og_title":"V\u00e4sterbotten beh\u00f6ver fler v\u00e5rdplatser - KRISTDEMOKRATERNA i V\u00e4sterbotten","og_description":"V\u00e4sterbotten beh\u00f6ver fler v\u00e5rdplatser. Kristdemokraterna \u00e4r redo. R\u00f6sta p\u00e5 en Kristdemokrat i regionvalet den 11e september!! Vi \u00e4r redo. &nbsp;","og_url":"https:\/\/wp.kristdemokraterna.se\/vasterbotten\/vasterbotten-behover-fler-vardplatser\/","og_site_name":"KRISTDEMOKRATERNA i V\u00e4sterbotten","article_publisher":"https:\/\/www.facebook.com\/kdvasterbotten\/","article_published_time":"2022-09-06T12:22:29+00:00","og_image":[{"url":"http:\/\/wp.kristdemokraterna.se\/vasterbotten\/files\/2022\/05\/screenshot-2022-05-19-at-13.08.22-637x1024.png","type":"","width":"","height":""}],"author":"courtneykerr","twitter_card":"summary_large_image","twitter_creator":"@kdvasterbotten","twitter_site":"@kdvasterbotten","twitter_misc":{"Skriven av":"courtneykerr"},"schema":{"@context":"https:\/\/schema.org","@graph":[{"@type":"Article","@id":"https:\/\/wp.kristdemokraterna.se\/vasterbotten\/vasterbotten-behover-fler-vardplatser\/#article","isPartOf":{"@id":"https:\/\/wp.kristdemokraterna.se\/vasterbotten\/vasterbotten-behover-fler-vardplatser\/"},"author":{"name":"courtneykerr","@id":"https:\/\/wp.kristdemokraterna.se\/vasterbotten\/#\/schema\/person\/241a03c8ddf486b5c5ca7f1502496f97"},"headline":"V\u00e4sterbotten beh\u00f6ver fler v\u00e5rdplatser","datePublished":"2022-09-06T12:22:29+00:00","mainEntityOfPage":{"@id":"https:\/\/wp.kristdemokraterna.se\/vasterbotten\/vasterbotten-behover-fler-vardplatser\/"},"wordCount":46,"image":{"@id":"https:\/\/wp.kristdemokraterna.se\/vasterbotten\/vasterbotten-behover-fler-vardplatser\/#primaryimage"},"thumbnailUrl":"http:\/\/wp.kristdemokraterna.se\/vasterbotten\/files\/2022\/05\/screenshot-2022-05-19-at-13.08.22-637x1024.png","inLanguage":"sv-SE"},{"@type":"WebPage","@id":"https:\/\/wp.kristdemokraterna.se\/vasterbotten\/vasterbotten-behover-fler-vardplatser\/","url":"https:\/\/wp.kristdemokraterna.se\/vasterbotten\/vasterbotten-behover-fler-vardplatser\/","name":"V\u00e4sterbotten beh\u00f6ver fler v\u00e5rdplatser - KRISTDEMOKRATERNA i V\u00e4sterbotten","isPartOf":{"@id":"https:\/\/wp.kristdemokraterna.se\/vasterbotten\/#website"},"primaryImageOfPage":{"@id":"https:\/\/wp.kristdemokraterna.se\/vasterbotten\/vasterbotten-behover-fler-vardplatser\/#primaryimage"},"image":{"@id":"https:\/\/wp.kristdemokraterna.se\/vasterbotten\/vasterbotten-behover-fler-vardplatser\/#primaryimage"},"thumbnailUrl":"http:\/\/wp.kristdemokraterna.se\/vasterbotten\/files\/2022\/05\/screenshot-2022-05-19-at-13.08.22-637x1024.png","datePublished":"2022-09-06T12:22:29+00:00","author":{"@id":"https:\/\/wp.kristdemokraterna.se\/vasterbotten\/#\/schema\/person\/241a03c8ddf486b5c5ca7f1502496f97"},"breadcrumb":{"@id":"https:\/\/wp.kristdemokraterna.se\/vasterbotten\/vasterbotten-behover-fler-vardplatser\/#breadcrumb"},"inLanguage":"sv-SE","potentialAction":[{"@type":"ReadAction","target":["https:\/\/wp.kristdemokraterna.se\/vasterbotten\/vasterbotten-behover-fler-vardplatser\/"]}]},{"@type":"ImageObject","inLanguage":"sv-SE","@id":"https:\/\/wp.kristdemokraterna.se\/vasterbotten\/vasterbotten-behover-fler-vardplatser\/#primaryimage","url":"http:\/\/wp.kristdemokraterna.se\/vasterbotten\/files\/2022\/05\/screenshot-2022-05-19-at-13.08.22-637x1024.png","contentUrl":"http:\/\/wp.kristdemokraterna.se\/vasterbotten\/files\/2022\/05\/screenshot-2022-05-19-at-13.08.22-637x1024.png"},{"@type":"BreadcrumbList","@id":"https:\/\/wp.kristdemokraterna.se\/vasterbotten\/vasterbotten-behover-fler-vardplatser\/#breadcrumb","itemListElement":[{"@type":"ListItem","position":1,"name":"Hem","item":"https:\/\/wp.kristdemokraterna.se\/vasterbotten\/"},{"@type":"ListItem","position":2,"name":"V\u00e4sterbotten beh\u00f6ver fler v\u00e5rdplatser"}]},{"@type":"WebSite","@id":"https:\/\/wp.kristdemokraterna.se\/vasterbotten\/#website","url":"https:\/\/wp.kristdemokraterna.se\/vasterbotten\/","name":"KRISTDEMOKRATERNA i V\u00e4sterbotten","description":"Varje m\u00e4nniska ska bem\u00f6tas med v\u00e4rdighet!","inLanguage":"sv-SE"},{"@type":"Person","@id":"https:\/\/wp.kristdemokraterna.se\/vasterbotten\/#\/schema\/person\/241a03c8ddf486b5c5ca7f1502496f97","name":"courtneykerr","image":{"@type":"ImageObject","inLanguage":"sv-SE","@id":"https:\/\/secure.gravatar.com\/avatar\/ae413d904f49ece1400ca2ecf9ab5030479768a716f8d503813d11bb1e310709?s=96&d=mm&r=g","url":"https:\/\/secure.gravatar.com\/avatar\/ae413d904f49ece1400ca2ecf9ab5030479768a716f8d503813d11bb1e310709?s=96&d=mm&r=g","contentUrl":"https:\/\/secure.gravatar.com\/avatar\/ae413d904f49ece1400ca2ecf9ab5030479768a716f8d503813d11bb1e310709?s=96&d=mm&r=g","caption":"courtneykerr"},"url":"https:\/\/wp.kristdemokraterna.se\/vasterbotten\/author\/courtneykerr\/"}]}},"_links":{"self":[{"href":"https:\/\/wp.kristdemokraterna.se\/vasterbotten\/wp-json\/wp\/v2\/posts\/2830","targetHints":{"allow":["GET"]}}],"collection":[{"href":"https:\/\/wp.kristdemokraterna.se\/vasterbotten\/wp-json\/wp\/v2\/posts"}],"about":[{"href":"https:\/\/wp.kristdemokraterna.se\/vasterbotten\/wp-json\/wp\/v2\/types\/post"}],"author":[{"embeddable":true,"href":"https:\/\/wp.kristdemokraterna.se\/vasterbotten\/wp-json\/wp\/v2\/users\/1024"}],"replies":[{"embeddable":true,"href":"https:\/\/wp.kristdemokraterna.se\/vasterbotten\/wp-json\/wp\/v2\/comments?post=2830"}],"version-history":[{"count":1,"href":"https:\/\/wp.kristdemokraterna.se\/vasterbotten\/wp-json\/wp\/v2\/posts\/2830\/revisions"}],"predecessor-version":[{"id":2831,"href":"https:\/\/wp.kristdemokraterna.se\/vasterbotten\/wp-json\/wp\/v2\/posts\/2830\/revisions\/2831"}],"wp:attachment":[{"href":"https:\/\/wp.kristdemokraterna.se\/vasterbotten\/wp-json\/wp\/v2\/media?parent=2830"}],"wp:term":[{"taxonomy":"category","embeddable":true,"href":"https:\/\/wp.kristdemokraterna.se\/vasterbotten\/wp-json\/wp\/v2\/categories?post=2830"},{"taxonomy":"post_tag","embeddable":true,"href":"https:\/\/wp.kristdemokraterna.se\/vasterbotten\/wp-json\/wp\/v2\/tags?post=2830"}],"curies":[{"name":"wp","href":"https:\/\/api.w.org\/{rel}","templated":true}]}}