{"id":351,"date":"2013-04-10T10:32:41","date_gmt":"2013-04-10T08:32:41","guid":{"rendered":"http:\/\/wp.kristdemokraterna.se\/vasterbotten\/?p=351"},"modified":"2013-06-18T10:12:58","modified_gmt":"2013-06-18T08:12:58","slug":"landstingets-arsredovisning-har-debatterats","status":"publish","type":"post","link":"https:\/\/wp.kristdemokraterna.se\/vasterbotten\/landstingets-arsredovisning-har-debatterats\/","title":{"rendered":"Landstingets \u00e5rsredovisning har debatterats"},"content":{"rendered":"<p>&#8221;Landstinget m\u00e5ste ge personalen i prim\u00e4rv\u00e5rden rimliga f\u00f6ruts\u00e4ttningar att genomf\u00f6ra sina uppdrag p\u00e5 ett vettigt s\u00e4tt. D\u00e5 \u00e4r jag s\u00e4ker p\u00e5 att l\u00e4karna och distriktssk\u00f6terskorna \u00e5ter igen kommer att s\u00f6ka sig till h\u00e4lsocentralerna.<\/p>\n<p>Personalen har gjort och g\u00f6r ett fantastiskt arbete f\u00f6r att ge den b\u00e4sta t\u00e4nkbara v\u00e5rd till v\u00e4sterbottningarna. Som patient hoppas jag att man inte upplever den stress som m\u00e5nga i personalen k\u00e4nner av. Det \u00e4r mycket oroande att sjukskrivningarna \u00f6kar igen. Att vi i V\u00e4sterbotten sitter i n\u00e4stan samma b\u00e5t som \u00f6vriga v\u00e5rdsverige n\u00e4r det g\u00e4ller sv\u00e5righeter med tillg\u00e5ng p\u00e5 personal g\u00f6r inte saken l\u00e4ttare. Vi m\u00e5ste vara b\u00e4st p\u00e5 att rekrytera, b\u00e4st p\u00e5 att beh\u00e5lla och helst b\u00e4st p\u00e5 att betala kompetent personal!<\/p>\n<p>F\u00f6r oss kristdemokrater \u00e4r f\u00f6rvaltarskapet oerh\u00f6rt viktigt. Det g\u00e4ller att f\u00f6rvalta de skattepengar som V\u00e4sterbottningarna har anf\u00f6rtrott oss men ocks\u00e5 att f\u00f6rvalta personalens kunskaper och vilja att utf\u00f6ra ett gott arbete f\u00f6r befolkningen. Det \u00e4r minst lika viktigt.&#8221;<\/p>\n<p>(Utdrag ur anf\u00f6rande av Birgitta Nordvall, gruppledare i landstinget)<\/p>\n","protected":false},"excerpt":{"rendered":"<p>&#8221;Landstinget m\u00e5ste ge personalen i prim\u00e4rv\u00e5rden rimliga f\u00f6ruts\u00e4ttningar att genomf\u00f6ra sina uppdrag p\u00e5 ett vettigt s\u00e4tt. D\u00e5 \u00e4r jag s\u00e4ker p\u00e5 att l\u00e4karna och distriktssk\u00f6terskorna \u00e5ter igen kommer att s\u00f6ka sig till h\u00e4lsocentralerna. Personalen har gjort och g\u00f6r ett fantastiskt arbete f\u00f6r att ge den b\u00e4sta t\u00e4nkbara v\u00e5rd till v\u00e4sterbottningarna. Som patient hoppas jag att <a class=\"read-more-link\" href=\"https:\/\/wp.kristdemokraterna.se\/vasterbotten\/landstingets-arsredovisning-har-debatterats\/\">Read More<\/a><\/p>\n","protected":false},"author":31,"featured_media":0,"comment_status":"closed","ping_status":"open","sticky":false,"template":"","format":"standard","meta":{"_acf_changed":false,"footnotes":""},"categories":[3],"tags":[23,22,21],"class_list":["post-351","post","type-post","status-publish","format-standard","hentry","category-region","tag-forvaltarskap","tag-personal","tag-primarvarden"],"acf":[],"yoast_head":"<!-- This site is optimized with the Yoast SEO plugin v27.4 - https:\/\/yoast.com\/product\/yoast-seo-wordpress\/ -->\n<title>Landstingets \u00e5rsredovisning har debatterats - KRISTDEMOKRATERNA i V\u00e4sterbotten<\/title>\n<meta name=\"robots\" content=\"index, follow, max-snippet:-1, max-image-preview:large, max-video-preview:-1\" \/>\n<link rel=\"canonical\" href=\"https:\/\/wp.kristdemokraterna.se\/vasterbotten\/landstingets-arsredovisning-har-debatterats\/\" \/>\n<meta property=\"og:locale\" content=\"sv_SE\" \/>\n<meta property=\"og:type\" content=\"article\" \/>\n<meta property=\"og:title\" content=\"Landstingets \u00e5rsredovisning har debatterats - KRISTDEMOKRATERNA i V\u00e4sterbotten\" \/>\n<meta property=\"og:description\" content=\"&#8221;Landstinget m\u00e5ste ge personalen i prim\u00e4rv\u00e5rden rimliga f\u00f6ruts\u00e4ttningar att genomf\u00f6ra sina uppdrag p\u00e5 ett vettigt s\u00e4tt. D\u00e5 \u00e4r jag s\u00e4ker p\u00e5 att l\u00e4karna och distriktssk\u00f6terskorna \u00e5ter igen kommer att s\u00f6ka sig till h\u00e4lsocentralerna. Personalen har gjort och g\u00f6r ett fantastiskt arbete f\u00f6r att ge den b\u00e4sta t\u00e4nkbara v\u00e5rd till v\u00e4sterbottningarna. Som patient hoppas jag att Read More\" \/>\n<meta property=\"og:url\" content=\"https:\/\/wp.kristdemokraterna.se\/vasterbotten\/landstingets-arsredovisning-har-debatterats\/\" \/>\n<meta property=\"og:site_name\" content=\"KRISTDEMOKRATERNA i V\u00e4sterbotten\" \/>\n<meta property=\"article:publisher\" content=\"https:\/\/www.facebook.com\/kdvasterbotten\/\" \/>\n<meta property=\"article:published_time\" content=\"2013-04-10T08:32:41+00:00\" \/>\n<meta property=\"article:modified_time\" content=\"2013-06-18T08:12:58+00:00\" \/>\n<meta name=\"author\" content=\"vasterbotten\" \/>\n<meta name=\"twitter:card\" content=\"summary_large_image\" \/>\n<meta name=\"twitter:creator\" content=\"@kdvasterbotten\" \/>\n<meta name=\"twitter:site\" content=\"@kdvasterbotten\" \/>\n<meta name=\"twitter:label1\" content=\"Skriven av\" \/>\n\t<meta name=\"twitter:data1\" content=\"vasterbotten\" \/>\n\t<meta name=\"twitter:label2\" content=\"Ber\u00e4knad l\u00e4stid\" \/>\n\t<meta name=\"twitter:data2\" content=\"1 minut\" \/>\n<script type=\"application\/ld+json\" class=\"yoast-schema-graph\">{\"@context\":\"https:\\\/\\\/schema.org\",\"@graph\":[{\"@type\":\"Article\",\"@id\":\"https:\\\/\\\/wp.kristdemokraterna.se\\\/vasterbotten\\\/landstingets-arsredovisning-har-debatterats\\\/#article\",\"isPartOf\":{\"@id\":\"https:\\\/\\\/wp.kristdemokraterna.se\\\/vasterbotten\\\/landstingets-arsredovisning-har-debatterats\\\/\"},\"author\":{\"name\":\"vasterbotten\",\"@id\":\"https:\\\/\\\/wp.kristdemokraterna.se\\\/vasterbotten\\\/#\\\/schema\\\/person\\\/76df48c7a948639b55d24e5cbdc2bf8f\"},\"headline\":\"Landstingets \u00e5rsredovisning har debatterats\",\"datePublished\":\"2013-04-10T08:32:41+00:00\",\"dateModified\":\"2013-06-18T08:12:58+00:00\",\"mainEntityOfPage\":{\"@id\":\"https:\\\/\\\/wp.kristdemokraterna.se\\\/vasterbotten\\\/landstingets-arsredovisning-har-debatterats\\\/\"},\"wordCount\":214,\"keywords\":[\"f\u00f6rvaltarskap\",\"personal\",\"prim\u00e4rv\u00e5rden\"],\"articleSection\":[\"Region\"],\"inLanguage\":\"sv-SE\"},{\"@type\":\"WebPage\",\"@id\":\"https:\\\/\\\/wp.kristdemokraterna.se\\\/vasterbotten\\\/landstingets-arsredovisning-har-debatterats\\\/\",\"url\":\"https:\\\/\\\/wp.kristdemokraterna.se\\\/vasterbotten\\\/landstingets-arsredovisning-har-debatterats\\\/\",\"name\":\"Landstingets \u00e5rsredovisning har debatterats - KRISTDEMOKRATERNA i V\u00e4sterbotten\",\"isPartOf\":{\"@id\":\"https:\\\/\\\/wp.kristdemokraterna.se\\\/vasterbotten\\\/#website\"},\"datePublished\":\"2013-04-10T08:32:41+00:00\",\"dateModified\":\"2013-06-18T08:12:58+00:00\",\"author\":{\"@id\":\"https:\\\/\\\/wp.kristdemokraterna.se\\\/vasterbotten\\\/#\\\/schema\\\/person\\\/76df48c7a948639b55d24e5cbdc2bf8f\"},\"breadcrumb\":{\"@id\":\"https:\\\/\\\/wp.kristdemokraterna.se\\\/vasterbotten\\\/landstingets-arsredovisning-har-debatterats\\\/#breadcrumb\"},\"inLanguage\":\"sv-SE\",\"potentialAction\":[{\"@type\":\"ReadAction\",\"target\":[\"https:\\\/\\\/wp.kristdemokraterna.se\\\/vasterbotten\\\/landstingets-arsredovisning-har-debatterats\\\/\"]}]},{\"@type\":\"BreadcrumbList\",\"@id\":\"https:\\\/\\\/wp.kristdemokraterna.se\\\/vasterbotten\\\/landstingets-arsredovisning-har-debatterats\\\/#breadcrumb\",\"itemListElement\":[{\"@type\":\"ListItem\",\"position\":1,\"name\":\"Hem\",\"item\":\"https:\\\/\\\/wp.kristdemokraterna.se\\\/vasterbotten\\\/\"},{\"@type\":\"ListItem\",\"position\":2,\"name\":\"Landstingets \u00e5rsredovisning har debatterats\"}]},{\"@type\":\"WebSite\",\"@id\":\"https:\\\/\\\/wp.kristdemokraterna.se\\\/vasterbotten\\\/#website\",\"url\":\"https:\\\/\\\/wp.kristdemokraterna.se\\\/vasterbotten\\\/\",\"name\":\"KRISTDEMOKRATERNA i V\u00e4sterbotten\",\"description\":\"Varje m\u00e4nniska ska bem\u00f6tas med v\u00e4rdighet!\",\"inLanguage\":\"sv-SE\"},{\"@type\":\"Person\",\"@id\":\"https:\\\/\\\/wp.kristdemokraterna.se\\\/vasterbotten\\\/#\\\/schema\\\/person\\\/76df48c7a948639b55d24e5cbdc2bf8f\",\"name\":\"vasterbotten\",\"image\":{\"@type\":\"ImageObject\",\"inLanguage\":\"sv-SE\",\"@id\":\"https:\\\/\\\/secure.gravatar.com\\\/avatar\\\/1b166c6019db6128cf01be0910f312f1bf8363aef45fdd1c3f0f9d3ca000604f?s=96&d=mm&r=g\",\"url\":\"https:\\\/\\\/secure.gravatar.com\\\/avatar\\\/1b166c6019db6128cf01be0910f312f1bf8363aef45fdd1c3f0f9d3ca000604f?s=96&d=mm&r=g\",\"contentUrl\":\"https:\\\/\\\/secure.gravatar.com\\\/avatar\\\/1b166c6019db6128cf01be0910f312f1bf8363aef45fdd1c3f0f9d3ca000604f?s=96&d=mm&r=g\",\"caption\":\"vasterbotten\"},\"url\":\"https:\\\/\\\/wp.kristdemokraterna.se\\\/vasterbotten\\\/author\\\/vasterbotten\\\/\"}]}<\/script>\n<!-- \/ Yoast SEO plugin. -->","yoast_head_json":{"title":"Landstingets \u00e5rsredovisning har debatterats - KRISTDEMOKRATERNA i V\u00e4sterbotten","robots":{"index":"index","follow":"follow","max-snippet":"max-snippet:-1","max-image-preview":"max-image-preview:large","max-video-preview":"max-video-preview:-1"},"canonical":"https:\/\/wp.kristdemokraterna.se\/vasterbotten\/landstingets-arsredovisning-har-debatterats\/","og_locale":"sv_SE","og_type":"article","og_title":"Landstingets \u00e5rsredovisning har debatterats - KRISTDEMOKRATERNA i V\u00e4sterbotten","og_description":"&#8221;Landstinget m\u00e5ste ge personalen i prim\u00e4rv\u00e5rden rimliga f\u00f6ruts\u00e4ttningar att genomf\u00f6ra sina uppdrag p\u00e5 ett vettigt s\u00e4tt. D\u00e5 \u00e4r jag s\u00e4ker p\u00e5 att l\u00e4karna och distriktssk\u00f6terskorna \u00e5ter igen kommer att s\u00f6ka sig till h\u00e4lsocentralerna. Personalen har gjort och g\u00f6r ett fantastiskt arbete f\u00f6r att ge den b\u00e4sta t\u00e4nkbara v\u00e5rd till v\u00e4sterbottningarna. Som patient hoppas jag att Read More","og_url":"https:\/\/wp.kristdemokraterna.se\/vasterbotten\/landstingets-arsredovisning-har-debatterats\/","og_site_name":"KRISTDEMOKRATERNA i V\u00e4sterbotten","article_publisher":"https:\/\/www.facebook.com\/kdvasterbotten\/","article_published_time":"2013-04-10T08:32:41+00:00","article_modified_time":"2013-06-18T08:12:58+00:00","author":"vasterbotten","twitter_card":"summary_large_image","twitter_creator":"@kdvasterbotten","twitter_site":"@kdvasterbotten","twitter_misc":{"Skriven av":"vasterbotten","Ber\u00e4knad l\u00e4stid":"1 minut"},"schema":{"@context":"https:\/\/schema.org","@graph":[{"@type":"Article","@id":"https:\/\/wp.kristdemokraterna.se\/vasterbotten\/landstingets-arsredovisning-har-debatterats\/#article","isPartOf":{"@id":"https:\/\/wp.kristdemokraterna.se\/vasterbotten\/landstingets-arsredovisning-har-debatterats\/"},"author":{"name":"vasterbotten","@id":"https:\/\/wp.kristdemokraterna.se\/vasterbotten\/#\/schema\/person\/76df48c7a948639b55d24e5cbdc2bf8f"},"headline":"Landstingets \u00e5rsredovisning har debatterats","datePublished":"2013-04-10T08:32:41+00:00","dateModified":"2013-06-18T08:12:58+00:00","mainEntityOfPage":{"@id":"https:\/\/wp.kristdemokraterna.se\/vasterbotten\/landstingets-arsredovisning-har-debatterats\/"},"wordCount":214,"keywords":["f\u00f6rvaltarskap","personal","prim\u00e4rv\u00e5rden"],"articleSection":["Region"],"inLanguage":"sv-SE"},{"@type":"WebPage","@id":"https:\/\/wp.kristdemokraterna.se\/vasterbotten\/landstingets-arsredovisning-har-debatterats\/","url":"https:\/\/wp.kristdemokraterna.se\/vasterbotten\/landstingets-arsredovisning-har-debatterats\/","name":"Landstingets \u00e5rsredovisning har debatterats - KRISTDEMOKRATERNA i V\u00e4sterbotten","isPartOf":{"@id":"https:\/\/wp.kristdemokraterna.se\/vasterbotten\/#website"},"datePublished":"2013-04-10T08:32:41+00:00","dateModified":"2013-06-18T08:12:58+00:00","author":{"@id":"https:\/\/wp.kristdemokraterna.se\/vasterbotten\/#\/schema\/person\/76df48c7a948639b55d24e5cbdc2bf8f"},"breadcrumb":{"@id":"https:\/\/wp.kristdemokraterna.se\/vasterbotten\/landstingets-arsredovisning-har-debatterats\/#breadcrumb"},"inLanguage":"sv-SE","potentialAction":[{"@type":"ReadAction","target":["https:\/\/wp.kristdemokraterna.se\/vasterbotten\/landstingets-arsredovisning-har-debatterats\/"]}]},{"@type":"BreadcrumbList","@id":"https:\/\/wp.kristdemokraterna.se\/vasterbotten\/landstingets-arsredovisning-har-debatterats\/#breadcrumb","itemListElement":[{"@type":"ListItem","position":1,"name":"Hem","item":"https:\/\/wp.kristdemokraterna.se\/vasterbotten\/"},{"@type":"ListItem","position":2,"name":"Landstingets \u00e5rsredovisning har debatterats"}]},{"@type":"WebSite","@id":"https:\/\/wp.kristdemokraterna.se\/vasterbotten\/#website","url":"https:\/\/wp.kristdemokraterna.se\/vasterbotten\/","name":"KRISTDEMOKRATERNA i V\u00e4sterbotten","description":"Varje m\u00e4nniska ska bem\u00f6tas med v\u00e4rdighet!","inLanguage":"sv-SE"},{"@type":"Person","@id":"https:\/\/wp.kristdemokraterna.se\/vasterbotten\/#\/schema\/person\/76df48c7a948639b55d24e5cbdc2bf8f","name":"vasterbotten","image":{"@type":"ImageObject","inLanguage":"sv-SE","@id":"https:\/\/secure.gravatar.com\/avatar\/1b166c6019db6128cf01be0910f312f1bf8363aef45fdd1c3f0f9d3ca000604f?s=96&d=mm&r=g","url":"https:\/\/secure.gravatar.com\/avatar\/1b166c6019db6128cf01be0910f312f1bf8363aef45fdd1c3f0f9d3ca000604f?s=96&d=mm&r=g","contentUrl":"https:\/\/secure.gravatar.com\/avatar\/1b166c6019db6128cf01be0910f312f1bf8363aef45fdd1c3f0f9d3ca000604f?s=96&d=mm&r=g","caption":"vasterbotten"},"url":"https:\/\/wp.kristdemokraterna.se\/vasterbotten\/author\/vasterbotten\/"}]}},"_links":{"self":[{"href":"https:\/\/wp.kristdemokraterna.se\/vasterbotten\/wp-json\/wp\/v2\/posts\/351","targetHints":{"allow":["GET"]}}],"collection":[{"href":"https:\/\/wp.kristdemokraterna.se\/vasterbotten\/wp-json\/wp\/v2\/posts"}],"about":[{"href":"https:\/\/wp.kristdemokraterna.se\/vasterbotten\/wp-json\/wp\/v2\/types\/post"}],"author":[{"embeddable":true,"href":"https:\/\/wp.kristdemokraterna.se\/vasterbotten\/wp-json\/wp\/v2\/users\/31"}],"replies":[{"embeddable":true,"href":"https:\/\/wp.kristdemokraterna.se\/vasterbotten\/wp-json\/wp\/v2\/comments?post=351"}],"version-history":[{"count":3,"href":"https:\/\/wp.kristdemokraterna.se\/vasterbotten\/wp-json\/wp\/v2\/posts\/351\/revisions"}],"predecessor-version":[{"id":737,"href":"https:\/\/wp.kristdemokraterna.se\/vasterbotten\/wp-json\/wp\/v2\/posts\/351\/revisions\/737"}],"wp:attachment":[{"href":"https:\/\/wp.kristdemokraterna.se\/vasterbotten\/wp-json\/wp\/v2\/media?parent=351"}],"wp:term":[{"taxonomy":"category","embeddable":true,"href":"https:\/\/wp.kristdemokraterna.se\/vasterbotten\/wp-json\/wp\/v2\/categories?post=351"},{"taxonomy":"post_tag","embeddable":true,"href":"https:\/\/wp.kristdemokraterna.se\/vasterbotten\/wp-json\/wp\/v2\/tags?post=351"}],"curies":[{"name":"wp","href":"https:\/\/api.w.org\/{rel}","templated":true}]}}