{"id":373,"date":"2013-04-08T16:05:35","date_gmt":"2013-04-08T14:05:35","guid":{"rendered":"http:\/\/wp.kristdemokraterna.se\/vasterbotten\/?p=373"},"modified":"2013-06-18T10:15:01","modified_gmt":"2013-06-18T08:15:01","slug":"betald-specialistutbildning-for-sjukskoterskor-ar-ett-maste-for-varden","status":"publish","type":"post","link":"https:\/\/wp.kristdemokraterna.se\/vasterbotten\/betald-specialistutbildning-for-sjukskoterskor-ar-ett-maste-for-varden\/","title":{"rendered":"Betald specialistutbildning f\u00f6r sjuksk\u00f6terskor \u00e4r ett m\u00e5ste f\u00f6r v\u00e5rden"},"content":{"rendered":"<p><a href=\"http:\/\/wp.kristdemokraterna.se\/vasterbotten\/files\/2013\/01\/Birgitta_VIT_web.jpg\"><img loading=\"lazy\" decoding=\"async\" class=\"alignleft size-medium wp-image-240\" alt=\"Birgitta_VIT_web\" src=\"http:\/\/wp.kristdemokraterna.se\/vasterbotten\/files\/2013\/01\/Birgitta_VIT_web-199x300.jpg\" width=\"129\" height=\"173\" \/><\/a>En stor utmaning f\u00f6r svensk sjukv\u00e5rd \u00e4r att uppr\u00e4tth\u00e5lla kompetensen bland v\u00e5rdpersonalen. Inom flera omr\u00e5den r\u00e5der brist p\u00e5 beh\u00f6rig personal, i synnerhet sjuksk\u00f6terskor med relevant specialistutbildning. Dessutom kommer m\u00e5nga erfarna sjuksk\u00f6terskor att g\u00e5 i pension under kommande \u00e5r. D\u00e4rf\u00f6r \u00e4r det viktigt att utbildningen h\u00e5ller h\u00f6g kvalitet och att yrket \u00e4r attraktivt. Det m\u00e5ste hela tiden komma in nya kompetenta sjuksk\u00f6terskor i verksamheten, som f\u00e5r v\u00e4xa in i yrket i samspel med rutinerade kollegor. F\u00f6r att f\u00e5 fler sjuksk\u00f6terskor att vidareutbilda sig b\u00f6r de f\u00e5 sin specialistutbildning betald p\u00e5 liknande villkor som l\u00e4kare, som f\u00e5r g\u00f6ra sin specialiseringstj\u00e4nstg\u00f6ring (ST) under betald arbetstid. Idag kan en sjuksk\u00f6terska bli tvungen att ta tj\u00e4nstledigt och l\u00e5na pengar f\u00f6r att finansiera sina studier. Det sammanlaga inkomstbortfallet kan bli n\u00e4stan en kvarts miljon, enligt V\u00e5rdf\u00f6rbundets ber\u00e4kningar. Den blygsamma l\u00f6ne\u00f6kningen efter fullgjord utbildning kan inneb\u00e4ra att man f\u00e5r arbeta upp till19 \u00e5r innan utbildningen har l\u00f6nat sig. Det \u00e4r knappast ett framtidsscenario som lockar till vidareutbildning. Ett system med betald specialistutbildning f\u00f6r sjuksk\u00f6terskor i likhet med l\u00e4karnas ST-utbildning ger inte bara fler sjuksk\u00f6terskor till v\u00e5rden. Arbetsgivarna f\u00e5r st\u00f6rre m\u00f6jlighet att planera f\u00f6r kompetensf\u00f6rs\u00f6rjningen utifr\u00e5n de behov av specialistsjuksk\u00f6terskor de har inom sin verksamhet. Dessutom visar forskning att i verksamheter med en stor andel specialistutbildade sjuksk\u00f6terskor har en \u00f6kad kvalit\u00e9 och patients\u00e4kerhet. Som kristdemokrat vill jag arbeta f\u00f6r att sjuksk\u00f6terskor ska f\u00e5 rimliga ekonomiska villkor f\u00f6r sin specialistutbildning. Jag f\u00f6ruts\u00e4tter att fr\u00e5gan diskuteras och ligger h\u00f6gt upp p\u00e5 agendan i regeringskansliet. Politiker p\u00e5 olika niv\u00e5er m\u00e5ste ta ansvar f\u00f6r h\u00e4lso- och sjukv\u00e5rdens kompetensf\u00f6rs\u00f6rjning b\u00e5de p\u00e5 kort och p\u00e5 l\u00e5ng sikt, f\u00f6r att patienterna \u00e4ven i framtiden ska f\u00e5 en kvalitetss\u00e4ker v\u00e5rd.<\/p>\n<p>Birgitta Nordvall Gruppledare (KD) V\u00e4sterbotten l\u00e4ns landsting<\/p>\n","protected":false},"excerpt":{"rendered":"<p>En stor utmaning f\u00f6r svensk sjukv\u00e5rd \u00e4r att uppr\u00e4tth\u00e5lla kompetensen bland v\u00e5rdpersonalen. Inom flera omr\u00e5den r\u00e5der brist p\u00e5 beh\u00f6rig personal, i synnerhet sjuksk\u00f6terskor med relevant specialistutbildning. Dessutom kommer m\u00e5nga erfarna sjuksk\u00f6terskor att g\u00e5 i pension under kommande \u00e5r. D\u00e4rf\u00f6r \u00e4r det viktigt att utbildningen h\u00e5ller h\u00f6g kvalitet och att yrket \u00e4r attraktivt. Det m\u00e5ste hela <a class=\"read-more-link\" href=\"https:\/\/wp.kristdemokraterna.se\/vasterbotten\/betald-specialistutbildning-for-sjukskoterskor-ar-ett-maste-for-varden\/\">Read More<\/a><\/p>\n","protected":false},"author":31,"featured_media":0,"comment_status":"closed","ping_status":"open","sticky":false,"template":"","format":"standard","meta":{"_acf_changed":false,"footnotes":""},"categories":[3],"tags":[24,6,25],"class_list":["post-373","post","type-post","status-publish","format-standard","hentry","category-region","tag-kompetens","tag-landstinget-2","tag-specialistsjukskoterskor"],"acf":[],"yoast_head":"<!-- This site is optimized with the Yoast SEO plugin v27.4 - https:\/\/yoast.com\/product\/yoast-seo-wordpress\/ -->\n<title>Betald specialistutbildning f\u00f6r sjuksk\u00f6terskor \u00e4r ett m\u00e5ste f\u00f6r v\u00e5rden - KRISTDEMOKRATERNA i V\u00e4sterbotten<\/title>\n<meta name=\"robots\" content=\"index, follow, max-snippet:-1, max-image-preview:large, max-video-preview:-1\" \/>\n<link rel=\"canonical\" href=\"https:\/\/wp.kristdemokraterna.se\/vasterbotten\/betald-specialistutbildning-for-sjukskoterskor-ar-ett-maste-for-varden\/\" \/>\n<meta property=\"og:locale\" content=\"sv_SE\" \/>\n<meta property=\"og:type\" content=\"article\" \/>\n<meta property=\"og:title\" content=\"Betald specialistutbildning f\u00f6r sjuksk\u00f6terskor \u00e4r ett m\u00e5ste f\u00f6r v\u00e5rden - KRISTDEMOKRATERNA i V\u00e4sterbotten\" \/>\n<meta property=\"og:description\" content=\"En stor utmaning f\u00f6r svensk sjukv\u00e5rd \u00e4r att uppr\u00e4tth\u00e5lla kompetensen bland v\u00e5rdpersonalen. Inom flera omr\u00e5den r\u00e5der brist p\u00e5 beh\u00f6rig personal, i synnerhet sjuksk\u00f6terskor med relevant specialistutbildning. Dessutom kommer m\u00e5nga erfarna sjuksk\u00f6terskor att g\u00e5 i pension under kommande \u00e5r. D\u00e4rf\u00f6r \u00e4r det viktigt att utbildningen h\u00e5ller h\u00f6g kvalitet och att yrket \u00e4r attraktivt. Det m\u00e5ste hela Read More\" \/>\n<meta property=\"og:url\" content=\"https:\/\/wp.kristdemokraterna.se\/vasterbotten\/betald-specialistutbildning-for-sjukskoterskor-ar-ett-maste-for-varden\/\" \/>\n<meta property=\"og:site_name\" content=\"KRISTDEMOKRATERNA i V\u00e4sterbotten\" \/>\n<meta property=\"article:publisher\" content=\"https:\/\/www.facebook.com\/kdvasterbotten\/\" \/>\n<meta property=\"article:published_time\" content=\"2013-04-08T14:05:35+00:00\" \/>\n<meta property=\"article:modified_time\" content=\"2013-06-18T08:15:01+00:00\" \/>\n<meta property=\"og:image\" content=\"http:\/\/wp.kristdemokraterna.se\/vasterbotten\/files\/2013\/01\/Birgitta_VIT_web-199x300.jpg\" \/>\n<meta name=\"author\" content=\"vasterbotten\" \/>\n<meta name=\"twitter:card\" content=\"summary_large_image\" \/>\n<meta name=\"twitter:creator\" content=\"@kdvasterbotten\" \/>\n<meta name=\"twitter:site\" content=\"@kdvasterbotten\" \/>\n<meta name=\"twitter:label1\" content=\"Skriven av\" \/>\n\t<meta name=\"twitter:data1\" content=\"vasterbotten\" \/>\n\t<meta name=\"twitter:label2\" content=\"Ber\u00e4knad l\u00e4stid\" \/>\n\t<meta name=\"twitter:data2\" content=\"2 minuter\" \/>\n<script type=\"application\/ld+json\" class=\"yoast-schema-graph\">{\"@context\":\"https:\\\/\\\/schema.org\",\"@graph\":[{\"@type\":\"Article\",\"@id\":\"https:\\\/\\\/wp.kristdemokraterna.se\\\/vasterbotten\\\/betald-specialistutbildning-for-sjukskoterskor-ar-ett-maste-for-varden\\\/#article\",\"isPartOf\":{\"@id\":\"https:\\\/\\\/wp.kristdemokraterna.se\\\/vasterbotten\\\/betald-specialistutbildning-for-sjukskoterskor-ar-ett-maste-for-varden\\\/\"},\"author\":{\"name\":\"vasterbotten\",\"@id\":\"https:\\\/\\\/wp.kristdemokraterna.se\\\/vasterbotten\\\/#\\\/schema\\\/person\\\/76df48c7a948639b55d24e5cbdc2bf8f\"},\"headline\":\"Betald specialistutbildning f\u00f6r sjuksk\u00f6terskor \u00e4r ett m\u00e5ste f\u00f6r v\u00e5rden\",\"datePublished\":\"2013-04-08T14:05:35+00:00\",\"dateModified\":\"2013-06-18T08:15:01+00:00\",\"mainEntityOfPage\":{\"@id\":\"https:\\\/\\\/wp.kristdemokraterna.se\\\/vasterbotten\\\/betald-specialistutbildning-for-sjukskoterskor-ar-ett-maste-for-varden\\\/\"},\"wordCount\":371,\"image\":{\"@id\":\"https:\\\/\\\/wp.kristdemokraterna.se\\\/vasterbotten\\\/betald-specialistutbildning-for-sjukskoterskor-ar-ett-maste-for-varden\\\/#primaryimage\"},\"thumbnailUrl\":\"http:\\\/\\\/wp.kristdemokraterna.se\\\/vasterbotten\\\/files\\\/2013\\\/01\\\/Birgitta_VIT_web-199x300.jpg\",\"keywords\":[\"kompetens\",\"landstinget\",\"specialistsjuksk\u00f6terskor\"],\"articleSection\":[\"Region\"],\"inLanguage\":\"sv-SE\"},{\"@type\":\"WebPage\",\"@id\":\"https:\\\/\\\/wp.kristdemokraterna.se\\\/vasterbotten\\\/betald-specialistutbildning-for-sjukskoterskor-ar-ett-maste-for-varden\\\/\",\"url\":\"https:\\\/\\\/wp.kristdemokraterna.se\\\/vasterbotten\\\/betald-specialistutbildning-for-sjukskoterskor-ar-ett-maste-for-varden\\\/\",\"name\":\"Betald specialistutbildning f\u00f6r sjuksk\u00f6terskor \u00e4r ett m\u00e5ste f\u00f6r v\u00e5rden - KRISTDEMOKRATERNA i V\u00e4sterbotten\",\"isPartOf\":{\"@id\":\"https:\\\/\\\/wp.kristdemokraterna.se\\\/vasterbotten\\\/#website\"},\"primaryImageOfPage\":{\"@id\":\"https:\\\/\\\/wp.kristdemokraterna.se\\\/vasterbotten\\\/betald-specialistutbildning-for-sjukskoterskor-ar-ett-maste-for-varden\\\/#primaryimage\"},\"image\":{\"@id\":\"https:\\\/\\\/wp.kristdemokraterna.se\\\/vasterbotten\\\/betald-specialistutbildning-for-sjukskoterskor-ar-ett-maste-for-varden\\\/#primaryimage\"},\"thumbnailUrl\":\"http:\\\/\\\/wp.kristdemokraterna.se\\\/vasterbotten\\\/files\\\/2013\\\/01\\\/Birgitta_VIT_web-199x300.jpg\",\"datePublished\":\"2013-04-08T14:05:35+00:00\",\"dateModified\":\"2013-06-18T08:15:01+00:00\",\"author\":{\"@id\":\"https:\\\/\\\/wp.kristdemokraterna.se\\\/vasterbotten\\\/#\\\/schema\\\/person\\\/76df48c7a948639b55d24e5cbdc2bf8f\"},\"breadcrumb\":{\"@id\":\"https:\\\/\\\/wp.kristdemokraterna.se\\\/vasterbotten\\\/betald-specialistutbildning-for-sjukskoterskor-ar-ett-maste-for-varden\\\/#breadcrumb\"},\"inLanguage\":\"sv-SE\",\"potentialAction\":[{\"@type\":\"ReadAction\",\"target\":[\"https:\\\/\\\/wp.kristdemokraterna.se\\\/vasterbotten\\\/betald-specialistutbildning-for-sjukskoterskor-ar-ett-maste-for-varden\\\/\"]}]},{\"@type\":\"ImageObject\",\"inLanguage\":\"sv-SE\",\"@id\":\"https:\\\/\\\/wp.kristdemokraterna.se\\\/vasterbotten\\\/betald-specialistutbildning-for-sjukskoterskor-ar-ett-maste-for-varden\\\/#primaryimage\",\"url\":\"https:\\\/\\\/wp.kristdemokraterna.se\\\/vasterbotten\\\/files\\\/2013\\\/01\\\/Birgitta_VIT_web.jpg\",\"contentUrl\":\"https:\\\/\\\/wp.kristdemokraterna.se\\\/vasterbotten\\\/files\\\/2013\\\/01\\\/Birgitta_VIT_web.jpg\",\"width\":362,\"height\":545},{\"@type\":\"BreadcrumbList\",\"@id\":\"https:\\\/\\\/wp.kristdemokraterna.se\\\/vasterbotten\\\/betald-specialistutbildning-for-sjukskoterskor-ar-ett-maste-for-varden\\\/#breadcrumb\",\"itemListElement\":[{\"@type\":\"ListItem\",\"position\":1,\"name\":\"Hem\",\"item\":\"https:\\\/\\\/wp.kristdemokraterna.se\\\/vasterbotten\\\/\"},{\"@type\":\"ListItem\",\"position\":2,\"name\":\"Betald specialistutbildning f\u00f6r sjuksk\u00f6terskor \u00e4r ett m\u00e5ste f\u00f6r v\u00e5rden\"}]},{\"@type\":\"WebSite\",\"@id\":\"https:\\\/\\\/wp.kristdemokraterna.se\\\/vasterbotten\\\/#website\",\"url\":\"https:\\\/\\\/wp.kristdemokraterna.se\\\/vasterbotten\\\/\",\"name\":\"KRISTDEMOKRATERNA i V\u00e4sterbotten\",\"description\":\"Varje m\u00e4nniska ska bem\u00f6tas med v\u00e4rdighet!\",\"inLanguage\":\"sv-SE\"},{\"@type\":\"Person\",\"@id\":\"https:\\\/\\\/wp.kristdemokraterna.se\\\/vasterbotten\\\/#\\\/schema\\\/person\\\/76df48c7a948639b55d24e5cbdc2bf8f\",\"name\":\"vasterbotten\",\"image\":{\"@type\":\"ImageObject\",\"inLanguage\":\"sv-SE\",\"@id\":\"https:\\\/\\\/secure.gravatar.com\\\/avatar\\\/1b166c6019db6128cf01be0910f312f1bf8363aef45fdd1c3f0f9d3ca000604f?s=96&d=mm&r=g\",\"url\":\"https:\\\/\\\/secure.gravatar.com\\\/avatar\\\/1b166c6019db6128cf01be0910f312f1bf8363aef45fdd1c3f0f9d3ca000604f?s=96&d=mm&r=g\",\"contentUrl\":\"https:\\\/\\\/secure.gravatar.com\\\/avatar\\\/1b166c6019db6128cf01be0910f312f1bf8363aef45fdd1c3f0f9d3ca000604f?s=96&d=mm&r=g\",\"caption\":\"vasterbotten\"},\"url\":\"https:\\\/\\\/wp.kristdemokraterna.se\\\/vasterbotten\\\/author\\\/vasterbotten\\\/\"}]}<\/script>\n<!-- \/ Yoast SEO plugin. -->","yoast_head_json":{"title":"Betald specialistutbildning f\u00f6r sjuksk\u00f6terskor \u00e4r ett m\u00e5ste f\u00f6r v\u00e5rden - KRISTDEMOKRATERNA i V\u00e4sterbotten","robots":{"index":"index","follow":"follow","max-snippet":"max-snippet:-1","max-image-preview":"max-image-preview:large","max-video-preview":"max-video-preview:-1"},"canonical":"https:\/\/wp.kristdemokraterna.se\/vasterbotten\/betald-specialistutbildning-for-sjukskoterskor-ar-ett-maste-for-varden\/","og_locale":"sv_SE","og_type":"article","og_title":"Betald specialistutbildning f\u00f6r sjuksk\u00f6terskor \u00e4r ett m\u00e5ste f\u00f6r v\u00e5rden - KRISTDEMOKRATERNA i V\u00e4sterbotten","og_description":"En stor utmaning f\u00f6r svensk sjukv\u00e5rd \u00e4r att uppr\u00e4tth\u00e5lla kompetensen bland v\u00e5rdpersonalen. Inom flera omr\u00e5den r\u00e5der brist p\u00e5 beh\u00f6rig personal, i synnerhet sjuksk\u00f6terskor med relevant specialistutbildning. Dessutom kommer m\u00e5nga erfarna sjuksk\u00f6terskor att g\u00e5 i pension under kommande \u00e5r. D\u00e4rf\u00f6r \u00e4r det viktigt att utbildningen h\u00e5ller h\u00f6g kvalitet och att yrket \u00e4r attraktivt. Det m\u00e5ste hela Read More","og_url":"https:\/\/wp.kristdemokraterna.se\/vasterbotten\/betald-specialistutbildning-for-sjukskoterskor-ar-ett-maste-for-varden\/","og_site_name":"KRISTDEMOKRATERNA i V\u00e4sterbotten","article_publisher":"https:\/\/www.facebook.com\/kdvasterbotten\/","article_published_time":"2013-04-08T14:05:35+00:00","article_modified_time":"2013-06-18T08:15:01+00:00","og_image":[{"url":"http:\/\/wp.kristdemokraterna.se\/vasterbotten\/files\/2013\/01\/Birgitta_VIT_web-199x300.jpg","type":"","width":"","height":""}],"author":"vasterbotten","twitter_card":"summary_large_image","twitter_creator":"@kdvasterbotten","twitter_site":"@kdvasterbotten","twitter_misc":{"Skriven av":"vasterbotten","Ber\u00e4knad l\u00e4stid":"2 minuter"},"schema":{"@context":"https:\/\/schema.org","@graph":[{"@type":"Article","@id":"https:\/\/wp.kristdemokraterna.se\/vasterbotten\/betald-specialistutbildning-for-sjukskoterskor-ar-ett-maste-for-varden\/#article","isPartOf":{"@id":"https:\/\/wp.kristdemokraterna.se\/vasterbotten\/betald-specialistutbildning-for-sjukskoterskor-ar-ett-maste-for-varden\/"},"author":{"name":"vasterbotten","@id":"https:\/\/wp.kristdemokraterna.se\/vasterbotten\/#\/schema\/person\/76df48c7a948639b55d24e5cbdc2bf8f"},"headline":"Betald specialistutbildning f\u00f6r sjuksk\u00f6terskor \u00e4r ett m\u00e5ste f\u00f6r v\u00e5rden","datePublished":"2013-04-08T14:05:35+00:00","dateModified":"2013-06-18T08:15:01+00:00","mainEntityOfPage":{"@id":"https:\/\/wp.kristdemokraterna.se\/vasterbotten\/betald-specialistutbildning-for-sjukskoterskor-ar-ett-maste-for-varden\/"},"wordCount":371,"image":{"@id":"https:\/\/wp.kristdemokraterna.se\/vasterbotten\/betald-specialistutbildning-for-sjukskoterskor-ar-ett-maste-for-varden\/#primaryimage"},"thumbnailUrl":"http:\/\/wp.kristdemokraterna.se\/vasterbotten\/files\/2013\/01\/Birgitta_VIT_web-199x300.jpg","keywords":["kompetens","landstinget","specialistsjuksk\u00f6terskor"],"articleSection":["Region"],"inLanguage":"sv-SE"},{"@type":"WebPage","@id":"https:\/\/wp.kristdemokraterna.se\/vasterbotten\/betald-specialistutbildning-for-sjukskoterskor-ar-ett-maste-for-varden\/","url":"https:\/\/wp.kristdemokraterna.se\/vasterbotten\/betald-specialistutbildning-for-sjukskoterskor-ar-ett-maste-for-varden\/","name":"Betald specialistutbildning f\u00f6r sjuksk\u00f6terskor \u00e4r ett m\u00e5ste f\u00f6r v\u00e5rden - KRISTDEMOKRATERNA i V\u00e4sterbotten","isPartOf":{"@id":"https:\/\/wp.kristdemokraterna.se\/vasterbotten\/#website"},"primaryImageOfPage":{"@id":"https:\/\/wp.kristdemokraterna.se\/vasterbotten\/betald-specialistutbildning-for-sjukskoterskor-ar-ett-maste-for-varden\/#primaryimage"},"image":{"@id":"https:\/\/wp.kristdemokraterna.se\/vasterbotten\/betald-specialistutbildning-for-sjukskoterskor-ar-ett-maste-for-varden\/#primaryimage"},"thumbnailUrl":"http:\/\/wp.kristdemokraterna.se\/vasterbotten\/files\/2013\/01\/Birgitta_VIT_web-199x300.jpg","datePublished":"2013-04-08T14:05:35+00:00","dateModified":"2013-06-18T08:15:01+00:00","author":{"@id":"https:\/\/wp.kristdemokraterna.se\/vasterbotten\/#\/schema\/person\/76df48c7a948639b55d24e5cbdc2bf8f"},"breadcrumb":{"@id":"https:\/\/wp.kristdemokraterna.se\/vasterbotten\/betald-specialistutbildning-for-sjukskoterskor-ar-ett-maste-for-varden\/#breadcrumb"},"inLanguage":"sv-SE","potentialAction":[{"@type":"ReadAction","target":["https:\/\/wp.kristdemokraterna.se\/vasterbotten\/betald-specialistutbildning-for-sjukskoterskor-ar-ett-maste-for-varden\/"]}]},{"@type":"ImageObject","inLanguage":"sv-SE","@id":"https:\/\/wp.kristdemokraterna.se\/vasterbotten\/betald-specialistutbildning-for-sjukskoterskor-ar-ett-maste-for-varden\/#primaryimage","url":"https:\/\/wp.kristdemokraterna.se\/vasterbotten\/files\/2013\/01\/Birgitta_VIT_web.jpg","contentUrl":"https:\/\/wp.kristdemokraterna.se\/vasterbotten\/files\/2013\/01\/Birgitta_VIT_web.jpg","width":362,"height":545},{"@type":"BreadcrumbList","@id":"https:\/\/wp.kristdemokraterna.se\/vasterbotten\/betald-specialistutbildning-for-sjukskoterskor-ar-ett-maste-for-varden\/#breadcrumb","itemListElement":[{"@type":"ListItem","position":1,"name":"Hem","item":"https:\/\/wp.kristdemokraterna.se\/vasterbotten\/"},{"@type":"ListItem","position":2,"name":"Betald specialistutbildning f\u00f6r sjuksk\u00f6terskor \u00e4r ett m\u00e5ste f\u00f6r v\u00e5rden"}]},{"@type":"WebSite","@id":"https:\/\/wp.kristdemokraterna.se\/vasterbotten\/#website","url":"https:\/\/wp.kristdemokraterna.se\/vasterbotten\/","name":"KRISTDEMOKRATERNA i V\u00e4sterbotten","description":"Varje m\u00e4nniska ska bem\u00f6tas med v\u00e4rdighet!","inLanguage":"sv-SE"},{"@type":"Person","@id":"https:\/\/wp.kristdemokraterna.se\/vasterbotten\/#\/schema\/person\/76df48c7a948639b55d24e5cbdc2bf8f","name":"vasterbotten","image":{"@type":"ImageObject","inLanguage":"sv-SE","@id":"https:\/\/secure.gravatar.com\/avatar\/1b166c6019db6128cf01be0910f312f1bf8363aef45fdd1c3f0f9d3ca000604f?s=96&d=mm&r=g","url":"https:\/\/secure.gravatar.com\/avatar\/1b166c6019db6128cf01be0910f312f1bf8363aef45fdd1c3f0f9d3ca000604f?s=96&d=mm&r=g","contentUrl":"https:\/\/secure.gravatar.com\/avatar\/1b166c6019db6128cf01be0910f312f1bf8363aef45fdd1c3f0f9d3ca000604f?s=96&d=mm&r=g","caption":"vasterbotten"},"url":"https:\/\/wp.kristdemokraterna.se\/vasterbotten\/author\/vasterbotten\/"}]}},"_links":{"self":[{"href":"https:\/\/wp.kristdemokraterna.se\/vasterbotten\/wp-json\/wp\/v2\/posts\/373","targetHints":{"allow":["GET"]}}],"collection":[{"href":"https:\/\/wp.kristdemokraterna.se\/vasterbotten\/wp-json\/wp\/v2\/posts"}],"about":[{"href":"https:\/\/wp.kristdemokraterna.se\/vasterbotten\/wp-json\/wp\/v2\/types\/post"}],"author":[{"embeddable":true,"href":"https:\/\/wp.kristdemokraterna.se\/vasterbotten\/wp-json\/wp\/v2\/users\/31"}],"replies":[{"embeddable":true,"href":"https:\/\/wp.kristdemokraterna.se\/vasterbotten\/wp-json\/wp\/v2\/comments?post=373"}],"version-history":[{"count":5,"href":"https:\/\/wp.kristdemokraterna.se\/vasterbotten\/wp-json\/wp\/v2\/posts\/373\/revisions"}],"predecessor-version":[{"id":739,"href":"https:\/\/wp.kristdemokraterna.se\/vasterbotten\/wp-json\/wp\/v2\/posts\/373\/revisions\/739"}],"wp:attachment":[{"href":"https:\/\/wp.kristdemokraterna.se\/vasterbotten\/wp-json\/wp\/v2\/media?parent=373"}],"wp:term":[{"taxonomy":"category","embeddable":true,"href":"https:\/\/wp.kristdemokraterna.se\/vasterbotten\/wp-json\/wp\/v2\/categories?post=373"},{"taxonomy":"post_tag","embeddable":true,"href":"https:\/\/wp.kristdemokraterna.se\/vasterbotten\/wp-json\/wp\/v2\/tags?post=373"}],"curies":[{"name":"wp","href":"https:\/\/api.w.org\/{rel}","templated":true}]}}