{"id":612,"date":"2013-04-30T10:56:36","date_gmt":"2013-04-30T08:56:36","guid":{"rendered":"http:\/\/wp.kristdemokraterna.se\/vasterbotten\/?p=612"},"modified":"2013-06-18T10:09:37","modified_gmt":"2013-06-18T08:09:37","slug":"folkomrostningen-for-inlandssjukvarden","status":"publish","type":"post","link":"https:\/\/wp.kristdemokraterna.se\/vasterbotten\/folkomrostningen-for-inlandssjukvarden\/","title":{"rendered":"Folkomr\u00f6stningen f\u00f6r inlandssjukv\u00e5rden"},"content":{"rendered":"<address>Vid landstingsfullm\u00e4ktiges sammantr\u00e4de i april debatterades kristdemokraternas interpellation om j\u00e4mlik v\u00e5rd ocks\u00e5 f\u00f6r funktionshindrade. Det blev ocks\u00e5 en bra debatt runt interpellationen ang\u00e5ende sjukhusmaten. Valdag f\u00f6r folkomr\u00f6stningen om inlandssjukv\u00e5rden fastst\u00e4lldes till den 8 september utan l\u00e4ngre diskussion.<\/address>\n<address>Majoriteten vill l\u00e4gga ansvaret f\u00f6r folkomr\u00f6stningen p\u00e5 Alliansen men det \u00e4r socialdemokraterna och milj\u00f6partiets f\u00f6rs\u00e4mringspolitik som lett fram till inlandsupproret och folkinitiativet. S+MP kunde n\u00e4r som helst ha backat om nedl\u00e4ggningen av akutv\u00e5rdsplatserna i Dorotea och indragningen av ambulansen i \u00c5sele. De 15 miljonerna som folkomr\u00f6stningen ber\u00e4knas kosta hade beh\u00f6vts allt f\u00f6r v\u00e4l i sjukv\u00e5rden! Men majoriteten v\u00e4grar att l\u00e4gga ned prestigen!<\/address>\n<address>Nu g\u00e4ller det att v\u00e4sterbottningarna g\u00e5r man ur huse och r\u00f6star den 8 september f\u00f6r en j\u00e4mlik och solidarisk sjukv\u00e5rd i hela l\u00e4net!<\/address>\n","protected":false},"excerpt":{"rendered":"<p>Vid landstingsfullm\u00e4ktiges sammantr\u00e4de i april debatterades kristdemokraternas interpellation om j\u00e4mlik v\u00e5rd ocks\u00e5 f\u00f6r funktionshindrade. Det blev ocks\u00e5 en bra debatt runt interpellationen ang\u00e5ende sjukhusmaten. Valdag f\u00f6r folkomr\u00f6stningen om inlandssjukv\u00e5rden fastst\u00e4lldes till den 8 september utan l\u00e4ngre diskussion. Majoriteten vill l\u00e4gga ansvaret f\u00f6r folkomr\u00f6stningen p\u00e5 Alliansen men det \u00e4r socialdemokraterna och milj\u00f6partiets f\u00f6rs\u00e4mringspolitik som lett fram <a class=\"read-more-link\" href=\"https:\/\/wp.kristdemokraterna.se\/vasterbotten\/folkomrostningen-for-inlandssjukvarden\/\">Read More<\/a><\/p>\n","protected":false},"author":31,"featured_media":0,"comment_status":"closed","ping_status":"open","sticky":false,"template":"","format":"standard","meta":{"_acf_changed":false,"footnotes":""},"categories":[3],"tags":[14,15,13,16],"class_list":["post-612","post","type-post","status-publish","format-standard","hentry","category-region","tag-asele","tag-dorotea","tag-folkomrostning","tag-inlandssjukvard"],"acf":[],"yoast_head":"<!-- This site is optimized with the Yoast SEO plugin v27.4 - https:\/\/yoast.com\/product\/yoast-seo-wordpress\/ -->\n<title>Folkomr\u00f6stningen f\u00f6r inlandssjukv\u00e5rden - KRISTDEMOKRATERNA i V\u00e4sterbotten<\/title>\n<meta name=\"robots\" content=\"index, follow, max-snippet:-1, max-image-preview:large, max-video-preview:-1\" \/>\n<link rel=\"canonical\" href=\"https:\/\/wp.kristdemokraterna.se\/vasterbotten\/folkomrostningen-for-inlandssjukvarden\/\" \/>\n<meta property=\"og:locale\" content=\"sv_SE\" \/>\n<meta property=\"og:type\" content=\"article\" \/>\n<meta property=\"og:title\" content=\"Folkomr\u00f6stningen f\u00f6r inlandssjukv\u00e5rden - KRISTDEMOKRATERNA i V\u00e4sterbotten\" \/>\n<meta property=\"og:description\" content=\"Vid landstingsfullm\u00e4ktiges sammantr\u00e4de i april debatterades kristdemokraternas interpellation om j\u00e4mlik v\u00e5rd ocks\u00e5 f\u00f6r funktionshindrade. Det blev ocks\u00e5 en bra debatt runt interpellationen ang\u00e5ende sjukhusmaten. Valdag f\u00f6r folkomr\u00f6stningen om inlandssjukv\u00e5rden fastst\u00e4lldes till den 8 september utan l\u00e4ngre diskussion. Majoriteten vill l\u00e4gga ansvaret f\u00f6r folkomr\u00f6stningen p\u00e5 Alliansen men det \u00e4r socialdemokraterna och milj\u00f6partiets f\u00f6rs\u00e4mringspolitik som lett fram Read More\" \/>\n<meta property=\"og:url\" content=\"https:\/\/wp.kristdemokraterna.se\/vasterbotten\/folkomrostningen-for-inlandssjukvarden\/\" \/>\n<meta property=\"og:site_name\" content=\"KRISTDEMOKRATERNA i V\u00e4sterbotten\" \/>\n<meta property=\"article:publisher\" content=\"https:\/\/www.facebook.com\/kdvasterbotten\/\" \/>\n<meta property=\"article:published_time\" content=\"2013-04-30T08:56:36+00:00\" \/>\n<meta property=\"article:modified_time\" content=\"2013-06-18T08:09:37+00:00\" \/>\n<meta name=\"author\" content=\"vasterbotten\" \/>\n<meta name=\"twitter:card\" content=\"summary_large_image\" \/>\n<meta name=\"twitter:creator\" content=\"@kdvasterbotten\" \/>\n<meta name=\"twitter:site\" content=\"@kdvasterbotten\" \/>\n<meta name=\"twitter:label1\" content=\"Skriven av\" \/>\n\t<meta name=\"twitter:data1\" content=\"vasterbotten\" \/>\n\t<meta name=\"twitter:label2\" content=\"Ber\u00e4knad l\u00e4stid\" \/>\n\t<meta name=\"twitter:data2\" content=\"1 minut\" \/>\n<script type=\"application\/ld+json\" class=\"yoast-schema-graph\">{\"@context\":\"https:\\\/\\\/schema.org\",\"@graph\":[{\"@type\":\"Article\",\"@id\":\"https:\\\/\\\/wp.kristdemokraterna.se\\\/vasterbotten\\\/folkomrostningen-for-inlandssjukvarden\\\/#article\",\"isPartOf\":{\"@id\":\"https:\\\/\\\/wp.kristdemokraterna.se\\\/vasterbotten\\\/folkomrostningen-for-inlandssjukvarden\\\/\"},\"author\":{\"name\":\"vasterbotten\",\"@id\":\"https:\\\/\\\/wp.kristdemokraterna.se\\\/vasterbotten\\\/#\\\/schema\\\/person\\\/76df48c7a948639b55d24e5cbdc2bf8f\"},\"headline\":\"Folkomr\u00f6stningen f\u00f6r inlandssjukv\u00e5rden\",\"datePublished\":\"2013-04-30T08:56:36+00:00\",\"dateModified\":\"2013-06-18T08:09:37+00:00\",\"mainEntityOfPage\":{\"@id\":\"https:\\\/\\\/wp.kristdemokraterna.se\\\/vasterbotten\\\/folkomrostningen-for-inlandssjukvarden\\\/\"},\"wordCount\":162,\"keywords\":[\"\u00e5sele\",\"dorotea\",\"folkomr\u00f6stning\",\"inlandssjukv\u00e5rd\"],\"articleSection\":[\"Region\"],\"inLanguage\":\"sv-SE\"},{\"@type\":\"WebPage\",\"@id\":\"https:\\\/\\\/wp.kristdemokraterna.se\\\/vasterbotten\\\/folkomrostningen-for-inlandssjukvarden\\\/\",\"url\":\"https:\\\/\\\/wp.kristdemokraterna.se\\\/vasterbotten\\\/folkomrostningen-for-inlandssjukvarden\\\/\",\"name\":\"Folkomr\u00f6stningen f\u00f6r inlandssjukv\u00e5rden - KRISTDEMOKRATERNA i V\u00e4sterbotten\",\"isPartOf\":{\"@id\":\"https:\\\/\\\/wp.kristdemokraterna.se\\\/vasterbotten\\\/#website\"},\"datePublished\":\"2013-04-30T08:56:36+00:00\",\"dateModified\":\"2013-06-18T08:09:37+00:00\",\"author\":{\"@id\":\"https:\\\/\\\/wp.kristdemokraterna.se\\\/vasterbotten\\\/#\\\/schema\\\/person\\\/76df48c7a948639b55d24e5cbdc2bf8f\"},\"breadcrumb\":{\"@id\":\"https:\\\/\\\/wp.kristdemokraterna.se\\\/vasterbotten\\\/folkomrostningen-for-inlandssjukvarden\\\/#breadcrumb\"},\"inLanguage\":\"sv-SE\",\"potentialAction\":[{\"@type\":\"ReadAction\",\"target\":[\"https:\\\/\\\/wp.kristdemokraterna.se\\\/vasterbotten\\\/folkomrostningen-for-inlandssjukvarden\\\/\"]}]},{\"@type\":\"BreadcrumbList\",\"@id\":\"https:\\\/\\\/wp.kristdemokraterna.se\\\/vasterbotten\\\/folkomrostningen-for-inlandssjukvarden\\\/#breadcrumb\",\"itemListElement\":[{\"@type\":\"ListItem\",\"position\":1,\"name\":\"Hem\",\"item\":\"https:\\\/\\\/wp.kristdemokraterna.se\\\/vasterbotten\\\/\"},{\"@type\":\"ListItem\",\"position\":2,\"name\":\"Folkomr\u00f6stningen f\u00f6r inlandssjukv\u00e5rden\"}]},{\"@type\":\"WebSite\",\"@id\":\"https:\\\/\\\/wp.kristdemokraterna.se\\\/vasterbotten\\\/#website\",\"url\":\"https:\\\/\\\/wp.kristdemokraterna.se\\\/vasterbotten\\\/\",\"name\":\"KRISTDEMOKRATERNA i V\u00e4sterbotten\",\"description\":\"Varje m\u00e4nniska ska bem\u00f6tas med v\u00e4rdighet!\",\"inLanguage\":\"sv-SE\"},{\"@type\":\"Person\",\"@id\":\"https:\\\/\\\/wp.kristdemokraterna.se\\\/vasterbotten\\\/#\\\/schema\\\/person\\\/76df48c7a948639b55d24e5cbdc2bf8f\",\"name\":\"vasterbotten\",\"image\":{\"@type\":\"ImageObject\",\"inLanguage\":\"sv-SE\",\"@id\":\"https:\\\/\\\/secure.gravatar.com\\\/avatar\\\/1b166c6019db6128cf01be0910f312f1bf8363aef45fdd1c3f0f9d3ca000604f?s=96&d=mm&r=g\",\"url\":\"https:\\\/\\\/secure.gravatar.com\\\/avatar\\\/1b166c6019db6128cf01be0910f312f1bf8363aef45fdd1c3f0f9d3ca000604f?s=96&d=mm&r=g\",\"contentUrl\":\"https:\\\/\\\/secure.gravatar.com\\\/avatar\\\/1b166c6019db6128cf01be0910f312f1bf8363aef45fdd1c3f0f9d3ca000604f?s=96&d=mm&r=g\",\"caption\":\"vasterbotten\"},\"url\":\"https:\\\/\\\/wp.kristdemokraterna.se\\\/vasterbotten\\\/author\\\/vasterbotten\\\/\"}]}<\/script>\n<!-- \/ Yoast SEO plugin. -->","yoast_head_json":{"title":"Folkomr\u00f6stningen f\u00f6r inlandssjukv\u00e5rden - KRISTDEMOKRATERNA i V\u00e4sterbotten","robots":{"index":"index","follow":"follow","max-snippet":"max-snippet:-1","max-image-preview":"max-image-preview:large","max-video-preview":"max-video-preview:-1"},"canonical":"https:\/\/wp.kristdemokraterna.se\/vasterbotten\/folkomrostningen-for-inlandssjukvarden\/","og_locale":"sv_SE","og_type":"article","og_title":"Folkomr\u00f6stningen f\u00f6r inlandssjukv\u00e5rden - KRISTDEMOKRATERNA i V\u00e4sterbotten","og_description":"Vid landstingsfullm\u00e4ktiges sammantr\u00e4de i april debatterades kristdemokraternas interpellation om j\u00e4mlik v\u00e5rd ocks\u00e5 f\u00f6r funktionshindrade. Det blev ocks\u00e5 en bra debatt runt interpellationen ang\u00e5ende sjukhusmaten. Valdag f\u00f6r folkomr\u00f6stningen om inlandssjukv\u00e5rden fastst\u00e4lldes till den 8 september utan l\u00e4ngre diskussion. Majoriteten vill l\u00e4gga ansvaret f\u00f6r folkomr\u00f6stningen p\u00e5 Alliansen men det \u00e4r socialdemokraterna och milj\u00f6partiets f\u00f6rs\u00e4mringspolitik som lett fram Read More","og_url":"https:\/\/wp.kristdemokraterna.se\/vasterbotten\/folkomrostningen-for-inlandssjukvarden\/","og_site_name":"KRISTDEMOKRATERNA i V\u00e4sterbotten","article_publisher":"https:\/\/www.facebook.com\/kdvasterbotten\/","article_published_time":"2013-04-30T08:56:36+00:00","article_modified_time":"2013-06-18T08:09:37+00:00","author":"vasterbotten","twitter_card":"summary_large_image","twitter_creator":"@kdvasterbotten","twitter_site":"@kdvasterbotten","twitter_misc":{"Skriven av":"vasterbotten","Ber\u00e4knad l\u00e4stid":"1 minut"},"schema":{"@context":"https:\/\/schema.org","@graph":[{"@type":"Article","@id":"https:\/\/wp.kristdemokraterna.se\/vasterbotten\/folkomrostningen-for-inlandssjukvarden\/#article","isPartOf":{"@id":"https:\/\/wp.kristdemokraterna.se\/vasterbotten\/folkomrostningen-for-inlandssjukvarden\/"},"author":{"name":"vasterbotten","@id":"https:\/\/wp.kristdemokraterna.se\/vasterbotten\/#\/schema\/person\/76df48c7a948639b55d24e5cbdc2bf8f"},"headline":"Folkomr\u00f6stningen f\u00f6r inlandssjukv\u00e5rden","datePublished":"2013-04-30T08:56:36+00:00","dateModified":"2013-06-18T08:09:37+00:00","mainEntityOfPage":{"@id":"https:\/\/wp.kristdemokraterna.se\/vasterbotten\/folkomrostningen-for-inlandssjukvarden\/"},"wordCount":162,"keywords":["\u00e5sele","dorotea","folkomr\u00f6stning","inlandssjukv\u00e5rd"],"articleSection":["Region"],"inLanguage":"sv-SE"},{"@type":"WebPage","@id":"https:\/\/wp.kristdemokraterna.se\/vasterbotten\/folkomrostningen-for-inlandssjukvarden\/","url":"https:\/\/wp.kristdemokraterna.se\/vasterbotten\/folkomrostningen-for-inlandssjukvarden\/","name":"Folkomr\u00f6stningen f\u00f6r inlandssjukv\u00e5rden - KRISTDEMOKRATERNA i V\u00e4sterbotten","isPartOf":{"@id":"https:\/\/wp.kristdemokraterna.se\/vasterbotten\/#website"},"datePublished":"2013-04-30T08:56:36+00:00","dateModified":"2013-06-18T08:09:37+00:00","author":{"@id":"https:\/\/wp.kristdemokraterna.se\/vasterbotten\/#\/schema\/person\/76df48c7a948639b55d24e5cbdc2bf8f"},"breadcrumb":{"@id":"https:\/\/wp.kristdemokraterna.se\/vasterbotten\/folkomrostningen-for-inlandssjukvarden\/#breadcrumb"},"inLanguage":"sv-SE","potentialAction":[{"@type":"ReadAction","target":["https:\/\/wp.kristdemokraterna.se\/vasterbotten\/folkomrostningen-for-inlandssjukvarden\/"]}]},{"@type":"BreadcrumbList","@id":"https:\/\/wp.kristdemokraterna.se\/vasterbotten\/folkomrostningen-for-inlandssjukvarden\/#breadcrumb","itemListElement":[{"@type":"ListItem","position":1,"name":"Hem","item":"https:\/\/wp.kristdemokraterna.se\/vasterbotten\/"},{"@type":"ListItem","position":2,"name":"Folkomr\u00f6stningen f\u00f6r inlandssjukv\u00e5rden"}]},{"@type":"WebSite","@id":"https:\/\/wp.kristdemokraterna.se\/vasterbotten\/#website","url":"https:\/\/wp.kristdemokraterna.se\/vasterbotten\/","name":"KRISTDEMOKRATERNA i V\u00e4sterbotten","description":"Varje m\u00e4nniska ska bem\u00f6tas med v\u00e4rdighet!","inLanguage":"sv-SE"},{"@type":"Person","@id":"https:\/\/wp.kristdemokraterna.se\/vasterbotten\/#\/schema\/person\/76df48c7a948639b55d24e5cbdc2bf8f","name":"vasterbotten","image":{"@type":"ImageObject","inLanguage":"sv-SE","@id":"https:\/\/secure.gravatar.com\/avatar\/1b166c6019db6128cf01be0910f312f1bf8363aef45fdd1c3f0f9d3ca000604f?s=96&d=mm&r=g","url":"https:\/\/secure.gravatar.com\/avatar\/1b166c6019db6128cf01be0910f312f1bf8363aef45fdd1c3f0f9d3ca000604f?s=96&d=mm&r=g","contentUrl":"https:\/\/secure.gravatar.com\/avatar\/1b166c6019db6128cf01be0910f312f1bf8363aef45fdd1c3f0f9d3ca000604f?s=96&d=mm&r=g","caption":"vasterbotten"},"url":"https:\/\/wp.kristdemokraterna.se\/vasterbotten\/author\/vasterbotten\/"}]}},"_links":{"self":[{"href":"https:\/\/wp.kristdemokraterna.se\/vasterbotten\/wp-json\/wp\/v2\/posts\/612","targetHints":{"allow":["GET"]}}],"collection":[{"href":"https:\/\/wp.kristdemokraterna.se\/vasterbotten\/wp-json\/wp\/v2\/posts"}],"about":[{"href":"https:\/\/wp.kristdemokraterna.se\/vasterbotten\/wp-json\/wp\/v2\/types\/post"}],"author":[{"embeddable":true,"href":"https:\/\/wp.kristdemokraterna.se\/vasterbotten\/wp-json\/wp\/v2\/users\/31"}],"replies":[{"embeddable":true,"href":"https:\/\/wp.kristdemokraterna.se\/vasterbotten\/wp-json\/wp\/v2\/comments?post=612"}],"version-history":[{"count":3,"href":"https:\/\/wp.kristdemokraterna.se\/vasterbotten\/wp-json\/wp\/v2\/posts\/612\/revisions"}],"predecessor-version":[{"id":733,"href":"https:\/\/wp.kristdemokraterna.se\/vasterbotten\/wp-json\/wp\/v2\/posts\/612\/revisions\/733"}],"wp:attachment":[{"href":"https:\/\/wp.kristdemokraterna.se\/vasterbotten\/wp-json\/wp\/v2\/media?parent=612"}],"wp:term":[{"taxonomy":"category","embeddable":true,"href":"https:\/\/wp.kristdemokraterna.se\/vasterbotten\/wp-json\/wp\/v2\/categories?post=612"},{"taxonomy":"post_tag","embeddable":true,"href":"https:\/\/wp.kristdemokraterna.se\/vasterbotten\/wp-json\/wp\/v2\/tags?post=612"}],"curies":[{"name":"wp","href":"https:\/\/api.w.org\/{rel}","templated":true}]}}