{"id":703,"date":"2013-06-05T10:59:55","date_gmt":"2013-06-05T08:59:55","guid":{"rendered":"http:\/\/wp.kristdemokraterna.se\/vasterbotten\/?p=703"},"modified":"2013-06-18T10:05:11","modified_gmt":"2013-06-18T08:05:11","slug":"socialdemokraterna-vagrar-debattera-kd-motion","status":"publish","type":"post","link":"https:\/\/wp.kristdemokraterna.se\/vasterbotten\/socialdemokraterna-vagrar-debattera-kd-motion\/","title":{"rendered":"Socialdemokraterna v\u00e4grar debattera KD-motion"},"content":{"rendered":"<p>F\u00f6r precis ett \u00e5r sedan l\u00e4mnade kristdemokraterna in en motion till landstingsfullm\u00e4ktige d\u00e4r jag f\u00f6reslog att landstinget skulle ans\u00f6ka om att bli en direktvald regionkommun med ansvar f\u00f6r bland annat sjukv\u00e5rd och regional utveckling. Det skulle bli mer demokratiskt och kostnadseffektivt \u00e4n som idag ha tv\u00e5 organisationer, b\u00e5de landstinget och Region V\u00e4sterbotten som har ett indirekt valt parlament.<\/p>\n<p>Varje inl\u00e4mnad motion ska enligt lagen leda till ett beslut av fullm\u00e4ktige inom ett \u00e5r. Trots detta anser socialdemokraterna att motionen fr\u00e5n kristdemokraterna ska \u00e5terremitteras p\u00e5 obest\u00e4md tid med motiveringen att man \u00e4nnu inte vet hur staten t\u00e4nker \u00e4ndra dagens modell f\u00f6r det regionala utvecklingsansvaret.<\/p>\n<p>Det \u00e4r anm\u00e4rkningsv\u00e4rt att majoriteten i landstinget (S och MP) f\u00f6rv\u00e4grar oss den demokratiska r\u00e4tten att f\u00e5 debattera motionen i Landstingsfullm\u00e4ktige dit motionen \u00e4r st\u00e4lld. M\u00f6jligen finns det en splittring hos socialdemokraterna som g\u00f6r att man inte vill ha en \u00f6ppen debatt!<\/p>\n<p>Birgitta Nordvall<\/p>\n","protected":false},"excerpt":{"rendered":"<p>F\u00f6r precis ett \u00e5r sedan l\u00e4mnade kristdemokraterna in en motion till landstingsfullm\u00e4ktige d\u00e4r jag f\u00f6reslog att landstinget skulle ans\u00f6ka om att bli en direktvald regionkommun med ansvar f\u00f6r bland annat sjukv\u00e5rd och regional utveckling. Det skulle bli mer demokratiskt och kostnadseffektivt \u00e4n som idag ha tv\u00e5 organisationer, b\u00e5de landstinget och Region V\u00e4sterbotten som har ett <a class=\"read-more-link\" href=\"https:\/\/wp.kristdemokraterna.se\/vasterbotten\/socialdemokraterna-vagrar-debattera-kd-motion\/\">Read More<\/a><\/p>\n","protected":false},"author":31,"featured_media":0,"comment_status":"closed","ping_status":"open","sticky":false,"template":"","format":"standard","meta":{"_acf_changed":false,"footnotes":""},"categories":[3],"tags":[7,6,5,8],"class_list":["post-703","post","type-post","status-publish","format-standard","hentry","category-region","tag-kristdemokraterna","tag-landstinget-2","tag-motion","tag-regionkommun"],"acf":[],"yoast_head":"<!-- This site is optimized with the Yoast SEO plugin v27.4 - https:\/\/yoast.com\/product\/yoast-seo-wordpress\/ -->\n<title>Socialdemokraterna v\u00e4grar debattera KD-motion - KRISTDEMOKRATERNA i V\u00e4sterbotten<\/title>\n<meta name=\"robots\" content=\"index, follow, max-snippet:-1, max-image-preview:large, max-video-preview:-1\" \/>\n<link rel=\"canonical\" href=\"https:\/\/wp.kristdemokraterna.se\/vasterbotten\/socialdemokraterna-vagrar-debattera-kd-motion\/\" \/>\n<meta property=\"og:locale\" content=\"sv_SE\" \/>\n<meta property=\"og:type\" content=\"article\" \/>\n<meta property=\"og:title\" content=\"Socialdemokraterna v\u00e4grar debattera KD-motion - KRISTDEMOKRATERNA i V\u00e4sterbotten\" \/>\n<meta property=\"og:description\" content=\"F\u00f6r precis ett \u00e5r sedan l\u00e4mnade kristdemokraterna in en motion till landstingsfullm\u00e4ktige d\u00e4r jag f\u00f6reslog att landstinget skulle ans\u00f6ka om att bli en direktvald regionkommun med ansvar f\u00f6r bland annat sjukv\u00e5rd och regional utveckling. Det skulle bli mer demokratiskt och kostnadseffektivt \u00e4n som idag ha tv\u00e5 organisationer, b\u00e5de landstinget och Region V\u00e4sterbotten som har ett Read More\" \/>\n<meta property=\"og:url\" content=\"https:\/\/wp.kristdemokraterna.se\/vasterbotten\/socialdemokraterna-vagrar-debattera-kd-motion\/\" \/>\n<meta property=\"og:site_name\" content=\"KRISTDEMOKRATERNA i V\u00e4sterbotten\" \/>\n<meta property=\"article:publisher\" content=\"https:\/\/www.facebook.com\/kdvasterbotten\/\" \/>\n<meta property=\"article:published_time\" content=\"2013-06-05T08:59:55+00:00\" \/>\n<meta property=\"article:modified_time\" content=\"2013-06-18T08:05:11+00:00\" \/>\n<meta name=\"author\" content=\"vasterbotten\" \/>\n<meta name=\"twitter:card\" content=\"summary_large_image\" \/>\n<meta name=\"twitter:creator\" content=\"@kdvasterbotten\" \/>\n<meta name=\"twitter:site\" content=\"@kdvasterbotten\" \/>\n<meta name=\"twitter:label1\" content=\"Skriven av\" \/>\n\t<meta name=\"twitter:data1\" content=\"vasterbotten\" \/>\n\t<meta name=\"twitter:label2\" content=\"Ber\u00e4knad l\u00e4stid\" \/>\n\t<meta name=\"twitter:data2\" content=\"1 minut\" \/>\n<script type=\"application\/ld+json\" class=\"yoast-schema-graph\">{\"@context\":\"https:\\\/\\\/schema.org\",\"@graph\":[{\"@type\":\"Article\",\"@id\":\"https:\\\/\\\/wp.kristdemokraterna.se\\\/vasterbotten\\\/socialdemokraterna-vagrar-debattera-kd-motion\\\/#article\",\"isPartOf\":{\"@id\":\"https:\\\/\\\/wp.kristdemokraterna.se\\\/vasterbotten\\\/socialdemokraterna-vagrar-debattera-kd-motion\\\/\"},\"author\":{\"name\":\"vasterbotten\",\"@id\":\"https:\\\/\\\/wp.kristdemokraterna.se\\\/vasterbotten\\\/#\\\/schema\\\/person\\\/76df48c7a948639b55d24e5cbdc2bf8f\"},\"headline\":\"Socialdemokraterna v\u00e4grar debattera KD-motion\",\"datePublished\":\"2013-06-05T08:59:55+00:00\",\"dateModified\":\"2013-06-18T08:05:11+00:00\",\"mainEntityOfPage\":{\"@id\":\"https:\\\/\\\/wp.kristdemokraterna.se\\\/vasterbotten\\\/socialdemokraterna-vagrar-debattera-kd-motion\\\/\"},\"wordCount\":177,\"keywords\":[\"kristdemokraterna\",\"landstinget\",\"motion\",\"regionkommun\"],\"articleSection\":[\"Region\"],\"inLanguage\":\"sv-SE\"},{\"@type\":\"WebPage\",\"@id\":\"https:\\\/\\\/wp.kristdemokraterna.se\\\/vasterbotten\\\/socialdemokraterna-vagrar-debattera-kd-motion\\\/\",\"url\":\"https:\\\/\\\/wp.kristdemokraterna.se\\\/vasterbotten\\\/socialdemokraterna-vagrar-debattera-kd-motion\\\/\",\"name\":\"Socialdemokraterna v\u00e4grar debattera KD-motion - KRISTDEMOKRATERNA i V\u00e4sterbotten\",\"isPartOf\":{\"@id\":\"https:\\\/\\\/wp.kristdemokraterna.se\\\/vasterbotten\\\/#website\"},\"datePublished\":\"2013-06-05T08:59:55+00:00\",\"dateModified\":\"2013-06-18T08:05:11+00:00\",\"author\":{\"@id\":\"https:\\\/\\\/wp.kristdemokraterna.se\\\/vasterbotten\\\/#\\\/schema\\\/person\\\/76df48c7a948639b55d24e5cbdc2bf8f\"},\"breadcrumb\":{\"@id\":\"https:\\\/\\\/wp.kristdemokraterna.se\\\/vasterbotten\\\/socialdemokraterna-vagrar-debattera-kd-motion\\\/#breadcrumb\"},\"inLanguage\":\"sv-SE\",\"potentialAction\":[{\"@type\":\"ReadAction\",\"target\":[\"https:\\\/\\\/wp.kristdemokraterna.se\\\/vasterbotten\\\/socialdemokraterna-vagrar-debattera-kd-motion\\\/\"]}]},{\"@type\":\"BreadcrumbList\",\"@id\":\"https:\\\/\\\/wp.kristdemokraterna.se\\\/vasterbotten\\\/socialdemokraterna-vagrar-debattera-kd-motion\\\/#breadcrumb\",\"itemListElement\":[{\"@type\":\"ListItem\",\"position\":1,\"name\":\"Hem\",\"item\":\"https:\\\/\\\/wp.kristdemokraterna.se\\\/vasterbotten\\\/\"},{\"@type\":\"ListItem\",\"position\":2,\"name\":\"Socialdemokraterna v\u00e4grar debattera KD-motion\"}]},{\"@type\":\"WebSite\",\"@id\":\"https:\\\/\\\/wp.kristdemokraterna.se\\\/vasterbotten\\\/#website\",\"url\":\"https:\\\/\\\/wp.kristdemokraterna.se\\\/vasterbotten\\\/\",\"name\":\"KRISTDEMOKRATERNA i V\u00e4sterbotten\",\"description\":\"Varje m\u00e4nniska ska bem\u00f6tas med v\u00e4rdighet!\",\"inLanguage\":\"sv-SE\"},{\"@type\":\"Person\",\"@id\":\"https:\\\/\\\/wp.kristdemokraterna.se\\\/vasterbotten\\\/#\\\/schema\\\/person\\\/76df48c7a948639b55d24e5cbdc2bf8f\",\"name\":\"vasterbotten\",\"image\":{\"@type\":\"ImageObject\",\"inLanguage\":\"sv-SE\",\"@id\":\"https:\\\/\\\/secure.gravatar.com\\\/avatar\\\/1b166c6019db6128cf01be0910f312f1bf8363aef45fdd1c3f0f9d3ca000604f?s=96&d=mm&r=g\",\"url\":\"https:\\\/\\\/secure.gravatar.com\\\/avatar\\\/1b166c6019db6128cf01be0910f312f1bf8363aef45fdd1c3f0f9d3ca000604f?s=96&d=mm&r=g\",\"contentUrl\":\"https:\\\/\\\/secure.gravatar.com\\\/avatar\\\/1b166c6019db6128cf01be0910f312f1bf8363aef45fdd1c3f0f9d3ca000604f?s=96&d=mm&r=g\",\"caption\":\"vasterbotten\"},\"url\":\"https:\\\/\\\/wp.kristdemokraterna.se\\\/vasterbotten\\\/author\\\/vasterbotten\\\/\"}]}<\/script>\n<!-- \/ Yoast SEO plugin. -->","yoast_head_json":{"title":"Socialdemokraterna v\u00e4grar debattera KD-motion - KRISTDEMOKRATERNA i V\u00e4sterbotten","robots":{"index":"index","follow":"follow","max-snippet":"max-snippet:-1","max-image-preview":"max-image-preview:large","max-video-preview":"max-video-preview:-1"},"canonical":"https:\/\/wp.kristdemokraterna.se\/vasterbotten\/socialdemokraterna-vagrar-debattera-kd-motion\/","og_locale":"sv_SE","og_type":"article","og_title":"Socialdemokraterna v\u00e4grar debattera KD-motion - KRISTDEMOKRATERNA i V\u00e4sterbotten","og_description":"F\u00f6r precis ett \u00e5r sedan l\u00e4mnade kristdemokraterna in en motion till landstingsfullm\u00e4ktige d\u00e4r jag f\u00f6reslog att landstinget skulle ans\u00f6ka om att bli en direktvald regionkommun med ansvar f\u00f6r bland annat sjukv\u00e5rd och regional utveckling. Det skulle bli mer demokratiskt och kostnadseffektivt \u00e4n som idag ha tv\u00e5 organisationer, b\u00e5de landstinget och Region V\u00e4sterbotten som har ett Read More","og_url":"https:\/\/wp.kristdemokraterna.se\/vasterbotten\/socialdemokraterna-vagrar-debattera-kd-motion\/","og_site_name":"KRISTDEMOKRATERNA i V\u00e4sterbotten","article_publisher":"https:\/\/www.facebook.com\/kdvasterbotten\/","article_published_time":"2013-06-05T08:59:55+00:00","article_modified_time":"2013-06-18T08:05:11+00:00","author":"vasterbotten","twitter_card":"summary_large_image","twitter_creator":"@kdvasterbotten","twitter_site":"@kdvasterbotten","twitter_misc":{"Skriven av":"vasterbotten","Ber\u00e4knad l\u00e4stid":"1 minut"},"schema":{"@context":"https:\/\/schema.org","@graph":[{"@type":"Article","@id":"https:\/\/wp.kristdemokraterna.se\/vasterbotten\/socialdemokraterna-vagrar-debattera-kd-motion\/#article","isPartOf":{"@id":"https:\/\/wp.kristdemokraterna.se\/vasterbotten\/socialdemokraterna-vagrar-debattera-kd-motion\/"},"author":{"name":"vasterbotten","@id":"https:\/\/wp.kristdemokraterna.se\/vasterbotten\/#\/schema\/person\/76df48c7a948639b55d24e5cbdc2bf8f"},"headline":"Socialdemokraterna v\u00e4grar debattera KD-motion","datePublished":"2013-06-05T08:59:55+00:00","dateModified":"2013-06-18T08:05:11+00:00","mainEntityOfPage":{"@id":"https:\/\/wp.kristdemokraterna.se\/vasterbotten\/socialdemokraterna-vagrar-debattera-kd-motion\/"},"wordCount":177,"keywords":["kristdemokraterna","landstinget","motion","regionkommun"],"articleSection":["Region"],"inLanguage":"sv-SE"},{"@type":"WebPage","@id":"https:\/\/wp.kristdemokraterna.se\/vasterbotten\/socialdemokraterna-vagrar-debattera-kd-motion\/","url":"https:\/\/wp.kristdemokraterna.se\/vasterbotten\/socialdemokraterna-vagrar-debattera-kd-motion\/","name":"Socialdemokraterna v\u00e4grar debattera KD-motion - KRISTDEMOKRATERNA i V\u00e4sterbotten","isPartOf":{"@id":"https:\/\/wp.kristdemokraterna.se\/vasterbotten\/#website"},"datePublished":"2013-06-05T08:59:55+00:00","dateModified":"2013-06-18T08:05:11+00:00","author":{"@id":"https:\/\/wp.kristdemokraterna.se\/vasterbotten\/#\/schema\/person\/76df48c7a948639b55d24e5cbdc2bf8f"},"breadcrumb":{"@id":"https:\/\/wp.kristdemokraterna.se\/vasterbotten\/socialdemokraterna-vagrar-debattera-kd-motion\/#breadcrumb"},"inLanguage":"sv-SE","potentialAction":[{"@type":"ReadAction","target":["https:\/\/wp.kristdemokraterna.se\/vasterbotten\/socialdemokraterna-vagrar-debattera-kd-motion\/"]}]},{"@type":"BreadcrumbList","@id":"https:\/\/wp.kristdemokraterna.se\/vasterbotten\/socialdemokraterna-vagrar-debattera-kd-motion\/#breadcrumb","itemListElement":[{"@type":"ListItem","position":1,"name":"Hem","item":"https:\/\/wp.kristdemokraterna.se\/vasterbotten\/"},{"@type":"ListItem","position":2,"name":"Socialdemokraterna v\u00e4grar debattera KD-motion"}]},{"@type":"WebSite","@id":"https:\/\/wp.kristdemokraterna.se\/vasterbotten\/#website","url":"https:\/\/wp.kristdemokraterna.se\/vasterbotten\/","name":"KRISTDEMOKRATERNA i V\u00e4sterbotten","description":"Varje m\u00e4nniska ska bem\u00f6tas med v\u00e4rdighet!","inLanguage":"sv-SE"},{"@type":"Person","@id":"https:\/\/wp.kristdemokraterna.se\/vasterbotten\/#\/schema\/person\/76df48c7a948639b55d24e5cbdc2bf8f","name":"vasterbotten","image":{"@type":"ImageObject","inLanguage":"sv-SE","@id":"https:\/\/secure.gravatar.com\/avatar\/1b166c6019db6128cf01be0910f312f1bf8363aef45fdd1c3f0f9d3ca000604f?s=96&d=mm&r=g","url":"https:\/\/secure.gravatar.com\/avatar\/1b166c6019db6128cf01be0910f312f1bf8363aef45fdd1c3f0f9d3ca000604f?s=96&d=mm&r=g","contentUrl":"https:\/\/secure.gravatar.com\/avatar\/1b166c6019db6128cf01be0910f312f1bf8363aef45fdd1c3f0f9d3ca000604f?s=96&d=mm&r=g","caption":"vasterbotten"},"url":"https:\/\/wp.kristdemokraterna.se\/vasterbotten\/author\/vasterbotten\/"}]}},"_links":{"self":[{"href":"https:\/\/wp.kristdemokraterna.se\/vasterbotten\/wp-json\/wp\/v2\/posts\/703","targetHints":{"allow":["GET"]}}],"collection":[{"href":"https:\/\/wp.kristdemokraterna.se\/vasterbotten\/wp-json\/wp\/v2\/posts"}],"about":[{"href":"https:\/\/wp.kristdemokraterna.se\/vasterbotten\/wp-json\/wp\/v2\/types\/post"}],"author":[{"embeddable":true,"href":"https:\/\/wp.kristdemokraterna.se\/vasterbotten\/wp-json\/wp\/v2\/users\/31"}],"replies":[{"embeddable":true,"href":"https:\/\/wp.kristdemokraterna.se\/vasterbotten\/wp-json\/wp\/v2\/comments?post=703"}],"version-history":[{"count":4,"href":"https:\/\/wp.kristdemokraterna.se\/vasterbotten\/wp-json\/wp\/v2\/posts\/703\/revisions"}],"predecessor-version":[{"id":730,"href":"https:\/\/wp.kristdemokraterna.se\/vasterbotten\/wp-json\/wp\/v2\/posts\/703\/revisions\/730"}],"wp:attachment":[{"href":"https:\/\/wp.kristdemokraterna.se\/vasterbotten\/wp-json\/wp\/v2\/media?parent=703"}],"wp:term":[{"taxonomy":"category","embeddable":true,"href":"https:\/\/wp.kristdemokraterna.se\/vasterbotten\/wp-json\/wp\/v2\/categories?post=703"},{"taxonomy":"post_tag","embeddable":true,"href":"https:\/\/wp.kristdemokraterna.se\/vasterbotten\/wp-json\/wp\/v2\/tags?post=703"}],"curies":[{"name":"wp","href":"https:\/\/api.w.org\/{rel}","templated":true}]}}