{"id":723,"date":"2013-06-17T15:14:15","date_gmt":"2013-06-17T13:14:15","guid":{"rendered":"http:\/\/wp.kristdemokraterna.se\/vasterbotten\/?p=723"},"modified":"2013-06-18T16:08:23","modified_gmt":"2013-06-18T14:08:23","slug":"direktvald-regionkommun-i-vasterbotten","status":"publish","type":"post","link":"https:\/\/wp.kristdemokraterna.se\/vasterbotten\/direktvald-regionkommun-i-vasterbotten\/","title":{"rendered":"Direktvald regionkommun i V\u00e4sterbotten"},"content":{"rendered":"<p>Norrbotten och V\u00e4sternorrland har ans\u00f6kt hos regeringen om att f\u00e5 bilda direktvalda regionkommuner i respektive l\u00e4n. \u00c4ven J\u00e4mtlands l\u00e4ns landsting \u00e4r p\u00e5 g\u00e5ng att ans\u00f6ka om att bilda ett eget direktvalt organ med regionalt utvecklingsansvar.\u00a0Kristdemokraterna tycker V\u00e4sterbottens l\u00e4ns landsting\u00a0borde g\u00f6ra detsamma! Vi ska inte ha indirekt valda politiker. Det \u00e4r varken ekonomiskt eller demokratiskt.<\/p>\n","protected":false},"excerpt":{"rendered":"<p>Norrbotten och V\u00e4sternorrland har ans\u00f6kt hos regeringen om att f\u00e5 bilda direktvalda regionkommuner i respektive l\u00e4n. \u00c4ven J\u00e4mtlands l\u00e4ns landsting \u00e4r p\u00e5 g\u00e5ng att ans\u00f6ka om att bilda ett eget direktvalt organ med regionalt utvecklingsansvar.\u00a0Kristdemokraterna tycker V\u00e4sterbottens l\u00e4ns landsting\u00a0borde g\u00f6ra detsamma! Vi ska inte ha indirekt valda politiker. Det \u00e4r varken ekonomiskt eller demokratiskt.<\/p>\n","protected":false},"author":31,"featured_media":0,"comment_status":"closed","ping_status":"open","sticky":false,"template":"","format":"standard","meta":{"_acf_changed":false,"footnotes":""},"categories":[3],"tags":[20,8,19],"class_list":["post-723","post","type-post","status-publish","format-standard","hentry","category-region","tag-direktvalt","tag-regionkommun","tag-vasterbotten"],"acf":[],"yoast_head":"<!-- This site is optimized with the Yoast SEO plugin v27.4 - https:\/\/yoast.com\/product\/yoast-seo-wordpress\/ -->\n<title>Direktvald regionkommun i V\u00e4sterbotten - KRISTDEMOKRATERNA i V\u00e4sterbotten<\/title>\n<meta name=\"robots\" content=\"index, follow, max-snippet:-1, max-image-preview:large, max-video-preview:-1\" \/>\n<link rel=\"canonical\" href=\"https:\/\/wp.kristdemokraterna.se\/vasterbotten\/direktvald-regionkommun-i-vasterbotten\/\" \/>\n<meta property=\"og:locale\" content=\"sv_SE\" \/>\n<meta property=\"og:type\" content=\"article\" \/>\n<meta property=\"og:title\" content=\"Direktvald regionkommun i V\u00e4sterbotten - KRISTDEMOKRATERNA i V\u00e4sterbotten\" \/>\n<meta property=\"og:description\" content=\"Norrbotten och V\u00e4sternorrland har ans\u00f6kt hos regeringen om att f\u00e5 bilda direktvalda regionkommuner i respektive l\u00e4n. \u00c4ven J\u00e4mtlands l\u00e4ns landsting \u00e4r p\u00e5 g\u00e5ng att ans\u00f6ka om att bilda ett eget direktvalt organ med regionalt utvecklingsansvar.\u00a0Kristdemokraterna tycker V\u00e4sterbottens l\u00e4ns landsting\u00a0borde g\u00f6ra detsamma! Vi ska inte ha indirekt valda politiker. Det \u00e4r varken ekonomiskt eller demokratiskt.\" \/>\n<meta property=\"og:url\" content=\"https:\/\/wp.kristdemokraterna.se\/vasterbotten\/direktvald-regionkommun-i-vasterbotten\/\" \/>\n<meta property=\"og:site_name\" content=\"KRISTDEMOKRATERNA i V\u00e4sterbotten\" \/>\n<meta property=\"article:publisher\" content=\"https:\/\/www.facebook.com\/kdvasterbotten\/\" \/>\n<meta property=\"article:published_time\" content=\"2013-06-17T13:14:15+00:00\" \/>\n<meta property=\"article:modified_time\" content=\"2013-06-18T14:08:23+00:00\" \/>\n<meta name=\"author\" content=\"vasterbotten\" \/>\n<meta name=\"twitter:card\" content=\"summary_large_image\" \/>\n<meta name=\"twitter:creator\" content=\"@kdvasterbotten\" \/>\n<meta name=\"twitter:site\" content=\"@kdvasterbotten\" \/>\n<meta name=\"twitter:label1\" content=\"Skriven av\" \/>\n\t<meta name=\"twitter:data1\" content=\"vasterbotten\" \/>\n<script type=\"application\/ld+json\" class=\"yoast-schema-graph\">{\"@context\":\"https:\\\/\\\/schema.org\",\"@graph\":[{\"@type\":\"Article\",\"@id\":\"https:\\\/\\\/wp.kristdemokraterna.se\\\/vasterbotten\\\/direktvald-regionkommun-i-vasterbotten\\\/#article\",\"isPartOf\":{\"@id\":\"https:\\\/\\\/wp.kristdemokraterna.se\\\/vasterbotten\\\/direktvald-regionkommun-i-vasterbotten\\\/\"},\"author\":{\"name\":\"vasterbotten\",\"@id\":\"https:\\\/\\\/wp.kristdemokraterna.se\\\/vasterbotten\\\/#\\\/schema\\\/person\\\/76df48c7a948639b55d24e5cbdc2bf8f\"},\"headline\":\"Direktvald regionkommun i V\u00e4sterbotten\",\"datePublished\":\"2013-06-17T13:14:15+00:00\",\"dateModified\":\"2013-06-18T14:08:23+00:00\",\"mainEntityOfPage\":{\"@id\":\"https:\\\/\\\/wp.kristdemokraterna.se\\\/vasterbotten\\\/direktvald-regionkommun-i-vasterbotten\\\/\"},\"wordCount\":71,\"keywords\":[\"direktvalt\",\"regionkommun\",\"v\u00e4sterbotten\"],\"articleSection\":[\"Region\"],\"inLanguage\":\"sv-SE\"},{\"@type\":\"WebPage\",\"@id\":\"https:\\\/\\\/wp.kristdemokraterna.se\\\/vasterbotten\\\/direktvald-regionkommun-i-vasterbotten\\\/\",\"url\":\"https:\\\/\\\/wp.kristdemokraterna.se\\\/vasterbotten\\\/direktvald-regionkommun-i-vasterbotten\\\/\",\"name\":\"Direktvald regionkommun i V\u00e4sterbotten - KRISTDEMOKRATERNA i V\u00e4sterbotten\",\"isPartOf\":{\"@id\":\"https:\\\/\\\/wp.kristdemokraterna.se\\\/vasterbotten\\\/#website\"},\"datePublished\":\"2013-06-17T13:14:15+00:00\",\"dateModified\":\"2013-06-18T14:08:23+00:00\",\"author\":{\"@id\":\"https:\\\/\\\/wp.kristdemokraterna.se\\\/vasterbotten\\\/#\\\/schema\\\/person\\\/76df48c7a948639b55d24e5cbdc2bf8f\"},\"breadcrumb\":{\"@id\":\"https:\\\/\\\/wp.kristdemokraterna.se\\\/vasterbotten\\\/direktvald-regionkommun-i-vasterbotten\\\/#breadcrumb\"},\"inLanguage\":\"sv-SE\",\"potentialAction\":[{\"@type\":\"ReadAction\",\"target\":[\"https:\\\/\\\/wp.kristdemokraterna.se\\\/vasterbotten\\\/direktvald-regionkommun-i-vasterbotten\\\/\"]}]},{\"@type\":\"BreadcrumbList\",\"@id\":\"https:\\\/\\\/wp.kristdemokraterna.se\\\/vasterbotten\\\/direktvald-regionkommun-i-vasterbotten\\\/#breadcrumb\",\"itemListElement\":[{\"@type\":\"ListItem\",\"position\":1,\"name\":\"Hem\",\"item\":\"https:\\\/\\\/wp.kristdemokraterna.se\\\/vasterbotten\\\/\"},{\"@type\":\"ListItem\",\"position\":2,\"name\":\"Direktvald regionkommun i V\u00e4sterbotten\"}]},{\"@type\":\"WebSite\",\"@id\":\"https:\\\/\\\/wp.kristdemokraterna.se\\\/vasterbotten\\\/#website\",\"url\":\"https:\\\/\\\/wp.kristdemokraterna.se\\\/vasterbotten\\\/\",\"name\":\"KRISTDEMOKRATERNA i V\u00e4sterbotten\",\"description\":\"Varje m\u00e4nniska ska bem\u00f6tas med v\u00e4rdighet!\",\"inLanguage\":\"sv-SE\"},{\"@type\":\"Person\",\"@id\":\"https:\\\/\\\/wp.kristdemokraterna.se\\\/vasterbotten\\\/#\\\/schema\\\/person\\\/76df48c7a948639b55d24e5cbdc2bf8f\",\"name\":\"vasterbotten\",\"image\":{\"@type\":\"ImageObject\",\"inLanguage\":\"sv-SE\",\"@id\":\"https:\\\/\\\/secure.gravatar.com\\\/avatar\\\/1b166c6019db6128cf01be0910f312f1bf8363aef45fdd1c3f0f9d3ca000604f?s=96&d=mm&r=g\",\"url\":\"https:\\\/\\\/secure.gravatar.com\\\/avatar\\\/1b166c6019db6128cf01be0910f312f1bf8363aef45fdd1c3f0f9d3ca000604f?s=96&d=mm&r=g\",\"contentUrl\":\"https:\\\/\\\/secure.gravatar.com\\\/avatar\\\/1b166c6019db6128cf01be0910f312f1bf8363aef45fdd1c3f0f9d3ca000604f?s=96&d=mm&r=g\",\"caption\":\"vasterbotten\"},\"url\":\"https:\\\/\\\/wp.kristdemokraterna.se\\\/vasterbotten\\\/author\\\/vasterbotten\\\/\"}]}<\/script>\n<!-- \/ Yoast SEO plugin. -->","yoast_head_json":{"title":"Direktvald regionkommun i V\u00e4sterbotten - KRISTDEMOKRATERNA i V\u00e4sterbotten","robots":{"index":"index","follow":"follow","max-snippet":"max-snippet:-1","max-image-preview":"max-image-preview:large","max-video-preview":"max-video-preview:-1"},"canonical":"https:\/\/wp.kristdemokraterna.se\/vasterbotten\/direktvald-regionkommun-i-vasterbotten\/","og_locale":"sv_SE","og_type":"article","og_title":"Direktvald regionkommun i V\u00e4sterbotten - KRISTDEMOKRATERNA i V\u00e4sterbotten","og_description":"Norrbotten och V\u00e4sternorrland har ans\u00f6kt hos regeringen om att f\u00e5 bilda direktvalda regionkommuner i respektive l\u00e4n. \u00c4ven J\u00e4mtlands l\u00e4ns landsting \u00e4r p\u00e5 g\u00e5ng att ans\u00f6ka om att bilda ett eget direktvalt organ med regionalt utvecklingsansvar.\u00a0Kristdemokraterna tycker V\u00e4sterbottens l\u00e4ns landsting\u00a0borde g\u00f6ra detsamma! Vi ska inte ha indirekt valda politiker. Det \u00e4r varken ekonomiskt eller demokratiskt.","og_url":"https:\/\/wp.kristdemokraterna.se\/vasterbotten\/direktvald-regionkommun-i-vasterbotten\/","og_site_name":"KRISTDEMOKRATERNA i V\u00e4sterbotten","article_publisher":"https:\/\/www.facebook.com\/kdvasterbotten\/","article_published_time":"2013-06-17T13:14:15+00:00","article_modified_time":"2013-06-18T14:08:23+00:00","author":"vasterbotten","twitter_card":"summary_large_image","twitter_creator":"@kdvasterbotten","twitter_site":"@kdvasterbotten","twitter_misc":{"Skriven av":"vasterbotten"},"schema":{"@context":"https:\/\/schema.org","@graph":[{"@type":"Article","@id":"https:\/\/wp.kristdemokraterna.se\/vasterbotten\/direktvald-regionkommun-i-vasterbotten\/#article","isPartOf":{"@id":"https:\/\/wp.kristdemokraterna.se\/vasterbotten\/direktvald-regionkommun-i-vasterbotten\/"},"author":{"name":"vasterbotten","@id":"https:\/\/wp.kristdemokraterna.se\/vasterbotten\/#\/schema\/person\/76df48c7a948639b55d24e5cbdc2bf8f"},"headline":"Direktvald regionkommun i V\u00e4sterbotten","datePublished":"2013-06-17T13:14:15+00:00","dateModified":"2013-06-18T14:08:23+00:00","mainEntityOfPage":{"@id":"https:\/\/wp.kristdemokraterna.se\/vasterbotten\/direktvald-regionkommun-i-vasterbotten\/"},"wordCount":71,"keywords":["direktvalt","regionkommun","v\u00e4sterbotten"],"articleSection":["Region"],"inLanguage":"sv-SE"},{"@type":"WebPage","@id":"https:\/\/wp.kristdemokraterna.se\/vasterbotten\/direktvald-regionkommun-i-vasterbotten\/","url":"https:\/\/wp.kristdemokraterna.se\/vasterbotten\/direktvald-regionkommun-i-vasterbotten\/","name":"Direktvald regionkommun i V\u00e4sterbotten - KRISTDEMOKRATERNA i V\u00e4sterbotten","isPartOf":{"@id":"https:\/\/wp.kristdemokraterna.se\/vasterbotten\/#website"},"datePublished":"2013-06-17T13:14:15+00:00","dateModified":"2013-06-18T14:08:23+00:00","author":{"@id":"https:\/\/wp.kristdemokraterna.se\/vasterbotten\/#\/schema\/person\/76df48c7a948639b55d24e5cbdc2bf8f"},"breadcrumb":{"@id":"https:\/\/wp.kristdemokraterna.se\/vasterbotten\/direktvald-regionkommun-i-vasterbotten\/#breadcrumb"},"inLanguage":"sv-SE","potentialAction":[{"@type":"ReadAction","target":["https:\/\/wp.kristdemokraterna.se\/vasterbotten\/direktvald-regionkommun-i-vasterbotten\/"]}]},{"@type":"BreadcrumbList","@id":"https:\/\/wp.kristdemokraterna.se\/vasterbotten\/direktvald-regionkommun-i-vasterbotten\/#breadcrumb","itemListElement":[{"@type":"ListItem","position":1,"name":"Hem","item":"https:\/\/wp.kristdemokraterna.se\/vasterbotten\/"},{"@type":"ListItem","position":2,"name":"Direktvald regionkommun i V\u00e4sterbotten"}]},{"@type":"WebSite","@id":"https:\/\/wp.kristdemokraterna.se\/vasterbotten\/#website","url":"https:\/\/wp.kristdemokraterna.se\/vasterbotten\/","name":"KRISTDEMOKRATERNA i V\u00e4sterbotten","description":"Varje m\u00e4nniska ska bem\u00f6tas med v\u00e4rdighet!","inLanguage":"sv-SE"},{"@type":"Person","@id":"https:\/\/wp.kristdemokraterna.se\/vasterbotten\/#\/schema\/person\/76df48c7a948639b55d24e5cbdc2bf8f","name":"vasterbotten","image":{"@type":"ImageObject","inLanguage":"sv-SE","@id":"https:\/\/secure.gravatar.com\/avatar\/1b166c6019db6128cf01be0910f312f1bf8363aef45fdd1c3f0f9d3ca000604f?s=96&d=mm&r=g","url":"https:\/\/secure.gravatar.com\/avatar\/1b166c6019db6128cf01be0910f312f1bf8363aef45fdd1c3f0f9d3ca000604f?s=96&d=mm&r=g","contentUrl":"https:\/\/secure.gravatar.com\/avatar\/1b166c6019db6128cf01be0910f312f1bf8363aef45fdd1c3f0f9d3ca000604f?s=96&d=mm&r=g","caption":"vasterbotten"},"url":"https:\/\/wp.kristdemokraterna.se\/vasterbotten\/author\/vasterbotten\/"}]}},"_links":{"self":[{"href":"https:\/\/wp.kristdemokraterna.se\/vasterbotten\/wp-json\/wp\/v2\/posts\/723","targetHints":{"allow":["GET"]}}],"collection":[{"href":"https:\/\/wp.kristdemokraterna.se\/vasterbotten\/wp-json\/wp\/v2\/posts"}],"about":[{"href":"https:\/\/wp.kristdemokraterna.se\/vasterbotten\/wp-json\/wp\/v2\/types\/post"}],"author":[{"embeddable":true,"href":"https:\/\/wp.kristdemokraterna.se\/vasterbotten\/wp-json\/wp\/v2\/users\/31"}],"replies":[{"embeddable":true,"href":"https:\/\/wp.kristdemokraterna.se\/vasterbotten\/wp-json\/wp\/v2\/comments?post=723"}],"version-history":[{"count":10,"href":"https:\/\/wp.kristdemokraterna.se\/vasterbotten\/wp-json\/wp\/v2\/posts\/723\/revisions"}],"predecessor-version":[{"id":773,"href":"https:\/\/wp.kristdemokraterna.se\/vasterbotten\/wp-json\/wp\/v2\/posts\/723\/revisions\/773"}],"wp:attachment":[{"href":"https:\/\/wp.kristdemokraterna.se\/vasterbotten\/wp-json\/wp\/v2\/media?parent=723"}],"wp:term":[{"taxonomy":"category","embeddable":true,"href":"https:\/\/wp.kristdemokraterna.se\/vasterbotten\/wp-json\/wp\/v2\/categories?post=723"},{"taxonomy":"post_tag","embeddable":true,"href":"https:\/\/wp.kristdemokraterna.se\/vasterbotten\/wp-json\/wp\/v2\/tags?post=723"}],"curies":[{"name":"wp","href":"https:\/\/api.w.org\/{rel}","templated":true}]}}