{"id":118923,"date":"2015-10-06T14:22:15","date_gmt":"2015-10-06T12:22:15","guid":{"rendered":"http:\/\/wp.kristdemokraterna.se\/vasternorrland\/?p=118923"},"modified":"2019-04-04T14:21:21","modified_gmt":"2019-04-04T12:21:21","slug":"motion-gratis-hpv-vaccin-aven-till-lanets-pojkar","status":"publish","type":"post","link":"https:\/\/wp.kristdemokraterna.se\/vasternorrland\/motion-gratis-hpv-vaccin-aven-till-lanets-pojkar\/","title":{"rendered":"Motion: Gratis HPV-vaccin \u00e4ven till l\u00e4nets pojkar"},"content":{"rendered":"<p>Det har blivit vanligare med cancer i mun och svalg\u00a0och det finns s\u00e4tt att f\u00f6rebygga dessa \u00e5kommor.\u00a0P\u00e5 samma s\u00e4tt som flickor f\u00e5r HPV-vaccin ska \u00e4ven pojkar i ton\u00e5ren vaccineras eftersom HPV ligger bakom flera typer av cancer. Detta skriver flera experter gemensamt samlat i en artikel om fr\u00e5gan i Svenska Dagbladet 10 Aug-2015.Huvud &#8211; Hals cancer drabbar ca. 1400 personer\u00a0per \u00e5r. Globalt \u00e4r den 4-5: vanligaste cancerdiagnosen. Artikeln \u00e4r undertecknad utav 16 \u00f6verl\u00e4kare vid bl.a. \u00d6NH-kliniker vid st\u00f6rre svenska sjukhus.<\/p>\n<p>Vi kristdemokrater hade nov 2009 en motion med detta inneh\u00e5ll som avslogs.\u00a0Vi \u00e5terkommer nu med samma budskap. P\u00e5 grund av \u00f6kad frekvens\u00a0av cancer i mun och svalg s\u00e5 framh\u00e5ller i dag Svenska och Internationella rapporter att HPV-vaccination \u00e4r n\u00f6dv\u00e4ndig hos ton\u00e5rspojkar.<\/p>\n<p>Kristdemokraternas landstingsgrupp f\u00f6resl\u00e5r Landstingsfullm\u00e4ktige besluta:<\/p>\n<ul>\n<li>att erbjuda l\u00e4nets pojkar gratis HPV-vaccin p\u00e5 samma villkor som g\u00e4ller f\u00f6r flickor.<\/li>\n<\/ul>\n<p>H\u00e4rn\u00f6sand den 6 oktober 2015<\/p>\n<p>Mona Hammarstedt<br \/>\nKristdemokraterna<\/p>\n<hr \/>\n<p><a href=\"http:\/\/wp.kristdemokraterna.se\/vasternorrland\/var-politik\/politikomraden\/primarvard\/\">Prim\u00e4rv\u00e5rd<\/a> | <a href=\"http:\/\/wp.kristdemokraterna.se\/vasternorrland\/etiketter\/cancer\/\">cancer<\/a> \u00b7 <a href=\"http:\/\/wp.kristdemokraterna.se\/vasternorrland\/etiketter\/HPV\/\">HPV<\/a> \u00b7 <a href=\"http:\/\/wp.kristdemokraterna.se\/vasternorrland\/etiketter\/mona-hammarstedt\/\">Mona Hammarstedt<\/a> \u00b7 <a href=\"http:\/\/wp.kristdemokraterna.se\/vasternorrland\/etiketter\/motion\/\">motion<\/a> \u00b7 <a href=\"http:\/\/wp.kristdemokraterna.se\/vasternorrland\/etiketter\/vaccination\/\">vaccination<\/a><\/p>\n","protected":false},"excerpt":{"rendered":"<p>Det har blivit vanligare med cancer i mun och svalg\u00a0och det finns s\u00e4tt att f\u00f6rebygga dessa \u00e5kommor.\u00a0P\u00e5 samma s\u00e4tt som flickor f\u00e5r HPV-vaccin ska \u00e4ven pojkar i ton\u00e5ren vaccineras eftersom HPV ligger bakom flera typer av cancer. Detta skriver flera experter gemensamt samlat i en artikel om fr\u00e5gan i Svenska Dagbladet 10 Aug-2015.Huvud &#8211; Hals <a class=\"read-more-link\" href=\"https:\/\/wp.kristdemokraterna.se\/vasternorrland\/motion-gratis-hpv-vaccin-aven-till-lanets-pojkar\/\">Read More<\/a><\/p>\n","protected":false},"author":787,"featured_media":0,"comment_status":"closed","ping_status":"closed","sticky":false,"template":"","format":"standard","meta":{"_acf_changed":false,"footnotes":""},"categories":[100],"tags":[543,34,33,16,32,256,77],"class_list":["post-118923","post","type-post","status-publish","format-standard","hentry","category-primarvard","tag-alla-inlagg","tag-cancer","tag-hpv","tag-mona-hammarstedt","tag-motion","tag-primarvard","tag-vaccination"],"acf":[],"yoast_head":"<!-- This site is optimized with the Yoast SEO plugin v27.5 - https:\/\/yoast.com\/product\/yoast-seo-wordpress\/ -->\n<title>Motion: Gratis HPV-vaccin \u00e4ven till l\u00e4nets pojkar | KD V\u00e4sternorrland<\/title>\n<meta name=\"robots\" content=\"index, follow, max-snippet:-1, max-image-preview:large, max-video-preview:-1\" \/>\n<link rel=\"canonical\" href=\"https:\/\/wp.kristdemokraterna.se\/vasternorrland\/motion-gratis-hpv-vaccin-aven-till-lanets-pojkar\/\" \/>\n<meta property=\"og:locale\" content=\"sv_SE\" \/>\n<meta property=\"og:type\" content=\"article\" \/>\n<meta property=\"og:title\" content=\"Motion: Gratis HPV-vaccin \u00e4ven till l\u00e4nets pojkar | KD V\u00e4sternorrland\" \/>\n<meta property=\"og:description\" content=\"Det har blivit vanligare med cancer i mun och svalg\u00a0och det finns s\u00e4tt att f\u00f6rebygga dessa \u00e5kommor.\u00a0P\u00e5 samma s\u00e4tt som flickor f\u00e5r HPV-vaccin ska \u00e4ven pojkar i ton\u00e5ren vaccineras eftersom HPV ligger bakom flera typer av cancer. Detta skriver flera experter gemensamt samlat i en artikel om fr\u00e5gan i Svenska Dagbladet 10 Aug-2015.Huvud &#8211; Hals Read More\" \/>\n<meta property=\"og:url\" content=\"https:\/\/wp.kristdemokraterna.se\/vasternorrland\/motion-gratis-hpv-vaccin-aven-till-lanets-pojkar\/\" \/>\n<meta property=\"og:site_name\" content=\"KD V\u00e4sternorrland\" \/>\n<meta property=\"article:publisher\" content=\"https:\/\/www.facebook.com\/kdrvn\/\" \/>\n<meta property=\"article:published_time\" content=\"2015-10-06T12:22:15+00:00\" \/>\n<meta property=\"article:modified_time\" content=\"2019-04-04T12:21:21+00:00\" \/>\n<meta name=\"author\" content=\"timra\" \/>\n<meta name=\"twitter:card\" content=\"summary_large_image\" \/>\n<meta name=\"twitter:label1\" content=\"Skriven av\" \/>\n\t<meta name=\"twitter:data1\" content=\"timra\" \/>\n\t<meta name=\"twitter:label2\" content=\"Ber\u00e4knad l\u00e4stid\" \/>\n\t<meta name=\"twitter:data2\" content=\"1 minut\" \/>\n<script type=\"application\/ld+json\" class=\"yoast-schema-graph\">{\"@context\":\"https:\\\/\\\/schema.org\",\"@graph\":[{\"@type\":\"Article\",\"@id\":\"https:\\\/\\\/wp.kristdemokraterna.se\\\/vasternorrland\\\/motion-gratis-hpv-vaccin-aven-till-lanets-pojkar\\\/#article\",\"isPartOf\":{\"@id\":\"https:\\\/\\\/wp.kristdemokraterna.se\\\/vasternorrland\\\/motion-gratis-hpv-vaccin-aven-till-lanets-pojkar\\\/\"},\"author\":{\"name\":\"timra\",\"@id\":\"https:\\\/\\\/wp.kristdemokraterna.se\\\/vasternorrland\\\/#\\\/schema\\\/person\\\/49784c93d3806490fb376f5a3b3dd4cd\"},\"headline\":\"Motion: Gratis HPV-vaccin \u00e4ven till l\u00e4nets pojkar\",\"datePublished\":\"2015-10-06T12:22:15+00:00\",\"dateModified\":\"2019-04-04T12:21:21+00:00\",\"mainEntityOfPage\":{\"@id\":\"https:\\\/\\\/wp.kristdemokraterna.se\\\/vasternorrland\\\/motion-gratis-hpv-vaccin-aven-till-lanets-pojkar\\\/\"},\"wordCount\":186,\"keywords\":[\"alla inl\u00e4gg\",\"cancer\",\"HPV\",\"Mona Hammarstedt\",\"motion\",\"prim\u00e4rv\u00e5rd\",\"vaccination\"],\"articleSection\":[\"Prim\u00e4rv\u00e5rd\"],\"inLanguage\":\"sv-SE\"},{\"@type\":\"WebPage\",\"@id\":\"https:\\\/\\\/wp.kristdemokraterna.se\\\/vasternorrland\\\/motion-gratis-hpv-vaccin-aven-till-lanets-pojkar\\\/\",\"url\":\"https:\\\/\\\/wp.kristdemokraterna.se\\\/vasternorrland\\\/motion-gratis-hpv-vaccin-aven-till-lanets-pojkar\\\/\",\"name\":\"Motion: Gratis HPV-vaccin \u00e4ven till l\u00e4nets pojkar | KD V\u00e4sternorrland\",\"isPartOf\":{\"@id\":\"https:\\\/\\\/wp.kristdemokraterna.se\\\/vasternorrland\\\/#website\"},\"datePublished\":\"2015-10-06T12:22:15+00:00\",\"dateModified\":\"2019-04-04T12:21:21+00:00\",\"author\":{\"@id\":\"https:\\\/\\\/wp.kristdemokraterna.se\\\/vasternorrland\\\/#\\\/schema\\\/person\\\/49784c93d3806490fb376f5a3b3dd4cd\"},\"breadcrumb\":{\"@id\":\"https:\\\/\\\/wp.kristdemokraterna.se\\\/vasternorrland\\\/motion-gratis-hpv-vaccin-aven-till-lanets-pojkar\\\/#breadcrumb\"},\"inLanguage\":\"sv-SE\",\"potentialAction\":[{\"@type\":\"ReadAction\",\"target\":[\"https:\\\/\\\/wp.kristdemokraterna.se\\\/vasternorrland\\\/motion-gratis-hpv-vaccin-aven-till-lanets-pojkar\\\/\"]}]},{\"@type\":\"BreadcrumbList\",\"@id\":\"https:\\\/\\\/wp.kristdemokraterna.se\\\/vasternorrland\\\/motion-gratis-hpv-vaccin-aven-till-lanets-pojkar\\\/#breadcrumb\",\"itemListElement\":[{\"@type\":\"ListItem\",\"position\":1,\"name\":\"Hem\",\"item\":\"https:\\\/\\\/wp.kristdemokraterna.se\\\/vasternorrland\\\/\"},{\"@type\":\"ListItem\",\"position\":2,\"name\":\"Motion: Gratis HPV-vaccin \u00e4ven till l\u00e4nets pojkar\"}]},{\"@type\":\"WebSite\",\"@id\":\"https:\\\/\\\/wp.kristdemokraterna.se\\\/vasternorrland\\\/#website\",\"url\":\"https:\\\/\\\/wp.kristdemokraterna.se\\\/vasternorrland\\\/\",\"name\":\"KD V\u00e4sternorrland\",\"description\":\"V\u00e5rda v\u00e5rden - utveckla prim\u00e4rv\u00e5rden\",\"inLanguage\":\"sv-SE\"},{\"@type\":\"Person\",\"@id\":\"https:\\\/\\\/wp.kristdemokraterna.se\\\/vasternorrland\\\/#\\\/schema\\\/person\\\/49784c93d3806490fb376f5a3b3dd4cd\",\"name\":\"timra\",\"image\":{\"@type\":\"ImageObject\",\"inLanguage\":\"sv-SE\",\"@id\":\"https:\\\/\\\/secure.gravatar.com\\\/avatar\\\/2d9a04bf0b09a2c8909797508e81e5c3faf9a9ba8962c579b9100cffe14b6f7b?s=96&r=g\",\"url\":\"https:\\\/\\\/secure.gravatar.com\\\/avatar\\\/2d9a04bf0b09a2c8909797508e81e5c3faf9a9ba8962c579b9100cffe14b6f7b?s=96&r=g\",\"contentUrl\":\"https:\\\/\\\/secure.gravatar.com\\\/avatar\\\/2d9a04bf0b09a2c8909797508e81e5c3faf9a9ba8962c579b9100cffe14b6f7b?s=96&r=g\",\"caption\":\"timra\"},\"url\":\"https:\\\/\\\/wp.kristdemokraterna.se\\\/vasternorrland\\\/author\\\/timra\\\/\"}]}<\/script>\n<!-- \/ Yoast SEO plugin. -->","yoast_head_json":{"title":"Motion: Gratis HPV-vaccin \u00e4ven till l\u00e4nets pojkar | KD V\u00e4sternorrland","robots":{"index":"index","follow":"follow","max-snippet":"max-snippet:-1","max-image-preview":"max-image-preview:large","max-video-preview":"max-video-preview:-1"},"canonical":"https:\/\/wp.kristdemokraterna.se\/vasternorrland\/motion-gratis-hpv-vaccin-aven-till-lanets-pojkar\/","og_locale":"sv_SE","og_type":"article","og_title":"Motion: Gratis HPV-vaccin \u00e4ven till l\u00e4nets pojkar | KD V\u00e4sternorrland","og_description":"Det har blivit vanligare med cancer i mun och svalg\u00a0och det finns s\u00e4tt att f\u00f6rebygga dessa \u00e5kommor.\u00a0P\u00e5 samma s\u00e4tt som flickor f\u00e5r HPV-vaccin ska \u00e4ven pojkar i ton\u00e5ren vaccineras eftersom HPV ligger bakom flera typer av cancer. Detta skriver flera experter gemensamt samlat i en artikel om fr\u00e5gan i Svenska Dagbladet 10 Aug-2015.Huvud &#8211; Hals Read More","og_url":"https:\/\/wp.kristdemokraterna.se\/vasternorrland\/motion-gratis-hpv-vaccin-aven-till-lanets-pojkar\/","og_site_name":"KD V\u00e4sternorrland","article_publisher":"https:\/\/www.facebook.com\/kdrvn\/","article_published_time":"2015-10-06T12:22:15+00:00","article_modified_time":"2019-04-04T12:21:21+00:00","author":"timra","twitter_card":"summary_large_image","twitter_misc":{"Skriven av":"timra","Ber\u00e4knad l\u00e4stid":"1 minut"},"schema":{"@context":"https:\/\/schema.org","@graph":[{"@type":"Article","@id":"https:\/\/wp.kristdemokraterna.se\/vasternorrland\/motion-gratis-hpv-vaccin-aven-till-lanets-pojkar\/#article","isPartOf":{"@id":"https:\/\/wp.kristdemokraterna.se\/vasternorrland\/motion-gratis-hpv-vaccin-aven-till-lanets-pojkar\/"},"author":{"name":"timra","@id":"https:\/\/wp.kristdemokraterna.se\/vasternorrland\/#\/schema\/person\/49784c93d3806490fb376f5a3b3dd4cd"},"headline":"Motion: Gratis HPV-vaccin \u00e4ven till l\u00e4nets pojkar","datePublished":"2015-10-06T12:22:15+00:00","dateModified":"2019-04-04T12:21:21+00:00","mainEntityOfPage":{"@id":"https:\/\/wp.kristdemokraterna.se\/vasternorrland\/motion-gratis-hpv-vaccin-aven-till-lanets-pojkar\/"},"wordCount":186,"keywords":["alla inl\u00e4gg","cancer","HPV","Mona Hammarstedt","motion","prim\u00e4rv\u00e5rd","vaccination"],"articleSection":["Prim\u00e4rv\u00e5rd"],"inLanguage":"sv-SE"},{"@type":"WebPage","@id":"https:\/\/wp.kristdemokraterna.se\/vasternorrland\/motion-gratis-hpv-vaccin-aven-till-lanets-pojkar\/","url":"https:\/\/wp.kristdemokraterna.se\/vasternorrland\/motion-gratis-hpv-vaccin-aven-till-lanets-pojkar\/","name":"Motion: Gratis HPV-vaccin \u00e4ven till l\u00e4nets pojkar | KD V\u00e4sternorrland","isPartOf":{"@id":"https:\/\/wp.kristdemokraterna.se\/vasternorrland\/#website"},"datePublished":"2015-10-06T12:22:15+00:00","dateModified":"2019-04-04T12:21:21+00:00","author":{"@id":"https:\/\/wp.kristdemokraterna.se\/vasternorrland\/#\/schema\/person\/49784c93d3806490fb376f5a3b3dd4cd"},"breadcrumb":{"@id":"https:\/\/wp.kristdemokraterna.se\/vasternorrland\/motion-gratis-hpv-vaccin-aven-till-lanets-pojkar\/#breadcrumb"},"inLanguage":"sv-SE","potentialAction":[{"@type":"ReadAction","target":["https:\/\/wp.kristdemokraterna.se\/vasternorrland\/motion-gratis-hpv-vaccin-aven-till-lanets-pojkar\/"]}]},{"@type":"BreadcrumbList","@id":"https:\/\/wp.kristdemokraterna.se\/vasternorrland\/motion-gratis-hpv-vaccin-aven-till-lanets-pojkar\/#breadcrumb","itemListElement":[{"@type":"ListItem","position":1,"name":"Hem","item":"https:\/\/wp.kristdemokraterna.se\/vasternorrland\/"},{"@type":"ListItem","position":2,"name":"Motion: Gratis HPV-vaccin \u00e4ven till l\u00e4nets pojkar"}]},{"@type":"WebSite","@id":"https:\/\/wp.kristdemokraterna.se\/vasternorrland\/#website","url":"https:\/\/wp.kristdemokraterna.se\/vasternorrland\/","name":"KD V\u00e4sternorrland","description":"V\u00e5rda v\u00e5rden - utveckla prim\u00e4rv\u00e5rden","inLanguage":"sv-SE"},{"@type":"Person","@id":"https:\/\/wp.kristdemokraterna.se\/vasternorrland\/#\/schema\/person\/49784c93d3806490fb376f5a3b3dd4cd","name":"timra","image":{"@type":"ImageObject","inLanguage":"sv-SE","@id":"https:\/\/secure.gravatar.com\/avatar\/2d9a04bf0b09a2c8909797508e81e5c3faf9a9ba8962c579b9100cffe14b6f7b?s=96&r=g","url":"https:\/\/secure.gravatar.com\/avatar\/2d9a04bf0b09a2c8909797508e81e5c3faf9a9ba8962c579b9100cffe14b6f7b?s=96&r=g","contentUrl":"https:\/\/secure.gravatar.com\/avatar\/2d9a04bf0b09a2c8909797508e81e5c3faf9a9ba8962c579b9100cffe14b6f7b?s=96&r=g","caption":"timra"},"url":"https:\/\/wp.kristdemokraterna.se\/vasternorrland\/author\/timra\/"}]}},"_links":{"self":[{"href":"https:\/\/wp.kristdemokraterna.se\/vasternorrland\/wp-json\/wp\/v2\/posts\/118923","targetHints":{"allow":["GET"]}}],"collection":[{"href":"https:\/\/wp.kristdemokraterna.se\/vasternorrland\/wp-json\/wp\/v2\/posts"}],"about":[{"href":"https:\/\/wp.kristdemokraterna.se\/vasternorrland\/wp-json\/wp\/v2\/types\/post"}],"author":[{"embeddable":true,"href":"https:\/\/wp.kristdemokraterna.se\/vasternorrland\/wp-json\/wp\/v2\/users\/787"}],"replies":[{"embeddable":true,"href":"https:\/\/wp.kristdemokraterna.se\/vasternorrland\/wp-json\/wp\/v2\/comments?post=118923"}],"version-history":[{"count":5,"href":"https:\/\/wp.kristdemokraterna.se\/vasternorrland\/wp-json\/wp\/v2\/posts\/118923\/revisions"}],"predecessor-version":[{"id":179758,"href":"https:\/\/wp.kristdemokraterna.se\/vasternorrland\/wp-json\/wp\/v2\/posts\/118923\/revisions\/179758"}],"wp:attachment":[{"href":"https:\/\/wp.kristdemokraterna.se\/vasternorrland\/wp-json\/wp\/v2\/media?parent=118923"}],"wp:term":[{"taxonomy":"category","embeddable":true,"href":"https:\/\/wp.kristdemokraterna.se\/vasternorrland\/wp-json\/wp\/v2\/categories?post=118923"},{"taxonomy":"post_tag","embeddable":true,"href":"https:\/\/wp.kristdemokraterna.se\/vasternorrland\/wp-json\/wp\/v2\/tags?post=118923"}],"curies":[{"name":"wp","href":"https:\/\/api.w.org\/{rel}","templated":true}]}}