{"id":118925,"date":"2015-11-26T14:27:39","date_gmt":"2015-11-26T13:27:39","guid":{"rendered":"http:\/\/wp.kristdemokraterna.se\/vasternorrland\/?p=118925"},"modified":"2020-03-25T15:44:20","modified_gmt":"2020-03-25T14:44:20","slug":"motion-delegationsratten-att-tillsatta-och-avsatta-landstingsdirektor","status":"publish","type":"post","link":"https:\/\/wp.kristdemokraterna.se\/vasternorrland\/motion-delegationsratten-att-tillsatta-och-avsatta-landstingsdirektor\/","title":{"rendered":"Motion: Delegationsr\u00e4tten att tills\u00e4tta (och avs\u00e4tta) landstingsdirekt\u00f6r"},"content":{"rendered":"<p>I Reglemente f\u00f6r landstingsstyrelsen, folkh\u00e4lso-, prim\u00e4rv\u00e5rds- och tandv\u00e5rdsn\u00e4mnden och H\u00e4lso- och sjukv\u00e5rdsn\u00e4mnden fastst\u00e4llt av landstingsfullm\u00e4ktige i februari 2015 framg\u00e5r det att<\/p>\n<blockquote><p>\u201dLandstingsstyrelsen tills\u00e4tter landstingsdirekt\u00f6r som h\u00f6gsta ansvarig tj\u00e4nsteman och utf\u00e4rdar en instruktion som beskriver vederb\u00f6randes uppgifter f\u00f6r ledning och samordning inom landstingsf\u00f6rvaltningen. Styrelsen \u00e4r landstingsdirekt\u00f6rens uppdragsgivare.&#8221;<\/p><\/blockquote>\n<p>Landstingsstyrelsen har sedan fattat ett beslut att vidaredelegera denna r\u00e4tt till sin ordf\u00f6rande, ett beslut som efter turerna kring Anders L Johanssons upps\u00e4gning inte visat sig vara s\u00e4rskilt klokt.<\/p>\n<p>Ist\u00e4llet f\u00f6r att styrelsen informera styrelsen om upps\u00e4gningen redan i september, v\u00e4ntade Erik L\u00f6vgren \u00e4nda tills saken gick ut i Media. Eller s\u00e5 var hela upps\u00e4gningen, det som m\u00e5nga tror, en.<\/p>\n<p>Det kan knappast varit s\u00e5 att det ligger i landstingets intresse att f\u00f6rst hylla landstingsdirekt\u00f6ren till skyarna f\u00f6r att sedan pl\u00f6tsligt avskeda honom bara n\u00e5gon dag senare, helt utan n\u00e5gon som helst f\u00f6rklaring. Anders L Johanssons hade ju kunnat l\u00e4mna hedern i beh\u00e5ll om han l\u00e4mnat in sin avskedsans\u00f6kan sj\u00e4lv med dessa lovord.<\/p>\n<p>F\u00f6r att detta inte ska upprepas f\u00f6resl\u00e5r vi kristdemokrater<\/p>\n<ul>\n<li>att landstingsfullm\u00e4ktige \u00e4ndrar i det gemensamma reglementet f\u00f6r styrelsen och n\u00e4mnderna s\u00e5 att landstingsstyrelsen fortfarande beh\u00e5ller r\u00e4tten att tills\u00e4tta (och avs\u00e4tta) landstingsdirekt\u00f6r, i enlighet med nuvarande reglemente, men med till\u00e4gget att denna r\u00e4tt inte f\u00e5r vidaredelegeras.<\/li>\n<li>att landstingsstyrelsen ges i uppdrag att \u00e4ndra sin delegationsordning s\u00e5 att den \u00e4r i \u00f6verensst\u00e4mmelse med ovanst\u00e5ende till\u00e4gg<\/li>\n<\/ul>\n<p>Mona Hammarstedt<br \/>\nKristdemokraterna<\/p>\n<hr \/>\n<p><a href=\"http:\/\/wp.kristdemokraterna.se\/vasternorrland\/kategorier\/ledning-styrning\/\">Ledning\/styrning<\/a> | <a href=\"http:\/\/wp.kristdemokraterna.se\/vasternorrland\/etiketter\/delegationsordning\/\">delegationsordning<\/a> \u00b7 <a href=\"http:\/\/wp.kristdemokraterna.se\/vasternorrland\/etiketter\/regiondirektor\/\">regiondirekt\u00f6r<\/a> \u00b7 <a href=\"http:\/\/wp.kristdemokraterna.se\/vasternorrland\/etiketter\/mona-hammarstedt\/\">Mona Hammarstedt<\/a> \u00b7 <a href=\"http:\/\/wp.kristdemokraterna.se\/vasternorrland\/etiketter\/motion\/\">motion<\/a> \u00b7 <a href=\"http:\/\/wp.kristdemokraterna.se\/vasternorrland\/etiketter\/uppsagning\/\">upps\u00e4gning<\/a><\/p>\n","protected":false},"excerpt":{"rendered":"<p>I Reglemente f\u00f6r landstingsstyrelsen, folkh\u00e4lso-, prim\u00e4rv\u00e5rds- och tandv\u00e5rdsn\u00e4mnden och H\u00e4lso- och sjukv\u00e5rdsn\u00e4mnden fastst\u00e4llt av landstingsfullm\u00e4ktige i februari 2015 framg\u00e5r det att \u201dLandstingsstyrelsen tills\u00e4tter landstingsdirekt\u00f6r som h\u00f6gsta ansvarig tj\u00e4nsteman och utf\u00e4rdar en instruktion som beskriver vederb\u00f6randes uppgifter f\u00f6r ledning och samordning inom landstingsf\u00f6rvaltningen. Styrelsen \u00e4r landstingsdirekt\u00f6rens uppdragsgivare.&#8221; Landstingsstyrelsen har sedan fattat ett beslut att vidaredelegera denna <a class=\"read-more-link\" href=\"https:\/\/wp.kristdemokraterna.se\/vasternorrland\/motion-delegationsratten-att-tillsatta-och-avsatta-landstingsdirektor\/\">Read More<\/a><\/p>\n","protected":false},"author":787,"featured_media":0,"comment_status":"closed","ping_status":"closed","sticky":false,"template":"","format":"standard","meta":{"_acf_changed":false,"footnotes":""},"categories":[787,727],"tags":[543,37,799,16,32,36,38],"class_list":["post-118925","post","type-post","status-publish","format-standard","hentry","category-ledning-styrning","category-nyheter","tag-alla-inlagg","tag-delegationsordning","tag-ledning-styrning","tag-mona-hammarstedt","tag-motion","tag-regiondirektor","tag-uppsagning"],"acf":[],"yoast_head":"<!-- This site is optimized with the Yoast SEO plugin v27.4 - https:\/\/yoast.com\/product\/yoast-seo-wordpress\/ -->\n<title>Motion: Delegationsr\u00e4tten att tills\u00e4tta (och avs\u00e4tta) landstingsdirekt\u00f6r | KD V\u00e4sternorrland<\/title>\n<meta name=\"robots\" content=\"index, follow, max-snippet:-1, max-image-preview:large, max-video-preview:-1\" \/>\n<link rel=\"canonical\" href=\"https:\/\/wp.kristdemokraterna.se\/vasternorrland\/motion-delegationsratten-att-tillsatta-och-avsatta-landstingsdirektor\/\" \/>\n<meta property=\"og:locale\" content=\"sv_SE\" \/>\n<meta property=\"og:type\" content=\"article\" \/>\n<meta property=\"og:title\" content=\"Motion: Delegationsr\u00e4tten att tills\u00e4tta (och avs\u00e4tta) landstingsdirekt\u00f6r | KD V\u00e4sternorrland\" \/>\n<meta property=\"og:description\" content=\"I Reglemente f\u00f6r landstingsstyrelsen, folkh\u00e4lso-, prim\u00e4rv\u00e5rds- och tandv\u00e5rdsn\u00e4mnden och H\u00e4lso- och sjukv\u00e5rdsn\u00e4mnden fastst\u00e4llt av landstingsfullm\u00e4ktige i februari 2015 framg\u00e5r det att \u201dLandstingsstyrelsen tills\u00e4tter landstingsdirekt\u00f6r som h\u00f6gsta ansvarig tj\u00e4nsteman och utf\u00e4rdar en instruktion som beskriver vederb\u00f6randes uppgifter f\u00f6r ledning och samordning inom landstingsf\u00f6rvaltningen. Styrelsen \u00e4r landstingsdirekt\u00f6rens uppdragsgivare.&#8221; Landstingsstyrelsen har sedan fattat ett beslut att vidaredelegera denna Read More\" \/>\n<meta property=\"og:url\" content=\"https:\/\/wp.kristdemokraterna.se\/vasternorrland\/motion-delegationsratten-att-tillsatta-och-avsatta-landstingsdirektor\/\" \/>\n<meta property=\"og:site_name\" content=\"KD V\u00e4sternorrland\" \/>\n<meta property=\"article:publisher\" content=\"https:\/\/www.facebook.com\/kdrvn\/\" \/>\n<meta property=\"article:published_time\" content=\"2015-11-26T13:27:39+00:00\" \/>\n<meta property=\"article:modified_time\" content=\"2020-03-25T14:44:20+00:00\" \/>\n<meta name=\"author\" content=\"timra\" \/>\n<meta name=\"twitter:card\" content=\"summary_large_image\" \/>\n<meta name=\"twitter:label1\" content=\"Skriven av\" \/>\n\t<meta name=\"twitter:data1\" content=\"timra\" \/>\n\t<meta name=\"twitter:label2\" content=\"Ber\u00e4knad l\u00e4stid\" \/>\n\t<meta name=\"twitter:data2\" content=\"1 minut\" \/>\n<script type=\"application\/ld+json\" class=\"yoast-schema-graph\">{\"@context\":\"https:\\\/\\\/schema.org\",\"@graph\":[{\"@type\":\"Article\",\"@id\":\"https:\\\/\\\/wp.kristdemokraterna.se\\\/vasternorrland\\\/motion-delegationsratten-att-tillsatta-och-avsatta-landstingsdirektor\\\/#article\",\"isPartOf\":{\"@id\":\"https:\\\/\\\/wp.kristdemokraterna.se\\\/vasternorrland\\\/motion-delegationsratten-att-tillsatta-och-avsatta-landstingsdirektor\\\/\"},\"author\":{\"name\":\"timra\",\"@id\":\"https:\\\/\\\/wp.kristdemokraterna.se\\\/vasternorrland\\\/#\\\/schema\\\/person\\\/49784c93d3806490fb376f5a3b3dd4cd\"},\"headline\":\"Motion: Delegationsr\u00e4tten att tills\u00e4tta (och avs\u00e4tta) landstingsdirekt\u00f6r\",\"datePublished\":\"2015-11-26T13:27:39+00:00\",\"dateModified\":\"2020-03-25T14:44:20+00:00\",\"mainEntityOfPage\":{\"@id\":\"https:\\\/\\\/wp.kristdemokraterna.se\\\/vasternorrland\\\/motion-delegationsratten-att-tillsatta-och-avsatta-landstingsdirektor\\\/\"},\"wordCount\":306,\"keywords\":[\"alla inl\u00e4gg\",\"delegationsordning\",\"ledning\\\/styrning\",\"Mona Hammarstedt\",\"motion\",\"regiondirekt\u00f6r\",\"upps\u00e4gning\"],\"articleSection\":[\"Ledning\\\/styrning\",\"Nyheter\"],\"inLanguage\":\"sv-SE\"},{\"@type\":\"WebPage\",\"@id\":\"https:\\\/\\\/wp.kristdemokraterna.se\\\/vasternorrland\\\/motion-delegationsratten-att-tillsatta-och-avsatta-landstingsdirektor\\\/\",\"url\":\"https:\\\/\\\/wp.kristdemokraterna.se\\\/vasternorrland\\\/motion-delegationsratten-att-tillsatta-och-avsatta-landstingsdirektor\\\/\",\"name\":\"Motion: Delegationsr\u00e4tten att tills\u00e4tta (och avs\u00e4tta) landstingsdirekt\u00f6r | KD V\u00e4sternorrland\",\"isPartOf\":{\"@id\":\"https:\\\/\\\/wp.kristdemokraterna.se\\\/vasternorrland\\\/#website\"},\"datePublished\":\"2015-11-26T13:27:39+00:00\",\"dateModified\":\"2020-03-25T14:44:20+00:00\",\"author\":{\"@id\":\"https:\\\/\\\/wp.kristdemokraterna.se\\\/vasternorrland\\\/#\\\/schema\\\/person\\\/49784c93d3806490fb376f5a3b3dd4cd\"},\"breadcrumb\":{\"@id\":\"https:\\\/\\\/wp.kristdemokraterna.se\\\/vasternorrland\\\/motion-delegationsratten-att-tillsatta-och-avsatta-landstingsdirektor\\\/#breadcrumb\"},\"inLanguage\":\"sv-SE\",\"potentialAction\":[{\"@type\":\"ReadAction\",\"target\":[\"https:\\\/\\\/wp.kristdemokraterna.se\\\/vasternorrland\\\/motion-delegationsratten-att-tillsatta-och-avsatta-landstingsdirektor\\\/\"]}]},{\"@type\":\"BreadcrumbList\",\"@id\":\"https:\\\/\\\/wp.kristdemokraterna.se\\\/vasternorrland\\\/motion-delegationsratten-att-tillsatta-och-avsatta-landstingsdirektor\\\/#breadcrumb\",\"itemListElement\":[{\"@type\":\"ListItem\",\"position\":1,\"name\":\"Hem\",\"item\":\"https:\\\/\\\/wp.kristdemokraterna.se\\\/vasternorrland\\\/\"},{\"@type\":\"ListItem\",\"position\":2,\"name\":\"Motion: Delegationsr\u00e4tten att tills\u00e4tta (och avs\u00e4tta) landstingsdirekt\u00f6r\"}]},{\"@type\":\"WebSite\",\"@id\":\"https:\\\/\\\/wp.kristdemokraterna.se\\\/vasternorrland\\\/#website\",\"url\":\"https:\\\/\\\/wp.kristdemokraterna.se\\\/vasternorrland\\\/\",\"name\":\"KD V\u00e4sternorrland\",\"description\":\"V\u00e5rda v\u00e5rden - utveckla prim\u00e4rv\u00e5rden\",\"inLanguage\":\"sv-SE\"},{\"@type\":\"Person\",\"@id\":\"https:\\\/\\\/wp.kristdemokraterna.se\\\/vasternorrland\\\/#\\\/schema\\\/person\\\/49784c93d3806490fb376f5a3b3dd4cd\",\"name\":\"timra\",\"image\":{\"@type\":\"ImageObject\",\"inLanguage\":\"sv-SE\",\"@id\":\"https:\\\/\\\/secure.gravatar.com\\\/avatar\\\/2d9a04bf0b09a2c8909797508e81e5c3faf9a9ba8962c579b9100cffe14b6f7b?s=96&r=g\",\"url\":\"https:\\\/\\\/secure.gravatar.com\\\/avatar\\\/2d9a04bf0b09a2c8909797508e81e5c3faf9a9ba8962c579b9100cffe14b6f7b?s=96&r=g\",\"contentUrl\":\"https:\\\/\\\/secure.gravatar.com\\\/avatar\\\/2d9a04bf0b09a2c8909797508e81e5c3faf9a9ba8962c579b9100cffe14b6f7b?s=96&r=g\",\"caption\":\"timra\"},\"url\":\"https:\\\/\\\/wp.kristdemokraterna.se\\\/vasternorrland\\\/author\\\/timra\\\/\"}]}<\/script>\n<!-- \/ Yoast SEO plugin. -->","yoast_head_json":{"title":"Motion: Delegationsr\u00e4tten att tills\u00e4tta (och avs\u00e4tta) landstingsdirekt\u00f6r | KD V\u00e4sternorrland","robots":{"index":"index","follow":"follow","max-snippet":"max-snippet:-1","max-image-preview":"max-image-preview:large","max-video-preview":"max-video-preview:-1"},"canonical":"https:\/\/wp.kristdemokraterna.se\/vasternorrland\/motion-delegationsratten-att-tillsatta-och-avsatta-landstingsdirektor\/","og_locale":"sv_SE","og_type":"article","og_title":"Motion: Delegationsr\u00e4tten att tills\u00e4tta (och avs\u00e4tta) landstingsdirekt\u00f6r | KD V\u00e4sternorrland","og_description":"I Reglemente f\u00f6r landstingsstyrelsen, folkh\u00e4lso-, prim\u00e4rv\u00e5rds- och tandv\u00e5rdsn\u00e4mnden och H\u00e4lso- och sjukv\u00e5rdsn\u00e4mnden fastst\u00e4llt av landstingsfullm\u00e4ktige i februari 2015 framg\u00e5r det att \u201dLandstingsstyrelsen tills\u00e4tter landstingsdirekt\u00f6r som h\u00f6gsta ansvarig tj\u00e4nsteman och utf\u00e4rdar en instruktion som beskriver vederb\u00f6randes uppgifter f\u00f6r ledning och samordning inom landstingsf\u00f6rvaltningen. Styrelsen \u00e4r landstingsdirekt\u00f6rens uppdragsgivare.&#8221; Landstingsstyrelsen har sedan fattat ett beslut att vidaredelegera denna Read More","og_url":"https:\/\/wp.kristdemokraterna.se\/vasternorrland\/motion-delegationsratten-att-tillsatta-och-avsatta-landstingsdirektor\/","og_site_name":"KD V\u00e4sternorrland","article_publisher":"https:\/\/www.facebook.com\/kdrvn\/","article_published_time":"2015-11-26T13:27:39+00:00","article_modified_time":"2020-03-25T14:44:20+00:00","author":"timra","twitter_card":"summary_large_image","twitter_misc":{"Skriven av":"timra","Ber\u00e4knad l\u00e4stid":"1 minut"},"schema":{"@context":"https:\/\/schema.org","@graph":[{"@type":"Article","@id":"https:\/\/wp.kristdemokraterna.se\/vasternorrland\/motion-delegationsratten-att-tillsatta-och-avsatta-landstingsdirektor\/#article","isPartOf":{"@id":"https:\/\/wp.kristdemokraterna.se\/vasternorrland\/motion-delegationsratten-att-tillsatta-och-avsatta-landstingsdirektor\/"},"author":{"name":"timra","@id":"https:\/\/wp.kristdemokraterna.se\/vasternorrland\/#\/schema\/person\/49784c93d3806490fb376f5a3b3dd4cd"},"headline":"Motion: Delegationsr\u00e4tten att tills\u00e4tta (och avs\u00e4tta) landstingsdirekt\u00f6r","datePublished":"2015-11-26T13:27:39+00:00","dateModified":"2020-03-25T14:44:20+00:00","mainEntityOfPage":{"@id":"https:\/\/wp.kristdemokraterna.se\/vasternorrland\/motion-delegationsratten-att-tillsatta-och-avsatta-landstingsdirektor\/"},"wordCount":306,"keywords":["alla inl\u00e4gg","delegationsordning","ledning\/styrning","Mona Hammarstedt","motion","regiondirekt\u00f6r","upps\u00e4gning"],"articleSection":["Ledning\/styrning","Nyheter"],"inLanguage":"sv-SE"},{"@type":"WebPage","@id":"https:\/\/wp.kristdemokraterna.se\/vasternorrland\/motion-delegationsratten-att-tillsatta-och-avsatta-landstingsdirektor\/","url":"https:\/\/wp.kristdemokraterna.se\/vasternorrland\/motion-delegationsratten-att-tillsatta-och-avsatta-landstingsdirektor\/","name":"Motion: Delegationsr\u00e4tten att tills\u00e4tta (och avs\u00e4tta) landstingsdirekt\u00f6r | KD V\u00e4sternorrland","isPartOf":{"@id":"https:\/\/wp.kristdemokraterna.se\/vasternorrland\/#website"},"datePublished":"2015-11-26T13:27:39+00:00","dateModified":"2020-03-25T14:44:20+00:00","author":{"@id":"https:\/\/wp.kristdemokraterna.se\/vasternorrland\/#\/schema\/person\/49784c93d3806490fb376f5a3b3dd4cd"},"breadcrumb":{"@id":"https:\/\/wp.kristdemokraterna.se\/vasternorrland\/motion-delegationsratten-att-tillsatta-och-avsatta-landstingsdirektor\/#breadcrumb"},"inLanguage":"sv-SE","potentialAction":[{"@type":"ReadAction","target":["https:\/\/wp.kristdemokraterna.se\/vasternorrland\/motion-delegationsratten-att-tillsatta-och-avsatta-landstingsdirektor\/"]}]},{"@type":"BreadcrumbList","@id":"https:\/\/wp.kristdemokraterna.se\/vasternorrland\/motion-delegationsratten-att-tillsatta-och-avsatta-landstingsdirektor\/#breadcrumb","itemListElement":[{"@type":"ListItem","position":1,"name":"Hem","item":"https:\/\/wp.kristdemokraterna.se\/vasternorrland\/"},{"@type":"ListItem","position":2,"name":"Motion: Delegationsr\u00e4tten att tills\u00e4tta (och avs\u00e4tta) landstingsdirekt\u00f6r"}]},{"@type":"WebSite","@id":"https:\/\/wp.kristdemokraterna.se\/vasternorrland\/#website","url":"https:\/\/wp.kristdemokraterna.se\/vasternorrland\/","name":"KD V\u00e4sternorrland","description":"V\u00e5rda v\u00e5rden - utveckla prim\u00e4rv\u00e5rden","inLanguage":"sv-SE"},{"@type":"Person","@id":"https:\/\/wp.kristdemokraterna.se\/vasternorrland\/#\/schema\/person\/49784c93d3806490fb376f5a3b3dd4cd","name":"timra","image":{"@type":"ImageObject","inLanguage":"sv-SE","@id":"https:\/\/secure.gravatar.com\/avatar\/2d9a04bf0b09a2c8909797508e81e5c3faf9a9ba8962c579b9100cffe14b6f7b?s=96&r=g","url":"https:\/\/secure.gravatar.com\/avatar\/2d9a04bf0b09a2c8909797508e81e5c3faf9a9ba8962c579b9100cffe14b6f7b?s=96&r=g","contentUrl":"https:\/\/secure.gravatar.com\/avatar\/2d9a04bf0b09a2c8909797508e81e5c3faf9a9ba8962c579b9100cffe14b6f7b?s=96&r=g","caption":"timra"},"url":"https:\/\/wp.kristdemokraterna.se\/vasternorrland\/author\/timra\/"}]}},"_links":{"self":[{"href":"https:\/\/wp.kristdemokraterna.se\/vasternorrland\/wp-json\/wp\/v2\/posts\/118925","targetHints":{"allow":["GET"]}}],"collection":[{"href":"https:\/\/wp.kristdemokraterna.se\/vasternorrland\/wp-json\/wp\/v2\/posts"}],"about":[{"href":"https:\/\/wp.kristdemokraterna.se\/vasternorrland\/wp-json\/wp\/v2\/types\/post"}],"author":[{"embeddable":true,"href":"https:\/\/wp.kristdemokraterna.se\/vasternorrland\/wp-json\/wp\/v2\/users\/787"}],"replies":[{"embeddable":true,"href":"https:\/\/wp.kristdemokraterna.se\/vasternorrland\/wp-json\/wp\/v2\/comments?post=118925"}],"version-history":[{"count":5,"href":"https:\/\/wp.kristdemokraterna.se\/vasternorrland\/wp-json\/wp\/v2\/posts\/118925\/revisions"}],"predecessor-version":[{"id":267051,"href":"https:\/\/wp.kristdemokraterna.se\/vasternorrland\/wp-json\/wp\/v2\/posts\/118925\/revisions\/267051"}],"wp:attachment":[{"href":"https:\/\/wp.kristdemokraterna.se\/vasternorrland\/wp-json\/wp\/v2\/media?parent=118925"}],"wp:term":[{"taxonomy":"category","embeddable":true,"href":"https:\/\/wp.kristdemokraterna.se\/vasternorrland\/wp-json\/wp\/v2\/categories?post=118925"},{"taxonomy":"post_tag","embeddable":true,"href":"https:\/\/wp.kristdemokraterna.se\/vasternorrland\/wp-json\/wp\/v2\/tags?post=118925"}],"curies":[{"name":"wp","href":"https:\/\/api.w.org\/{rel}","templated":true}]}}