{"id":118964,"date":"2015-10-20T16:10:46","date_gmt":"2015-10-20T14:10:46","guid":{"rendered":"http:\/\/wp.kristdemokraterna.se\/vasternorrland\/?p=118964"},"modified":"2020-05-16T08:12:09","modified_gmt":"2020-05-16T06:12:09","slug":"interpellation-landstingsdirektorens-uppsagning","status":"publish","type":"post","link":"https:\/\/wp.kristdemokraterna.se\/vasternorrland\/interpellation-landstingsdirektorens-uppsagning\/","title":{"rendered":"Interpellation: Landstingsdirekt\u00f6rens upps\u00e4gning"},"content":{"rendered":"<p>Interpellation till landstingsstyrelsens vice ordf\u00f6rande ang\u00e5ende landstingsdirekt\u00f6rens upps\u00e4gning<\/p>\n<p>P\u00e5 allehanda.se kan vi i en artikel den 20 oktober l\u00e4sa att Landstingsdirekt\u00f6ren har sagt upp sig. I tidningsartikeln framg\u00e5r att landstingets direkt\u00f6r Anders L Johansson funderat p\u00e5 om han ska forts\u00e4tta en tid och att ingen har bett honom sluta. Landstingsstyrelsens vice och f\u00f6r n\u00e4rvarande tillf\u00f6rordnade ordf\u00f6rande, Erik L\u00f6vgren, p\u00e5talar i artikeln att han \u00e4r n\u00f6jd med hans arbete. Enligt det nya anst\u00e4llningsavtal landstingets majoritet gjort upp med landstingsdirekt\u00f6ren f\u00e5r Anders L Johansson 6 m\u00e5nadsl\u00f6ner om han s\u00e4ger upp sig sj\u00e4lv. Nu ska Anders L Johansson f\u00e5 12 m\u00e5nadsl\u00f6ner.<\/p>\n<p>Det inneb\u00e4r att landstinget ska betala 6 extra m\u00e5nadsl\u00f6ner och tillkommande sociala avgifter, i en sorts fallsk\u00e4rm! Totalt inneb\u00e4r detta en merkostnad f\u00f6r landstinget p\u00e5 \u00f6ver en miljon kronor.<\/p>\n<p>Jag vill d\u00e4rf\u00f6r ha svar p\u00e5:<\/p>\n<ul>\n<li>Har landstingsdirekt\u00f6ren g\u00e5tt sj\u00e4lvmant?<\/li>\n<li>I s\u00e5 fall med vilken r\u00e4tt har Erik L\u00f6vgren fr\u00e5ng\u00e5tt avtalet och skrivit under en \u00f6verenskommelse om denna fallsk\u00e4rm?<\/li>\n<li>Om landstingsdirekt\u00f6ren inte har avg\u00e5tt p\u00e5 egen beg\u00e4ran: P\u00e5 vilken grund har han d\u00e5 blivit uppsagt?<\/li>\n<\/ul>\n<p>Det handlar om att hantera skattebetalarnas medel ansvarsfullt!<\/p>\n<p>Mona Hammarstedt<br \/>\n2015-10-20<br \/>\nKristdemokraterna<\/p>\n<hr \/>\n<p><a href=\"http:\/\/wp.kristdemokraterna.se\/vasternorrland\/var-politik\/politikomraden\/personal\/\">Personal<\/a> | <a href=\"http:\/\/wp.kristdemokraterna.se\/vasternorrland\/etiketter\/arbetsvillkor\/\">arbetsvillkor<\/a> \u00b7 <a href=\"http:\/\/wp.kristdemokraterna.se\/vasternorrland\/etiketter\/fallskarm\/\">fallsk\u00e4rm<\/a> \u00b7 <a href=\"http:\/\/wp.kristdemokraterna.se\/vasternorrland\/etiketter\/interpellation\/\">interpellation<\/a> \u00b7 <a href=\"http:\/\/wp.kristdemokraterna.se\/vasternorrland\/etiketter\/mona-hammarstedt\/\">Mona Hammarstedt<\/a> \u00b7 <a href=\"http:\/\/wp.kristdemokraterna.se\/vasternorrland\/etiketter\/regiondirektor\/\">regiondirekt\u00f6r<\/a> \u00b7 <a href=\"http:\/\/wp.kristdemokraterna.se\/vasternorrland\/etiketter\/uppsagning\/\">upps\u00e4gning<\/a><\/p>\n","protected":false},"excerpt":{"rendered":"<p>Interpellation till landstingsstyrelsens vice ordf\u00f6rande ang\u00e5ende landstingsdirekt\u00f6rens upps\u00e4gning P\u00e5 allehanda.se kan vi i en artikel den 20 oktober l\u00e4sa att Landstingsdirekt\u00f6ren har sagt upp sig. I tidningsartikeln framg\u00e5r att landstingets direkt\u00f6r Anders L Johansson funderat p\u00e5 om han ska forts\u00e4tta en tid och att ingen har bett honom sluta. Landstingsstyrelsens vice och f\u00f6r n\u00e4rvarande tillf\u00f6rordnade <a class=\"read-more-link\" href=\"https:\/\/wp.kristdemokraterna.se\/vasternorrland\/interpellation-landstingsdirektorens-uppsagning\/\">Read More<\/a><\/p>\n","protected":false},"author":787,"featured_media":0,"comment_status":"closed","ping_status":"closed","sticky":false,"template":"","format":"standard","meta":{"_acf_changed":false,"footnotes":""},"categories":[823,727,110],"tags":[543,218,75,39,16,98,36,38],"class_list":["post-118964","post","type-post","status-publish","format-standard","hentry","category-arbetsvillkor","category-nyheter","category-personal","tag-alla-inlagg","tag-arbetsvillkor","tag-fallskarm","tag-interpellation","tag-mona-hammarstedt","tag-personal","tag-regiondirektor","tag-uppsagning"],"acf":[],"yoast_head":"<!-- This site is optimized with the Yoast SEO plugin v27.4 - https:\/\/yoast.com\/product\/yoast-seo-wordpress\/ -->\n<title>Interpellation: Landstingsdirekt\u00f6rens upps\u00e4gning | KD V\u00e4sternorrland<\/title>\n<meta name=\"robots\" content=\"index, follow, max-snippet:-1, max-image-preview:large, max-video-preview:-1\" \/>\n<link rel=\"canonical\" href=\"https:\/\/wp.kristdemokraterna.se\/vasternorrland\/interpellation-landstingsdirektorens-uppsagning\/\" \/>\n<meta property=\"og:locale\" content=\"sv_SE\" \/>\n<meta property=\"og:type\" content=\"article\" \/>\n<meta property=\"og:title\" content=\"Interpellation: Landstingsdirekt\u00f6rens upps\u00e4gning | KD V\u00e4sternorrland\" \/>\n<meta property=\"og:description\" content=\"Interpellation till landstingsstyrelsens vice ordf\u00f6rande ang\u00e5ende landstingsdirekt\u00f6rens upps\u00e4gning P\u00e5 allehanda.se kan vi i en artikel den 20 oktober l\u00e4sa att Landstingsdirekt\u00f6ren har sagt upp sig. I tidningsartikeln framg\u00e5r att landstingets direkt\u00f6r Anders L Johansson funderat p\u00e5 om han ska forts\u00e4tta en tid och att ingen har bett honom sluta. Landstingsstyrelsens vice och f\u00f6r n\u00e4rvarande tillf\u00f6rordnade Read More\" \/>\n<meta property=\"og:url\" content=\"https:\/\/wp.kristdemokraterna.se\/vasternorrland\/interpellation-landstingsdirektorens-uppsagning\/\" \/>\n<meta property=\"og:site_name\" content=\"KD V\u00e4sternorrland\" \/>\n<meta property=\"article:publisher\" content=\"https:\/\/www.facebook.com\/kdrvn\/\" \/>\n<meta property=\"article:published_time\" content=\"2015-10-20T14:10:46+00:00\" \/>\n<meta property=\"article:modified_time\" content=\"2020-05-16T06:12:09+00:00\" \/>\n<meta name=\"author\" content=\"timra\" \/>\n<meta name=\"twitter:card\" content=\"summary_large_image\" \/>\n<meta name=\"twitter:label1\" content=\"Skriven av\" \/>\n\t<meta name=\"twitter:data1\" content=\"timra\" \/>\n\t<meta name=\"twitter:label2\" content=\"Ber\u00e4knad l\u00e4stid\" \/>\n\t<meta name=\"twitter:data2\" content=\"1 minut\" \/>\n<script type=\"application\/ld+json\" class=\"yoast-schema-graph\">{\"@context\":\"https:\\\/\\\/schema.org\",\"@graph\":[{\"@type\":\"Article\",\"@id\":\"https:\\\/\\\/wp.kristdemokraterna.se\\\/vasternorrland\\\/interpellation-landstingsdirektorens-uppsagning\\\/#article\",\"isPartOf\":{\"@id\":\"https:\\\/\\\/wp.kristdemokraterna.se\\\/vasternorrland\\\/interpellation-landstingsdirektorens-uppsagning\\\/\"},\"author\":{\"name\":\"timra\",\"@id\":\"https:\\\/\\\/wp.kristdemokraterna.se\\\/vasternorrland\\\/#\\\/schema\\\/person\\\/49784c93d3806490fb376f5a3b3dd4cd\"},\"headline\":\"Interpellation: Landstingsdirekt\u00f6rens upps\u00e4gning\",\"datePublished\":\"2015-10-20T14:10:46+00:00\",\"dateModified\":\"2020-05-16T06:12:09+00:00\",\"mainEntityOfPage\":{\"@id\":\"https:\\\/\\\/wp.kristdemokraterna.se\\\/vasternorrland\\\/interpellation-landstingsdirektorens-uppsagning\\\/\"},\"wordCount\":242,\"keywords\":[\"alla inl\u00e4gg\",\"arbetsvillkor\",\"fallsk\u00e4rm\",\"interpellation\",\"Mona Hammarstedt\",\"personal\",\"regiondirekt\u00f6r\",\"upps\u00e4gning\"],\"articleSection\":[\"Arbetsvillkor\",\"Nyheter\",\"Personal\"],\"inLanguage\":\"sv-SE\"},{\"@type\":\"WebPage\",\"@id\":\"https:\\\/\\\/wp.kristdemokraterna.se\\\/vasternorrland\\\/interpellation-landstingsdirektorens-uppsagning\\\/\",\"url\":\"https:\\\/\\\/wp.kristdemokraterna.se\\\/vasternorrland\\\/interpellation-landstingsdirektorens-uppsagning\\\/\",\"name\":\"Interpellation: Landstingsdirekt\u00f6rens upps\u00e4gning | KD V\u00e4sternorrland\",\"isPartOf\":{\"@id\":\"https:\\\/\\\/wp.kristdemokraterna.se\\\/vasternorrland\\\/#website\"},\"datePublished\":\"2015-10-20T14:10:46+00:00\",\"dateModified\":\"2020-05-16T06:12:09+00:00\",\"author\":{\"@id\":\"https:\\\/\\\/wp.kristdemokraterna.se\\\/vasternorrland\\\/#\\\/schema\\\/person\\\/49784c93d3806490fb376f5a3b3dd4cd\"},\"breadcrumb\":{\"@id\":\"https:\\\/\\\/wp.kristdemokraterna.se\\\/vasternorrland\\\/interpellation-landstingsdirektorens-uppsagning\\\/#breadcrumb\"},\"inLanguage\":\"sv-SE\",\"potentialAction\":[{\"@type\":\"ReadAction\",\"target\":[\"https:\\\/\\\/wp.kristdemokraterna.se\\\/vasternorrland\\\/interpellation-landstingsdirektorens-uppsagning\\\/\"]}]},{\"@type\":\"BreadcrumbList\",\"@id\":\"https:\\\/\\\/wp.kristdemokraterna.se\\\/vasternorrland\\\/interpellation-landstingsdirektorens-uppsagning\\\/#breadcrumb\",\"itemListElement\":[{\"@type\":\"ListItem\",\"position\":1,\"name\":\"Hem\",\"item\":\"https:\\\/\\\/wp.kristdemokraterna.se\\\/vasternorrland\\\/\"},{\"@type\":\"ListItem\",\"position\":2,\"name\":\"Interpellation: Landstingsdirekt\u00f6rens upps\u00e4gning\"}]},{\"@type\":\"WebSite\",\"@id\":\"https:\\\/\\\/wp.kristdemokraterna.se\\\/vasternorrland\\\/#website\",\"url\":\"https:\\\/\\\/wp.kristdemokraterna.se\\\/vasternorrland\\\/\",\"name\":\"KD V\u00e4sternorrland\",\"description\":\"V\u00e5rda v\u00e5rden - utveckla prim\u00e4rv\u00e5rden\",\"inLanguage\":\"sv-SE\"},{\"@type\":\"Person\",\"@id\":\"https:\\\/\\\/wp.kristdemokraterna.se\\\/vasternorrland\\\/#\\\/schema\\\/person\\\/49784c93d3806490fb376f5a3b3dd4cd\",\"name\":\"timra\",\"image\":{\"@type\":\"ImageObject\",\"inLanguage\":\"sv-SE\",\"@id\":\"https:\\\/\\\/secure.gravatar.com\\\/avatar\\\/2d9a04bf0b09a2c8909797508e81e5c3faf9a9ba8962c579b9100cffe14b6f7b?s=96&r=g\",\"url\":\"https:\\\/\\\/secure.gravatar.com\\\/avatar\\\/2d9a04bf0b09a2c8909797508e81e5c3faf9a9ba8962c579b9100cffe14b6f7b?s=96&r=g\",\"contentUrl\":\"https:\\\/\\\/secure.gravatar.com\\\/avatar\\\/2d9a04bf0b09a2c8909797508e81e5c3faf9a9ba8962c579b9100cffe14b6f7b?s=96&r=g\",\"caption\":\"timra\"},\"url\":\"https:\\\/\\\/wp.kristdemokraterna.se\\\/vasternorrland\\\/author\\\/timra\\\/\"}]}<\/script>\n<!-- \/ Yoast SEO plugin. -->","yoast_head_json":{"title":"Interpellation: Landstingsdirekt\u00f6rens upps\u00e4gning | KD V\u00e4sternorrland","robots":{"index":"index","follow":"follow","max-snippet":"max-snippet:-1","max-image-preview":"max-image-preview:large","max-video-preview":"max-video-preview:-1"},"canonical":"https:\/\/wp.kristdemokraterna.se\/vasternorrland\/interpellation-landstingsdirektorens-uppsagning\/","og_locale":"sv_SE","og_type":"article","og_title":"Interpellation: Landstingsdirekt\u00f6rens upps\u00e4gning | KD V\u00e4sternorrland","og_description":"Interpellation till landstingsstyrelsens vice ordf\u00f6rande ang\u00e5ende landstingsdirekt\u00f6rens upps\u00e4gning P\u00e5 allehanda.se kan vi i en artikel den 20 oktober l\u00e4sa att Landstingsdirekt\u00f6ren har sagt upp sig. I tidningsartikeln framg\u00e5r att landstingets direkt\u00f6r Anders L Johansson funderat p\u00e5 om han ska forts\u00e4tta en tid och att ingen har bett honom sluta. Landstingsstyrelsens vice och f\u00f6r n\u00e4rvarande tillf\u00f6rordnade Read More","og_url":"https:\/\/wp.kristdemokraterna.se\/vasternorrland\/interpellation-landstingsdirektorens-uppsagning\/","og_site_name":"KD V\u00e4sternorrland","article_publisher":"https:\/\/www.facebook.com\/kdrvn\/","article_published_time":"2015-10-20T14:10:46+00:00","article_modified_time":"2020-05-16T06:12:09+00:00","author":"timra","twitter_card":"summary_large_image","twitter_misc":{"Skriven av":"timra","Ber\u00e4knad l\u00e4stid":"1 minut"},"schema":{"@context":"https:\/\/schema.org","@graph":[{"@type":"Article","@id":"https:\/\/wp.kristdemokraterna.se\/vasternorrland\/interpellation-landstingsdirektorens-uppsagning\/#article","isPartOf":{"@id":"https:\/\/wp.kristdemokraterna.se\/vasternorrland\/interpellation-landstingsdirektorens-uppsagning\/"},"author":{"name":"timra","@id":"https:\/\/wp.kristdemokraterna.se\/vasternorrland\/#\/schema\/person\/49784c93d3806490fb376f5a3b3dd4cd"},"headline":"Interpellation: Landstingsdirekt\u00f6rens upps\u00e4gning","datePublished":"2015-10-20T14:10:46+00:00","dateModified":"2020-05-16T06:12:09+00:00","mainEntityOfPage":{"@id":"https:\/\/wp.kristdemokraterna.se\/vasternorrland\/interpellation-landstingsdirektorens-uppsagning\/"},"wordCount":242,"keywords":["alla inl\u00e4gg","arbetsvillkor","fallsk\u00e4rm","interpellation","Mona Hammarstedt","personal","regiondirekt\u00f6r","upps\u00e4gning"],"articleSection":["Arbetsvillkor","Nyheter","Personal"],"inLanguage":"sv-SE"},{"@type":"WebPage","@id":"https:\/\/wp.kristdemokraterna.se\/vasternorrland\/interpellation-landstingsdirektorens-uppsagning\/","url":"https:\/\/wp.kristdemokraterna.se\/vasternorrland\/interpellation-landstingsdirektorens-uppsagning\/","name":"Interpellation: Landstingsdirekt\u00f6rens upps\u00e4gning | KD V\u00e4sternorrland","isPartOf":{"@id":"https:\/\/wp.kristdemokraterna.se\/vasternorrland\/#website"},"datePublished":"2015-10-20T14:10:46+00:00","dateModified":"2020-05-16T06:12:09+00:00","author":{"@id":"https:\/\/wp.kristdemokraterna.se\/vasternorrland\/#\/schema\/person\/49784c93d3806490fb376f5a3b3dd4cd"},"breadcrumb":{"@id":"https:\/\/wp.kristdemokraterna.se\/vasternorrland\/interpellation-landstingsdirektorens-uppsagning\/#breadcrumb"},"inLanguage":"sv-SE","potentialAction":[{"@type":"ReadAction","target":["https:\/\/wp.kristdemokraterna.se\/vasternorrland\/interpellation-landstingsdirektorens-uppsagning\/"]}]},{"@type":"BreadcrumbList","@id":"https:\/\/wp.kristdemokraterna.se\/vasternorrland\/interpellation-landstingsdirektorens-uppsagning\/#breadcrumb","itemListElement":[{"@type":"ListItem","position":1,"name":"Hem","item":"https:\/\/wp.kristdemokraterna.se\/vasternorrland\/"},{"@type":"ListItem","position":2,"name":"Interpellation: Landstingsdirekt\u00f6rens upps\u00e4gning"}]},{"@type":"WebSite","@id":"https:\/\/wp.kristdemokraterna.se\/vasternorrland\/#website","url":"https:\/\/wp.kristdemokraterna.se\/vasternorrland\/","name":"KD V\u00e4sternorrland","description":"V\u00e5rda v\u00e5rden - utveckla prim\u00e4rv\u00e5rden","inLanguage":"sv-SE"},{"@type":"Person","@id":"https:\/\/wp.kristdemokraterna.se\/vasternorrland\/#\/schema\/person\/49784c93d3806490fb376f5a3b3dd4cd","name":"timra","image":{"@type":"ImageObject","inLanguage":"sv-SE","@id":"https:\/\/secure.gravatar.com\/avatar\/2d9a04bf0b09a2c8909797508e81e5c3faf9a9ba8962c579b9100cffe14b6f7b?s=96&r=g","url":"https:\/\/secure.gravatar.com\/avatar\/2d9a04bf0b09a2c8909797508e81e5c3faf9a9ba8962c579b9100cffe14b6f7b?s=96&r=g","contentUrl":"https:\/\/secure.gravatar.com\/avatar\/2d9a04bf0b09a2c8909797508e81e5c3faf9a9ba8962c579b9100cffe14b6f7b?s=96&r=g","caption":"timra"},"url":"https:\/\/wp.kristdemokraterna.se\/vasternorrland\/author\/timra\/"}]}},"_links":{"self":[{"href":"https:\/\/wp.kristdemokraterna.se\/vasternorrland\/wp-json\/wp\/v2\/posts\/118964","targetHints":{"allow":["GET"]}}],"collection":[{"href":"https:\/\/wp.kristdemokraterna.se\/vasternorrland\/wp-json\/wp\/v2\/posts"}],"about":[{"href":"https:\/\/wp.kristdemokraterna.se\/vasternorrland\/wp-json\/wp\/v2\/types\/post"}],"author":[{"embeddable":true,"href":"https:\/\/wp.kristdemokraterna.se\/vasternorrland\/wp-json\/wp\/v2\/users\/787"}],"replies":[{"embeddable":true,"href":"https:\/\/wp.kristdemokraterna.se\/vasternorrland\/wp-json\/wp\/v2\/comments?post=118964"}],"version-history":[{"count":5,"href":"https:\/\/wp.kristdemokraterna.se\/vasternorrland\/wp-json\/wp\/v2\/posts\/118964\/revisions"}],"predecessor-version":[{"id":279614,"href":"https:\/\/wp.kristdemokraterna.se\/vasternorrland\/wp-json\/wp\/v2\/posts\/118964\/revisions\/279614"}],"wp:attachment":[{"href":"https:\/\/wp.kristdemokraterna.se\/vasternorrland\/wp-json\/wp\/v2\/media?parent=118964"}],"wp:term":[{"taxonomy":"category","embeddable":true,"href":"https:\/\/wp.kristdemokraterna.se\/vasternorrland\/wp-json\/wp\/v2\/categories?post=118964"},{"taxonomy":"post_tag","embeddable":true,"href":"https:\/\/wp.kristdemokraterna.se\/vasternorrland\/wp-json\/wp\/v2\/tags?post=118964"}],"curies":[{"name":"wp","href":"https:\/\/api.w.org\/{rel}","templated":true}]}}