{"id":118970,"date":"2015-02-03T16:27:01","date_gmt":"2015-02-03T15:27:01","guid":{"rendered":"http:\/\/wp.kristdemokraterna.se\/vasternorrland\/?p=118970"},"modified":"2019-04-04T14:22:25","modified_gmt":"2019-04-04T12:22:25","slug":"dyrare-med-vaccination-mot-baltros","status":"publish","type":"post","link":"https:\/\/wp.kristdemokraterna.se\/vasternorrland\/dyrare-med-vaccination-mot-baltros\/","title":{"rendered":"Dyrare med vaccination mot b\u00e4ltros"},"content":{"rendered":"<p>Svar p\u00e5 interpellation fr\u00e5n Mona Hammarstedt (KD) ang\u00e5ende Vad h\u00e4nder f\u00f6r dem\u00a0som beh\u00f6ver vaccination mot b\u00e4ltros, n\u00e4r den uteslutits fr\u00e5n h\u00f6gkostnadsskyddet?<\/p>\n<p>H\u00e4lso- och sjukv\u00e5rdsn\u00e4mndens ordf\u00f6rande l\u00e4mnade f\u00f6ljande svar p\u00e5 interpellationen:<\/p>\n<p>Interpellanten st\u00e4ller f\u00f6ljande fr\u00e5gor ang\u00e5ende vad som h\u00e4nder f\u00f6r dem som beh\u00f6ver vaccination mot b\u00e4ltros, n\u00e4r vaccinet Zostabax uteslutits fr\u00e5n h\u00f6gkostnadsskyddet.<\/p>\n<p><strong>Fr\u00e5ga 1:<\/strong> Hur ska behovet av vaccination tillgodoses f\u00f6r personer med f\u00f6rh\u00f6jd risk f\u00f6r b\u00e4ltros n\u00e4r det nu blivit avsev\u00e4rt mycket dyrare?<br \/>\n<strong>Svar:<\/strong> Landstingets l\u00e4kemedelskommitt\u00e9 har hittills avr\u00e5tt fr\u00e5n vaccination mot b\u00e4ltros. F\u00f6r\u00e4ndringen i kostnad \u00e4r d\u00e4rf\u00f6r inte relevant f\u00f6r n\u00e4rvarande. En ny rekommendation kommer inom kort, baserad p\u00e5 Socialstyrelsens v\u00e4gledning fr\u00e5n november 2014, samt yttrande fr\u00e5n Sveriges kommuner och landstings grupp \u201dnya l\u00e4kemedelsterapier\u201d under december samma \u00e5r.<\/p>\n<p><strong>Fr\u00e5ga 2:<\/strong> Hur bed\u00f6mer du risken f\u00f6r att behov av sjukhusv\u00e5rd p\u00e5verkas, om f\u00e4rre har r\u00e5d med vaccination mot b\u00e4ltros?<br \/>\n<strong>Svar:<\/strong> Risken bed\u00f6ms som of\u00f6r\u00e4ndrad, eftersom ytterst f\u00e5 personer torde ha vaccinerats d\u00e5 L\u00e4kemedelskommitt\u00e9n avr\u00e5tt fr\u00e5n vaccination.<\/p>\n<p>H\u00e4rn\u00f6sand den 3 februari 2015<\/p>\n<hr \/>\n<p><a href=\"http:\/\/wp.kristdemokraterna.se\/vasternorrland\/var-politik\/politikomraden\/primarvard\/\">Prim\u00e4rv\u00e5rd<\/a> | <a href=\"http:\/\/wp.kristdemokraterna.se\/vasternorrland\/etiketter\/baltros\/\">b\u00e4ltros<\/a> \u00b7 <a href=\"http:\/\/wp.kristdemokraterna.se\/vasternorrland\/etiketter\/interpellationssvar\/\">interpellationssvar<\/a> \u00b7 <a href=\"http:\/\/wp.kristdemokraterna.se\/vasternorrland\/etiketter\/mona-hammarstedt\/\">Mona Hammarstedt<\/a> \u00b7 <a href=\"http:\/\/wp.kristdemokraterna.se\/vasternorrland\/etiketter\/vaccination\/\">vaccination<\/a><\/p>\n","protected":false},"excerpt":{"rendered":"<p>Svar p\u00e5 interpellation fr\u00e5n Mona Hammarstedt (KD) ang\u00e5ende Vad h\u00e4nder f\u00f6r dem\u00a0som beh\u00f6ver vaccination mot b\u00e4ltros, n\u00e4r den uteslutits fr\u00e5n h\u00f6gkostnadsskyddet? H\u00e4lso- och sjukv\u00e5rdsn\u00e4mndens ordf\u00f6rande l\u00e4mnade f\u00f6ljande svar p\u00e5 interpellationen: Interpellanten st\u00e4ller f\u00f6ljande fr\u00e5gor ang\u00e5ende vad som h\u00e4nder f\u00f6r dem som beh\u00f6ver vaccination mot b\u00e4ltros, n\u00e4r vaccinet Zostabax uteslutits fr\u00e5n h\u00f6gkostnadsskyddet. Fr\u00e5ga 1: Hur ska <a class=\"read-more-link\" href=\"https:\/\/wp.kristdemokraterna.se\/vasternorrland\/dyrare-med-vaccination-mot-baltros\/\">Read More<\/a><\/p>\n","protected":false},"author":787,"featured_media":0,"comment_status":"closed","ping_status":"closed","sticky":false,"template":"","format":"standard","meta":{"_acf_changed":false,"footnotes":""},"categories":[100],"tags":[543,76,81,16,256,77],"class_list":["post-118970","post","type-post","status-publish","format-standard","hentry","category-primarvard","tag-alla-inlagg","tag-baltros","tag-interpellationssvar","tag-mona-hammarstedt","tag-primarvard","tag-vaccination"],"acf":[],"yoast_head":"<!-- This site is optimized with the Yoast SEO plugin v27.5 - https:\/\/yoast.com\/product\/yoast-seo-wordpress\/ -->\n<title>Dyrare med vaccination mot b\u00e4ltros | KD V\u00e4sternorrland<\/title>\n<meta name=\"robots\" content=\"index, follow, max-snippet:-1, max-image-preview:large, max-video-preview:-1\" \/>\n<link rel=\"canonical\" href=\"https:\/\/wp.kristdemokraterna.se\/vasternorrland\/dyrare-med-vaccination-mot-baltros\/\" \/>\n<meta property=\"og:locale\" content=\"sv_SE\" \/>\n<meta property=\"og:type\" content=\"article\" \/>\n<meta property=\"og:title\" content=\"Dyrare med vaccination mot b\u00e4ltros | KD V\u00e4sternorrland\" \/>\n<meta property=\"og:description\" content=\"Svar p\u00e5 interpellation fr\u00e5n Mona Hammarstedt (KD) ang\u00e5ende Vad h\u00e4nder f\u00f6r dem\u00a0som beh\u00f6ver vaccination mot b\u00e4ltros, n\u00e4r den uteslutits fr\u00e5n h\u00f6gkostnadsskyddet? H\u00e4lso- och sjukv\u00e5rdsn\u00e4mndens ordf\u00f6rande l\u00e4mnade f\u00f6ljande svar p\u00e5 interpellationen: Interpellanten st\u00e4ller f\u00f6ljande fr\u00e5gor ang\u00e5ende vad som h\u00e4nder f\u00f6r dem som beh\u00f6ver vaccination mot b\u00e4ltros, n\u00e4r vaccinet Zostabax uteslutits fr\u00e5n h\u00f6gkostnadsskyddet. Fr\u00e5ga 1: Hur ska Read More\" \/>\n<meta property=\"og:url\" content=\"https:\/\/wp.kristdemokraterna.se\/vasternorrland\/dyrare-med-vaccination-mot-baltros\/\" \/>\n<meta property=\"og:site_name\" content=\"KD V\u00e4sternorrland\" \/>\n<meta property=\"article:publisher\" content=\"https:\/\/www.facebook.com\/kdrvn\/\" \/>\n<meta property=\"article:published_time\" content=\"2015-02-03T15:27:01+00:00\" \/>\n<meta property=\"article:modified_time\" content=\"2019-04-04T12:22:25+00:00\" \/>\n<meta name=\"author\" content=\"timra\" \/>\n<meta name=\"twitter:card\" content=\"summary_large_image\" \/>\n<meta name=\"twitter:label1\" content=\"Skriven av\" \/>\n\t<meta name=\"twitter:data1\" content=\"timra\" \/>\n\t<meta name=\"twitter:label2\" content=\"Ber\u00e4knad l\u00e4stid\" \/>\n\t<meta name=\"twitter:data2\" content=\"1 minut\" \/>\n<script type=\"application\/ld+json\" class=\"yoast-schema-graph\">{\"@context\":\"https:\\\/\\\/schema.org\",\"@graph\":[{\"@type\":\"Article\",\"@id\":\"https:\\\/\\\/wp.kristdemokraterna.se\\\/vasternorrland\\\/dyrare-med-vaccination-mot-baltros\\\/#article\",\"isPartOf\":{\"@id\":\"https:\\\/\\\/wp.kristdemokraterna.se\\\/vasternorrland\\\/dyrare-med-vaccination-mot-baltros\\\/\"},\"author\":{\"name\":\"timra\",\"@id\":\"https:\\\/\\\/wp.kristdemokraterna.se\\\/vasternorrland\\\/#\\\/schema\\\/person\\\/49784c93d3806490fb376f5a3b3dd4cd\"},\"headline\":\"Dyrare med vaccination mot b\u00e4ltros\",\"datePublished\":\"2015-02-03T15:27:01+00:00\",\"dateModified\":\"2019-04-04T12:22:25+00:00\",\"mainEntityOfPage\":{\"@id\":\"https:\\\/\\\/wp.kristdemokraterna.se\\\/vasternorrland\\\/dyrare-med-vaccination-mot-baltros\\\/\"},\"wordCount\":237,\"keywords\":[\"alla inl\u00e4gg\",\"b\u00e4ltros\",\"interpellationssvar\",\"Mona Hammarstedt\",\"prim\u00e4rv\u00e5rd\",\"vaccination\"],\"articleSection\":[\"Prim\u00e4rv\u00e5rd\"],\"inLanguage\":\"sv-SE\"},{\"@type\":\"WebPage\",\"@id\":\"https:\\\/\\\/wp.kristdemokraterna.se\\\/vasternorrland\\\/dyrare-med-vaccination-mot-baltros\\\/\",\"url\":\"https:\\\/\\\/wp.kristdemokraterna.se\\\/vasternorrland\\\/dyrare-med-vaccination-mot-baltros\\\/\",\"name\":\"Dyrare med vaccination mot b\u00e4ltros | KD V\u00e4sternorrland\",\"isPartOf\":{\"@id\":\"https:\\\/\\\/wp.kristdemokraterna.se\\\/vasternorrland\\\/#website\"},\"datePublished\":\"2015-02-03T15:27:01+00:00\",\"dateModified\":\"2019-04-04T12:22:25+00:00\",\"author\":{\"@id\":\"https:\\\/\\\/wp.kristdemokraterna.se\\\/vasternorrland\\\/#\\\/schema\\\/person\\\/49784c93d3806490fb376f5a3b3dd4cd\"},\"breadcrumb\":{\"@id\":\"https:\\\/\\\/wp.kristdemokraterna.se\\\/vasternorrland\\\/dyrare-med-vaccination-mot-baltros\\\/#breadcrumb\"},\"inLanguage\":\"sv-SE\",\"potentialAction\":[{\"@type\":\"ReadAction\",\"target\":[\"https:\\\/\\\/wp.kristdemokraterna.se\\\/vasternorrland\\\/dyrare-med-vaccination-mot-baltros\\\/\"]}]},{\"@type\":\"BreadcrumbList\",\"@id\":\"https:\\\/\\\/wp.kristdemokraterna.se\\\/vasternorrland\\\/dyrare-med-vaccination-mot-baltros\\\/#breadcrumb\",\"itemListElement\":[{\"@type\":\"ListItem\",\"position\":1,\"name\":\"Hem\",\"item\":\"https:\\\/\\\/wp.kristdemokraterna.se\\\/vasternorrland\\\/\"},{\"@type\":\"ListItem\",\"position\":2,\"name\":\"Dyrare med vaccination mot b\u00e4ltros\"}]},{\"@type\":\"WebSite\",\"@id\":\"https:\\\/\\\/wp.kristdemokraterna.se\\\/vasternorrland\\\/#website\",\"url\":\"https:\\\/\\\/wp.kristdemokraterna.se\\\/vasternorrland\\\/\",\"name\":\"KD V\u00e4sternorrland\",\"description\":\"V\u00e5rda v\u00e5rden - utveckla prim\u00e4rv\u00e5rden\",\"inLanguage\":\"sv-SE\"},{\"@type\":\"Person\",\"@id\":\"https:\\\/\\\/wp.kristdemokraterna.se\\\/vasternorrland\\\/#\\\/schema\\\/person\\\/49784c93d3806490fb376f5a3b3dd4cd\",\"name\":\"timra\",\"image\":{\"@type\":\"ImageObject\",\"inLanguage\":\"sv-SE\",\"@id\":\"https:\\\/\\\/secure.gravatar.com\\\/avatar\\\/2d9a04bf0b09a2c8909797508e81e5c3faf9a9ba8962c579b9100cffe14b6f7b?s=96&r=g\",\"url\":\"https:\\\/\\\/secure.gravatar.com\\\/avatar\\\/2d9a04bf0b09a2c8909797508e81e5c3faf9a9ba8962c579b9100cffe14b6f7b?s=96&r=g\",\"contentUrl\":\"https:\\\/\\\/secure.gravatar.com\\\/avatar\\\/2d9a04bf0b09a2c8909797508e81e5c3faf9a9ba8962c579b9100cffe14b6f7b?s=96&r=g\",\"caption\":\"timra\"},\"url\":\"https:\\\/\\\/wp.kristdemokraterna.se\\\/vasternorrland\\\/author\\\/timra\\\/\"}]}<\/script>\n<!-- \/ Yoast SEO plugin. -->","yoast_head_json":{"title":"Dyrare med vaccination mot b\u00e4ltros | KD V\u00e4sternorrland","robots":{"index":"index","follow":"follow","max-snippet":"max-snippet:-1","max-image-preview":"max-image-preview:large","max-video-preview":"max-video-preview:-1"},"canonical":"https:\/\/wp.kristdemokraterna.se\/vasternorrland\/dyrare-med-vaccination-mot-baltros\/","og_locale":"sv_SE","og_type":"article","og_title":"Dyrare med vaccination mot b\u00e4ltros | KD V\u00e4sternorrland","og_description":"Svar p\u00e5 interpellation fr\u00e5n Mona Hammarstedt (KD) ang\u00e5ende Vad h\u00e4nder f\u00f6r dem\u00a0som beh\u00f6ver vaccination mot b\u00e4ltros, n\u00e4r den uteslutits fr\u00e5n h\u00f6gkostnadsskyddet? H\u00e4lso- och sjukv\u00e5rdsn\u00e4mndens ordf\u00f6rande l\u00e4mnade f\u00f6ljande svar p\u00e5 interpellationen: Interpellanten st\u00e4ller f\u00f6ljande fr\u00e5gor ang\u00e5ende vad som h\u00e4nder f\u00f6r dem som beh\u00f6ver vaccination mot b\u00e4ltros, n\u00e4r vaccinet Zostabax uteslutits fr\u00e5n h\u00f6gkostnadsskyddet. Fr\u00e5ga 1: Hur ska Read More","og_url":"https:\/\/wp.kristdemokraterna.se\/vasternorrland\/dyrare-med-vaccination-mot-baltros\/","og_site_name":"KD V\u00e4sternorrland","article_publisher":"https:\/\/www.facebook.com\/kdrvn\/","article_published_time":"2015-02-03T15:27:01+00:00","article_modified_time":"2019-04-04T12:22:25+00:00","author":"timra","twitter_card":"summary_large_image","twitter_misc":{"Skriven av":"timra","Ber\u00e4knad l\u00e4stid":"1 minut"},"schema":{"@context":"https:\/\/schema.org","@graph":[{"@type":"Article","@id":"https:\/\/wp.kristdemokraterna.se\/vasternorrland\/dyrare-med-vaccination-mot-baltros\/#article","isPartOf":{"@id":"https:\/\/wp.kristdemokraterna.se\/vasternorrland\/dyrare-med-vaccination-mot-baltros\/"},"author":{"name":"timra","@id":"https:\/\/wp.kristdemokraterna.se\/vasternorrland\/#\/schema\/person\/49784c93d3806490fb376f5a3b3dd4cd"},"headline":"Dyrare med vaccination mot b\u00e4ltros","datePublished":"2015-02-03T15:27:01+00:00","dateModified":"2019-04-04T12:22:25+00:00","mainEntityOfPage":{"@id":"https:\/\/wp.kristdemokraterna.se\/vasternorrland\/dyrare-med-vaccination-mot-baltros\/"},"wordCount":237,"keywords":["alla inl\u00e4gg","b\u00e4ltros","interpellationssvar","Mona Hammarstedt","prim\u00e4rv\u00e5rd","vaccination"],"articleSection":["Prim\u00e4rv\u00e5rd"],"inLanguage":"sv-SE"},{"@type":"WebPage","@id":"https:\/\/wp.kristdemokraterna.se\/vasternorrland\/dyrare-med-vaccination-mot-baltros\/","url":"https:\/\/wp.kristdemokraterna.se\/vasternorrland\/dyrare-med-vaccination-mot-baltros\/","name":"Dyrare med vaccination mot b\u00e4ltros | KD V\u00e4sternorrland","isPartOf":{"@id":"https:\/\/wp.kristdemokraterna.se\/vasternorrland\/#website"},"datePublished":"2015-02-03T15:27:01+00:00","dateModified":"2019-04-04T12:22:25+00:00","author":{"@id":"https:\/\/wp.kristdemokraterna.se\/vasternorrland\/#\/schema\/person\/49784c93d3806490fb376f5a3b3dd4cd"},"breadcrumb":{"@id":"https:\/\/wp.kristdemokraterna.se\/vasternorrland\/dyrare-med-vaccination-mot-baltros\/#breadcrumb"},"inLanguage":"sv-SE","potentialAction":[{"@type":"ReadAction","target":["https:\/\/wp.kristdemokraterna.se\/vasternorrland\/dyrare-med-vaccination-mot-baltros\/"]}]},{"@type":"BreadcrumbList","@id":"https:\/\/wp.kristdemokraterna.se\/vasternorrland\/dyrare-med-vaccination-mot-baltros\/#breadcrumb","itemListElement":[{"@type":"ListItem","position":1,"name":"Hem","item":"https:\/\/wp.kristdemokraterna.se\/vasternorrland\/"},{"@type":"ListItem","position":2,"name":"Dyrare med vaccination mot b\u00e4ltros"}]},{"@type":"WebSite","@id":"https:\/\/wp.kristdemokraterna.se\/vasternorrland\/#website","url":"https:\/\/wp.kristdemokraterna.se\/vasternorrland\/","name":"KD V\u00e4sternorrland","description":"V\u00e5rda v\u00e5rden - utveckla prim\u00e4rv\u00e5rden","inLanguage":"sv-SE"},{"@type":"Person","@id":"https:\/\/wp.kristdemokraterna.se\/vasternorrland\/#\/schema\/person\/49784c93d3806490fb376f5a3b3dd4cd","name":"timra","image":{"@type":"ImageObject","inLanguage":"sv-SE","@id":"https:\/\/secure.gravatar.com\/avatar\/2d9a04bf0b09a2c8909797508e81e5c3faf9a9ba8962c579b9100cffe14b6f7b?s=96&r=g","url":"https:\/\/secure.gravatar.com\/avatar\/2d9a04bf0b09a2c8909797508e81e5c3faf9a9ba8962c579b9100cffe14b6f7b?s=96&r=g","contentUrl":"https:\/\/secure.gravatar.com\/avatar\/2d9a04bf0b09a2c8909797508e81e5c3faf9a9ba8962c579b9100cffe14b6f7b?s=96&r=g","caption":"timra"},"url":"https:\/\/wp.kristdemokraterna.se\/vasternorrland\/author\/timra\/"}]}},"_links":{"self":[{"href":"https:\/\/wp.kristdemokraterna.se\/vasternorrland\/wp-json\/wp\/v2\/posts\/118970","targetHints":{"allow":["GET"]}}],"collection":[{"href":"https:\/\/wp.kristdemokraterna.se\/vasternorrland\/wp-json\/wp\/v2\/posts"}],"about":[{"href":"https:\/\/wp.kristdemokraterna.se\/vasternorrland\/wp-json\/wp\/v2\/types\/post"}],"author":[{"embeddable":true,"href":"https:\/\/wp.kristdemokraterna.se\/vasternorrland\/wp-json\/wp\/v2\/users\/787"}],"replies":[{"embeddable":true,"href":"https:\/\/wp.kristdemokraterna.se\/vasternorrland\/wp-json\/wp\/v2\/comments?post=118970"}],"version-history":[{"count":6,"href":"https:\/\/wp.kristdemokraterna.se\/vasternorrland\/wp-json\/wp\/v2\/posts\/118970\/revisions"}],"predecessor-version":[{"id":179759,"href":"https:\/\/wp.kristdemokraterna.se\/vasternorrland\/wp-json\/wp\/v2\/posts\/118970\/revisions\/179759"}],"wp:attachment":[{"href":"https:\/\/wp.kristdemokraterna.se\/vasternorrland\/wp-json\/wp\/v2\/media?parent=118970"}],"wp:term":[{"taxonomy":"category","embeddable":true,"href":"https:\/\/wp.kristdemokraterna.se\/vasternorrland\/wp-json\/wp\/v2\/categories?post=118970"},{"taxonomy":"post_tag","embeddable":true,"href":"https:\/\/wp.kristdemokraterna.se\/vasternorrland\/wp-json\/wp\/v2\/tags?post=118970"}],"curies":[{"name":"wp","href":"https:\/\/api.w.org\/{rel}","templated":true}]}}