{"id":119021,"date":"2008-04-24T18:40:49","date_gmt":"2008-04-24T16:40:49","guid":{"rendered":"http:\/\/wp.kristdemokraterna.se\/vasternorrland\/?p=119021"},"modified":"2019-04-07T20:25:00","modified_gmt":"2019-04-07T18:25:00","slug":"interpellationssvar-sarskild-stodenhet-for-unga-med-diabetessjukdom","status":"publish","type":"post","link":"https:\/\/wp.kristdemokraterna.se\/vasternorrland\/interpellationssvar-sarskild-stodenhet-for-unga-med-diabetessjukdom\/","title":{"rendered":"Ingen s\u00e4rskild st\u00f6denhet f\u00f6r unga med diabetessjukdom"},"content":{"rendered":"<p>Elisabet Str\u00f6mqvist, ordf\u00f6rande i h\u00e4lso- och sjukv\u00e5rdsdelegationen l\u00e4mnade f\u00f6ljande svar p\u00e5 Maude Westmans interpellation om s\u00e4rskild st\u00f6denhet f\u00f6r unga med diabetessjukdom:<\/p>\n<p>Maude Westman lyfter fram de unga diabetikernas situation och det \u00e4r v\u00e4l k\u00e4nt att just denna grupp diabetiker kr\u00e4ver ett s\u00e4rskild handlag i omh\u00e4ndertagandet.<\/p>\n<p>Efter rundfr\u00e5gning av l\u00e4nets barn- och ungdomsmedicinska mottagningar f\u00e5r vi bilden av att det inte r\u00e5der n\u00e5gon generell resursbrist och att man rimligt v\u00e4l har de rutiner och kompetenser som beh\u00f6vs f\u00f6r omh\u00e4ndertagandet av denna patientgrupp.<\/p>\n<p>Det som efterfr\u00e5gas mest \u00e4r gemensamma l\u00e4nsaktiviteter typ \u201ddiabetesl\u00e4ger\u201d samt gemensamma policys och riktlinjer. Men fr\u00e5gan \u00e4r intressant ur ett perspektiv som r\u00f6r den uppv\u00e4xande delen av befolkningen generellt \u2013 hur skall vi utforma omh\u00e4ndertagandet av ungdomarna med kroniska sjukdomar?<\/p>\n<p>Landstinget V\u00e4sternorrland kommer att st\u00f6dja ett l\u00e4nsgemensamt utvecklingsarbete kring policyfr\u00e5gor och riktlinjer b\u00e5de vad g\u00e4ller diabetesgruppen och d\u00e4rtill gruppen av ungdomar med kroniska sjukdomar.<\/p>\n<p>Ur ett diabetesperspektiv kommer Landstinget V\u00e4sternorrland att se till att de l\u00e4nsgemensamma aktiviteterna f\u00f6r diabetesgruppen forts\u00e4tter och att de barn- och ungdomsmottagningar som arbetar med diabetiker har tillg\u00e5ng p\u00e5 de kringresurser som beh\u00f6vs f\u00f6r att p\u00e5 ett tillfredst\u00e4llande s\u00e4tt l\u00f6sa uppkomna problem.<\/p>\n<p>Elisabet Str\u00f6mqvist (s)<br \/>\nH\u00e4lso- och sjukv\u00e5rdsdelegationens ordf\u00f6rande\u201d<\/p>\n<hr \/>\n<p>Utdrag ur landstingsfullm\u00e4ktiges protokoll 23-24 april 2008 \u00a7 63<\/p>\n<p>Maud Westman tackade f\u00f6r svaret. I detta \u00e4rende yttrade sig \u00e4ven Elisabet Str\u00f6mqvist, Roy Resare, G\u00f6ran Bolin och Ewa S\u00f6derberg.<\/p>\n<hr \/>\n<p><a href=\"http:\/\/wp.kristdemokraterna.se\/vasternorrland\/var-politik\/politikomraden\/specialistvard\/\">Specialistv\u00e5rd<\/a> | <a href=\"http:\/\/wp.kristdemokraterna.se\/vasternorrland\/etiketter\/diabetes\/\">diabetes<\/a> \u00b7 <a href=\"http:\/\/wp.kristdemokraterna.se\/vasternorrland\/etiketter\/interpellationssvar\/\">interpellationssvar<\/a> \u00b7 <a href=\"http:\/\/wp.kristdemokraterna.se\/vasternorrland\/etiketter\/maude-westman\/\">Maude Westman<\/a><\/p>\n","protected":false},"excerpt":{"rendered":"<p>Elisabet Str\u00f6mqvist, ordf\u00f6rande i h\u00e4lso- och sjukv\u00e5rdsdelegationen l\u00e4mnade f\u00f6ljande svar p\u00e5 Maude Westmans interpellation om s\u00e4rskild st\u00f6denhet f\u00f6r unga med diabetessjukdom: Maude Westman lyfter fram de unga diabetikernas situation och det \u00e4r v\u00e4l k\u00e4nt att just denna grupp diabetiker kr\u00e4ver ett s\u00e4rskild handlag i omh\u00e4ndertagandet. Efter rundfr\u00e5gning av l\u00e4nets barn- och ungdomsmedicinska mottagningar f\u00e5r vi <a class=\"read-more-link\" href=\"https:\/\/wp.kristdemokraterna.se\/vasternorrland\/interpellationssvar-sarskild-stodenhet-for-unga-med-diabetessjukdom\/\">Read More<\/a><\/p>\n","protected":false},"author":787,"featured_media":0,"comment_status":"closed","ping_status":"closed","sticky":false,"template":"","format":"standard","meta":{"_acf_changed":false,"footnotes":""},"categories":[101],"tags":[93,81,621,540],"class_list":["post-119021","post","type-post","status-publish","format-standard","hentry","category-specialistvard","tag-diabetes","tag-interpellationssvar","tag-maude-westman","tag-specialistvard"],"acf":[],"yoast_head":"<!-- This site is optimized with the Yoast SEO plugin v27.5 - https:\/\/yoast.com\/product\/yoast-seo-wordpress\/ -->\n<title>Ingen s\u00e4rskild st\u00f6denhet f\u00f6r unga med diabetessjukdom | KD V\u00e4sternorrland<\/title>\n<meta name=\"robots\" content=\"index, follow, max-snippet:-1, max-image-preview:large, max-video-preview:-1\" \/>\n<link rel=\"canonical\" href=\"https:\/\/wp.kristdemokraterna.se\/vasternorrland\/interpellationssvar-sarskild-stodenhet-for-unga-med-diabetessjukdom\/\" \/>\n<meta property=\"og:locale\" content=\"sv_SE\" \/>\n<meta property=\"og:type\" content=\"article\" \/>\n<meta property=\"og:title\" content=\"Ingen s\u00e4rskild st\u00f6denhet f\u00f6r unga med diabetessjukdom | KD V\u00e4sternorrland\" \/>\n<meta property=\"og:description\" content=\"Elisabet Str\u00f6mqvist, ordf\u00f6rande i h\u00e4lso- och sjukv\u00e5rdsdelegationen l\u00e4mnade f\u00f6ljande svar p\u00e5 Maude Westmans interpellation om s\u00e4rskild st\u00f6denhet f\u00f6r unga med diabetessjukdom: Maude Westman lyfter fram de unga diabetikernas situation och det \u00e4r v\u00e4l k\u00e4nt att just denna grupp diabetiker kr\u00e4ver ett s\u00e4rskild handlag i omh\u00e4ndertagandet. Efter rundfr\u00e5gning av l\u00e4nets barn- och ungdomsmedicinska mottagningar f\u00e5r vi Read More\" \/>\n<meta property=\"og:url\" content=\"https:\/\/wp.kristdemokraterna.se\/vasternorrland\/interpellationssvar-sarskild-stodenhet-for-unga-med-diabetessjukdom\/\" \/>\n<meta property=\"og:site_name\" content=\"KD V\u00e4sternorrland\" \/>\n<meta property=\"article:publisher\" content=\"https:\/\/www.facebook.com\/kdrvn\/\" \/>\n<meta property=\"article:published_time\" content=\"2008-04-24T16:40:49+00:00\" \/>\n<meta property=\"article:modified_time\" content=\"2019-04-07T18:25:00+00:00\" \/>\n<meta name=\"author\" content=\"timra\" \/>\n<meta name=\"twitter:card\" content=\"summary_large_image\" \/>\n<meta name=\"twitter:label1\" content=\"Skriven av\" \/>\n\t<meta name=\"twitter:data1\" content=\"timra\" \/>\n\t<meta name=\"twitter:label2\" content=\"Ber\u00e4knad l\u00e4stid\" \/>\n\t<meta name=\"twitter:data2\" content=\"1 minut\" \/>\n<script type=\"application\/ld+json\" class=\"yoast-schema-graph\">{\"@context\":\"https:\\\/\\\/schema.org\",\"@graph\":[{\"@type\":\"Article\",\"@id\":\"https:\\\/\\\/wp.kristdemokraterna.se\\\/vasternorrland\\\/interpellationssvar-sarskild-stodenhet-for-unga-med-diabetessjukdom\\\/#article\",\"isPartOf\":{\"@id\":\"https:\\\/\\\/wp.kristdemokraterna.se\\\/vasternorrland\\\/interpellationssvar-sarskild-stodenhet-for-unga-med-diabetessjukdom\\\/\"},\"author\":{\"name\":\"timra\",\"@id\":\"https:\\\/\\\/wp.kristdemokraterna.se\\\/vasternorrland\\\/#\\\/schema\\\/person\\\/49784c93d3806490fb376f5a3b3dd4cd\"},\"headline\":\"Ingen s\u00e4rskild st\u00f6denhet f\u00f6r unga med diabetessjukdom\",\"datePublished\":\"2008-04-24T16:40:49+00:00\",\"dateModified\":\"2019-04-07T18:25:00+00:00\",\"mainEntityOfPage\":{\"@id\":\"https:\\\/\\\/wp.kristdemokraterna.se\\\/vasternorrland\\\/interpellationssvar-sarskild-stodenhet-for-unga-med-diabetessjukdom\\\/\"},\"wordCount\":291,\"keywords\":[\"diabetes\",\"interpellationssvar\",\"Maude Westman\",\"specialistv\u00e5rd\"],\"articleSection\":[\"Specialistv\u00e5rd\"],\"inLanguage\":\"sv-SE\"},{\"@type\":\"WebPage\",\"@id\":\"https:\\\/\\\/wp.kristdemokraterna.se\\\/vasternorrland\\\/interpellationssvar-sarskild-stodenhet-for-unga-med-diabetessjukdom\\\/\",\"url\":\"https:\\\/\\\/wp.kristdemokraterna.se\\\/vasternorrland\\\/interpellationssvar-sarskild-stodenhet-for-unga-med-diabetessjukdom\\\/\",\"name\":\"Ingen s\u00e4rskild st\u00f6denhet f\u00f6r unga med diabetessjukdom | KD V\u00e4sternorrland\",\"isPartOf\":{\"@id\":\"https:\\\/\\\/wp.kristdemokraterna.se\\\/vasternorrland\\\/#website\"},\"datePublished\":\"2008-04-24T16:40:49+00:00\",\"dateModified\":\"2019-04-07T18:25:00+00:00\",\"author\":{\"@id\":\"https:\\\/\\\/wp.kristdemokraterna.se\\\/vasternorrland\\\/#\\\/schema\\\/person\\\/49784c93d3806490fb376f5a3b3dd4cd\"},\"breadcrumb\":{\"@id\":\"https:\\\/\\\/wp.kristdemokraterna.se\\\/vasternorrland\\\/interpellationssvar-sarskild-stodenhet-for-unga-med-diabetessjukdom\\\/#breadcrumb\"},\"inLanguage\":\"sv-SE\",\"potentialAction\":[{\"@type\":\"ReadAction\",\"target\":[\"https:\\\/\\\/wp.kristdemokraterna.se\\\/vasternorrland\\\/interpellationssvar-sarskild-stodenhet-for-unga-med-diabetessjukdom\\\/\"]}]},{\"@type\":\"BreadcrumbList\",\"@id\":\"https:\\\/\\\/wp.kristdemokraterna.se\\\/vasternorrland\\\/interpellationssvar-sarskild-stodenhet-for-unga-med-diabetessjukdom\\\/#breadcrumb\",\"itemListElement\":[{\"@type\":\"ListItem\",\"position\":1,\"name\":\"Hem\",\"item\":\"https:\\\/\\\/wp.kristdemokraterna.se\\\/vasternorrland\\\/\"},{\"@type\":\"ListItem\",\"position\":2,\"name\":\"Ingen s\u00e4rskild st\u00f6denhet f\u00f6r unga med diabetessjukdom\"}]},{\"@type\":\"WebSite\",\"@id\":\"https:\\\/\\\/wp.kristdemokraterna.se\\\/vasternorrland\\\/#website\",\"url\":\"https:\\\/\\\/wp.kristdemokraterna.se\\\/vasternorrland\\\/\",\"name\":\"KD V\u00e4sternorrland\",\"description\":\"V\u00e5rda v\u00e5rden - utveckla prim\u00e4rv\u00e5rden\",\"inLanguage\":\"sv-SE\"},{\"@type\":\"Person\",\"@id\":\"https:\\\/\\\/wp.kristdemokraterna.se\\\/vasternorrland\\\/#\\\/schema\\\/person\\\/49784c93d3806490fb376f5a3b3dd4cd\",\"name\":\"timra\",\"image\":{\"@type\":\"ImageObject\",\"inLanguage\":\"sv-SE\",\"@id\":\"https:\\\/\\\/secure.gravatar.com\\\/avatar\\\/2d9a04bf0b09a2c8909797508e81e5c3faf9a9ba8962c579b9100cffe14b6f7b?s=96&r=g\",\"url\":\"https:\\\/\\\/secure.gravatar.com\\\/avatar\\\/2d9a04bf0b09a2c8909797508e81e5c3faf9a9ba8962c579b9100cffe14b6f7b?s=96&r=g\",\"contentUrl\":\"https:\\\/\\\/secure.gravatar.com\\\/avatar\\\/2d9a04bf0b09a2c8909797508e81e5c3faf9a9ba8962c579b9100cffe14b6f7b?s=96&r=g\",\"caption\":\"timra\"},\"url\":\"https:\\\/\\\/wp.kristdemokraterna.se\\\/vasternorrland\\\/author\\\/timra\\\/\"}]}<\/script>\n<!-- \/ Yoast SEO plugin. -->","yoast_head_json":{"title":"Ingen s\u00e4rskild st\u00f6denhet f\u00f6r unga med diabetessjukdom | KD V\u00e4sternorrland","robots":{"index":"index","follow":"follow","max-snippet":"max-snippet:-1","max-image-preview":"max-image-preview:large","max-video-preview":"max-video-preview:-1"},"canonical":"https:\/\/wp.kristdemokraterna.se\/vasternorrland\/interpellationssvar-sarskild-stodenhet-for-unga-med-diabetessjukdom\/","og_locale":"sv_SE","og_type":"article","og_title":"Ingen s\u00e4rskild st\u00f6denhet f\u00f6r unga med diabetessjukdom | KD V\u00e4sternorrland","og_description":"Elisabet Str\u00f6mqvist, ordf\u00f6rande i h\u00e4lso- och sjukv\u00e5rdsdelegationen l\u00e4mnade f\u00f6ljande svar p\u00e5 Maude Westmans interpellation om s\u00e4rskild st\u00f6denhet f\u00f6r unga med diabetessjukdom: Maude Westman lyfter fram de unga diabetikernas situation och det \u00e4r v\u00e4l k\u00e4nt att just denna grupp diabetiker kr\u00e4ver ett s\u00e4rskild handlag i omh\u00e4ndertagandet. Efter rundfr\u00e5gning av l\u00e4nets barn- och ungdomsmedicinska mottagningar f\u00e5r vi Read More","og_url":"https:\/\/wp.kristdemokraterna.se\/vasternorrland\/interpellationssvar-sarskild-stodenhet-for-unga-med-diabetessjukdom\/","og_site_name":"KD V\u00e4sternorrland","article_publisher":"https:\/\/www.facebook.com\/kdrvn\/","article_published_time":"2008-04-24T16:40:49+00:00","article_modified_time":"2019-04-07T18:25:00+00:00","author":"timra","twitter_card":"summary_large_image","twitter_misc":{"Skriven av":"timra","Ber\u00e4knad l\u00e4stid":"1 minut"},"schema":{"@context":"https:\/\/schema.org","@graph":[{"@type":"Article","@id":"https:\/\/wp.kristdemokraterna.se\/vasternorrland\/interpellationssvar-sarskild-stodenhet-for-unga-med-diabetessjukdom\/#article","isPartOf":{"@id":"https:\/\/wp.kristdemokraterna.se\/vasternorrland\/interpellationssvar-sarskild-stodenhet-for-unga-med-diabetessjukdom\/"},"author":{"name":"timra","@id":"https:\/\/wp.kristdemokraterna.se\/vasternorrland\/#\/schema\/person\/49784c93d3806490fb376f5a3b3dd4cd"},"headline":"Ingen s\u00e4rskild st\u00f6denhet f\u00f6r unga med diabetessjukdom","datePublished":"2008-04-24T16:40:49+00:00","dateModified":"2019-04-07T18:25:00+00:00","mainEntityOfPage":{"@id":"https:\/\/wp.kristdemokraterna.se\/vasternorrland\/interpellationssvar-sarskild-stodenhet-for-unga-med-diabetessjukdom\/"},"wordCount":291,"keywords":["diabetes","interpellationssvar","Maude Westman","specialistv\u00e5rd"],"articleSection":["Specialistv\u00e5rd"],"inLanguage":"sv-SE"},{"@type":"WebPage","@id":"https:\/\/wp.kristdemokraterna.se\/vasternorrland\/interpellationssvar-sarskild-stodenhet-for-unga-med-diabetessjukdom\/","url":"https:\/\/wp.kristdemokraterna.se\/vasternorrland\/interpellationssvar-sarskild-stodenhet-for-unga-med-diabetessjukdom\/","name":"Ingen s\u00e4rskild st\u00f6denhet f\u00f6r unga med diabetessjukdom | KD V\u00e4sternorrland","isPartOf":{"@id":"https:\/\/wp.kristdemokraterna.se\/vasternorrland\/#website"},"datePublished":"2008-04-24T16:40:49+00:00","dateModified":"2019-04-07T18:25:00+00:00","author":{"@id":"https:\/\/wp.kristdemokraterna.se\/vasternorrland\/#\/schema\/person\/49784c93d3806490fb376f5a3b3dd4cd"},"breadcrumb":{"@id":"https:\/\/wp.kristdemokraterna.se\/vasternorrland\/interpellationssvar-sarskild-stodenhet-for-unga-med-diabetessjukdom\/#breadcrumb"},"inLanguage":"sv-SE","potentialAction":[{"@type":"ReadAction","target":["https:\/\/wp.kristdemokraterna.se\/vasternorrland\/interpellationssvar-sarskild-stodenhet-for-unga-med-diabetessjukdom\/"]}]},{"@type":"BreadcrumbList","@id":"https:\/\/wp.kristdemokraterna.se\/vasternorrland\/interpellationssvar-sarskild-stodenhet-for-unga-med-diabetessjukdom\/#breadcrumb","itemListElement":[{"@type":"ListItem","position":1,"name":"Hem","item":"https:\/\/wp.kristdemokraterna.se\/vasternorrland\/"},{"@type":"ListItem","position":2,"name":"Ingen s\u00e4rskild st\u00f6denhet f\u00f6r unga med diabetessjukdom"}]},{"@type":"WebSite","@id":"https:\/\/wp.kristdemokraterna.se\/vasternorrland\/#website","url":"https:\/\/wp.kristdemokraterna.se\/vasternorrland\/","name":"KD V\u00e4sternorrland","description":"V\u00e5rda v\u00e5rden - utveckla prim\u00e4rv\u00e5rden","inLanguage":"sv-SE"},{"@type":"Person","@id":"https:\/\/wp.kristdemokraterna.se\/vasternorrland\/#\/schema\/person\/49784c93d3806490fb376f5a3b3dd4cd","name":"timra","image":{"@type":"ImageObject","inLanguage":"sv-SE","@id":"https:\/\/secure.gravatar.com\/avatar\/2d9a04bf0b09a2c8909797508e81e5c3faf9a9ba8962c579b9100cffe14b6f7b?s=96&r=g","url":"https:\/\/secure.gravatar.com\/avatar\/2d9a04bf0b09a2c8909797508e81e5c3faf9a9ba8962c579b9100cffe14b6f7b?s=96&r=g","contentUrl":"https:\/\/secure.gravatar.com\/avatar\/2d9a04bf0b09a2c8909797508e81e5c3faf9a9ba8962c579b9100cffe14b6f7b?s=96&r=g","caption":"timra"},"url":"https:\/\/wp.kristdemokraterna.se\/vasternorrland\/author\/timra\/"}]}},"_links":{"self":[{"href":"https:\/\/wp.kristdemokraterna.se\/vasternorrland\/wp-json\/wp\/v2\/posts\/119021","targetHints":{"allow":["GET"]}}],"collection":[{"href":"https:\/\/wp.kristdemokraterna.se\/vasternorrland\/wp-json\/wp\/v2\/posts"}],"about":[{"href":"https:\/\/wp.kristdemokraterna.se\/vasternorrland\/wp-json\/wp\/v2\/types\/post"}],"author":[{"embeddable":true,"href":"https:\/\/wp.kristdemokraterna.se\/vasternorrland\/wp-json\/wp\/v2\/users\/787"}],"replies":[{"embeddable":true,"href":"https:\/\/wp.kristdemokraterna.se\/vasternorrland\/wp-json\/wp\/v2\/comments?post=119021"}],"version-history":[{"count":5,"href":"https:\/\/wp.kristdemokraterna.se\/vasternorrland\/wp-json\/wp\/v2\/posts\/119021\/revisions"}],"predecessor-version":[{"id":180622,"href":"https:\/\/wp.kristdemokraterna.se\/vasternorrland\/wp-json\/wp\/v2\/posts\/119021\/revisions\/180622"}],"wp:attachment":[{"href":"https:\/\/wp.kristdemokraterna.se\/vasternorrland\/wp-json\/wp\/v2\/media?parent=119021"}],"wp:term":[{"taxonomy":"category","embeddable":true,"href":"https:\/\/wp.kristdemokraterna.se\/vasternorrland\/wp-json\/wp\/v2\/categories?post=119021"},{"taxonomy":"post_tag","embeddable":true,"href":"https:\/\/wp.kristdemokraterna.se\/vasternorrland\/wp-json\/wp\/v2\/tags?post=119021"}],"curies":[{"name":"wp","href":"https:\/\/api.w.org\/{rel}","templated":true}]}}