{"id":120369,"date":"2016-04-07T07:14:59","date_gmt":"2016-04-07T05:14:59","guid":{"rendered":"http:\/\/wp.kristdemokraterna.se\/vasternorrland\/?p=120369"},"modified":"2019-04-04T14:20:45","modified_gmt":"2019-04-04T12:20:45","slug":"motion-personcentrerad-vard","status":"publish","type":"post","link":"https:\/\/wp.kristdemokraterna.se\/vasternorrland\/motion-personcentrerad-vard\/","title":{"rendered":"Motion: Personcentrerad v\u00e5rd"},"content":{"rendered":"<p>Inom h\u00e4lso- och sjukv\u00e5rden \u00e4r patientens m\u00f6jlighet till inflytande och delaktighet i\u00a0v\u00e5rden av stor betydelse f\u00f6r ett gott resultat.<\/p>\n<p>Personcentrerad v\u00e5rd \u00e4r en v\u00e5rdmodell som tar h\u00e4nsyn till hela m\u00e4nniskan. Patienten \u00e4r mer \u00e4n sin sjukdom eller sina symptom utan ocks\u00e5 f\u00f6rm\u00e5gor, vilja, h\u00e4lsa, v\u00e4lbefinnande med mera har betydelse. V\u00e5rdmodellen ger en sammanh\u00e5llen, v\u00e4rdig och respektfull v\u00e5rd d\u00e4r patienten sj\u00e4lv \u00e4r aktivt deltagande i planering och genomf\u00f6rande av den egna v\u00e5rden. Forskning visar v\u00e4ldigt positiva resultat. Patienterna blir tryggare, f\u00e5r f\u00e4rre medicinska komplikationer och deras v\u00e5rdtid p\u00e5<br \/>\nsjukhusen minskar. Helt enkelt blir det n\u00f6jdare patienter och en effektivare sjukv\u00e5rd.<\/p>\n<p>V\u00e5rdf\u00f6rbundet har varit en av akt\u00f6rerna som verkat f\u00f6r att prova v\u00e5rdmodellen. Bland annat har jobbade de p\u00e5 att inf\u00f6ra Personcentrerad v\u00e5rd p\u00e5 en klinik vid<br \/>\nSundsvalls sjukhus men efter olika turer s\u00e5 blev det inte s\u00e5. Vi kristdemokrater f\u00f6resl\u00e5r att landstingsfullm\u00e4ktige beslutar:<\/p>\n<ul>\n<li>att landstinget ser positivt p\u00e5 det intresse som finns hos landstingets medarbetare deras fackf\u00f6rbund kring personcentrerad v\u00e5rd<\/li>\n<li>att landstinget ska utreda och \u00e5terkomma med f\u00f6rslag p\u00e5 vilka verksamheter som kan vara l\u00e4mpliga att inf\u00f6ra v\u00e5rdmodellen inom<\/li>\n<li>att landstinget successivt ska inf\u00f6ra personcentrerad v\u00e5rd inom landstingets olika verksamheter<\/li>\n<\/ul>\n<p>H\u00e4rn\u00f6sand 7 april 2016<\/p>\n<p>Mona Hammarstedt<br \/>\nKristdemokraterna<\/p>\n<p>Inl\u00e4gget \u00e4r en motion till Landstingsfullm\u00e4ktige i V\u00e4sternorrlands l\u00e4n<\/p>\n<hr \/>\n<p><a href=\"http:\/\/wp.kristdemokraterna.se\/vasternorrland\/var-politik\/politikomraden\/primarvard\/\">Prim\u00e4rv\u00e5rd<\/a> \u00b7 <a href=\"http:\/\/wp.kristdemokraterna.se\/vasternorrland\/var-politik\/politikomraden\/specialistvard\/\">Specialistv\u00e5rd<\/a> | <a href=\"http:\/\/wp.kristdemokraterna.se\/vasternorrland\/etiketter\/mona-hammarstedt\/\">Mona Hammarstedt<\/a> \u00b7 <a href=\"http:\/\/wp.kristdemokraterna.se\/vasternorrland\/etiketter\/motion\/\">motion<\/a> \u00b7 <a href=\"http:\/\/wp.kristdemokraterna.se\/vasternorrland\/etiketter\/personcentrerad-vard\/\">personcentrerad v\u00e5rd<\/a> \u00b7 <a href=\"http:\/\/wp.kristdemokraterna.se\/vasternorrland\/etiketter\/vardforbundet\/\">V\u00e5rdf\u00f6rbundet<\/a><\/p>\n","protected":false},"excerpt":{"rendered":"<p>Inom h\u00e4lso- och sjukv\u00e5rden \u00e4r patientens m\u00f6jlighet till inflytande och delaktighet i\u00a0v\u00e5rden av stor betydelse f\u00f6r ett gott resultat. Personcentrerad v\u00e5rd \u00e4r en v\u00e5rdmodell som tar h\u00e4nsyn till hela m\u00e4nniskan. Patienten \u00e4r mer \u00e4n sin sjukdom eller sina symptom utan ocks\u00e5 f\u00f6rm\u00e5gor, vilja, h\u00e4lsa, v\u00e4lbefinnande med mera har betydelse. V\u00e5rdmodellen ger en sammanh\u00e5llen, v\u00e4rdig och <a class=\"read-more-link\" href=\"https:\/\/wp.kristdemokraterna.se\/vasternorrland\/motion-personcentrerad-vard\/\">Read More<\/a><\/p>\n","protected":false},"author":787,"featured_media":0,"comment_status":"closed","ping_status":"closed","sticky":false,"template":"","format":"standard","meta":{"_acf_changed":false,"footnotes":""},"categories":[100,101],"tags":[543,16,32,213,256,540,611],"class_list":["post-120369","post","type-post","status-publish","format-standard","hentry","category-primarvard","category-specialistvard","tag-alla-inlagg","tag-mona-hammarstedt","tag-motion","tag-personcentrerad-vard","tag-primarvard","tag-specialistvard","tag-vardforbundet"],"acf":[],"yoast_head":"<!-- This site is optimized with the Yoast SEO plugin v27.4 - https:\/\/yoast.com\/product\/yoast-seo-wordpress\/ -->\n<title>Motion: Personcentrerad v\u00e5rd | KD V\u00e4sternorrland<\/title>\n<meta name=\"robots\" content=\"index, follow, max-snippet:-1, max-image-preview:large, max-video-preview:-1\" \/>\n<link rel=\"canonical\" href=\"https:\/\/wp.kristdemokraterna.se\/vasternorrland\/motion-personcentrerad-vard\/\" \/>\n<meta property=\"og:locale\" content=\"sv_SE\" \/>\n<meta property=\"og:type\" content=\"article\" \/>\n<meta property=\"og:title\" content=\"Motion: Personcentrerad v\u00e5rd | KD V\u00e4sternorrland\" \/>\n<meta property=\"og:description\" content=\"Inom h\u00e4lso- och sjukv\u00e5rden \u00e4r patientens m\u00f6jlighet till inflytande och delaktighet i\u00a0v\u00e5rden av stor betydelse f\u00f6r ett gott resultat. Personcentrerad v\u00e5rd \u00e4r en v\u00e5rdmodell som tar h\u00e4nsyn till hela m\u00e4nniskan. Patienten \u00e4r mer \u00e4n sin sjukdom eller sina symptom utan ocks\u00e5 f\u00f6rm\u00e5gor, vilja, h\u00e4lsa, v\u00e4lbefinnande med mera har betydelse. V\u00e5rdmodellen ger en sammanh\u00e5llen, v\u00e4rdig och Read More\" \/>\n<meta property=\"og:url\" content=\"https:\/\/wp.kristdemokraterna.se\/vasternorrland\/motion-personcentrerad-vard\/\" \/>\n<meta property=\"og:site_name\" content=\"KD V\u00e4sternorrland\" \/>\n<meta property=\"article:publisher\" content=\"https:\/\/www.facebook.com\/kdrvn\/\" \/>\n<meta property=\"article:published_time\" content=\"2016-04-07T05:14:59+00:00\" \/>\n<meta property=\"article:modified_time\" content=\"2019-04-04T12:20:45+00:00\" \/>\n<meta name=\"author\" content=\"timra\" \/>\n<meta name=\"twitter:card\" content=\"summary_large_image\" \/>\n<meta name=\"twitter:label1\" content=\"Skriven av\" \/>\n\t<meta name=\"twitter:data1\" content=\"timra\" \/>\n\t<meta name=\"twitter:label2\" content=\"Ber\u00e4knad l\u00e4stid\" \/>\n\t<meta name=\"twitter:data2\" content=\"1 minut\" \/>\n<script type=\"application\/ld+json\" class=\"yoast-schema-graph\">{\"@context\":\"https:\\\/\\\/schema.org\",\"@graph\":[{\"@type\":\"Article\",\"@id\":\"https:\\\/\\\/wp.kristdemokraterna.se\\\/vasternorrland\\\/motion-personcentrerad-vard\\\/#article\",\"isPartOf\":{\"@id\":\"https:\\\/\\\/wp.kristdemokraterna.se\\\/vasternorrland\\\/motion-personcentrerad-vard\\\/\"},\"author\":{\"name\":\"timra\",\"@id\":\"https:\\\/\\\/wp.kristdemokraterna.se\\\/vasternorrland\\\/#\\\/schema\\\/person\\\/49784c93d3806490fb376f5a3b3dd4cd\"},\"headline\":\"Motion: Personcentrerad v\u00e5rd\",\"datePublished\":\"2016-04-07T05:14:59+00:00\",\"dateModified\":\"2019-04-04T12:20:45+00:00\",\"mainEntityOfPage\":{\"@id\":\"https:\\\/\\\/wp.kristdemokraterna.se\\\/vasternorrland\\\/motion-personcentrerad-vard\\\/\"},\"wordCount\":273,\"keywords\":[\"alla inl\u00e4gg\",\"Mona Hammarstedt\",\"motion\",\"personcentrerad v\u00e5rd\",\"prim\u00e4rv\u00e5rd\",\"specialistv\u00e5rd\",\"V\u00e5rdf\u00f6rbundet\"],\"articleSection\":[\"Prim\u00e4rv\u00e5rd\",\"Specialistv\u00e5rd\"],\"inLanguage\":\"sv-SE\"},{\"@type\":\"WebPage\",\"@id\":\"https:\\\/\\\/wp.kristdemokraterna.se\\\/vasternorrland\\\/motion-personcentrerad-vard\\\/\",\"url\":\"https:\\\/\\\/wp.kristdemokraterna.se\\\/vasternorrland\\\/motion-personcentrerad-vard\\\/\",\"name\":\"Motion: Personcentrerad v\u00e5rd | KD V\u00e4sternorrland\",\"isPartOf\":{\"@id\":\"https:\\\/\\\/wp.kristdemokraterna.se\\\/vasternorrland\\\/#website\"},\"datePublished\":\"2016-04-07T05:14:59+00:00\",\"dateModified\":\"2019-04-04T12:20:45+00:00\",\"author\":{\"@id\":\"https:\\\/\\\/wp.kristdemokraterna.se\\\/vasternorrland\\\/#\\\/schema\\\/person\\\/49784c93d3806490fb376f5a3b3dd4cd\"},\"breadcrumb\":{\"@id\":\"https:\\\/\\\/wp.kristdemokraterna.se\\\/vasternorrland\\\/motion-personcentrerad-vard\\\/#breadcrumb\"},\"inLanguage\":\"sv-SE\",\"potentialAction\":[{\"@type\":\"ReadAction\",\"target\":[\"https:\\\/\\\/wp.kristdemokraterna.se\\\/vasternorrland\\\/motion-personcentrerad-vard\\\/\"]}]},{\"@type\":\"BreadcrumbList\",\"@id\":\"https:\\\/\\\/wp.kristdemokraterna.se\\\/vasternorrland\\\/motion-personcentrerad-vard\\\/#breadcrumb\",\"itemListElement\":[{\"@type\":\"ListItem\",\"position\":1,\"name\":\"Hem\",\"item\":\"https:\\\/\\\/wp.kristdemokraterna.se\\\/vasternorrland\\\/\"},{\"@type\":\"ListItem\",\"position\":2,\"name\":\"Motion: Personcentrerad v\u00e5rd\"}]},{\"@type\":\"WebSite\",\"@id\":\"https:\\\/\\\/wp.kristdemokraterna.se\\\/vasternorrland\\\/#website\",\"url\":\"https:\\\/\\\/wp.kristdemokraterna.se\\\/vasternorrland\\\/\",\"name\":\"KD V\u00e4sternorrland\",\"description\":\"V\u00e5rda v\u00e5rden - utveckla prim\u00e4rv\u00e5rden\",\"inLanguage\":\"sv-SE\"},{\"@type\":\"Person\",\"@id\":\"https:\\\/\\\/wp.kristdemokraterna.se\\\/vasternorrland\\\/#\\\/schema\\\/person\\\/49784c93d3806490fb376f5a3b3dd4cd\",\"name\":\"timra\",\"image\":{\"@type\":\"ImageObject\",\"inLanguage\":\"sv-SE\",\"@id\":\"https:\\\/\\\/secure.gravatar.com\\\/avatar\\\/2d9a04bf0b09a2c8909797508e81e5c3faf9a9ba8962c579b9100cffe14b6f7b?s=96&r=g\",\"url\":\"https:\\\/\\\/secure.gravatar.com\\\/avatar\\\/2d9a04bf0b09a2c8909797508e81e5c3faf9a9ba8962c579b9100cffe14b6f7b?s=96&r=g\",\"contentUrl\":\"https:\\\/\\\/secure.gravatar.com\\\/avatar\\\/2d9a04bf0b09a2c8909797508e81e5c3faf9a9ba8962c579b9100cffe14b6f7b?s=96&r=g\",\"caption\":\"timra\"},\"url\":\"https:\\\/\\\/wp.kristdemokraterna.se\\\/vasternorrland\\\/author\\\/timra\\\/\"}]}<\/script>\n<!-- \/ Yoast SEO plugin. -->","yoast_head_json":{"title":"Motion: Personcentrerad v\u00e5rd | KD V\u00e4sternorrland","robots":{"index":"index","follow":"follow","max-snippet":"max-snippet:-1","max-image-preview":"max-image-preview:large","max-video-preview":"max-video-preview:-1"},"canonical":"https:\/\/wp.kristdemokraterna.se\/vasternorrland\/motion-personcentrerad-vard\/","og_locale":"sv_SE","og_type":"article","og_title":"Motion: Personcentrerad v\u00e5rd | KD V\u00e4sternorrland","og_description":"Inom h\u00e4lso- och sjukv\u00e5rden \u00e4r patientens m\u00f6jlighet till inflytande och delaktighet i\u00a0v\u00e5rden av stor betydelse f\u00f6r ett gott resultat. Personcentrerad v\u00e5rd \u00e4r en v\u00e5rdmodell som tar h\u00e4nsyn till hela m\u00e4nniskan. Patienten \u00e4r mer \u00e4n sin sjukdom eller sina symptom utan ocks\u00e5 f\u00f6rm\u00e5gor, vilja, h\u00e4lsa, v\u00e4lbefinnande med mera har betydelse. V\u00e5rdmodellen ger en sammanh\u00e5llen, v\u00e4rdig och Read More","og_url":"https:\/\/wp.kristdemokraterna.se\/vasternorrland\/motion-personcentrerad-vard\/","og_site_name":"KD V\u00e4sternorrland","article_publisher":"https:\/\/www.facebook.com\/kdrvn\/","article_published_time":"2016-04-07T05:14:59+00:00","article_modified_time":"2019-04-04T12:20:45+00:00","author":"timra","twitter_card":"summary_large_image","twitter_misc":{"Skriven av":"timra","Ber\u00e4knad l\u00e4stid":"1 minut"},"schema":{"@context":"https:\/\/schema.org","@graph":[{"@type":"Article","@id":"https:\/\/wp.kristdemokraterna.se\/vasternorrland\/motion-personcentrerad-vard\/#article","isPartOf":{"@id":"https:\/\/wp.kristdemokraterna.se\/vasternorrland\/motion-personcentrerad-vard\/"},"author":{"name":"timra","@id":"https:\/\/wp.kristdemokraterna.se\/vasternorrland\/#\/schema\/person\/49784c93d3806490fb376f5a3b3dd4cd"},"headline":"Motion: Personcentrerad v\u00e5rd","datePublished":"2016-04-07T05:14:59+00:00","dateModified":"2019-04-04T12:20:45+00:00","mainEntityOfPage":{"@id":"https:\/\/wp.kristdemokraterna.se\/vasternorrland\/motion-personcentrerad-vard\/"},"wordCount":273,"keywords":["alla inl\u00e4gg","Mona Hammarstedt","motion","personcentrerad v\u00e5rd","prim\u00e4rv\u00e5rd","specialistv\u00e5rd","V\u00e5rdf\u00f6rbundet"],"articleSection":["Prim\u00e4rv\u00e5rd","Specialistv\u00e5rd"],"inLanguage":"sv-SE"},{"@type":"WebPage","@id":"https:\/\/wp.kristdemokraterna.se\/vasternorrland\/motion-personcentrerad-vard\/","url":"https:\/\/wp.kristdemokraterna.se\/vasternorrland\/motion-personcentrerad-vard\/","name":"Motion: Personcentrerad v\u00e5rd | KD V\u00e4sternorrland","isPartOf":{"@id":"https:\/\/wp.kristdemokraterna.se\/vasternorrland\/#website"},"datePublished":"2016-04-07T05:14:59+00:00","dateModified":"2019-04-04T12:20:45+00:00","author":{"@id":"https:\/\/wp.kristdemokraterna.se\/vasternorrland\/#\/schema\/person\/49784c93d3806490fb376f5a3b3dd4cd"},"breadcrumb":{"@id":"https:\/\/wp.kristdemokraterna.se\/vasternorrland\/motion-personcentrerad-vard\/#breadcrumb"},"inLanguage":"sv-SE","potentialAction":[{"@type":"ReadAction","target":["https:\/\/wp.kristdemokraterna.se\/vasternorrland\/motion-personcentrerad-vard\/"]}]},{"@type":"BreadcrumbList","@id":"https:\/\/wp.kristdemokraterna.se\/vasternorrland\/motion-personcentrerad-vard\/#breadcrumb","itemListElement":[{"@type":"ListItem","position":1,"name":"Hem","item":"https:\/\/wp.kristdemokraterna.se\/vasternorrland\/"},{"@type":"ListItem","position":2,"name":"Motion: Personcentrerad v\u00e5rd"}]},{"@type":"WebSite","@id":"https:\/\/wp.kristdemokraterna.se\/vasternorrland\/#website","url":"https:\/\/wp.kristdemokraterna.se\/vasternorrland\/","name":"KD V\u00e4sternorrland","description":"V\u00e5rda v\u00e5rden - utveckla prim\u00e4rv\u00e5rden","inLanguage":"sv-SE"},{"@type":"Person","@id":"https:\/\/wp.kristdemokraterna.se\/vasternorrland\/#\/schema\/person\/49784c93d3806490fb376f5a3b3dd4cd","name":"timra","image":{"@type":"ImageObject","inLanguage":"sv-SE","@id":"https:\/\/secure.gravatar.com\/avatar\/2d9a04bf0b09a2c8909797508e81e5c3faf9a9ba8962c579b9100cffe14b6f7b?s=96&r=g","url":"https:\/\/secure.gravatar.com\/avatar\/2d9a04bf0b09a2c8909797508e81e5c3faf9a9ba8962c579b9100cffe14b6f7b?s=96&r=g","contentUrl":"https:\/\/secure.gravatar.com\/avatar\/2d9a04bf0b09a2c8909797508e81e5c3faf9a9ba8962c579b9100cffe14b6f7b?s=96&r=g","caption":"timra"},"url":"https:\/\/wp.kristdemokraterna.se\/vasternorrland\/author\/timra\/"}]}},"_links":{"self":[{"href":"https:\/\/wp.kristdemokraterna.se\/vasternorrland\/wp-json\/wp\/v2\/posts\/120369","targetHints":{"allow":["GET"]}}],"collection":[{"href":"https:\/\/wp.kristdemokraterna.se\/vasternorrland\/wp-json\/wp\/v2\/posts"}],"about":[{"href":"https:\/\/wp.kristdemokraterna.se\/vasternorrland\/wp-json\/wp\/v2\/types\/post"}],"author":[{"embeddable":true,"href":"https:\/\/wp.kristdemokraterna.se\/vasternorrland\/wp-json\/wp\/v2\/users\/787"}],"replies":[{"embeddable":true,"href":"https:\/\/wp.kristdemokraterna.se\/vasternorrland\/wp-json\/wp\/v2\/comments?post=120369"}],"version-history":[{"count":5,"href":"https:\/\/wp.kristdemokraterna.se\/vasternorrland\/wp-json\/wp\/v2\/posts\/120369\/revisions"}],"predecessor-version":[{"id":179757,"href":"https:\/\/wp.kristdemokraterna.se\/vasternorrland\/wp-json\/wp\/v2\/posts\/120369\/revisions\/179757"}],"wp:attachment":[{"href":"https:\/\/wp.kristdemokraterna.se\/vasternorrland\/wp-json\/wp\/v2\/media?parent=120369"}],"wp:term":[{"taxonomy":"category","embeddable":true,"href":"https:\/\/wp.kristdemokraterna.se\/vasternorrland\/wp-json\/wp\/v2\/categories?post=120369"},{"taxonomy":"post_tag","embeddable":true,"href":"https:\/\/wp.kristdemokraterna.se\/vasternorrland\/wp-json\/wp\/v2\/tags?post=120369"}],"curies":[{"name":"wp","href":"https:\/\/api.w.org\/{rel}","templated":true}]}}