{"id":120411,"date":"2016-03-18T21:01:36","date_gmt":"2016-03-18T20:01:36","guid":{"rendered":"http:\/\/wp.kristdemokraterna.se\/vasternorrland\/?p=120411"},"modified":"2019-06-20T11:00:30","modified_gmt":"2019-06-20T09:00:30","slug":"motion-lagg-ut-handlingarna-pa-webben","status":"publish","type":"post","link":"https:\/\/wp.kristdemokraterna.se\/vasternorrland\/motion-lagg-ut-handlingarna-pa-webben\/","title":{"rendered":"Motion: L\u00e4gg ut handlingarna p\u00e5 webben"},"content":{"rendered":"<p>En fungerande demokrati f\u00f6ruts\u00e4tter en n\u00e4ra dialog mellan medborgare och politiker. Den f\u00f6ruts\u00e4tter ocks\u00e5 en \u00f6ppenhet fr\u00e5n det offentliga i fr\u00e5gor som ber\u00f6r m\u00e4nniskors vardag.<\/p>\n<p>Idag kan l\u00e4nets medborgare ta del av det som h\u00e4nder i landstingsfullm\u00e4ktige via radio, webbs\u00e4ndningar och tidningar. Detta ger medborgarna m\u00f6jligheten att i efterhand s\u00e4tta sig in i hur politikerna resonerat och agerat i denna politiska f\u00f6rsamling. D\u00e4rtill finns f\u00f6redragningslistan inf\u00f6r olika sammantr\u00e4den p\u00e5 lvn.se. Detta \u00e4r bra men l\u00e5ngt ifr\u00e5n tillr\u00e4ckligt om vi har som ambition att l\u00e4nsmedborgarna ska kunna vara med och p\u00e5verka.<\/p>\n<p>I flera kommuner runt om i landet har man valt att l\u00e4gga ut de handlingar som ska behandlas i n\u00e4mnder och styrelser p\u00e5 n\u00e4tet. I exempelvis \u00d6rnsk\u00f6ldsvik l\u00e4ggs handlingarna p\u00e5 kommunens hemsida i samband med att ledam\u00f6terna f\u00e5r tillg\u00e5ng till dessa, vilket ger medborgarna m\u00f6jlighet att s\u00f6ka och enkelt hitta underlag i de \u00e4renden som ber\u00f6r eller intresserar dem. En stor vinst med detta f\u00f6rfarande \u00e4r att administrativ personal slipper avs\u00e4tta arbetstid f\u00f6r att l\u00e4mna ut dessa handlingar samtidigt som medborgarna f\u00e5r efterfr\u00e5gat material p\u00e5 en g\u00e5ng.<\/p>\n<p>Landstinget V\u00e4sternorrland \u00e4r en demokratiskt styrd organisation som beh\u00f6ver ta ytterligare steg f\u00f6r att \u00f6ka insynen i verksamheten, utveckla sina e-tj\u00e4nster och p\u00e5 s\u00e5 s\u00e4tt f\u00e5 \u00f6kat f\u00f6rtroende hos medborgarna p\u00e5 sikt.<\/p>\n<p>Vi f\u00f6resl\u00e5r d\u00e4rf\u00f6r att:<\/p>\n<ul>\n<li>handlingar som ska behandlas i n\u00e4mnder och styrelser l\u00e4ggs ut p\u00e5 landstingets hemsida.<\/li>\n<\/ul>\n<p>2016-03-18<\/p>\n<p>F\u00f6r kristdemokraternas fullm\u00e4ktigegrupp<br \/>\nSoledad Henriquez (KD)<\/p>\n<hr \/>\n<p>Bilden \u00f6verst av Gerd Altmann fr\u00e5n Pixabay.<\/p>\n<hr \/>\n<p><a href=\"http:\/\/wp.kristdemokraterna.se\/vasternorrland\/kategorier\/digitalisering\/\">Digitalisering<\/a> | <a href=\"http:\/\/wp.kristdemokraterna.se\/vasternorrland\/etiketter\/demokrati\/\">demokrati<\/a> \u00b7 <a href=\"http:\/\/wp.kristdemokraterna.se\/vasternorrland\/etiketter\/dialog\/\">dialog<\/a> \u00b7 <a href=\"http:\/\/wp.kristdemokraterna.se\/vasternorrland\/etiketter\/handlingar\/\">handlingar<\/a> \u00b7 <a href=\"http:\/\/wp.kristdemokraterna.se\/vasternorrland\/etiketter\/inflytande\/\">inflytande<\/a> \u00b7 <a href=\"http:\/\/wp.kristdemokraterna.se\/vasternorrland\/etiketter\/motion\/\">motion<\/a> \u00b7 <a href=\"http:\/\/wp.kristdemokraterna.se\/vasternorrland\/etiketter\/soledad-henriquez\/\">Soledad Henriquez<\/a><\/p>\n","protected":false},"excerpt":{"rendered":"<p>En fungerande demokrati f\u00f6ruts\u00e4tter en n\u00e4ra dialog mellan medborgare och politiker. Den f\u00f6ruts\u00e4tter ocks\u00e5 en \u00f6ppenhet fr\u00e5n det offentliga i fr\u00e5gor som ber\u00f6r m\u00e4nniskors vardag. Idag kan l\u00e4nets medborgare ta del av det som h\u00e4nder i landstingsfullm\u00e4ktige via radio, webbs\u00e4ndningar och tidningar. Detta ger medborgarna m\u00f6jligheten att i efterhand s\u00e4tta sig in i hur politikerna <a class=\"read-more-link\" href=\"https:\/\/wp.kristdemokraterna.se\/vasternorrland\/motion-lagg-ut-handlingarna-pa-webben\/\">Read More<\/a><\/p>\n","protected":false},"author":787,"featured_media":0,"comment_status":"closed","ping_status":"closed","sticky":false,"template":"","format":"standard","meta":{"_acf_changed":false,"footnotes":""},"categories":[650],"tags":[543,61,227,542,226,32,449],"class_list":["post-120411","post","type-post","status-publish","format-standard","hentry","category-digitalisering","tag-alla-inlagg","tag-demokrati","tag-dialog","tag-digitalisering","tag-inflytande","tag-motion","tag-soledad-henriquez"],"acf":[],"yoast_head":"<!-- This site is optimized with the Yoast SEO plugin v27.4 - https:\/\/yoast.com\/product\/yoast-seo-wordpress\/ -->\n<title>Motion: L\u00e4gg ut handlingarna p\u00e5 webben | KD V\u00e4sternorrland<\/title>\n<meta name=\"robots\" content=\"index, follow, max-snippet:-1, max-image-preview:large, max-video-preview:-1\" \/>\n<link rel=\"canonical\" href=\"https:\/\/wp.kristdemokraterna.se\/vasternorrland\/motion-lagg-ut-handlingarna-pa-webben\/\" \/>\n<meta property=\"og:locale\" content=\"sv_SE\" \/>\n<meta property=\"og:type\" content=\"article\" \/>\n<meta property=\"og:title\" content=\"Motion: L\u00e4gg ut handlingarna p\u00e5 webben | KD V\u00e4sternorrland\" \/>\n<meta property=\"og:description\" content=\"En fungerande demokrati f\u00f6ruts\u00e4tter en n\u00e4ra dialog mellan medborgare och politiker. Den f\u00f6ruts\u00e4tter ocks\u00e5 en \u00f6ppenhet fr\u00e5n det offentliga i fr\u00e5gor som ber\u00f6r m\u00e4nniskors vardag. Idag kan l\u00e4nets medborgare ta del av det som h\u00e4nder i landstingsfullm\u00e4ktige via radio, webbs\u00e4ndningar och tidningar. Detta ger medborgarna m\u00f6jligheten att i efterhand s\u00e4tta sig in i hur politikerna Read More\" \/>\n<meta property=\"og:url\" content=\"https:\/\/wp.kristdemokraterna.se\/vasternorrland\/motion-lagg-ut-handlingarna-pa-webben\/\" \/>\n<meta property=\"og:site_name\" content=\"KD V\u00e4sternorrland\" \/>\n<meta property=\"article:publisher\" content=\"https:\/\/www.facebook.com\/kdrvn\/\" \/>\n<meta property=\"article:published_time\" content=\"2016-03-18T20:01:36+00:00\" \/>\n<meta property=\"article:modified_time\" content=\"2019-06-20T09:00:30+00:00\" \/>\n<meta name=\"author\" content=\"timra\" \/>\n<meta name=\"twitter:card\" content=\"summary_large_image\" \/>\n<meta name=\"twitter:label1\" content=\"Skriven av\" \/>\n\t<meta name=\"twitter:data1\" content=\"timra\" \/>\n\t<meta name=\"twitter:label2\" content=\"Ber\u00e4knad l\u00e4stid\" \/>\n\t<meta name=\"twitter:data2\" content=\"2 minuter\" \/>\n<script type=\"application\/ld+json\" class=\"yoast-schema-graph\">{\"@context\":\"https:\\\/\\\/schema.org\",\"@graph\":[{\"@type\":\"Article\",\"@id\":\"https:\\\/\\\/wp.kristdemokraterna.se\\\/vasternorrland\\\/motion-lagg-ut-handlingarna-pa-webben\\\/#article\",\"isPartOf\":{\"@id\":\"https:\\\/\\\/wp.kristdemokraterna.se\\\/vasternorrland\\\/motion-lagg-ut-handlingarna-pa-webben\\\/\"},\"author\":{\"name\":\"timra\",\"@id\":\"https:\\\/\\\/wp.kristdemokraterna.se\\\/vasternorrland\\\/#\\\/schema\\\/person\\\/49784c93d3806490fb376f5a3b3dd4cd\"},\"headline\":\"Motion: L\u00e4gg ut handlingarna p\u00e5 webben\",\"datePublished\":\"2016-03-18T20:01:36+00:00\",\"dateModified\":\"2019-06-20T09:00:30+00:00\",\"mainEntityOfPage\":{\"@id\":\"https:\\\/\\\/wp.kristdemokraterna.se\\\/vasternorrland\\\/motion-lagg-ut-handlingarna-pa-webben\\\/\"},\"wordCount\":315,\"keywords\":[\"alla inl\u00e4gg\",\"demokrati\",\"dialog\",\"digitalisering\",\"inflytande\",\"motion\",\"Soledad Henriquez\"],\"articleSection\":[\"Digitalisering\"],\"inLanguage\":\"sv-SE\"},{\"@type\":\"WebPage\",\"@id\":\"https:\\\/\\\/wp.kristdemokraterna.se\\\/vasternorrland\\\/motion-lagg-ut-handlingarna-pa-webben\\\/\",\"url\":\"https:\\\/\\\/wp.kristdemokraterna.se\\\/vasternorrland\\\/motion-lagg-ut-handlingarna-pa-webben\\\/\",\"name\":\"Motion: L\u00e4gg ut handlingarna p\u00e5 webben | KD V\u00e4sternorrland\",\"isPartOf\":{\"@id\":\"https:\\\/\\\/wp.kristdemokraterna.se\\\/vasternorrland\\\/#website\"},\"datePublished\":\"2016-03-18T20:01:36+00:00\",\"dateModified\":\"2019-06-20T09:00:30+00:00\",\"author\":{\"@id\":\"https:\\\/\\\/wp.kristdemokraterna.se\\\/vasternorrland\\\/#\\\/schema\\\/person\\\/49784c93d3806490fb376f5a3b3dd4cd\"},\"breadcrumb\":{\"@id\":\"https:\\\/\\\/wp.kristdemokraterna.se\\\/vasternorrland\\\/motion-lagg-ut-handlingarna-pa-webben\\\/#breadcrumb\"},\"inLanguage\":\"sv-SE\",\"potentialAction\":[{\"@type\":\"ReadAction\",\"target\":[\"https:\\\/\\\/wp.kristdemokraterna.se\\\/vasternorrland\\\/motion-lagg-ut-handlingarna-pa-webben\\\/\"]}]},{\"@type\":\"BreadcrumbList\",\"@id\":\"https:\\\/\\\/wp.kristdemokraterna.se\\\/vasternorrland\\\/motion-lagg-ut-handlingarna-pa-webben\\\/#breadcrumb\",\"itemListElement\":[{\"@type\":\"ListItem\",\"position\":1,\"name\":\"Hem\",\"item\":\"https:\\\/\\\/wp.kristdemokraterna.se\\\/vasternorrland\\\/\"},{\"@type\":\"ListItem\",\"position\":2,\"name\":\"Motion: L\u00e4gg ut handlingarna p\u00e5 webben\"}]},{\"@type\":\"WebSite\",\"@id\":\"https:\\\/\\\/wp.kristdemokraterna.se\\\/vasternorrland\\\/#website\",\"url\":\"https:\\\/\\\/wp.kristdemokraterna.se\\\/vasternorrland\\\/\",\"name\":\"KD V\u00e4sternorrland\",\"description\":\"V\u00e5rda v\u00e5rden - utveckla prim\u00e4rv\u00e5rden\",\"inLanguage\":\"sv-SE\"},{\"@type\":\"Person\",\"@id\":\"https:\\\/\\\/wp.kristdemokraterna.se\\\/vasternorrland\\\/#\\\/schema\\\/person\\\/49784c93d3806490fb376f5a3b3dd4cd\",\"name\":\"timra\",\"image\":{\"@type\":\"ImageObject\",\"inLanguage\":\"sv-SE\",\"@id\":\"https:\\\/\\\/secure.gravatar.com\\\/avatar\\\/2d9a04bf0b09a2c8909797508e81e5c3faf9a9ba8962c579b9100cffe14b6f7b?s=96&r=g\",\"url\":\"https:\\\/\\\/secure.gravatar.com\\\/avatar\\\/2d9a04bf0b09a2c8909797508e81e5c3faf9a9ba8962c579b9100cffe14b6f7b?s=96&r=g\",\"contentUrl\":\"https:\\\/\\\/secure.gravatar.com\\\/avatar\\\/2d9a04bf0b09a2c8909797508e81e5c3faf9a9ba8962c579b9100cffe14b6f7b?s=96&r=g\",\"caption\":\"timra\"},\"url\":\"https:\\\/\\\/wp.kristdemokraterna.se\\\/vasternorrland\\\/author\\\/timra\\\/\"}]}<\/script>\n<!-- \/ Yoast SEO plugin. -->","yoast_head_json":{"title":"Motion: L\u00e4gg ut handlingarna p\u00e5 webben | KD V\u00e4sternorrland","robots":{"index":"index","follow":"follow","max-snippet":"max-snippet:-1","max-image-preview":"max-image-preview:large","max-video-preview":"max-video-preview:-1"},"canonical":"https:\/\/wp.kristdemokraterna.se\/vasternorrland\/motion-lagg-ut-handlingarna-pa-webben\/","og_locale":"sv_SE","og_type":"article","og_title":"Motion: L\u00e4gg ut handlingarna p\u00e5 webben | KD V\u00e4sternorrland","og_description":"En fungerande demokrati f\u00f6ruts\u00e4tter en n\u00e4ra dialog mellan medborgare och politiker. Den f\u00f6ruts\u00e4tter ocks\u00e5 en \u00f6ppenhet fr\u00e5n det offentliga i fr\u00e5gor som ber\u00f6r m\u00e4nniskors vardag. Idag kan l\u00e4nets medborgare ta del av det som h\u00e4nder i landstingsfullm\u00e4ktige via radio, webbs\u00e4ndningar och tidningar. Detta ger medborgarna m\u00f6jligheten att i efterhand s\u00e4tta sig in i hur politikerna Read More","og_url":"https:\/\/wp.kristdemokraterna.se\/vasternorrland\/motion-lagg-ut-handlingarna-pa-webben\/","og_site_name":"KD V\u00e4sternorrland","article_publisher":"https:\/\/www.facebook.com\/kdrvn\/","article_published_time":"2016-03-18T20:01:36+00:00","article_modified_time":"2019-06-20T09:00:30+00:00","author":"timra","twitter_card":"summary_large_image","twitter_misc":{"Skriven av":"timra","Ber\u00e4knad l\u00e4stid":"2 minuter"},"schema":{"@context":"https:\/\/schema.org","@graph":[{"@type":"Article","@id":"https:\/\/wp.kristdemokraterna.se\/vasternorrland\/motion-lagg-ut-handlingarna-pa-webben\/#article","isPartOf":{"@id":"https:\/\/wp.kristdemokraterna.se\/vasternorrland\/motion-lagg-ut-handlingarna-pa-webben\/"},"author":{"name":"timra","@id":"https:\/\/wp.kristdemokraterna.se\/vasternorrland\/#\/schema\/person\/49784c93d3806490fb376f5a3b3dd4cd"},"headline":"Motion: L\u00e4gg ut handlingarna p\u00e5 webben","datePublished":"2016-03-18T20:01:36+00:00","dateModified":"2019-06-20T09:00:30+00:00","mainEntityOfPage":{"@id":"https:\/\/wp.kristdemokraterna.se\/vasternorrland\/motion-lagg-ut-handlingarna-pa-webben\/"},"wordCount":315,"keywords":["alla inl\u00e4gg","demokrati","dialog","digitalisering","inflytande","motion","Soledad Henriquez"],"articleSection":["Digitalisering"],"inLanguage":"sv-SE"},{"@type":"WebPage","@id":"https:\/\/wp.kristdemokraterna.se\/vasternorrland\/motion-lagg-ut-handlingarna-pa-webben\/","url":"https:\/\/wp.kristdemokraterna.se\/vasternorrland\/motion-lagg-ut-handlingarna-pa-webben\/","name":"Motion: L\u00e4gg ut handlingarna p\u00e5 webben | KD V\u00e4sternorrland","isPartOf":{"@id":"https:\/\/wp.kristdemokraterna.se\/vasternorrland\/#website"},"datePublished":"2016-03-18T20:01:36+00:00","dateModified":"2019-06-20T09:00:30+00:00","author":{"@id":"https:\/\/wp.kristdemokraterna.se\/vasternorrland\/#\/schema\/person\/49784c93d3806490fb376f5a3b3dd4cd"},"breadcrumb":{"@id":"https:\/\/wp.kristdemokraterna.se\/vasternorrland\/motion-lagg-ut-handlingarna-pa-webben\/#breadcrumb"},"inLanguage":"sv-SE","potentialAction":[{"@type":"ReadAction","target":["https:\/\/wp.kristdemokraterna.se\/vasternorrland\/motion-lagg-ut-handlingarna-pa-webben\/"]}]},{"@type":"BreadcrumbList","@id":"https:\/\/wp.kristdemokraterna.se\/vasternorrland\/motion-lagg-ut-handlingarna-pa-webben\/#breadcrumb","itemListElement":[{"@type":"ListItem","position":1,"name":"Hem","item":"https:\/\/wp.kristdemokraterna.se\/vasternorrland\/"},{"@type":"ListItem","position":2,"name":"Motion: L\u00e4gg ut handlingarna p\u00e5 webben"}]},{"@type":"WebSite","@id":"https:\/\/wp.kristdemokraterna.se\/vasternorrland\/#website","url":"https:\/\/wp.kristdemokraterna.se\/vasternorrland\/","name":"KD V\u00e4sternorrland","description":"V\u00e5rda v\u00e5rden - utveckla prim\u00e4rv\u00e5rden","inLanguage":"sv-SE"},{"@type":"Person","@id":"https:\/\/wp.kristdemokraterna.se\/vasternorrland\/#\/schema\/person\/49784c93d3806490fb376f5a3b3dd4cd","name":"timra","image":{"@type":"ImageObject","inLanguage":"sv-SE","@id":"https:\/\/secure.gravatar.com\/avatar\/2d9a04bf0b09a2c8909797508e81e5c3faf9a9ba8962c579b9100cffe14b6f7b?s=96&r=g","url":"https:\/\/secure.gravatar.com\/avatar\/2d9a04bf0b09a2c8909797508e81e5c3faf9a9ba8962c579b9100cffe14b6f7b?s=96&r=g","contentUrl":"https:\/\/secure.gravatar.com\/avatar\/2d9a04bf0b09a2c8909797508e81e5c3faf9a9ba8962c579b9100cffe14b6f7b?s=96&r=g","caption":"timra"},"url":"https:\/\/wp.kristdemokraterna.se\/vasternorrland\/author\/timra\/"}]}},"_links":{"self":[{"href":"https:\/\/wp.kristdemokraterna.se\/vasternorrland\/wp-json\/wp\/v2\/posts\/120411","targetHints":{"allow":["GET"]}}],"collection":[{"href":"https:\/\/wp.kristdemokraterna.se\/vasternorrland\/wp-json\/wp\/v2\/posts"}],"about":[{"href":"https:\/\/wp.kristdemokraterna.se\/vasternorrland\/wp-json\/wp\/v2\/types\/post"}],"author":[{"embeddable":true,"href":"https:\/\/wp.kristdemokraterna.se\/vasternorrland\/wp-json\/wp\/v2\/users\/787"}],"replies":[{"embeddable":true,"href":"https:\/\/wp.kristdemokraterna.se\/vasternorrland\/wp-json\/wp\/v2\/comments?post=120411"}],"version-history":[{"count":8,"href":"https:\/\/wp.kristdemokraterna.se\/vasternorrland\/wp-json\/wp\/v2\/posts\/120411\/revisions"}],"predecessor-version":[{"id":198730,"href":"https:\/\/wp.kristdemokraterna.se\/vasternorrland\/wp-json\/wp\/v2\/posts\/120411\/revisions\/198730"}],"wp:attachment":[{"href":"https:\/\/wp.kristdemokraterna.se\/vasternorrland\/wp-json\/wp\/v2\/media?parent=120411"}],"wp:term":[{"taxonomy":"category","embeddable":true,"href":"https:\/\/wp.kristdemokraterna.se\/vasternorrland\/wp-json\/wp\/v2\/categories?post=120411"},{"taxonomy":"post_tag","embeddable":true,"href":"https:\/\/wp.kristdemokraterna.se\/vasternorrland\/wp-json\/wp\/v2\/tags?post=120411"}],"curies":[{"name":"wp","href":"https:\/\/api.w.org\/{rel}","templated":true}]}}