{"id":120592,"date":"2018-03-05T20:41:09","date_gmt":"2018-03-05T19:41:09","guid":{"rendered":"http:\/\/wp.kristdemokraterna.se\/vasternorrland\/?p=120592"},"modified":"2019-04-04T14:09:03","modified_gmt":"2019-04-04T12:09:03","slug":"satsa-pa-primarvarden","status":"publish","type":"post","link":"https:\/\/wp.kristdemokraterna.se\/vasternorrland\/satsa-pa-primarvarden\/","title":{"rendered":"Satsa p\u00e5 Prim\u00e4rv\u00e5rden!"},"content":{"rendered":"<p>Sverige satsar i j\u00e4mf\u00f6relse med \u00f6vriga EU v\u00e4ldigt lite resurser p\u00e5 prim\u00e4rv\u00e5rden. V\u00e4sternorrland tillh\u00f6r de landsting i Sverige som satsar minst! Samtidigt genomf\u00f6rs stora f\u00f6r\u00e4ndringar inom sjukhusv\u00e5rden i v\u00e5rt l\u00e4n som p\u00e5verkar prim\u00e4rv\u00e5rden. I den av landstingsfullm\u00e4ktige antagna m\u00e5lbilden s\u00e5 lyfts vikten av att st\u00e4rka prim\u00e4rv\u00e5rden och dess 1:a linjes ansvar. Men tyv\u00e4rr har vi inte sett n\u00e5got intresse fr\u00e5n nuvarande majoritet att tillf\u00f6ra de resurser som beh\u00f6vs.<\/p>\n<p>Under f\u00f6rra mandatperioden p\u00e5b\u00f6rjade V\u00e5rdalliansen en resursf\u00f6rst\u00e4rkning av prim\u00e4rv\u00e5rden. Ett viktigt st\u00e4llningstagande som vi har fortsatt presenterat i v\u00e5ra budgetar \u00e4ven i opposition. Hittills har det dock varit verkningsl\u00f6st. F\u00f6r att prim\u00e4rv\u00e5rden rimligen ska klara uppdraget f\u00f6resl\u00e5r vi \u00f6kade resursramar med minst 100 miljoner kronor under kommande planperiod. Vi vill ocks\u00e5 att definitionen av prim\u00e4rv\u00e5rdens uppdrag ska f\u00f6rtydligas utifr\u00e5n de beslutade omstruktureringarna i sjukhusv\u00e5rden.<\/p>\n<p>Under 2016 har 24 miljoner kr som tilldelats prim\u00e4rv\u00e5rden i budget inte kommit prim\u00e4rv\u00e5rden till godo bl a pga. den r\u00e5dande familjel\u00e4karbristen. Det \u00e4r enligt v\u00e5r mening helt oacceptabelt och b\u00f6r genast \u00e5tg\u00e4rdas. F\u00f6r att n\u00e5 en bra och likv\u00e4rdig v\u00e5rd i V\u00e4sternorrland m\u00e5ste resurserna till prim\u00e4rv\u00e5rden st\u00e4rkas! Vi menar att prim\u00e4rv\u00e5rden resurser f\u00f6rst ska s\u00e4kerst\u00e4llas innan sjukhusv\u00e5rdens uppdrag f\u00f6r\u00e4ndras. Tyv\u00e4rr har majoriteten valt en annan v\u00e4g!<\/p>\n<p>V\u00e5rdalliansen f\u00f6resl\u00e5r regionfullm\u00e4ktige att regionstyrelsen f\u00e5r i uppdrag att \u00e5terkomma till regionfullm\u00e4ktige med f\u00f6ljande f\u00f6rslag till beslut;<\/p>\n<ul>\n<li>att \u00f6ka resursramarna med minst 100 miljoner kronor under kommande planperiod samt<\/li>\n<li>att de resurser som i budget avs\u00e4tts inom prim\u00e4rv\u00e5rdsramen ska anv\u00e4ndas till prim\u00e4rv\u00e5rd<\/li>\n<\/ul>\n<hr \/>\n<p><a href=\"http:\/\/wp.kristdemokraterna.se\/vasternorrland\/var-politik\/politikomraden\/primarvard\/\">Prim\u00e4rv\u00e5rd<\/a> | <a href=\"http:\/\/wp.kristdemokraterna.se\/vasternorrland\/etiketter\/vardalliansen\/\">V\u00e5rdalliansen<\/a> \u00b7 <a href=\"http:\/\/wp.kristdemokraterna.se\/vasternorrland\/etiketter\/malbilden\/\">m\u00e5lbilden<\/a> \u00b7 <a href=\"http:\/\/wp.kristdemokraterna.se\/vasternorrland\/etiketter\/yrkande\/\">yrkande<\/a><\/p>\n","protected":false},"excerpt":{"rendered":"<p>Sverige satsar i j\u00e4mf\u00f6relse med \u00f6vriga EU v\u00e4ldigt lite resurser p\u00e5 prim\u00e4rv\u00e5rden. V\u00e4sternorrland tillh\u00f6r de landsting i Sverige som satsar minst! Samtidigt genomf\u00f6rs stora f\u00f6r\u00e4ndringar inom sjukhusv\u00e5rden i v\u00e5rt l\u00e4n som p\u00e5verkar prim\u00e4rv\u00e5rden. I den av landstingsfullm\u00e4ktige antagna m\u00e5lbilden s\u00e5 lyfts vikten av att st\u00e4rka prim\u00e4rv\u00e5rden och dess 1:a linjes ansvar. Men tyv\u00e4rr har vi <a class=\"read-more-link\" href=\"https:\/\/wp.kristdemokraterna.se\/vasternorrland\/satsa-pa-primarvarden\/\">Read More<\/a><\/p>\n","protected":false},"author":787,"featured_media":0,"comment_status":"closed","ping_status":"closed","sticky":false,"template":"","format":"standard","meta":{"_acf_changed":false,"footnotes":""},"categories":[100],"tags":[543,590,256,469,583],"class_list":["post-120592","post","type-post","status-publish","format-standard","hentry","category-primarvard","tag-alla-inlagg","tag-malbild","tag-primarvard","tag-vardalliansen","tag-yrkande"],"acf":[],"yoast_head":"<!-- This site is optimized with the Yoast SEO plugin v27.4 - https:\/\/yoast.com\/product\/yoast-seo-wordpress\/ -->\n<title>Satsa p\u00e5 Prim\u00e4rv\u00e5rden! | KD V\u00e4sternorrland<\/title>\n<meta name=\"robots\" content=\"index, follow, max-snippet:-1, max-image-preview:large, max-video-preview:-1\" \/>\n<link rel=\"canonical\" href=\"https:\/\/wp.kristdemokraterna.se\/vasternorrland\/satsa-pa-primarvarden\/\" \/>\n<meta property=\"og:locale\" content=\"sv_SE\" \/>\n<meta property=\"og:type\" content=\"article\" \/>\n<meta property=\"og:title\" content=\"Satsa p\u00e5 Prim\u00e4rv\u00e5rden! | KD V\u00e4sternorrland\" \/>\n<meta property=\"og:description\" content=\"Sverige satsar i j\u00e4mf\u00f6relse med \u00f6vriga EU v\u00e4ldigt lite resurser p\u00e5 prim\u00e4rv\u00e5rden. V\u00e4sternorrland tillh\u00f6r de landsting i Sverige som satsar minst! Samtidigt genomf\u00f6rs stora f\u00f6r\u00e4ndringar inom sjukhusv\u00e5rden i v\u00e5rt l\u00e4n som p\u00e5verkar prim\u00e4rv\u00e5rden. I den av landstingsfullm\u00e4ktige antagna m\u00e5lbilden s\u00e5 lyfts vikten av att st\u00e4rka prim\u00e4rv\u00e5rden och dess 1:a linjes ansvar. Men tyv\u00e4rr har vi Read More\" \/>\n<meta property=\"og:url\" content=\"https:\/\/wp.kristdemokraterna.se\/vasternorrland\/satsa-pa-primarvarden\/\" \/>\n<meta property=\"og:site_name\" content=\"KD V\u00e4sternorrland\" \/>\n<meta property=\"article:publisher\" content=\"https:\/\/www.facebook.com\/kdrvn\/\" \/>\n<meta property=\"article:published_time\" content=\"2018-03-05T19:41:09+00:00\" \/>\n<meta property=\"article:modified_time\" content=\"2019-04-04T12:09:03+00:00\" \/>\n<meta name=\"author\" content=\"timra\" \/>\n<meta name=\"twitter:card\" content=\"summary_large_image\" \/>\n<meta name=\"twitter:label1\" content=\"Skriven av\" \/>\n\t<meta name=\"twitter:data1\" content=\"timra\" \/>\n\t<meta name=\"twitter:label2\" content=\"Ber\u00e4knad l\u00e4stid\" \/>\n\t<meta name=\"twitter:data2\" content=\"2 minuter\" \/>\n<script type=\"application\/ld+json\" class=\"yoast-schema-graph\">{\"@context\":\"https:\\\/\\\/schema.org\",\"@graph\":[{\"@type\":\"Article\",\"@id\":\"https:\\\/\\\/wp.kristdemokraterna.se\\\/vasternorrland\\\/satsa-pa-primarvarden\\\/#article\",\"isPartOf\":{\"@id\":\"https:\\\/\\\/wp.kristdemokraterna.se\\\/vasternorrland\\\/satsa-pa-primarvarden\\\/\"},\"author\":{\"name\":\"timra\",\"@id\":\"https:\\\/\\\/wp.kristdemokraterna.se\\\/vasternorrland\\\/#\\\/schema\\\/person\\\/49784c93d3806490fb376f5a3b3dd4cd\"},\"headline\":\"Satsa p\u00e5 Prim\u00e4rv\u00e5rden!\",\"datePublished\":\"2018-03-05T19:41:09+00:00\",\"dateModified\":\"2019-04-04T12:09:03+00:00\",\"mainEntityOfPage\":{\"@id\":\"https:\\\/\\\/wp.kristdemokraterna.se\\\/vasternorrland\\\/satsa-pa-primarvarden\\\/\"},\"wordCount\":338,\"keywords\":[\"alla inl\u00e4gg\",\"m\u00e5lbild\",\"prim\u00e4rv\u00e5rd\",\"V\u00e5rdalliansen\",\"yrkande\"],\"articleSection\":[\"Prim\u00e4rv\u00e5rd\"],\"inLanguage\":\"sv-SE\"},{\"@type\":\"WebPage\",\"@id\":\"https:\\\/\\\/wp.kristdemokraterna.se\\\/vasternorrland\\\/satsa-pa-primarvarden\\\/\",\"url\":\"https:\\\/\\\/wp.kristdemokraterna.se\\\/vasternorrland\\\/satsa-pa-primarvarden\\\/\",\"name\":\"Satsa p\u00e5 Prim\u00e4rv\u00e5rden! | KD V\u00e4sternorrland\",\"isPartOf\":{\"@id\":\"https:\\\/\\\/wp.kristdemokraterna.se\\\/vasternorrland\\\/#website\"},\"datePublished\":\"2018-03-05T19:41:09+00:00\",\"dateModified\":\"2019-04-04T12:09:03+00:00\",\"author\":{\"@id\":\"https:\\\/\\\/wp.kristdemokraterna.se\\\/vasternorrland\\\/#\\\/schema\\\/person\\\/49784c93d3806490fb376f5a3b3dd4cd\"},\"breadcrumb\":{\"@id\":\"https:\\\/\\\/wp.kristdemokraterna.se\\\/vasternorrland\\\/satsa-pa-primarvarden\\\/#breadcrumb\"},\"inLanguage\":\"sv-SE\",\"potentialAction\":[{\"@type\":\"ReadAction\",\"target\":[\"https:\\\/\\\/wp.kristdemokraterna.se\\\/vasternorrland\\\/satsa-pa-primarvarden\\\/\"]}]},{\"@type\":\"BreadcrumbList\",\"@id\":\"https:\\\/\\\/wp.kristdemokraterna.se\\\/vasternorrland\\\/satsa-pa-primarvarden\\\/#breadcrumb\",\"itemListElement\":[{\"@type\":\"ListItem\",\"position\":1,\"name\":\"Hem\",\"item\":\"https:\\\/\\\/wp.kristdemokraterna.se\\\/vasternorrland\\\/\"},{\"@type\":\"ListItem\",\"position\":2,\"name\":\"Satsa p\u00e5 Prim\u00e4rv\u00e5rden!\"}]},{\"@type\":\"WebSite\",\"@id\":\"https:\\\/\\\/wp.kristdemokraterna.se\\\/vasternorrland\\\/#website\",\"url\":\"https:\\\/\\\/wp.kristdemokraterna.se\\\/vasternorrland\\\/\",\"name\":\"KD V\u00e4sternorrland\",\"description\":\"V\u00e5rda v\u00e5rden - utveckla prim\u00e4rv\u00e5rden\",\"inLanguage\":\"sv-SE\"},{\"@type\":\"Person\",\"@id\":\"https:\\\/\\\/wp.kristdemokraterna.se\\\/vasternorrland\\\/#\\\/schema\\\/person\\\/49784c93d3806490fb376f5a3b3dd4cd\",\"name\":\"timra\",\"image\":{\"@type\":\"ImageObject\",\"inLanguage\":\"sv-SE\",\"@id\":\"https:\\\/\\\/secure.gravatar.com\\\/avatar\\\/2d9a04bf0b09a2c8909797508e81e5c3faf9a9ba8962c579b9100cffe14b6f7b?s=96&r=g\",\"url\":\"https:\\\/\\\/secure.gravatar.com\\\/avatar\\\/2d9a04bf0b09a2c8909797508e81e5c3faf9a9ba8962c579b9100cffe14b6f7b?s=96&r=g\",\"contentUrl\":\"https:\\\/\\\/secure.gravatar.com\\\/avatar\\\/2d9a04bf0b09a2c8909797508e81e5c3faf9a9ba8962c579b9100cffe14b6f7b?s=96&r=g\",\"caption\":\"timra\"},\"url\":\"https:\\\/\\\/wp.kristdemokraterna.se\\\/vasternorrland\\\/author\\\/timra\\\/\"}]}<\/script>\n<!-- \/ Yoast SEO plugin. -->","yoast_head_json":{"title":"Satsa p\u00e5 Prim\u00e4rv\u00e5rden! | KD V\u00e4sternorrland","robots":{"index":"index","follow":"follow","max-snippet":"max-snippet:-1","max-image-preview":"max-image-preview:large","max-video-preview":"max-video-preview:-1"},"canonical":"https:\/\/wp.kristdemokraterna.se\/vasternorrland\/satsa-pa-primarvarden\/","og_locale":"sv_SE","og_type":"article","og_title":"Satsa p\u00e5 Prim\u00e4rv\u00e5rden! | KD V\u00e4sternorrland","og_description":"Sverige satsar i j\u00e4mf\u00f6relse med \u00f6vriga EU v\u00e4ldigt lite resurser p\u00e5 prim\u00e4rv\u00e5rden. V\u00e4sternorrland tillh\u00f6r de landsting i Sverige som satsar minst! Samtidigt genomf\u00f6rs stora f\u00f6r\u00e4ndringar inom sjukhusv\u00e5rden i v\u00e5rt l\u00e4n som p\u00e5verkar prim\u00e4rv\u00e5rden. I den av landstingsfullm\u00e4ktige antagna m\u00e5lbilden s\u00e5 lyfts vikten av att st\u00e4rka prim\u00e4rv\u00e5rden och dess 1:a linjes ansvar. Men tyv\u00e4rr har vi Read More","og_url":"https:\/\/wp.kristdemokraterna.se\/vasternorrland\/satsa-pa-primarvarden\/","og_site_name":"KD V\u00e4sternorrland","article_publisher":"https:\/\/www.facebook.com\/kdrvn\/","article_published_time":"2018-03-05T19:41:09+00:00","article_modified_time":"2019-04-04T12:09:03+00:00","author":"timra","twitter_card":"summary_large_image","twitter_misc":{"Skriven av":"timra","Ber\u00e4knad l\u00e4stid":"2 minuter"},"schema":{"@context":"https:\/\/schema.org","@graph":[{"@type":"Article","@id":"https:\/\/wp.kristdemokraterna.se\/vasternorrland\/satsa-pa-primarvarden\/#article","isPartOf":{"@id":"https:\/\/wp.kristdemokraterna.se\/vasternorrland\/satsa-pa-primarvarden\/"},"author":{"name":"timra","@id":"https:\/\/wp.kristdemokraterna.se\/vasternorrland\/#\/schema\/person\/49784c93d3806490fb376f5a3b3dd4cd"},"headline":"Satsa p\u00e5 Prim\u00e4rv\u00e5rden!","datePublished":"2018-03-05T19:41:09+00:00","dateModified":"2019-04-04T12:09:03+00:00","mainEntityOfPage":{"@id":"https:\/\/wp.kristdemokraterna.se\/vasternorrland\/satsa-pa-primarvarden\/"},"wordCount":338,"keywords":["alla inl\u00e4gg","m\u00e5lbild","prim\u00e4rv\u00e5rd","V\u00e5rdalliansen","yrkande"],"articleSection":["Prim\u00e4rv\u00e5rd"],"inLanguage":"sv-SE"},{"@type":"WebPage","@id":"https:\/\/wp.kristdemokraterna.se\/vasternorrland\/satsa-pa-primarvarden\/","url":"https:\/\/wp.kristdemokraterna.se\/vasternorrland\/satsa-pa-primarvarden\/","name":"Satsa p\u00e5 Prim\u00e4rv\u00e5rden! | KD V\u00e4sternorrland","isPartOf":{"@id":"https:\/\/wp.kristdemokraterna.se\/vasternorrland\/#website"},"datePublished":"2018-03-05T19:41:09+00:00","dateModified":"2019-04-04T12:09:03+00:00","author":{"@id":"https:\/\/wp.kristdemokraterna.se\/vasternorrland\/#\/schema\/person\/49784c93d3806490fb376f5a3b3dd4cd"},"breadcrumb":{"@id":"https:\/\/wp.kristdemokraterna.se\/vasternorrland\/satsa-pa-primarvarden\/#breadcrumb"},"inLanguage":"sv-SE","potentialAction":[{"@type":"ReadAction","target":["https:\/\/wp.kristdemokraterna.se\/vasternorrland\/satsa-pa-primarvarden\/"]}]},{"@type":"BreadcrumbList","@id":"https:\/\/wp.kristdemokraterna.se\/vasternorrland\/satsa-pa-primarvarden\/#breadcrumb","itemListElement":[{"@type":"ListItem","position":1,"name":"Hem","item":"https:\/\/wp.kristdemokraterna.se\/vasternorrland\/"},{"@type":"ListItem","position":2,"name":"Satsa p\u00e5 Prim\u00e4rv\u00e5rden!"}]},{"@type":"WebSite","@id":"https:\/\/wp.kristdemokraterna.se\/vasternorrland\/#website","url":"https:\/\/wp.kristdemokraterna.se\/vasternorrland\/","name":"KD V\u00e4sternorrland","description":"V\u00e5rda v\u00e5rden - utveckla prim\u00e4rv\u00e5rden","inLanguage":"sv-SE"},{"@type":"Person","@id":"https:\/\/wp.kristdemokraterna.se\/vasternorrland\/#\/schema\/person\/49784c93d3806490fb376f5a3b3dd4cd","name":"timra","image":{"@type":"ImageObject","inLanguage":"sv-SE","@id":"https:\/\/secure.gravatar.com\/avatar\/2d9a04bf0b09a2c8909797508e81e5c3faf9a9ba8962c579b9100cffe14b6f7b?s=96&r=g","url":"https:\/\/secure.gravatar.com\/avatar\/2d9a04bf0b09a2c8909797508e81e5c3faf9a9ba8962c579b9100cffe14b6f7b?s=96&r=g","contentUrl":"https:\/\/secure.gravatar.com\/avatar\/2d9a04bf0b09a2c8909797508e81e5c3faf9a9ba8962c579b9100cffe14b6f7b?s=96&r=g","caption":"timra"},"url":"https:\/\/wp.kristdemokraterna.se\/vasternorrland\/author\/timra\/"}]}},"_links":{"self":[{"href":"https:\/\/wp.kristdemokraterna.se\/vasternorrland\/wp-json\/wp\/v2\/posts\/120592","targetHints":{"allow":["GET"]}}],"collection":[{"href":"https:\/\/wp.kristdemokraterna.se\/vasternorrland\/wp-json\/wp\/v2\/posts"}],"about":[{"href":"https:\/\/wp.kristdemokraterna.se\/vasternorrland\/wp-json\/wp\/v2\/types\/post"}],"author":[{"embeddable":true,"href":"https:\/\/wp.kristdemokraterna.se\/vasternorrland\/wp-json\/wp\/v2\/users\/787"}],"replies":[{"embeddable":true,"href":"https:\/\/wp.kristdemokraterna.se\/vasternorrland\/wp-json\/wp\/v2\/comments?post=120592"}],"version-history":[{"count":5,"href":"https:\/\/wp.kristdemokraterna.se\/vasternorrland\/wp-json\/wp\/v2\/posts\/120592\/revisions"}],"predecessor-version":[{"id":179750,"href":"https:\/\/wp.kristdemokraterna.se\/vasternorrland\/wp-json\/wp\/v2\/posts\/120592\/revisions\/179750"}],"wp:attachment":[{"href":"https:\/\/wp.kristdemokraterna.se\/vasternorrland\/wp-json\/wp\/v2\/media?parent=120592"}],"wp:term":[{"taxonomy":"category","embeddable":true,"href":"https:\/\/wp.kristdemokraterna.se\/vasternorrland\/wp-json\/wp\/v2\/categories?post=120592"},{"taxonomy":"post_tag","embeddable":true,"href":"https:\/\/wp.kristdemokraterna.se\/vasternorrland\/wp-json\/wp\/v2\/tags?post=120592"}],"curies":[{"name":"wp","href":"https:\/\/api.w.org\/{rel}","templated":true}]}}