{"id":126877,"date":"1992-02-02T15:49:03","date_gmt":"1992-02-02T14:49:03","guid":{"rendered":"http:\/\/wp.kristdemokraterna.se\/vasternorrland\/?p=126877"},"modified":"2020-07-07T14:05:49","modified_gmt":"2020-07-07T12:05:49","slug":"interpellation-patientavgiften","status":"publish","type":"post","link":"https:\/\/wp.kristdemokraterna.se\/vasternorrland\/interpellation-patientavgiften\/","title":{"rendered":"Interpellation: Kan socialdemokraterna best\u00e4mma sig om patientavgiften?!"},"content":{"rendered":"<p>Vid det f\u00f6rsta sammantr\u00e4det med den nya landstingsstyrelsen den 24 januari, fanns p\u00e5 f\u00f6redragningslistan ett \u00e4rende ang\u00e5ende f\u00f6rslag till nya patientavgifter. Vid sittande bord meddelade landstingsr\u00e5det Stig Andersson att \u00e4rendet lyft ut dagordningen. Som ordf\u00f6rande har han suver\u00e4n r\u00e4tt att best\u00e4mma detta, s\u00e5 det var ingen id\u00e9 att protestera.<\/p>\n<p>Med stigande f\u00f6rv\u00e5ning och v\u00e4xande oro m\u00e5ste jag ifr\u00e5gas\u00e4tta om socialdemokraterna medvetet f\u00f6rhalar en viktig avgiftsreform. Vi i KdS anser att det ska vara f\u00f6rdelaktigare att s\u00f6ka l\u00e4karkontakt via prim\u00e4rv\u00e5rden \u00e4n via akutsjukhusen. I teorin har (s) redan h\u00f6sten 1990 bejakat detta, men snubblar g\u00e5ng p\u00e5 g\u00e5ng n\u00e4r \u00e4rendet ska avg\u00f6ras. B\u00e5de bland personal och patienter finns ett missn\u00f6je med de nya, h\u00f6ga patientavgifterna. De uppmuntrar inte bes\u00f6k hos allm\u00e4nl\u00e4kare, de som inom kort ska bli v\u00e5ra nya &#8221;familjel\u00e4kare&#8221;. Satsningen p\u00e5 att ge prim\u00e4rv\u00e5rden en viktigare roll i v\u00e5rden uteblir. M\u00f6jligheten att anv\u00e4nda olika h\u00f6ga avgifter som stimulans att s\u00f6ka r\u00e4tt v\u00e5rdgivare f\u00f6rblir outnyttjad. Har de socialdemokratiska landstingsr\u00e5den s\u00e5 mycket annat att syssla med, att den fr\u00e5gan aldrig blir f\u00e4rdig f\u00f6r beslut?<\/p>\n<p>Jag vill d\u00e4rf\u00f6r fr\u00e5ga Stig Andersson:<\/p>\n<p>&#8211; N\u00e4r kommer Socialdemokraterna med f\u00f6rslag till nya, differentierade avgifter f\u00f6r l\u00e4karbes\u00f6k?<\/p>\n<p>Sverker \u00c5gren, Sollefte\u00e5<br \/>\nGruppledare, KdS<\/p>\n<p>1992-02-02<\/p>\n<hr \/>\n<p><a href=\"http:\/\/wp.kristdemokraterna.se\/vasternorrland\/var-politik\/politikomraden\/primarvard\/\">Prim\u00e4rv\u00e5rd<\/a> \u00b7 <a href=\"http:\/\/wp.kristdemokraterna.se\/vasternorrland\/var-politik\/politikomraden\/specialistvard\/\">Specialistv\u00e5rd<\/a> | <a href=\"http:\/\/wp.kristdemokraterna.se\/vasternorrland\/etiketter\/interpellation\/\">interpellation<\/a> \u00b7 <a href=\"http:\/\/wp.kristdemokraterna.se\/vasternorrland\/etiketter\/patientavgifter\/\">patientavgifter<\/a> \u00b7 <a href=\"http:\/\/wp.kristdemokraterna.se\/vasternorrland\/etiketter\/socialdemokraterna\/\">Socialdemokraterna<\/a> \u00b7 <a href=\"http:\/\/wp.kristdemokraterna.se\/vasternorrland\/etiketter\/sverker-agren\/\">Sverker \u00c5gren<\/a><\/p>\n","protected":false},"excerpt":{"rendered":"<p>Vid det f\u00f6rsta sammantr\u00e4det med den nya landstingsstyrelsen den 24 januari, fanns p\u00e5 f\u00f6redragningslistan ett \u00e4rende ang\u00e5ende f\u00f6rslag till nya patientavgifter. Vid sittande bord meddelade landstingsr\u00e5det Stig Andersson att \u00e4rendet lyft ut dagordningen. Som ordf\u00f6rande har han suver\u00e4n r\u00e4tt att best\u00e4mma detta, s\u00e5 det var ingen id\u00e9 att protestera. Med stigande f\u00f6rv\u00e5ning och v\u00e4xande oro <a class=\"read-more-link\" href=\"https:\/\/wp.kristdemokraterna.se\/vasternorrland\/interpellation-patientavgiften\/\">Read More<\/a><\/p>\n","protected":false},"author":787,"featured_media":0,"comment_status":"closed","ping_status":"closed","sticky":false,"template":"","format":"standard","meta":{"_acf_changed":false,"footnotes":""},"categories":[100,101],"tags":[543,39,92,256,877,540,464],"class_list":["post-126877","post","type-post","status-publish","format-standard","hentry","category-primarvard","category-specialistvard","tag-alla-inlagg","tag-interpellation","tag-patientavgift","tag-primarvard","tag-socialdemokraterna","tag-specialistvard","tag-sverker-agren"],"acf":[],"yoast_head":"<!-- This site is optimized with the Yoast SEO plugin v27.4 - https:\/\/yoast.com\/product\/yoast-seo-wordpress\/ -->\n<title>Interpellation: Kan socialdemokraterna best\u00e4mma sig om patientavgiften?! | KD V\u00e4sternorrland<\/title>\n<meta name=\"robots\" content=\"index, follow, max-snippet:-1, max-image-preview:large, max-video-preview:-1\" \/>\n<link rel=\"canonical\" href=\"https:\/\/wp.kristdemokraterna.se\/vasternorrland\/interpellation-patientavgiften\/\" \/>\n<meta property=\"og:locale\" content=\"sv_SE\" \/>\n<meta property=\"og:type\" content=\"article\" \/>\n<meta property=\"og:title\" content=\"Interpellation: Kan socialdemokraterna best\u00e4mma sig om patientavgiften?! | KD V\u00e4sternorrland\" \/>\n<meta property=\"og:description\" content=\"Vid det f\u00f6rsta sammantr\u00e4det med den nya landstingsstyrelsen den 24 januari, fanns p\u00e5 f\u00f6redragningslistan ett \u00e4rende ang\u00e5ende f\u00f6rslag till nya patientavgifter. Vid sittande bord meddelade landstingsr\u00e5det Stig Andersson att \u00e4rendet lyft ut dagordningen. Som ordf\u00f6rande har han suver\u00e4n r\u00e4tt att best\u00e4mma detta, s\u00e5 det var ingen id\u00e9 att protestera. Med stigande f\u00f6rv\u00e5ning och v\u00e4xande oro Read More\" \/>\n<meta property=\"og:url\" content=\"https:\/\/wp.kristdemokraterna.se\/vasternorrland\/interpellation-patientavgiften\/\" \/>\n<meta property=\"og:site_name\" content=\"KD V\u00e4sternorrland\" \/>\n<meta property=\"article:publisher\" content=\"https:\/\/www.facebook.com\/kdrvn\/\" \/>\n<meta property=\"article:published_time\" content=\"1992-02-02T14:49:03+00:00\" \/>\n<meta property=\"article:modified_time\" content=\"2020-07-07T12:05:49+00:00\" \/>\n<meta name=\"author\" content=\"timra\" \/>\n<meta name=\"twitter:card\" content=\"summary_large_image\" \/>\n<meta name=\"twitter:label1\" content=\"Skriven av\" \/>\n\t<meta name=\"twitter:data1\" content=\"timra\" \/>\n\t<meta name=\"twitter:label2\" content=\"Ber\u00e4knad l\u00e4stid\" \/>\n\t<meta name=\"twitter:data2\" content=\"1 minut\" \/>\n<script type=\"application\/ld+json\" class=\"yoast-schema-graph\">{\"@context\":\"https:\\\/\\\/schema.org\",\"@graph\":[{\"@type\":\"Article\",\"@id\":\"https:\\\/\\\/wp.kristdemokraterna.se\\\/vasternorrland\\\/interpellation-patientavgiften\\\/#article\",\"isPartOf\":{\"@id\":\"https:\\\/\\\/wp.kristdemokraterna.se\\\/vasternorrland\\\/interpellation-patientavgiften\\\/\"},\"author\":{\"name\":\"timra\",\"@id\":\"https:\\\/\\\/wp.kristdemokraterna.se\\\/vasternorrland\\\/#\\\/schema\\\/person\\\/49784c93d3806490fb376f5a3b3dd4cd\"},\"headline\":\"Interpellation: Kan socialdemokraterna best\u00e4mma sig om patientavgiften?!\",\"datePublished\":\"1992-02-02T14:49:03+00:00\",\"dateModified\":\"2020-07-07T12:05:49+00:00\",\"mainEntityOfPage\":{\"@id\":\"https:\\\/\\\/wp.kristdemokraterna.se\\\/vasternorrland\\\/interpellation-patientavgiften\\\/\"},\"wordCount\":269,\"keywords\":[\"alla inl\u00e4gg\",\"interpellation\",\"patientavgift\",\"prim\u00e4rv\u00e5rd\",\"Socialdemokraterna\",\"specialistv\u00e5rd\",\"Sverker \u00c5gren\"],\"articleSection\":[\"Prim\u00e4rv\u00e5rd\",\"Specialistv\u00e5rd\"],\"inLanguage\":\"sv-SE\"},{\"@type\":\"WebPage\",\"@id\":\"https:\\\/\\\/wp.kristdemokraterna.se\\\/vasternorrland\\\/interpellation-patientavgiften\\\/\",\"url\":\"https:\\\/\\\/wp.kristdemokraterna.se\\\/vasternorrland\\\/interpellation-patientavgiften\\\/\",\"name\":\"Interpellation: Kan socialdemokraterna best\u00e4mma sig om patientavgiften?! | KD V\u00e4sternorrland\",\"isPartOf\":{\"@id\":\"https:\\\/\\\/wp.kristdemokraterna.se\\\/vasternorrland\\\/#website\"},\"datePublished\":\"1992-02-02T14:49:03+00:00\",\"dateModified\":\"2020-07-07T12:05:49+00:00\",\"author\":{\"@id\":\"https:\\\/\\\/wp.kristdemokraterna.se\\\/vasternorrland\\\/#\\\/schema\\\/person\\\/49784c93d3806490fb376f5a3b3dd4cd\"},\"breadcrumb\":{\"@id\":\"https:\\\/\\\/wp.kristdemokraterna.se\\\/vasternorrland\\\/interpellation-patientavgiften\\\/#breadcrumb\"},\"inLanguage\":\"sv-SE\",\"potentialAction\":[{\"@type\":\"ReadAction\",\"target\":[\"https:\\\/\\\/wp.kristdemokraterna.se\\\/vasternorrland\\\/interpellation-patientavgiften\\\/\"]}]},{\"@type\":\"BreadcrumbList\",\"@id\":\"https:\\\/\\\/wp.kristdemokraterna.se\\\/vasternorrland\\\/interpellation-patientavgiften\\\/#breadcrumb\",\"itemListElement\":[{\"@type\":\"ListItem\",\"position\":1,\"name\":\"Hem\",\"item\":\"https:\\\/\\\/wp.kristdemokraterna.se\\\/vasternorrland\\\/\"},{\"@type\":\"ListItem\",\"position\":2,\"name\":\"Interpellation: Kan socialdemokraterna best\u00e4mma sig om patientavgiften?!\"}]},{\"@type\":\"WebSite\",\"@id\":\"https:\\\/\\\/wp.kristdemokraterna.se\\\/vasternorrland\\\/#website\",\"url\":\"https:\\\/\\\/wp.kristdemokraterna.se\\\/vasternorrland\\\/\",\"name\":\"KD V\u00e4sternorrland\",\"description\":\"V\u00e5rda v\u00e5rden - utveckla prim\u00e4rv\u00e5rden\",\"inLanguage\":\"sv-SE\"},{\"@type\":\"Person\",\"@id\":\"https:\\\/\\\/wp.kristdemokraterna.se\\\/vasternorrland\\\/#\\\/schema\\\/person\\\/49784c93d3806490fb376f5a3b3dd4cd\",\"name\":\"timra\",\"image\":{\"@type\":\"ImageObject\",\"inLanguage\":\"sv-SE\",\"@id\":\"https:\\\/\\\/secure.gravatar.com\\\/avatar\\\/2d9a04bf0b09a2c8909797508e81e5c3faf9a9ba8962c579b9100cffe14b6f7b?s=96&r=g\",\"url\":\"https:\\\/\\\/secure.gravatar.com\\\/avatar\\\/2d9a04bf0b09a2c8909797508e81e5c3faf9a9ba8962c579b9100cffe14b6f7b?s=96&r=g\",\"contentUrl\":\"https:\\\/\\\/secure.gravatar.com\\\/avatar\\\/2d9a04bf0b09a2c8909797508e81e5c3faf9a9ba8962c579b9100cffe14b6f7b?s=96&r=g\",\"caption\":\"timra\"},\"url\":\"https:\\\/\\\/wp.kristdemokraterna.se\\\/vasternorrland\\\/author\\\/timra\\\/\"}]}<\/script>\n<!-- \/ Yoast SEO plugin. -->","yoast_head_json":{"title":"Interpellation: Kan socialdemokraterna best\u00e4mma sig om patientavgiften?! | KD V\u00e4sternorrland","robots":{"index":"index","follow":"follow","max-snippet":"max-snippet:-1","max-image-preview":"max-image-preview:large","max-video-preview":"max-video-preview:-1"},"canonical":"https:\/\/wp.kristdemokraterna.se\/vasternorrland\/interpellation-patientavgiften\/","og_locale":"sv_SE","og_type":"article","og_title":"Interpellation: Kan socialdemokraterna best\u00e4mma sig om patientavgiften?! | KD V\u00e4sternorrland","og_description":"Vid det f\u00f6rsta sammantr\u00e4det med den nya landstingsstyrelsen den 24 januari, fanns p\u00e5 f\u00f6redragningslistan ett \u00e4rende ang\u00e5ende f\u00f6rslag till nya patientavgifter. Vid sittande bord meddelade landstingsr\u00e5det Stig Andersson att \u00e4rendet lyft ut dagordningen. Som ordf\u00f6rande har han suver\u00e4n r\u00e4tt att best\u00e4mma detta, s\u00e5 det var ingen id\u00e9 att protestera. Med stigande f\u00f6rv\u00e5ning och v\u00e4xande oro Read More","og_url":"https:\/\/wp.kristdemokraterna.se\/vasternorrland\/interpellation-patientavgiften\/","og_site_name":"KD V\u00e4sternorrland","article_publisher":"https:\/\/www.facebook.com\/kdrvn\/","article_published_time":"1992-02-02T14:49:03+00:00","article_modified_time":"2020-07-07T12:05:49+00:00","author":"timra","twitter_card":"summary_large_image","twitter_misc":{"Skriven av":"timra","Ber\u00e4knad l\u00e4stid":"1 minut"},"schema":{"@context":"https:\/\/schema.org","@graph":[{"@type":"Article","@id":"https:\/\/wp.kristdemokraterna.se\/vasternorrland\/interpellation-patientavgiften\/#article","isPartOf":{"@id":"https:\/\/wp.kristdemokraterna.se\/vasternorrland\/interpellation-patientavgiften\/"},"author":{"name":"timra","@id":"https:\/\/wp.kristdemokraterna.se\/vasternorrland\/#\/schema\/person\/49784c93d3806490fb376f5a3b3dd4cd"},"headline":"Interpellation: Kan socialdemokraterna best\u00e4mma sig om patientavgiften?!","datePublished":"1992-02-02T14:49:03+00:00","dateModified":"2020-07-07T12:05:49+00:00","mainEntityOfPage":{"@id":"https:\/\/wp.kristdemokraterna.se\/vasternorrland\/interpellation-patientavgiften\/"},"wordCount":269,"keywords":["alla inl\u00e4gg","interpellation","patientavgift","prim\u00e4rv\u00e5rd","Socialdemokraterna","specialistv\u00e5rd","Sverker \u00c5gren"],"articleSection":["Prim\u00e4rv\u00e5rd","Specialistv\u00e5rd"],"inLanguage":"sv-SE"},{"@type":"WebPage","@id":"https:\/\/wp.kristdemokraterna.se\/vasternorrland\/interpellation-patientavgiften\/","url":"https:\/\/wp.kristdemokraterna.se\/vasternorrland\/interpellation-patientavgiften\/","name":"Interpellation: Kan socialdemokraterna best\u00e4mma sig om patientavgiften?! | KD V\u00e4sternorrland","isPartOf":{"@id":"https:\/\/wp.kristdemokraterna.se\/vasternorrland\/#website"},"datePublished":"1992-02-02T14:49:03+00:00","dateModified":"2020-07-07T12:05:49+00:00","author":{"@id":"https:\/\/wp.kristdemokraterna.se\/vasternorrland\/#\/schema\/person\/49784c93d3806490fb376f5a3b3dd4cd"},"breadcrumb":{"@id":"https:\/\/wp.kristdemokraterna.se\/vasternorrland\/interpellation-patientavgiften\/#breadcrumb"},"inLanguage":"sv-SE","potentialAction":[{"@type":"ReadAction","target":["https:\/\/wp.kristdemokraterna.se\/vasternorrland\/interpellation-patientavgiften\/"]}]},{"@type":"BreadcrumbList","@id":"https:\/\/wp.kristdemokraterna.se\/vasternorrland\/interpellation-patientavgiften\/#breadcrumb","itemListElement":[{"@type":"ListItem","position":1,"name":"Hem","item":"https:\/\/wp.kristdemokraterna.se\/vasternorrland\/"},{"@type":"ListItem","position":2,"name":"Interpellation: Kan socialdemokraterna best\u00e4mma sig om patientavgiften?!"}]},{"@type":"WebSite","@id":"https:\/\/wp.kristdemokraterna.se\/vasternorrland\/#website","url":"https:\/\/wp.kristdemokraterna.se\/vasternorrland\/","name":"KD V\u00e4sternorrland","description":"V\u00e5rda v\u00e5rden - utveckla prim\u00e4rv\u00e5rden","inLanguage":"sv-SE"},{"@type":"Person","@id":"https:\/\/wp.kristdemokraterna.se\/vasternorrland\/#\/schema\/person\/49784c93d3806490fb376f5a3b3dd4cd","name":"timra","image":{"@type":"ImageObject","inLanguage":"sv-SE","@id":"https:\/\/secure.gravatar.com\/avatar\/2d9a04bf0b09a2c8909797508e81e5c3faf9a9ba8962c579b9100cffe14b6f7b?s=96&r=g","url":"https:\/\/secure.gravatar.com\/avatar\/2d9a04bf0b09a2c8909797508e81e5c3faf9a9ba8962c579b9100cffe14b6f7b?s=96&r=g","contentUrl":"https:\/\/secure.gravatar.com\/avatar\/2d9a04bf0b09a2c8909797508e81e5c3faf9a9ba8962c579b9100cffe14b6f7b?s=96&r=g","caption":"timra"},"url":"https:\/\/wp.kristdemokraterna.se\/vasternorrland\/author\/timra\/"}]}},"_links":{"self":[{"href":"https:\/\/wp.kristdemokraterna.se\/vasternorrland\/wp-json\/wp\/v2\/posts\/126877","targetHints":{"allow":["GET"]}}],"collection":[{"href":"https:\/\/wp.kristdemokraterna.se\/vasternorrland\/wp-json\/wp\/v2\/posts"}],"about":[{"href":"https:\/\/wp.kristdemokraterna.se\/vasternorrland\/wp-json\/wp\/v2\/types\/post"}],"author":[{"embeddable":true,"href":"https:\/\/wp.kristdemokraterna.se\/vasternorrland\/wp-json\/wp\/v2\/users\/787"}],"replies":[{"embeddable":true,"href":"https:\/\/wp.kristdemokraterna.se\/vasternorrland\/wp-json\/wp\/v2\/comments?post=126877"}],"version-history":[{"count":5,"href":"https:\/\/wp.kristdemokraterna.se\/vasternorrland\/wp-json\/wp\/v2\/posts\/126877\/revisions"}],"predecessor-version":[{"id":292300,"href":"https:\/\/wp.kristdemokraterna.se\/vasternorrland\/wp-json\/wp\/v2\/posts\/126877\/revisions\/292300"}],"wp:attachment":[{"href":"https:\/\/wp.kristdemokraterna.se\/vasternorrland\/wp-json\/wp\/v2\/media?parent=126877"}],"wp:term":[{"taxonomy":"category","embeddable":true,"href":"https:\/\/wp.kristdemokraterna.se\/vasternorrland\/wp-json\/wp\/v2\/categories?post=126877"},{"taxonomy":"post_tag","embeddable":true,"href":"https:\/\/wp.kristdemokraterna.se\/vasternorrland\/wp-json\/wp\/v2\/tags?post=126877"}],"curies":[{"name":"wp","href":"https:\/\/api.w.org\/{rel}","templated":true}]}}