{"id":126936,"date":"1990-11-13T19:34:32","date_gmt":"1990-11-13T18:34:32","guid":{"rendered":"http:\/\/wp.kristdemokraterna.se\/vasternorrland\/?p=126936"},"modified":"2020-11-09T09:03:01","modified_gmt":"2020-11-09T08:03:01","slug":"fraga-fri-bensin-utmanande-forman","status":"publish","type":"post","link":"https:\/\/wp.kristdemokraterna.se\/vasternorrland\/fraga-fri-bensin-utmanande-forman\/","title":{"rendered":"Fr\u00e5ga: Fri bensin &#8211; utmanande f\u00f6rm\u00e5n"},"content":{"rendered":"<p>Landstingen har nyligen tecknat avtal som ger chefstj\u00e4nstem\u00e4n m\u00f6jlighet att erh\u00e5lla f\u00f6rm\u00e5nsbil. Inte fullt s\u00e5 uppm\u00e4rksammat \u00e4r att f\u00f6rm\u00e5nen ocks\u00e5 g\u00e4ller landstingsr\u00e5d. Jag kan acceptera att en arbetsgivare som landstinget inf\u00f6r denna f\u00f6rm\u00e5n, men tidpunkten \u00e4r s\u00e4llsynt illa vald. Reaktioner utifr\u00e5n det s\u00e5 kallade f\u00e4ltet har ju varit ganska kraftfulla. Visst f\u00e5r tj\u00e4nstem\u00e4nnen sj\u00e4lva betala en del av kostnaden, det vet jag, men f\u00f6rm\u00e5nen \u00e4r \u00e4nd\u00e5 t\u00e4mligen frapperande.<\/p>\n<p>Men det \u00e4r direkt uppseendev\u00e4ckande att l\u00e5ta fri bensin ing\u00e5 i f\u00f6rm\u00e5nen. Det kan \u00e4nd\u00e5 inte vara helt ointressant vilka milj\u00f6m\u00e4ssiga och ekonomiska effekter en s\u00e5dan f\u00f6rm\u00e5n medf\u00f6r. B\u00e5de milj\u00f6 och ekonomi blir enligt min mening lidande. N\u00e4r landstingets ekonomiska l\u00e4ge medf\u00f6r direkta nedsk\u00e4rningar i verksamheten, kan inte en f\u00f6rm\u00e5n som fri bensin accepteras. Enligt KdS grundsyn m\u00e5ste andra insatser vara mer angel\u00e4gna \u00e4n detta.<\/p>\n<p>Jag vill d\u00e4rf\u00f6r st\u00e4lla f\u00f6ljande fr\u00e5ga till landstingsr\u00e5det Tord Sundelin (s):<\/p>\n<p>&#8211; \u00c4r du beredd att avskaffa f\u00f6rm\u00e5nen &#8221;fri bensin&#8221; som ing\u00e5r i f\u00f6rm\u00e5nsbilsavtalen?<\/p>\n<p>Sverker \u00c5gren, KdS<br \/>\nSollefte\u00e5 1990-11-13<\/p>\n<hr \/>\n<p><a href=\"http:\/\/wp.kristdemokraterna.se\/vasternorrland\/var-politik\/politikomraden\/ekonomi-skatter\/\">Ekonomi\/skatter<\/a> \u00b7 <a href=\"http:\/\/wp.kristdemokraterna.se\/vasternorrland\/var-politik\/politikomraden\/miljo-och-energi\/\">Milj\u00f6 och energi<\/a> | <a href=\"http:\/\/wp.kristdemokraterna.se\/vasternorrland\/etiketter\/bensin\/\">bensin<\/a> \u00b7 <a href=\"http:\/\/wp.kristdemokraterna.se\/vasternorrland\/etiketter\/ekonomi\/\">ekonomi<\/a> \u00b7 &lt;<a href=\"http:\/\/wp.kristdemokraterna.se\/vasternorrland\/etiketter\/enkel-fraga\/\">enkel fr\u00e5ga<\/a> \u00b7 <a href=\"http:\/\/wp.kristdemokraterna.se\/vasternorrland\/etiketter\/formansbil\/\">f\u00f6rm\u00e5nsbil<\/a> \u00b7 <a href=\"http:\/\/wp.kristdemokraterna.se\/vasternorrland\/etiketter\/sverker-agren\/\">Sverker \u00c5gren<\/a><\/p>\n","protected":false},"excerpt":{"rendered":"<p>Landstingen har nyligen tecknat avtal som ger chefstj\u00e4nstem\u00e4n m\u00f6jlighet att erh\u00e5lla f\u00f6rm\u00e5nsbil. Inte fullt s\u00e5 uppm\u00e4rksammat \u00e4r att f\u00f6rm\u00e5nen ocks\u00e5 g\u00e4ller landstingsr\u00e5d. Jag kan acceptera att en arbetsgivare som landstinget inf\u00f6r denna f\u00f6rm\u00e5n, men tidpunkten \u00e4r s\u00e4llsynt illa vald. Reaktioner utifr\u00e5n det s\u00e5 kallade f\u00e4ltet har ju varit ganska kraftfulla. Visst f\u00e5r tj\u00e4nstem\u00e4nnen sj\u00e4lva betala <a class=\"read-more-link\" href=\"https:\/\/wp.kristdemokraterna.se\/vasternorrland\/fraga-fri-bensin-utmanande-forman\/\">Read More<\/a><\/p>\n","protected":false},"author":787,"featured_media":0,"comment_status":"closed","ping_status":"closed","sticky":false,"template":"","format":"standard","meta":{"_acf_changed":false,"footnotes":""},"categories":[544,106],"tags":[543,263,265,1206,266,123,622,464],"class_list":["post-126936","post","type-post","status-publish","format-standard","hentry","category-ekonomi","category-miljo-och-energi","tag-alla-inlagg","tag-bensin","tag-ekonomi","tag-ekonomi-skatter","tag-formansbil","tag-fraga","tag-miljo-och-energi","tag-sverker-agren"],"acf":[],"yoast_head":"<!-- This site is optimized with the Yoast SEO plugin v27.4 - https:\/\/yoast.com\/product\/yoast-seo-wordpress\/ -->\n<title>Fr\u00e5ga: Fri bensin - utmanande f\u00f6rm\u00e5n | KD V\u00e4sternorrland<\/title>\n<meta name=\"robots\" content=\"index, follow, max-snippet:-1, max-image-preview:large, max-video-preview:-1\" \/>\n<link rel=\"canonical\" href=\"https:\/\/wp.kristdemokraterna.se\/vasternorrland\/fraga-fri-bensin-utmanande-forman\/\" \/>\n<meta property=\"og:locale\" content=\"sv_SE\" \/>\n<meta property=\"og:type\" content=\"article\" \/>\n<meta property=\"og:title\" content=\"Fr\u00e5ga: Fri bensin - utmanande f\u00f6rm\u00e5n | KD V\u00e4sternorrland\" \/>\n<meta property=\"og:description\" content=\"Landstingen har nyligen tecknat avtal som ger chefstj\u00e4nstem\u00e4n m\u00f6jlighet att erh\u00e5lla f\u00f6rm\u00e5nsbil. Inte fullt s\u00e5 uppm\u00e4rksammat \u00e4r att f\u00f6rm\u00e5nen ocks\u00e5 g\u00e4ller landstingsr\u00e5d. Jag kan acceptera att en arbetsgivare som landstinget inf\u00f6r denna f\u00f6rm\u00e5n, men tidpunkten \u00e4r s\u00e4llsynt illa vald. Reaktioner utifr\u00e5n det s\u00e5 kallade f\u00e4ltet har ju varit ganska kraftfulla. Visst f\u00e5r tj\u00e4nstem\u00e4nnen sj\u00e4lva betala Read More\" \/>\n<meta property=\"og:url\" content=\"https:\/\/wp.kristdemokraterna.se\/vasternorrland\/fraga-fri-bensin-utmanande-forman\/\" \/>\n<meta property=\"og:site_name\" content=\"KD V\u00e4sternorrland\" \/>\n<meta property=\"article:publisher\" content=\"https:\/\/www.facebook.com\/kdrvn\/\" \/>\n<meta property=\"article:published_time\" content=\"1990-11-13T18:34:32+00:00\" \/>\n<meta property=\"article:modified_time\" content=\"2020-11-09T08:03:01+00:00\" \/>\n<meta name=\"author\" content=\"timra\" \/>\n<meta name=\"twitter:card\" content=\"summary_large_image\" \/>\n<meta name=\"twitter:label1\" content=\"Skriven av\" \/>\n\t<meta name=\"twitter:data1\" content=\"timra\" \/>\n\t<meta name=\"twitter:label2\" content=\"Ber\u00e4knad l\u00e4stid\" \/>\n\t<meta name=\"twitter:data2\" content=\"1 minut\" \/>\n<script type=\"application\/ld+json\" class=\"yoast-schema-graph\">{\"@context\":\"https:\\\/\\\/schema.org\",\"@graph\":[{\"@type\":\"Article\",\"@id\":\"https:\\\/\\\/wp.kristdemokraterna.se\\\/vasternorrland\\\/fraga-fri-bensin-utmanande-forman\\\/#article\",\"isPartOf\":{\"@id\":\"https:\\\/\\\/wp.kristdemokraterna.se\\\/vasternorrland\\\/fraga-fri-bensin-utmanande-forman\\\/\"},\"author\":{\"name\":\"timra\",\"@id\":\"https:\\\/\\\/wp.kristdemokraterna.se\\\/vasternorrland\\\/#\\\/schema\\\/person\\\/49784c93d3806490fb376f5a3b3dd4cd\"},\"headline\":\"Fr\u00e5ga: Fri bensin &#8211; utmanande f\u00f6rm\u00e5n\",\"datePublished\":\"1990-11-13T18:34:32+00:00\",\"dateModified\":\"2020-11-09T08:03:01+00:00\",\"mainEntityOfPage\":{\"@id\":\"https:\\\/\\\/wp.kristdemokraterna.se\\\/vasternorrland\\\/fraga-fri-bensin-utmanande-forman\\\/\"},\"wordCount\":242,\"keywords\":[\"alla inl\u00e4gg\",\"bensin\",\"ekonomi\",\"ekonomi\\\/skatter\",\"f\u00f6rm\u00e5nsbil\",\"fr\u00e5ga\",\"milj\u00f6 och energi\",\"Sverker \u00c5gren\"],\"articleSection\":[\"Ekonomi\\\/skatter\",\"Milj\u00f6 och energi\"],\"inLanguage\":\"sv-SE\"},{\"@type\":\"WebPage\",\"@id\":\"https:\\\/\\\/wp.kristdemokraterna.se\\\/vasternorrland\\\/fraga-fri-bensin-utmanande-forman\\\/\",\"url\":\"https:\\\/\\\/wp.kristdemokraterna.se\\\/vasternorrland\\\/fraga-fri-bensin-utmanande-forman\\\/\",\"name\":\"Fr\u00e5ga: Fri bensin - utmanande f\u00f6rm\u00e5n | KD V\u00e4sternorrland\",\"isPartOf\":{\"@id\":\"https:\\\/\\\/wp.kristdemokraterna.se\\\/vasternorrland\\\/#website\"},\"datePublished\":\"1990-11-13T18:34:32+00:00\",\"dateModified\":\"2020-11-09T08:03:01+00:00\",\"author\":{\"@id\":\"https:\\\/\\\/wp.kristdemokraterna.se\\\/vasternorrland\\\/#\\\/schema\\\/person\\\/49784c93d3806490fb376f5a3b3dd4cd\"},\"breadcrumb\":{\"@id\":\"https:\\\/\\\/wp.kristdemokraterna.se\\\/vasternorrland\\\/fraga-fri-bensin-utmanande-forman\\\/#breadcrumb\"},\"inLanguage\":\"sv-SE\",\"potentialAction\":[{\"@type\":\"ReadAction\",\"target\":[\"https:\\\/\\\/wp.kristdemokraterna.se\\\/vasternorrland\\\/fraga-fri-bensin-utmanande-forman\\\/\"]}]},{\"@type\":\"BreadcrumbList\",\"@id\":\"https:\\\/\\\/wp.kristdemokraterna.se\\\/vasternorrland\\\/fraga-fri-bensin-utmanande-forman\\\/#breadcrumb\",\"itemListElement\":[{\"@type\":\"ListItem\",\"position\":1,\"name\":\"Hem\",\"item\":\"https:\\\/\\\/wp.kristdemokraterna.se\\\/vasternorrland\\\/\"},{\"@type\":\"ListItem\",\"position\":2,\"name\":\"Fr\u00e5ga: Fri bensin &#8211; utmanande f\u00f6rm\u00e5n\"}]},{\"@type\":\"WebSite\",\"@id\":\"https:\\\/\\\/wp.kristdemokraterna.se\\\/vasternorrland\\\/#website\",\"url\":\"https:\\\/\\\/wp.kristdemokraterna.se\\\/vasternorrland\\\/\",\"name\":\"KD V\u00e4sternorrland\",\"description\":\"V\u00e5rda v\u00e5rden - utveckla prim\u00e4rv\u00e5rden\",\"inLanguage\":\"sv-SE\"},{\"@type\":\"Person\",\"@id\":\"https:\\\/\\\/wp.kristdemokraterna.se\\\/vasternorrland\\\/#\\\/schema\\\/person\\\/49784c93d3806490fb376f5a3b3dd4cd\",\"name\":\"timra\",\"image\":{\"@type\":\"ImageObject\",\"inLanguage\":\"sv-SE\",\"@id\":\"https:\\\/\\\/secure.gravatar.com\\\/avatar\\\/2d9a04bf0b09a2c8909797508e81e5c3faf9a9ba8962c579b9100cffe14b6f7b?s=96&r=g\",\"url\":\"https:\\\/\\\/secure.gravatar.com\\\/avatar\\\/2d9a04bf0b09a2c8909797508e81e5c3faf9a9ba8962c579b9100cffe14b6f7b?s=96&r=g\",\"contentUrl\":\"https:\\\/\\\/secure.gravatar.com\\\/avatar\\\/2d9a04bf0b09a2c8909797508e81e5c3faf9a9ba8962c579b9100cffe14b6f7b?s=96&r=g\",\"caption\":\"timra\"},\"url\":\"https:\\\/\\\/wp.kristdemokraterna.se\\\/vasternorrland\\\/author\\\/timra\\\/\"}]}<\/script>\n<!-- \/ Yoast SEO plugin. -->","yoast_head_json":{"title":"Fr\u00e5ga: Fri bensin - utmanande f\u00f6rm\u00e5n | KD V\u00e4sternorrland","robots":{"index":"index","follow":"follow","max-snippet":"max-snippet:-1","max-image-preview":"max-image-preview:large","max-video-preview":"max-video-preview:-1"},"canonical":"https:\/\/wp.kristdemokraterna.se\/vasternorrland\/fraga-fri-bensin-utmanande-forman\/","og_locale":"sv_SE","og_type":"article","og_title":"Fr\u00e5ga: Fri bensin - utmanande f\u00f6rm\u00e5n | KD V\u00e4sternorrland","og_description":"Landstingen har nyligen tecknat avtal som ger chefstj\u00e4nstem\u00e4n m\u00f6jlighet att erh\u00e5lla f\u00f6rm\u00e5nsbil. Inte fullt s\u00e5 uppm\u00e4rksammat \u00e4r att f\u00f6rm\u00e5nen ocks\u00e5 g\u00e4ller landstingsr\u00e5d. Jag kan acceptera att en arbetsgivare som landstinget inf\u00f6r denna f\u00f6rm\u00e5n, men tidpunkten \u00e4r s\u00e4llsynt illa vald. Reaktioner utifr\u00e5n det s\u00e5 kallade f\u00e4ltet har ju varit ganska kraftfulla. Visst f\u00e5r tj\u00e4nstem\u00e4nnen sj\u00e4lva betala Read More","og_url":"https:\/\/wp.kristdemokraterna.se\/vasternorrland\/fraga-fri-bensin-utmanande-forman\/","og_site_name":"KD V\u00e4sternorrland","article_publisher":"https:\/\/www.facebook.com\/kdrvn\/","article_published_time":"1990-11-13T18:34:32+00:00","article_modified_time":"2020-11-09T08:03:01+00:00","author":"timra","twitter_card":"summary_large_image","twitter_misc":{"Skriven av":"timra","Ber\u00e4knad l\u00e4stid":"1 minut"},"schema":{"@context":"https:\/\/schema.org","@graph":[{"@type":"Article","@id":"https:\/\/wp.kristdemokraterna.se\/vasternorrland\/fraga-fri-bensin-utmanande-forman\/#article","isPartOf":{"@id":"https:\/\/wp.kristdemokraterna.se\/vasternorrland\/fraga-fri-bensin-utmanande-forman\/"},"author":{"name":"timra","@id":"https:\/\/wp.kristdemokraterna.se\/vasternorrland\/#\/schema\/person\/49784c93d3806490fb376f5a3b3dd4cd"},"headline":"Fr\u00e5ga: Fri bensin &#8211; utmanande f\u00f6rm\u00e5n","datePublished":"1990-11-13T18:34:32+00:00","dateModified":"2020-11-09T08:03:01+00:00","mainEntityOfPage":{"@id":"https:\/\/wp.kristdemokraterna.se\/vasternorrland\/fraga-fri-bensin-utmanande-forman\/"},"wordCount":242,"keywords":["alla inl\u00e4gg","bensin","ekonomi","ekonomi\/skatter","f\u00f6rm\u00e5nsbil","fr\u00e5ga","milj\u00f6 och energi","Sverker \u00c5gren"],"articleSection":["Ekonomi\/skatter","Milj\u00f6 och energi"],"inLanguage":"sv-SE"},{"@type":"WebPage","@id":"https:\/\/wp.kristdemokraterna.se\/vasternorrland\/fraga-fri-bensin-utmanande-forman\/","url":"https:\/\/wp.kristdemokraterna.se\/vasternorrland\/fraga-fri-bensin-utmanande-forman\/","name":"Fr\u00e5ga: Fri bensin - utmanande f\u00f6rm\u00e5n | KD V\u00e4sternorrland","isPartOf":{"@id":"https:\/\/wp.kristdemokraterna.se\/vasternorrland\/#website"},"datePublished":"1990-11-13T18:34:32+00:00","dateModified":"2020-11-09T08:03:01+00:00","author":{"@id":"https:\/\/wp.kristdemokraterna.se\/vasternorrland\/#\/schema\/person\/49784c93d3806490fb376f5a3b3dd4cd"},"breadcrumb":{"@id":"https:\/\/wp.kristdemokraterna.se\/vasternorrland\/fraga-fri-bensin-utmanande-forman\/#breadcrumb"},"inLanguage":"sv-SE","potentialAction":[{"@type":"ReadAction","target":["https:\/\/wp.kristdemokraterna.se\/vasternorrland\/fraga-fri-bensin-utmanande-forman\/"]}]},{"@type":"BreadcrumbList","@id":"https:\/\/wp.kristdemokraterna.se\/vasternorrland\/fraga-fri-bensin-utmanande-forman\/#breadcrumb","itemListElement":[{"@type":"ListItem","position":1,"name":"Hem","item":"https:\/\/wp.kristdemokraterna.se\/vasternorrland\/"},{"@type":"ListItem","position":2,"name":"Fr\u00e5ga: Fri bensin &#8211; utmanande f\u00f6rm\u00e5n"}]},{"@type":"WebSite","@id":"https:\/\/wp.kristdemokraterna.se\/vasternorrland\/#website","url":"https:\/\/wp.kristdemokraterna.se\/vasternorrland\/","name":"KD V\u00e4sternorrland","description":"V\u00e5rda v\u00e5rden - utveckla prim\u00e4rv\u00e5rden","inLanguage":"sv-SE"},{"@type":"Person","@id":"https:\/\/wp.kristdemokraterna.se\/vasternorrland\/#\/schema\/person\/49784c93d3806490fb376f5a3b3dd4cd","name":"timra","image":{"@type":"ImageObject","inLanguage":"sv-SE","@id":"https:\/\/secure.gravatar.com\/avatar\/2d9a04bf0b09a2c8909797508e81e5c3faf9a9ba8962c579b9100cffe14b6f7b?s=96&r=g","url":"https:\/\/secure.gravatar.com\/avatar\/2d9a04bf0b09a2c8909797508e81e5c3faf9a9ba8962c579b9100cffe14b6f7b?s=96&r=g","contentUrl":"https:\/\/secure.gravatar.com\/avatar\/2d9a04bf0b09a2c8909797508e81e5c3faf9a9ba8962c579b9100cffe14b6f7b?s=96&r=g","caption":"timra"},"url":"https:\/\/wp.kristdemokraterna.se\/vasternorrland\/author\/timra\/"}]}},"_links":{"self":[{"href":"https:\/\/wp.kristdemokraterna.se\/vasternorrland\/wp-json\/wp\/v2\/posts\/126936","targetHints":{"allow":["GET"]}}],"collection":[{"href":"https:\/\/wp.kristdemokraterna.se\/vasternorrland\/wp-json\/wp\/v2\/posts"}],"about":[{"href":"https:\/\/wp.kristdemokraterna.se\/vasternorrland\/wp-json\/wp\/v2\/types\/post"}],"author":[{"embeddable":true,"href":"https:\/\/wp.kristdemokraterna.se\/vasternorrland\/wp-json\/wp\/v2\/users\/787"}],"replies":[{"embeddable":true,"href":"https:\/\/wp.kristdemokraterna.se\/vasternorrland\/wp-json\/wp\/v2\/comments?post=126936"}],"version-history":[{"count":5,"href":"https:\/\/wp.kristdemokraterna.se\/vasternorrland\/wp-json\/wp\/v2\/posts\/126936\/revisions"}],"predecessor-version":[{"id":322559,"href":"https:\/\/wp.kristdemokraterna.se\/vasternorrland\/wp-json\/wp\/v2\/posts\/126936\/revisions\/322559"}],"wp:attachment":[{"href":"https:\/\/wp.kristdemokraterna.se\/vasternorrland\/wp-json\/wp\/v2\/media?parent=126936"}],"wp:term":[{"taxonomy":"category","embeddable":true,"href":"https:\/\/wp.kristdemokraterna.se\/vasternorrland\/wp-json\/wp\/v2\/categories?post=126936"},{"taxonomy":"post_tag","embeddable":true,"href":"https:\/\/wp.kristdemokraterna.se\/vasternorrland\/wp-json\/wp\/v2\/tags?post=126936"}],"curies":[{"name":"wp","href":"https:\/\/api.w.org\/{rel}","templated":true}]}}