{"id":126950,"date":"1990-01-18T19:48:22","date_gmt":"1990-01-18T18:48:22","guid":{"rendered":"http:\/\/wp.kristdemokraterna.se\/vasternorrland\/?p=126950"},"modified":"2019-04-16T14:25:23","modified_gmt":"2019-04-16T12:25:23","slug":"interpellation-kan-du-hejda-konssorterande-fosterdiagnostik","status":"publish","type":"post","link":"https:\/\/wp.kristdemokraterna.se\/vasternorrland\/interpellation-kan-du-hejda-konssorterande-fosterdiagnostik\/","title":{"rendered":"Interpellation: Kan du hejda k\u00f6nssorterande fosterdiagnostik?"},"content":{"rendered":"<p>Nu b\u00f6rjar de negativa effekterna av fosterdiagnostik bli alltmer p\u00e5tagliga inom v\u00e5rden. Enligt \u00f6verl\u00e4karen vid \u00d6stra sjukhuset i G\u00f6teborg, Jan Wahlstr\u00f6m, finns det misstankar om att information om k\u00f6n efter fosterdiagnostik lett till abort \u00e4ven i v\u00e5rt land. Det finns sedan tidigare uppgifter om s\u00e5dana effekter efter fosterdiagnostik fr\u00e5n bl a Indien och Kina.<\/p>\n<p>F\u00f6r att f\u00f6lja sekretesslagen m\u00e5ste l\u00e4kare l\u00e4mna ut information om k\u00f6n, om s\u00e5 beg\u00e4rs efter fosterdiagnostik. Men vid K\u00e4rnsjukhuset, Sk\u00f6vde, l\u00e4mnar inte l\u00e4karna ut s\u00e5dana besked f\u00f6rr\u00e4n efter den 18:e veckan. Om detta f\u00f6r n\u00e4rvarande \u00e4r juridiskt h\u00e5llbart \u00e4r oklart. Docent Tord L\u00f6fstrand, chef p\u00e5 kvinnokliniken vid K\u00e4rnsjukhuset, Sk\u00f6vde s\u00e4ger: &#8221;K\u00f6nsbest\u00e4mning \u00e4r en bieffekt av en unders\u00f6kning av moderkakans kromosomupps\u00e4ttning. Vi upplyser patienterna om att de bara kommer att f\u00e5 information om kromosomfel och sjukdomar.&#8221;<\/p>\n<p>Kristdemokraterna har sedan l\u00e4nge avvisat en &#8221;kvalitetsinriktad&#8221; och utsorterande fosterdiagnostik. Vi ser det som ett hot mot m\u00e4nniskov\u00e4rdet. Detta \u00e4r vi inte ensamma om. Inte minst handikappr\u00f6relsen har tidigt varnat f\u00f6r att fosterdiagnostik kan anv\u00e4ndas i k\u00f6nssorterande syfte. Dessv\u00e4rre ser vi redan ut att ha en s\u00e5dan utveckling p\u00e5 g\u00e5ng.<\/p>\n<p>Mot bakgrund av ovanst\u00e5nde vill jag fr\u00e5ga landstingsr\u00e5det Alf Wedin:<\/p>\n<p>&#8211; Finns det beredskap inom landstinget f\u00f6r att ge r\u00e5d till kliniker i denna fr\u00e5ga?<br \/>\n&#8211; Anser du att det g\u00e5r att senarel\u00e4gga information i samband med fosterdiagnostik om fosters k\u00f6n tills dess abortlagens normala tidsgr\u00e4ns (18 veckan) passerats?<br \/>\n&#8211; Om inte, \u00e4r du beredd att ta initiativ f\u00f6r att \u00e5stadkomma s\u00e5dana lagregler att detta blir m\u00f6jligt, ex-vis genom att tillskriva regeringen i fr\u00e5gan?<br \/>\n&#8211; \u00c4r uppgifter om k\u00f6n p\u00e5 foster en uppgift som landstinget \u00f6verhuvudtaget b\u00f6r \u00e4gna sig \u00e5t?<\/p>\n<p>Sollefte\u00e5 den 18 januari 1990<br \/>\nSverker \u00c5gren (KdS)<\/p>\n<hr \/>\n<p><a href=\"http:\/\/wp.kristdemokraterna.se\/vasternorrland\/var-politik\/politikomraden\/specialistvard\/\">Specialistv\u00e5rd<\/a> | <a href=\"http:\/\/wp.kristdemokraterna.se\/vasternorrland\/etiketter\/abort\/\">abort<\/a> \u00b7 <a href=\"http:\/\/wp.kristdemokraterna.se\/vasternorrland\/etiketter\/fosterdiagnostik\/\">fosterdiagnostik<\/a> \u00b7 <a href=\"http:\/\/wp.kristdemokraterna.se\/vasternorrland\/etiketter\/interpellation\/\">interpellation<\/a> \u00b7 <a href=\"http:\/\/wp.kristdemokraterna.se\/vasternorrland\/etiketter\/kromosomfel\/\">kromosomfel<\/a> \u00b7 <a href=\"http:\/\/wp.kristdemokraterna.se\/vasternorrland\/etiketter\/kon\/\">k\u00f6n<\/a> \u00b7 <a href=\"http:\/\/wp.kristdemokraterna.se\/vasternorrland\/etiketter\/manniskovarde\/\">m\u00e4nniskov\u00e4rde<\/a> \u00b7 <a href=\"http:\/\/wp.kristdemokraterna.se\/vasternorrland\/etiketter\/sverker-agren\/\">Sverker \u00c5gren<\/a><\/p>\n","protected":false},"excerpt":{"rendered":"<p>Nu b\u00f6rjar de negativa effekterna av fosterdiagnostik bli alltmer p\u00e5tagliga inom v\u00e5rden. Enligt \u00f6verl\u00e4karen vid \u00d6stra sjukhuset i G\u00f6teborg, Jan Wahlstr\u00f6m, finns det misstankar om att information om k\u00f6n efter fosterdiagnostik lett till abort \u00e4ven i v\u00e5rt land. Det finns sedan tidigare uppgifter om s\u00e5dana effekter efter fosterdiagnostik fr\u00e5n bl a Indien och Kina. F\u00f6r <a class=\"read-more-link\" href=\"https:\/\/wp.kristdemokraterna.se\/vasternorrland\/interpellation-kan-du-hejda-konssorterande-fosterdiagnostik\/\">Read More<\/a><\/p>\n","protected":false},"author":787,"featured_media":0,"comment_status":"closed","ping_status":"closed","sticky":false,"template":"","format":"standard","meta":{"_acf_changed":false,"footnotes":""},"categories":[101],"tags":[259,543,268,39,270,269,271,540,464],"class_list":["post-126950","post","type-post","status-publish","format-standard","hentry","category-specialistvard","tag-abort","tag-alla-inlagg","tag-fosterdiagnostik","tag-interpellation","tag-kon","tag-kromosomfel","tag-manniskovarde","tag-specialistvard","tag-sverker-agren"],"acf":[],"yoast_head":"<!-- This site is optimized with the Yoast SEO plugin v27.4 - https:\/\/yoast.com\/product\/yoast-seo-wordpress\/ -->\n<title>Interpellation: Kan du hejda k\u00f6nssorterande fosterdiagnostik? | KD V\u00e4sternorrland<\/title>\n<meta name=\"robots\" content=\"index, follow, max-snippet:-1, max-image-preview:large, max-video-preview:-1\" \/>\n<link rel=\"canonical\" href=\"https:\/\/wp.kristdemokraterna.se\/vasternorrland\/interpellation-kan-du-hejda-konssorterande-fosterdiagnostik\/\" \/>\n<meta property=\"og:locale\" content=\"sv_SE\" \/>\n<meta property=\"og:type\" content=\"article\" \/>\n<meta property=\"og:title\" content=\"Interpellation: Kan du hejda k\u00f6nssorterande fosterdiagnostik? | KD V\u00e4sternorrland\" \/>\n<meta property=\"og:description\" content=\"Nu b\u00f6rjar de negativa effekterna av fosterdiagnostik bli alltmer p\u00e5tagliga inom v\u00e5rden. Enligt \u00f6verl\u00e4karen vid \u00d6stra sjukhuset i G\u00f6teborg, Jan Wahlstr\u00f6m, finns det misstankar om att information om k\u00f6n efter fosterdiagnostik lett till abort \u00e4ven i v\u00e5rt land. Det finns sedan tidigare uppgifter om s\u00e5dana effekter efter fosterdiagnostik fr\u00e5n bl a Indien och Kina. F\u00f6r Read More\" \/>\n<meta property=\"og:url\" content=\"https:\/\/wp.kristdemokraterna.se\/vasternorrland\/interpellation-kan-du-hejda-konssorterande-fosterdiagnostik\/\" \/>\n<meta property=\"og:site_name\" content=\"KD V\u00e4sternorrland\" \/>\n<meta property=\"article:publisher\" content=\"https:\/\/www.facebook.com\/kdrvn\/\" \/>\n<meta property=\"article:published_time\" content=\"1990-01-18T18:48:22+00:00\" \/>\n<meta property=\"article:modified_time\" content=\"2019-04-16T12:25:23+00:00\" \/>\n<meta name=\"author\" content=\"timra\" \/>\n<meta name=\"twitter:card\" content=\"summary_large_image\" \/>\n<meta name=\"twitter:label1\" content=\"Skriven av\" \/>\n\t<meta name=\"twitter:data1\" content=\"timra\" \/>\n\t<meta name=\"twitter:label2\" content=\"Ber\u00e4knad l\u00e4stid\" \/>\n\t<meta name=\"twitter:data2\" content=\"2 minuter\" \/>\n<script type=\"application\/ld+json\" class=\"yoast-schema-graph\">{\"@context\":\"https:\\\/\\\/schema.org\",\"@graph\":[{\"@type\":\"Article\",\"@id\":\"https:\\\/\\\/wp.kristdemokraterna.se\\\/vasternorrland\\\/interpellation-kan-du-hejda-konssorterande-fosterdiagnostik\\\/#article\",\"isPartOf\":{\"@id\":\"https:\\\/\\\/wp.kristdemokraterna.se\\\/vasternorrland\\\/interpellation-kan-du-hejda-konssorterande-fosterdiagnostik\\\/\"},\"author\":{\"name\":\"timra\",\"@id\":\"https:\\\/\\\/wp.kristdemokraterna.se\\\/vasternorrland\\\/#\\\/schema\\\/person\\\/49784c93d3806490fb376f5a3b3dd4cd\"},\"headline\":\"Interpellation: Kan du hejda k\u00f6nssorterande fosterdiagnostik?\",\"datePublished\":\"1990-01-18T18:48:22+00:00\",\"dateModified\":\"2019-04-16T12:25:23+00:00\",\"mainEntityOfPage\":{\"@id\":\"https:\\\/\\\/wp.kristdemokraterna.se\\\/vasternorrland\\\/interpellation-kan-du-hejda-konssorterande-fosterdiagnostik\\\/\"},\"wordCount\":355,\"keywords\":[\"abort\",\"alla inl\u00e4gg\",\"fosterdiagnostik\",\"interpellation\",\"k\u00f6n\",\"kromosomfel\",\"m\u00e4nniskov\u00e4rde\",\"specialistv\u00e5rd\",\"Sverker \u00c5gren\"],\"articleSection\":[\"Specialistv\u00e5rd\"],\"inLanguage\":\"sv-SE\"},{\"@type\":\"WebPage\",\"@id\":\"https:\\\/\\\/wp.kristdemokraterna.se\\\/vasternorrland\\\/interpellation-kan-du-hejda-konssorterande-fosterdiagnostik\\\/\",\"url\":\"https:\\\/\\\/wp.kristdemokraterna.se\\\/vasternorrland\\\/interpellation-kan-du-hejda-konssorterande-fosterdiagnostik\\\/\",\"name\":\"Interpellation: Kan du hejda k\u00f6nssorterande fosterdiagnostik? | KD V\u00e4sternorrland\",\"isPartOf\":{\"@id\":\"https:\\\/\\\/wp.kristdemokraterna.se\\\/vasternorrland\\\/#website\"},\"datePublished\":\"1990-01-18T18:48:22+00:00\",\"dateModified\":\"2019-04-16T12:25:23+00:00\",\"author\":{\"@id\":\"https:\\\/\\\/wp.kristdemokraterna.se\\\/vasternorrland\\\/#\\\/schema\\\/person\\\/49784c93d3806490fb376f5a3b3dd4cd\"},\"breadcrumb\":{\"@id\":\"https:\\\/\\\/wp.kristdemokraterna.se\\\/vasternorrland\\\/interpellation-kan-du-hejda-konssorterande-fosterdiagnostik\\\/#breadcrumb\"},\"inLanguage\":\"sv-SE\",\"potentialAction\":[{\"@type\":\"ReadAction\",\"target\":[\"https:\\\/\\\/wp.kristdemokraterna.se\\\/vasternorrland\\\/interpellation-kan-du-hejda-konssorterande-fosterdiagnostik\\\/\"]}]},{\"@type\":\"BreadcrumbList\",\"@id\":\"https:\\\/\\\/wp.kristdemokraterna.se\\\/vasternorrland\\\/interpellation-kan-du-hejda-konssorterande-fosterdiagnostik\\\/#breadcrumb\",\"itemListElement\":[{\"@type\":\"ListItem\",\"position\":1,\"name\":\"Hem\",\"item\":\"https:\\\/\\\/wp.kristdemokraterna.se\\\/vasternorrland\\\/\"},{\"@type\":\"ListItem\",\"position\":2,\"name\":\"Interpellation: Kan du hejda k\u00f6nssorterande fosterdiagnostik?\"}]},{\"@type\":\"WebSite\",\"@id\":\"https:\\\/\\\/wp.kristdemokraterna.se\\\/vasternorrland\\\/#website\",\"url\":\"https:\\\/\\\/wp.kristdemokraterna.se\\\/vasternorrland\\\/\",\"name\":\"KD V\u00e4sternorrland\",\"description\":\"V\u00e5rda v\u00e5rden - utveckla prim\u00e4rv\u00e5rden\",\"inLanguage\":\"sv-SE\"},{\"@type\":\"Person\",\"@id\":\"https:\\\/\\\/wp.kristdemokraterna.se\\\/vasternorrland\\\/#\\\/schema\\\/person\\\/49784c93d3806490fb376f5a3b3dd4cd\",\"name\":\"timra\",\"image\":{\"@type\":\"ImageObject\",\"inLanguage\":\"sv-SE\",\"@id\":\"https:\\\/\\\/secure.gravatar.com\\\/avatar\\\/2d9a04bf0b09a2c8909797508e81e5c3faf9a9ba8962c579b9100cffe14b6f7b?s=96&r=g\",\"url\":\"https:\\\/\\\/secure.gravatar.com\\\/avatar\\\/2d9a04bf0b09a2c8909797508e81e5c3faf9a9ba8962c579b9100cffe14b6f7b?s=96&r=g\",\"contentUrl\":\"https:\\\/\\\/secure.gravatar.com\\\/avatar\\\/2d9a04bf0b09a2c8909797508e81e5c3faf9a9ba8962c579b9100cffe14b6f7b?s=96&r=g\",\"caption\":\"timra\"},\"url\":\"https:\\\/\\\/wp.kristdemokraterna.se\\\/vasternorrland\\\/author\\\/timra\\\/\"}]}<\/script>\n<!-- \/ Yoast SEO plugin. -->","yoast_head_json":{"title":"Interpellation: Kan du hejda k\u00f6nssorterande fosterdiagnostik? | KD V\u00e4sternorrland","robots":{"index":"index","follow":"follow","max-snippet":"max-snippet:-1","max-image-preview":"max-image-preview:large","max-video-preview":"max-video-preview:-1"},"canonical":"https:\/\/wp.kristdemokraterna.se\/vasternorrland\/interpellation-kan-du-hejda-konssorterande-fosterdiagnostik\/","og_locale":"sv_SE","og_type":"article","og_title":"Interpellation: Kan du hejda k\u00f6nssorterande fosterdiagnostik? | KD V\u00e4sternorrland","og_description":"Nu b\u00f6rjar de negativa effekterna av fosterdiagnostik bli alltmer p\u00e5tagliga inom v\u00e5rden. Enligt \u00f6verl\u00e4karen vid \u00d6stra sjukhuset i G\u00f6teborg, Jan Wahlstr\u00f6m, finns det misstankar om att information om k\u00f6n efter fosterdiagnostik lett till abort \u00e4ven i v\u00e5rt land. Det finns sedan tidigare uppgifter om s\u00e5dana effekter efter fosterdiagnostik fr\u00e5n bl a Indien och Kina. F\u00f6r Read More","og_url":"https:\/\/wp.kristdemokraterna.se\/vasternorrland\/interpellation-kan-du-hejda-konssorterande-fosterdiagnostik\/","og_site_name":"KD V\u00e4sternorrland","article_publisher":"https:\/\/www.facebook.com\/kdrvn\/","article_published_time":"1990-01-18T18:48:22+00:00","article_modified_time":"2019-04-16T12:25:23+00:00","author":"timra","twitter_card":"summary_large_image","twitter_misc":{"Skriven av":"timra","Ber\u00e4knad l\u00e4stid":"2 minuter"},"schema":{"@context":"https:\/\/schema.org","@graph":[{"@type":"Article","@id":"https:\/\/wp.kristdemokraterna.se\/vasternorrland\/interpellation-kan-du-hejda-konssorterande-fosterdiagnostik\/#article","isPartOf":{"@id":"https:\/\/wp.kristdemokraterna.se\/vasternorrland\/interpellation-kan-du-hejda-konssorterande-fosterdiagnostik\/"},"author":{"name":"timra","@id":"https:\/\/wp.kristdemokraterna.se\/vasternorrland\/#\/schema\/person\/49784c93d3806490fb376f5a3b3dd4cd"},"headline":"Interpellation: Kan du hejda k\u00f6nssorterande fosterdiagnostik?","datePublished":"1990-01-18T18:48:22+00:00","dateModified":"2019-04-16T12:25:23+00:00","mainEntityOfPage":{"@id":"https:\/\/wp.kristdemokraterna.se\/vasternorrland\/interpellation-kan-du-hejda-konssorterande-fosterdiagnostik\/"},"wordCount":355,"keywords":["abort","alla inl\u00e4gg","fosterdiagnostik","interpellation","k\u00f6n","kromosomfel","m\u00e4nniskov\u00e4rde","specialistv\u00e5rd","Sverker \u00c5gren"],"articleSection":["Specialistv\u00e5rd"],"inLanguage":"sv-SE"},{"@type":"WebPage","@id":"https:\/\/wp.kristdemokraterna.se\/vasternorrland\/interpellation-kan-du-hejda-konssorterande-fosterdiagnostik\/","url":"https:\/\/wp.kristdemokraterna.se\/vasternorrland\/interpellation-kan-du-hejda-konssorterande-fosterdiagnostik\/","name":"Interpellation: Kan du hejda k\u00f6nssorterande fosterdiagnostik? | KD V\u00e4sternorrland","isPartOf":{"@id":"https:\/\/wp.kristdemokraterna.se\/vasternorrland\/#website"},"datePublished":"1990-01-18T18:48:22+00:00","dateModified":"2019-04-16T12:25:23+00:00","author":{"@id":"https:\/\/wp.kristdemokraterna.se\/vasternorrland\/#\/schema\/person\/49784c93d3806490fb376f5a3b3dd4cd"},"breadcrumb":{"@id":"https:\/\/wp.kristdemokraterna.se\/vasternorrland\/interpellation-kan-du-hejda-konssorterande-fosterdiagnostik\/#breadcrumb"},"inLanguage":"sv-SE","potentialAction":[{"@type":"ReadAction","target":["https:\/\/wp.kristdemokraterna.se\/vasternorrland\/interpellation-kan-du-hejda-konssorterande-fosterdiagnostik\/"]}]},{"@type":"BreadcrumbList","@id":"https:\/\/wp.kristdemokraterna.se\/vasternorrland\/interpellation-kan-du-hejda-konssorterande-fosterdiagnostik\/#breadcrumb","itemListElement":[{"@type":"ListItem","position":1,"name":"Hem","item":"https:\/\/wp.kristdemokraterna.se\/vasternorrland\/"},{"@type":"ListItem","position":2,"name":"Interpellation: Kan du hejda k\u00f6nssorterande fosterdiagnostik?"}]},{"@type":"WebSite","@id":"https:\/\/wp.kristdemokraterna.se\/vasternorrland\/#website","url":"https:\/\/wp.kristdemokraterna.se\/vasternorrland\/","name":"KD V\u00e4sternorrland","description":"V\u00e5rda v\u00e5rden - utveckla prim\u00e4rv\u00e5rden","inLanguage":"sv-SE"},{"@type":"Person","@id":"https:\/\/wp.kristdemokraterna.se\/vasternorrland\/#\/schema\/person\/49784c93d3806490fb376f5a3b3dd4cd","name":"timra","image":{"@type":"ImageObject","inLanguage":"sv-SE","@id":"https:\/\/secure.gravatar.com\/avatar\/2d9a04bf0b09a2c8909797508e81e5c3faf9a9ba8962c579b9100cffe14b6f7b?s=96&r=g","url":"https:\/\/secure.gravatar.com\/avatar\/2d9a04bf0b09a2c8909797508e81e5c3faf9a9ba8962c579b9100cffe14b6f7b?s=96&r=g","contentUrl":"https:\/\/secure.gravatar.com\/avatar\/2d9a04bf0b09a2c8909797508e81e5c3faf9a9ba8962c579b9100cffe14b6f7b?s=96&r=g","caption":"timra"},"url":"https:\/\/wp.kristdemokraterna.se\/vasternorrland\/author\/timra\/"}]}},"_links":{"self":[{"href":"https:\/\/wp.kristdemokraterna.se\/vasternorrland\/wp-json\/wp\/v2\/posts\/126950","targetHints":{"allow":["GET"]}}],"collection":[{"href":"https:\/\/wp.kristdemokraterna.se\/vasternorrland\/wp-json\/wp\/v2\/posts"}],"about":[{"href":"https:\/\/wp.kristdemokraterna.se\/vasternorrland\/wp-json\/wp\/v2\/types\/post"}],"author":[{"embeddable":true,"href":"https:\/\/wp.kristdemokraterna.se\/vasternorrland\/wp-json\/wp\/v2\/users\/787"}],"replies":[{"embeddable":true,"href":"https:\/\/wp.kristdemokraterna.se\/vasternorrland\/wp-json\/wp\/v2\/comments?post=126950"}],"version-history":[{"count":3,"href":"https:\/\/wp.kristdemokraterna.se\/vasternorrland\/wp-json\/wp\/v2\/posts\/126950\/revisions"}],"predecessor-version":[{"id":183095,"href":"https:\/\/wp.kristdemokraterna.se\/vasternorrland\/wp-json\/wp\/v2\/posts\/126950\/revisions\/183095"}],"wp:attachment":[{"href":"https:\/\/wp.kristdemokraterna.se\/vasternorrland\/wp-json\/wp\/v2\/media?parent=126950"}],"wp:term":[{"taxonomy":"category","embeddable":true,"href":"https:\/\/wp.kristdemokraterna.se\/vasternorrland\/wp-json\/wp\/v2\/categories?post=126950"},{"taxonomy":"post_tag","embeddable":true,"href":"https:\/\/wp.kristdemokraterna.se\/vasternorrland\/wp-json\/wp\/v2\/tags?post=126950"}],"curies":[{"name":"wp","href":"https:\/\/api.w.org\/{rel}","templated":true}]}}