{"id":127396,"date":"2007-03-13T14:32:23","date_gmt":"2007-03-13T13:32:23","guid":{"rendered":"http:\/\/wp.kristdemokraterna.se\/vasternorrland\/?p=127396"},"modified":"2020-05-15T18:00:29","modified_gmt":"2020-05-15T16:00:29","slug":"motion-tillgangligare-tandvard-for-alla","status":"publish","type":"post","link":"https:\/\/wp.kristdemokraterna.se\/vasternorrland\/motion-tillgangligare-tandvard-for-alla\/","title":{"rendered":"Motion: Tillg\u00e4ngligare tandv\u00e5rd f\u00f6r alla!"},"content":{"rendered":"<p>Tandsk\u00f6terskornas kunskap anv\u00e4nds inte till patienterna i full utstr\u00e4ckning. Det \u00e4r ett resurssl\u00f6seri av stora m\u00e5tt att inte utnyttja dem. De utg\u00f6r en etablerad personalgrupp som har beh\u00f6righet i profylax, rtg och \u00e4ven n\u00e5gra i anestesi. D\u00e4r vi ocks\u00e5 kan ha ambitioner att bygga p\u00e5 med en sex m\u00e5naders utbildning som arbetar i f\u00f6rebyggande syfte och kompletterar tandhygienisterna.<\/p>\n<p>Som det \u00e4r idag ligger utbildningsplatserna l\u00e5ngt fr\u00e5n hemorten f\u00f6r oss som bor i V\u00e4sternorrland, d\u00e5 m\u00e5nga drar sig f\u00f6r att vidareutbilda sig.<\/p>\n<p>Med tanke p\u00e5 den kommande pensioneringen av b\u00e5de tandl\u00e4kare och sk\u00f6terskor s\u00e5 beh\u00f6vs det fler i tandv\u00e5rden och det snart!<\/p>\n<p>V\u00e4sternorrlands l\u00e4ns landsting b\u00f6r som f\u00f6rsta landsting i landet med kraft ta initativet att aktivt driva fr\u00e5gan politiskt (med Socialstyrelsen) och verka f\u00f6r att utnyttja m\u00f6jligheten som Delegerad Hygiensk\u00f6terska erbjuder.<\/p>\n<p>Mot bakgrund av ovanst\u00e5ende yrkas:<\/p>\n<ul>\n<li>att landstinget utreder hur tandsk\u00f6terskan kan nyttjas i v\u00e5rden f\u00f6r att uppn\u00e5 en f\u00f6rb\u00e4ttrad tillg\u00e4nglighet och kvalitet hos patienterna i enlighet med motionens intentioner.<\/li>\n<\/ul>\n<p>Mona Hammarstedt<br \/>\nKristdemokraterna<\/p>\n<hr \/>\n<p><a href=\"http:\/\/wp.kristdemokraterna.se\/vasternorrland\/var-politik\/politikomraden\/personal\/\">Personal<\/a> \u00b7 <a href=\"http:\/\/wp.kristdemokraterna.se\/vasternorrland\/var-politik\/politikomraden\/tandvard\/\">Tandv\u00e5rd<\/a> | <a href=\"http:\/\/wp.kristdemokraterna.se\/vasternorrland\/etiketter\/kompetens\/\">kompetens<\/a> \u00b7 <a href=\"http:\/\/wp.kristdemokraterna.se\/vasternorrland\/etiketter\/profylaxskoterska\/\">profylaxsk\u00f6terska<a href=\"http:\/\/wp.kristdemokraterna.se\/vasternorrland\/etiketter\/tandskoterska\/\">tandsk\u00f6terska<\/a> \u00b7 <a href=\"http:\/\/wp.kristdemokraterna.se\/vasternorrland\/etiketter\/utbildning\/\">utbildning<\/a> \u00b7 <a href=\"http:\/\/wp.kristdemokraterna.se\/vasternorrland\/etiketter\/mona-hammarstedt\/\">Mona Hammarstedt<\/a><\/p>\n","protected":false},"excerpt":{"rendered":"<p>Tandsk\u00f6terskornas kunskap anv\u00e4nds inte till patienterna i full utstr\u00e4ckning. Det \u00e4r ett resurssl\u00f6seri av stora m\u00e5tt att inte utnyttja dem. De utg\u00f6r en etablerad personalgrupp som har beh\u00f6righet i profylax, rtg och \u00e4ven n\u00e5gra i anestesi. D\u00e4r vi ocks\u00e5 kan ha ambitioner att bygga p\u00e5 med en sex m\u00e5naders utbildning som arbetar i f\u00f6rebyggande syfte <a class=\"read-more-link\" href=\"https:\/\/wp.kristdemokraterna.se\/vasternorrland\/motion-tillgangligare-tandvard-for-alla\/\">Read More<\/a><\/p>\n","protected":false},"author":787,"featured_media":0,"comment_status":"closed","ping_status":"closed","sticky":false,"template":"","format":"standard","meta":{"_acf_changed":false,"footnotes":""},"categories":[821,727,110,99],"tags":[543,822,16,98,679,678,298,210,115],"class_list":["post-127396","post","type-post","status-publish","format-standard","hentry","category-kompetens","category-nyheter","category-personal","category-tandvard","tag-alla-inlagg","tag-kompetens","tag-mona-hammarstedt","tag-personal","tag-profylaxskoterska","tag-tandlakare","tag-tandskoterska","tag-tandvard","tag-utbildning"],"acf":[],"yoast_head":"<!-- This site is optimized with the Yoast SEO plugin v27.5 - https:\/\/yoast.com\/product\/yoast-seo-wordpress\/ -->\n<title>Motion: Tillg\u00e4ngligare tandv\u00e5rd f\u00f6r alla! | KD V\u00e4sternorrland<\/title>\n<meta name=\"robots\" content=\"index, follow, max-snippet:-1, max-image-preview:large, max-video-preview:-1\" \/>\n<link rel=\"canonical\" href=\"https:\/\/wp.kristdemokraterna.se\/vasternorrland\/motion-tillgangligare-tandvard-for-alla\/\" \/>\n<meta property=\"og:locale\" content=\"sv_SE\" \/>\n<meta property=\"og:type\" content=\"article\" \/>\n<meta property=\"og:title\" content=\"Motion: Tillg\u00e4ngligare tandv\u00e5rd f\u00f6r alla! | KD V\u00e4sternorrland\" \/>\n<meta property=\"og:description\" content=\"Tandsk\u00f6terskornas kunskap anv\u00e4nds inte till patienterna i full utstr\u00e4ckning. Det \u00e4r ett resurssl\u00f6seri av stora m\u00e5tt att inte utnyttja dem. De utg\u00f6r en etablerad personalgrupp som har beh\u00f6righet i profylax, rtg och \u00e4ven n\u00e5gra i anestesi. D\u00e4r vi ocks\u00e5 kan ha ambitioner att bygga p\u00e5 med en sex m\u00e5naders utbildning som arbetar i f\u00f6rebyggande syfte Read More\" \/>\n<meta property=\"og:url\" content=\"https:\/\/wp.kristdemokraterna.se\/vasternorrland\/motion-tillgangligare-tandvard-for-alla\/\" \/>\n<meta property=\"og:site_name\" content=\"KD V\u00e4sternorrland\" \/>\n<meta property=\"article:publisher\" content=\"https:\/\/www.facebook.com\/kdrvn\/\" \/>\n<meta property=\"article:published_time\" content=\"2007-03-13T13:32:23+00:00\" \/>\n<meta property=\"article:modified_time\" content=\"2020-05-15T16:00:29+00:00\" \/>\n<meta name=\"author\" content=\"timra\" \/>\n<meta name=\"twitter:card\" content=\"summary_large_image\" \/>\n<meta name=\"twitter:label1\" content=\"Skriven av\" \/>\n\t<meta name=\"twitter:data1\" content=\"timra\" \/>\n\t<meta name=\"twitter:label2\" content=\"Ber\u00e4knad l\u00e4stid\" \/>\n\t<meta name=\"twitter:data2\" content=\"1 minut\" \/>\n<script type=\"application\/ld+json\" class=\"yoast-schema-graph\">{\"@context\":\"https:\\\/\\\/schema.org\",\"@graph\":[{\"@type\":\"Article\",\"@id\":\"https:\\\/\\\/wp.kristdemokraterna.se\\\/vasternorrland\\\/motion-tillgangligare-tandvard-for-alla\\\/#article\",\"isPartOf\":{\"@id\":\"https:\\\/\\\/wp.kristdemokraterna.se\\\/vasternorrland\\\/motion-tillgangligare-tandvard-for-alla\\\/\"},\"author\":{\"name\":\"timra\",\"@id\":\"https:\\\/\\\/wp.kristdemokraterna.se\\\/vasternorrland\\\/#\\\/schema\\\/person\\\/49784c93d3806490fb376f5a3b3dd4cd\"},\"headline\":\"Motion: Tillg\u00e4ngligare tandv\u00e5rd f\u00f6r alla!\",\"datePublished\":\"2007-03-13T13:32:23+00:00\",\"dateModified\":\"2020-05-15T16:00:29+00:00\",\"mainEntityOfPage\":{\"@id\":\"https:\\\/\\\/wp.kristdemokraterna.se\\\/vasternorrland\\\/motion-tillgangligare-tandvard-for-alla\\\/\"},\"wordCount\":218,\"keywords\":[\"alla inl\u00e4gg\",\"kompetens\",\"Mona Hammarstedt\",\"personal\",\"profylaxsk\u00f6terska\",\"tandl\u00e4kare\",\"tandsk\u00f6terska\",\"tandv\u00e5rd\",\"utbildning\"],\"articleSection\":[\"Kompetens\",\"Nyheter\",\"Personal\",\"Tandv\u00e5rd\"],\"inLanguage\":\"sv-SE\"},{\"@type\":\"WebPage\",\"@id\":\"https:\\\/\\\/wp.kristdemokraterna.se\\\/vasternorrland\\\/motion-tillgangligare-tandvard-for-alla\\\/\",\"url\":\"https:\\\/\\\/wp.kristdemokraterna.se\\\/vasternorrland\\\/motion-tillgangligare-tandvard-for-alla\\\/\",\"name\":\"Motion: Tillg\u00e4ngligare tandv\u00e5rd f\u00f6r alla! | KD V\u00e4sternorrland\",\"isPartOf\":{\"@id\":\"https:\\\/\\\/wp.kristdemokraterna.se\\\/vasternorrland\\\/#website\"},\"datePublished\":\"2007-03-13T13:32:23+00:00\",\"dateModified\":\"2020-05-15T16:00:29+00:00\",\"author\":{\"@id\":\"https:\\\/\\\/wp.kristdemokraterna.se\\\/vasternorrland\\\/#\\\/schema\\\/person\\\/49784c93d3806490fb376f5a3b3dd4cd\"},\"breadcrumb\":{\"@id\":\"https:\\\/\\\/wp.kristdemokraterna.se\\\/vasternorrland\\\/motion-tillgangligare-tandvard-for-alla\\\/#breadcrumb\"},\"inLanguage\":\"sv-SE\",\"potentialAction\":[{\"@type\":\"ReadAction\",\"target\":[\"https:\\\/\\\/wp.kristdemokraterna.se\\\/vasternorrland\\\/motion-tillgangligare-tandvard-for-alla\\\/\"]}]},{\"@type\":\"BreadcrumbList\",\"@id\":\"https:\\\/\\\/wp.kristdemokraterna.se\\\/vasternorrland\\\/motion-tillgangligare-tandvard-for-alla\\\/#breadcrumb\",\"itemListElement\":[{\"@type\":\"ListItem\",\"position\":1,\"name\":\"Hem\",\"item\":\"https:\\\/\\\/wp.kristdemokraterna.se\\\/vasternorrland\\\/\"},{\"@type\":\"ListItem\",\"position\":2,\"name\":\"Motion: Tillg\u00e4ngligare tandv\u00e5rd f\u00f6r alla!\"}]},{\"@type\":\"WebSite\",\"@id\":\"https:\\\/\\\/wp.kristdemokraterna.se\\\/vasternorrland\\\/#website\",\"url\":\"https:\\\/\\\/wp.kristdemokraterna.se\\\/vasternorrland\\\/\",\"name\":\"KD V\u00e4sternorrland\",\"description\":\"V\u00e5rda v\u00e5rden - utveckla prim\u00e4rv\u00e5rden\",\"inLanguage\":\"sv-SE\"},{\"@type\":\"Person\",\"@id\":\"https:\\\/\\\/wp.kristdemokraterna.se\\\/vasternorrland\\\/#\\\/schema\\\/person\\\/49784c93d3806490fb376f5a3b3dd4cd\",\"name\":\"timra\",\"image\":{\"@type\":\"ImageObject\",\"inLanguage\":\"sv-SE\",\"@id\":\"https:\\\/\\\/secure.gravatar.com\\\/avatar\\\/2d9a04bf0b09a2c8909797508e81e5c3faf9a9ba8962c579b9100cffe14b6f7b?s=96&r=g\",\"url\":\"https:\\\/\\\/secure.gravatar.com\\\/avatar\\\/2d9a04bf0b09a2c8909797508e81e5c3faf9a9ba8962c579b9100cffe14b6f7b?s=96&r=g\",\"contentUrl\":\"https:\\\/\\\/secure.gravatar.com\\\/avatar\\\/2d9a04bf0b09a2c8909797508e81e5c3faf9a9ba8962c579b9100cffe14b6f7b?s=96&r=g\",\"caption\":\"timra\"},\"url\":\"https:\\\/\\\/wp.kristdemokraterna.se\\\/vasternorrland\\\/author\\\/timra\\\/\"}]}<\/script>\n<!-- \/ Yoast SEO plugin. -->","yoast_head_json":{"title":"Motion: Tillg\u00e4ngligare tandv\u00e5rd f\u00f6r alla! | KD V\u00e4sternorrland","robots":{"index":"index","follow":"follow","max-snippet":"max-snippet:-1","max-image-preview":"max-image-preview:large","max-video-preview":"max-video-preview:-1"},"canonical":"https:\/\/wp.kristdemokraterna.se\/vasternorrland\/motion-tillgangligare-tandvard-for-alla\/","og_locale":"sv_SE","og_type":"article","og_title":"Motion: Tillg\u00e4ngligare tandv\u00e5rd f\u00f6r alla! | KD V\u00e4sternorrland","og_description":"Tandsk\u00f6terskornas kunskap anv\u00e4nds inte till patienterna i full utstr\u00e4ckning. Det \u00e4r ett resurssl\u00f6seri av stora m\u00e5tt att inte utnyttja dem. De utg\u00f6r en etablerad personalgrupp som har beh\u00f6righet i profylax, rtg och \u00e4ven n\u00e5gra i anestesi. D\u00e4r vi ocks\u00e5 kan ha ambitioner att bygga p\u00e5 med en sex m\u00e5naders utbildning som arbetar i f\u00f6rebyggande syfte Read More","og_url":"https:\/\/wp.kristdemokraterna.se\/vasternorrland\/motion-tillgangligare-tandvard-for-alla\/","og_site_name":"KD V\u00e4sternorrland","article_publisher":"https:\/\/www.facebook.com\/kdrvn\/","article_published_time":"2007-03-13T13:32:23+00:00","article_modified_time":"2020-05-15T16:00:29+00:00","author":"timra","twitter_card":"summary_large_image","twitter_misc":{"Skriven av":"timra","Ber\u00e4knad l\u00e4stid":"1 minut"},"schema":{"@context":"https:\/\/schema.org","@graph":[{"@type":"Article","@id":"https:\/\/wp.kristdemokraterna.se\/vasternorrland\/motion-tillgangligare-tandvard-for-alla\/#article","isPartOf":{"@id":"https:\/\/wp.kristdemokraterna.se\/vasternorrland\/motion-tillgangligare-tandvard-for-alla\/"},"author":{"name":"timra","@id":"https:\/\/wp.kristdemokraterna.se\/vasternorrland\/#\/schema\/person\/49784c93d3806490fb376f5a3b3dd4cd"},"headline":"Motion: Tillg\u00e4ngligare tandv\u00e5rd f\u00f6r alla!","datePublished":"2007-03-13T13:32:23+00:00","dateModified":"2020-05-15T16:00:29+00:00","mainEntityOfPage":{"@id":"https:\/\/wp.kristdemokraterna.se\/vasternorrland\/motion-tillgangligare-tandvard-for-alla\/"},"wordCount":218,"keywords":["alla inl\u00e4gg","kompetens","Mona Hammarstedt","personal","profylaxsk\u00f6terska","tandl\u00e4kare","tandsk\u00f6terska","tandv\u00e5rd","utbildning"],"articleSection":["Kompetens","Nyheter","Personal","Tandv\u00e5rd"],"inLanguage":"sv-SE"},{"@type":"WebPage","@id":"https:\/\/wp.kristdemokraterna.se\/vasternorrland\/motion-tillgangligare-tandvard-for-alla\/","url":"https:\/\/wp.kristdemokraterna.se\/vasternorrland\/motion-tillgangligare-tandvard-for-alla\/","name":"Motion: Tillg\u00e4ngligare tandv\u00e5rd f\u00f6r alla! | KD V\u00e4sternorrland","isPartOf":{"@id":"https:\/\/wp.kristdemokraterna.se\/vasternorrland\/#website"},"datePublished":"2007-03-13T13:32:23+00:00","dateModified":"2020-05-15T16:00:29+00:00","author":{"@id":"https:\/\/wp.kristdemokraterna.se\/vasternorrland\/#\/schema\/person\/49784c93d3806490fb376f5a3b3dd4cd"},"breadcrumb":{"@id":"https:\/\/wp.kristdemokraterna.se\/vasternorrland\/motion-tillgangligare-tandvard-for-alla\/#breadcrumb"},"inLanguage":"sv-SE","potentialAction":[{"@type":"ReadAction","target":["https:\/\/wp.kristdemokraterna.se\/vasternorrland\/motion-tillgangligare-tandvard-for-alla\/"]}]},{"@type":"BreadcrumbList","@id":"https:\/\/wp.kristdemokraterna.se\/vasternorrland\/motion-tillgangligare-tandvard-for-alla\/#breadcrumb","itemListElement":[{"@type":"ListItem","position":1,"name":"Hem","item":"https:\/\/wp.kristdemokraterna.se\/vasternorrland\/"},{"@type":"ListItem","position":2,"name":"Motion: Tillg\u00e4ngligare tandv\u00e5rd f\u00f6r alla!"}]},{"@type":"WebSite","@id":"https:\/\/wp.kristdemokraterna.se\/vasternorrland\/#website","url":"https:\/\/wp.kristdemokraterna.se\/vasternorrland\/","name":"KD V\u00e4sternorrland","description":"V\u00e5rda v\u00e5rden - utveckla prim\u00e4rv\u00e5rden","inLanguage":"sv-SE"},{"@type":"Person","@id":"https:\/\/wp.kristdemokraterna.se\/vasternorrland\/#\/schema\/person\/49784c93d3806490fb376f5a3b3dd4cd","name":"timra","image":{"@type":"ImageObject","inLanguage":"sv-SE","@id":"https:\/\/secure.gravatar.com\/avatar\/2d9a04bf0b09a2c8909797508e81e5c3faf9a9ba8962c579b9100cffe14b6f7b?s=96&r=g","url":"https:\/\/secure.gravatar.com\/avatar\/2d9a04bf0b09a2c8909797508e81e5c3faf9a9ba8962c579b9100cffe14b6f7b?s=96&r=g","contentUrl":"https:\/\/secure.gravatar.com\/avatar\/2d9a04bf0b09a2c8909797508e81e5c3faf9a9ba8962c579b9100cffe14b6f7b?s=96&r=g","caption":"timra"},"url":"https:\/\/wp.kristdemokraterna.se\/vasternorrland\/author\/timra\/"}]}},"_links":{"self":[{"href":"https:\/\/wp.kristdemokraterna.se\/vasternorrland\/wp-json\/wp\/v2\/posts\/127396","targetHints":{"allow":["GET"]}}],"collection":[{"href":"https:\/\/wp.kristdemokraterna.se\/vasternorrland\/wp-json\/wp\/v2\/posts"}],"about":[{"href":"https:\/\/wp.kristdemokraterna.se\/vasternorrland\/wp-json\/wp\/v2\/types\/post"}],"author":[{"embeddable":true,"href":"https:\/\/wp.kristdemokraterna.se\/vasternorrland\/wp-json\/wp\/v2\/users\/787"}],"replies":[{"embeddable":true,"href":"https:\/\/wp.kristdemokraterna.se\/vasternorrland\/wp-json\/wp\/v2\/comments?post=127396"}],"version-history":[{"count":6,"href":"https:\/\/wp.kristdemokraterna.se\/vasternorrland\/wp-json\/wp\/v2\/posts\/127396\/revisions"}],"predecessor-version":[{"id":279442,"href":"https:\/\/wp.kristdemokraterna.se\/vasternorrland\/wp-json\/wp\/v2\/posts\/127396\/revisions\/279442"}],"wp:attachment":[{"href":"https:\/\/wp.kristdemokraterna.se\/vasternorrland\/wp-json\/wp\/v2\/media?parent=127396"}],"wp:term":[{"taxonomy":"category","embeddable":true,"href":"https:\/\/wp.kristdemokraterna.se\/vasternorrland\/wp-json\/wp\/v2\/categories?post=127396"},{"taxonomy":"post_tag","embeddable":true,"href":"https:\/\/wp.kristdemokraterna.se\/vasternorrland\/wp-json\/wp\/v2\/tags?post=127396"}],"curies":[{"name":"wp","href":"https:\/\/api.w.org\/{rel}","templated":true}]}}