{"id":138498,"date":"2005-06-16T17:21:53","date_gmt":"2005-06-16T15:21:53","guid":{"rendered":"http:\/\/wp.kristdemokraterna.se\/vasternorrland\/?p=138498"},"modified":"2019-04-16T13:16:59","modified_gmt":"2019-04-16T11:16:59","slug":"svar-pa-interpellation-om-300-kr-i-besoksavgift-i-psykiatrin-for-unga-vuxna","status":"publish","type":"post","link":"https:\/\/wp.kristdemokraterna.se\/vasternorrland\/svar-pa-interpellation-om-300-kr-i-besoksavgift-i-psykiatrin-for-unga-vuxna\/","title":{"rendered":"Svar p\u00e5 interpellation om 300 kr i bes\u00f6ksavgift i psykiatrin f\u00f6r unga vuxna"},"content":{"rendered":"<p>Lennart Johansson, ledamot i h\u00e4lso- och sjukv\u00e5rdsdelegationen l\u00e4mnade f\u00f6ljande svar p\u00e5 Sverker \u00c5grens interpellation om 300 kr i bes\u00f6ksavgift i psykiatrin f\u00f6r unga vuxna \u00e4r ett hiinder f\u00f6r v\u00e5rd och behandling:<\/p>\n<h2>1. \u00c4r 300 kronor en \u00e4ndam\u00e5lsenlig niv\u00e5 f\u00f6r bes\u00f6ksavgift f\u00f6r unga vuxna i behov av specialistkontakt inom psykiatrin?<\/h2>\n<p>Att h\u00f6ga bes\u00f6ksavgifter eller avgifter \u00f6ver huvudtaget, kan leda till att man avst\u00e5r fr\u00e5n behandling, kan g\u00e4lla alla typer av behandling oavsett \u00e5lder. Det \u00e4r sk\u00e4let till att viss behandling \u00e4r kostnadsfri eller starkt subventionerad, vilket framg\u00e5r av interpellationen.<\/p>\n<p>Chefs\u00f6verl\u00e4kare\/motsvarande kan med st\u00f6d av h\u00e4lso-\u00a0 och sjukv\u00e5rdsdelegationens (HSD) beslut fr\u00e5n den 30 maj 1996, \u00a7 59, om f\u00f6r\u00e4ndring av patientavgifter i \u00f6ppen h\u00e4lso- och sjukv\u00e5rd, sj\u00e4lv besluta att vissa patienter befrias fr\u00e5n patientavgift. I beslutets bilaga 12 f\u00f6rtydligas att landstinget har beslutat att vissa behandlingar ska vara avgiftsfria f\u00f6r patienten. D\u00e4r ing\u00e5r vissa behandlingar inom den psykiatriska v\u00e5rden och detta oavsett \u00e5lder.<\/p>\n<p>F\u00f6r gruppen unga vuxna, som interpellationen tar upp, finns m\u00f6jligheten att s\u00f6ka ungdomsmottagningarna gratis. Den \u00f6vre \u00e5ldergr\u00e4nsen varierar dock mellan kommunerna i V\u00e4sternorrland, vilket i sig \u00e4r v\u00e4rt att fundera \u00f6ver. V\u00e4l medveten om att ungdomsmottagningarna inte ger specialistv\u00e5rd, \u00e4r dessa mottagningar ett tillg\u00e4ngligt och bra alternativ om man tvekar inf\u00f6r specialistpsykiatrin, \u00e4ven av andra sk\u00e4l \u00e4n avgiften.<\/p>\n<h2>2. Finns tillf\u00f6rlitliga unders\u00f6kningar som visar att nuvarande avgifter inte hindrar unga vuxna att f\u00e5 den behandling inom psykiatrin som de beh\u00f6ver?<\/h2>\n<p>Nej, det finns inga tillf\u00f6rlitliga unders\u00f6kningar om detta.<\/p>\n<h2>3. \u00c4r nuvarande niv\u00e5 p\u00e5 bes\u00f6ksavgiften f\u00f6r unga vuxna 20-25 \u00e5r i psykiatrisk v\u00e5rd en v\u00e4l avv\u00e4gd niv\u00e5 med tanke p\u00e5 landstingets prioritering av psykiatrin?<\/h2>\n<p>Med h\u00e4nvisning till svaret p\u00e5 fr\u00e5ga 1, om m\u00f6jlighet till avgiftsbefrielse och alternativa m\u00f6jligheter till st\u00f6d, menar jag att detta ger uttryck f\u00f6r en prioritering av den grupp unga vuxna som \u00e4r i behov av st\u00f6d\/behandling.<\/p>\n<p>H\u00e4rn\u00f6sand den 16 juni 2005<\/p>\n<p>Lennart Johansson<br \/>\nLedamot i h\u00e4lso- och sjukv\u00e5rdsdelegationen<\/p>\n<hr \/>\n<p>Sverker \u00c5gren tackade f\u00f6r svaret.<\/p>\n<p>I detta \u00e4rende yttrade sig \u00e4ven Eva Go\u00ebs, Anders Kempe och Yngve Nilsson.<\/p>\n<hr \/>\n<p><a href=\"http:\/\/wp.kristdemokraterna.se\/vasternorrland\/var-politik\/politikomraden\/psykiatri\/\">Psykiatri<\/a> | <a href=\"http:\/\/wp.kristdemokraterna.se\/vasternorrland\/etiketter\/interpellationssvar\/\">interpellationssvar<\/a> \u00b7 <a href=\"http:\/\/wp.kristdemokraterna.se\/vasternorrland\/etiketter\/sverker-agren\/\">Sverker \u00c5gren<\/a> \u00b7 <a href=\"http:\/\/wp.kristdemokraterna.se\/vasternorrland\/etiketter\/unga-vuxna\/\">unga vuxna<\/a><\/p>\n","protected":false},"excerpt":{"rendered":"<p>Lennart Johansson, ledamot i h\u00e4lso- och sjukv\u00e5rdsdelegationen l\u00e4mnade f\u00f6ljande svar p\u00e5 Sverker \u00c5grens interpellation om 300 kr i bes\u00f6ksavgift i psykiatrin f\u00f6r unga vuxna \u00e4r ett hiinder f\u00f6r v\u00e5rd och behandling: 1. \u00c4r 300 kronor en \u00e4ndam\u00e5lsenlig niv\u00e5 f\u00f6r bes\u00f6ksavgift f\u00f6r unga vuxna i behov av specialistkontakt inom psykiatrin? Att h\u00f6ga bes\u00f6ksavgifter eller avgifter \u00f6ver <a class=\"read-more-link\" href=\"https:\/\/wp.kristdemokraterna.se\/vasternorrland\/svar-pa-interpellation-om-300-kr-i-besoksavgift-i-psykiatrin-for-unga-vuxna\/\">Read More<\/a><\/p>\n","protected":false},"author":787,"featured_media":0,"comment_status":"closed","ping_status":"closed","sticky":false,"template":"","format":"standard","meta":{"_acf_changed":false,"footnotes":""},"categories":[116],"tags":[81,90,368],"class_list":["post-138498","post","type-post","status-publish","format-standard","hentry","category-psykiatri","tag-interpellationssvar","tag-psykiatri","tag-unga-vuxna"],"acf":[],"yoast_head":"<!-- This site is optimized with the Yoast SEO plugin v27.4 - https:\/\/yoast.com\/product\/yoast-seo-wordpress\/ -->\n<title>Svar p\u00e5 interpellation om 300 kr i bes\u00f6ksavgift i psykiatrin f\u00f6r unga vuxna | KD V\u00e4sternorrland<\/title>\n<meta name=\"robots\" content=\"index, follow, max-snippet:-1, max-image-preview:large, max-video-preview:-1\" \/>\n<link rel=\"canonical\" href=\"https:\/\/wp.kristdemokraterna.se\/vasternorrland\/svar-pa-interpellation-om-300-kr-i-besoksavgift-i-psykiatrin-for-unga-vuxna\/\" \/>\n<meta property=\"og:locale\" content=\"sv_SE\" \/>\n<meta property=\"og:type\" content=\"article\" \/>\n<meta property=\"og:title\" content=\"Svar p\u00e5 interpellation om 300 kr i bes\u00f6ksavgift i psykiatrin f\u00f6r unga vuxna | KD V\u00e4sternorrland\" \/>\n<meta property=\"og:description\" content=\"Lennart Johansson, ledamot i h\u00e4lso- och sjukv\u00e5rdsdelegationen l\u00e4mnade f\u00f6ljande svar p\u00e5 Sverker \u00c5grens interpellation om 300 kr i bes\u00f6ksavgift i psykiatrin f\u00f6r unga vuxna \u00e4r ett hiinder f\u00f6r v\u00e5rd och behandling: 1. \u00c4r 300 kronor en \u00e4ndam\u00e5lsenlig niv\u00e5 f\u00f6r bes\u00f6ksavgift f\u00f6r unga vuxna i behov av specialistkontakt inom psykiatrin? Att h\u00f6ga bes\u00f6ksavgifter eller avgifter \u00f6ver Read More\" \/>\n<meta property=\"og:url\" content=\"https:\/\/wp.kristdemokraterna.se\/vasternorrland\/svar-pa-interpellation-om-300-kr-i-besoksavgift-i-psykiatrin-for-unga-vuxna\/\" \/>\n<meta property=\"og:site_name\" content=\"KD V\u00e4sternorrland\" \/>\n<meta property=\"article:publisher\" content=\"https:\/\/www.facebook.com\/kdrvn\/\" \/>\n<meta property=\"article:published_time\" content=\"2005-06-16T15:21:53+00:00\" \/>\n<meta property=\"article:modified_time\" content=\"2019-04-16T11:16:59+00:00\" \/>\n<meta name=\"author\" content=\"timra\" \/>\n<meta name=\"twitter:card\" content=\"summary_large_image\" \/>\n<meta name=\"twitter:label1\" content=\"Skriven av\" \/>\n\t<meta name=\"twitter:data1\" content=\"timra\" \/>\n\t<meta name=\"twitter:label2\" content=\"Ber\u00e4knad l\u00e4stid\" \/>\n\t<meta name=\"twitter:data2\" content=\"2 minuter\" \/>\n<script type=\"application\/ld+json\" class=\"yoast-schema-graph\">{\"@context\":\"https:\\\/\\\/schema.org\",\"@graph\":[{\"@type\":\"Article\",\"@id\":\"https:\\\/\\\/wp.kristdemokraterna.se\\\/vasternorrland\\\/svar-pa-interpellation-om-300-kr-i-besoksavgift-i-psykiatrin-for-unga-vuxna\\\/#article\",\"isPartOf\":{\"@id\":\"https:\\\/\\\/wp.kristdemokraterna.se\\\/vasternorrland\\\/svar-pa-interpellation-om-300-kr-i-besoksavgift-i-psykiatrin-for-unga-vuxna\\\/\"},\"author\":{\"name\":\"timra\",\"@id\":\"https:\\\/\\\/wp.kristdemokraterna.se\\\/vasternorrland\\\/#\\\/schema\\\/person\\\/49784c93d3806490fb376f5a3b3dd4cd\"},\"headline\":\"Svar p\u00e5 interpellation om 300 kr i bes\u00f6ksavgift i psykiatrin f\u00f6r unga vuxna\",\"datePublished\":\"2005-06-16T15:21:53+00:00\",\"dateModified\":\"2019-04-16T11:16:59+00:00\",\"mainEntityOfPage\":{\"@id\":\"https:\\\/\\\/wp.kristdemokraterna.se\\\/vasternorrland\\\/svar-pa-interpellation-om-300-kr-i-besoksavgift-i-psykiatrin-for-unga-vuxna\\\/\"},\"wordCount\":409,\"keywords\":[\"interpellationssvar\",\"psykiatri\",\"unga vuxna\"],\"articleSection\":[\"Vuxenpsykiatri\"],\"inLanguage\":\"sv-SE\"},{\"@type\":\"WebPage\",\"@id\":\"https:\\\/\\\/wp.kristdemokraterna.se\\\/vasternorrland\\\/svar-pa-interpellation-om-300-kr-i-besoksavgift-i-psykiatrin-for-unga-vuxna\\\/\",\"url\":\"https:\\\/\\\/wp.kristdemokraterna.se\\\/vasternorrland\\\/svar-pa-interpellation-om-300-kr-i-besoksavgift-i-psykiatrin-for-unga-vuxna\\\/\",\"name\":\"Svar p\u00e5 interpellation om 300 kr i bes\u00f6ksavgift i psykiatrin f\u00f6r unga vuxna | KD V\u00e4sternorrland\",\"isPartOf\":{\"@id\":\"https:\\\/\\\/wp.kristdemokraterna.se\\\/vasternorrland\\\/#website\"},\"datePublished\":\"2005-06-16T15:21:53+00:00\",\"dateModified\":\"2019-04-16T11:16:59+00:00\",\"author\":{\"@id\":\"https:\\\/\\\/wp.kristdemokraterna.se\\\/vasternorrland\\\/#\\\/schema\\\/person\\\/49784c93d3806490fb376f5a3b3dd4cd\"},\"breadcrumb\":{\"@id\":\"https:\\\/\\\/wp.kristdemokraterna.se\\\/vasternorrland\\\/svar-pa-interpellation-om-300-kr-i-besoksavgift-i-psykiatrin-for-unga-vuxna\\\/#breadcrumb\"},\"inLanguage\":\"sv-SE\",\"potentialAction\":[{\"@type\":\"ReadAction\",\"target\":[\"https:\\\/\\\/wp.kristdemokraterna.se\\\/vasternorrland\\\/svar-pa-interpellation-om-300-kr-i-besoksavgift-i-psykiatrin-for-unga-vuxna\\\/\"]}]},{\"@type\":\"BreadcrumbList\",\"@id\":\"https:\\\/\\\/wp.kristdemokraterna.se\\\/vasternorrland\\\/svar-pa-interpellation-om-300-kr-i-besoksavgift-i-psykiatrin-for-unga-vuxna\\\/#breadcrumb\",\"itemListElement\":[{\"@type\":\"ListItem\",\"position\":1,\"name\":\"Hem\",\"item\":\"https:\\\/\\\/wp.kristdemokraterna.se\\\/vasternorrland\\\/\"},{\"@type\":\"ListItem\",\"position\":2,\"name\":\"Svar p\u00e5 interpellation om 300 kr i bes\u00f6ksavgift i psykiatrin f\u00f6r unga vuxna\"}]},{\"@type\":\"WebSite\",\"@id\":\"https:\\\/\\\/wp.kristdemokraterna.se\\\/vasternorrland\\\/#website\",\"url\":\"https:\\\/\\\/wp.kristdemokraterna.se\\\/vasternorrland\\\/\",\"name\":\"KD V\u00e4sternorrland\",\"description\":\"V\u00e5rda v\u00e5rden - utveckla prim\u00e4rv\u00e5rden\",\"inLanguage\":\"sv-SE\"},{\"@type\":\"Person\",\"@id\":\"https:\\\/\\\/wp.kristdemokraterna.se\\\/vasternorrland\\\/#\\\/schema\\\/person\\\/49784c93d3806490fb376f5a3b3dd4cd\",\"name\":\"timra\",\"image\":{\"@type\":\"ImageObject\",\"inLanguage\":\"sv-SE\",\"@id\":\"https:\\\/\\\/secure.gravatar.com\\\/avatar\\\/2d9a04bf0b09a2c8909797508e81e5c3faf9a9ba8962c579b9100cffe14b6f7b?s=96&r=g\",\"url\":\"https:\\\/\\\/secure.gravatar.com\\\/avatar\\\/2d9a04bf0b09a2c8909797508e81e5c3faf9a9ba8962c579b9100cffe14b6f7b?s=96&r=g\",\"contentUrl\":\"https:\\\/\\\/secure.gravatar.com\\\/avatar\\\/2d9a04bf0b09a2c8909797508e81e5c3faf9a9ba8962c579b9100cffe14b6f7b?s=96&r=g\",\"caption\":\"timra\"},\"url\":\"https:\\\/\\\/wp.kristdemokraterna.se\\\/vasternorrland\\\/author\\\/timra\\\/\"}]}<\/script>\n<!-- \/ Yoast SEO plugin. -->","yoast_head_json":{"title":"Svar p\u00e5 interpellation om 300 kr i bes\u00f6ksavgift i psykiatrin f\u00f6r unga vuxna | KD V\u00e4sternorrland","robots":{"index":"index","follow":"follow","max-snippet":"max-snippet:-1","max-image-preview":"max-image-preview:large","max-video-preview":"max-video-preview:-1"},"canonical":"https:\/\/wp.kristdemokraterna.se\/vasternorrland\/svar-pa-interpellation-om-300-kr-i-besoksavgift-i-psykiatrin-for-unga-vuxna\/","og_locale":"sv_SE","og_type":"article","og_title":"Svar p\u00e5 interpellation om 300 kr i bes\u00f6ksavgift i psykiatrin f\u00f6r unga vuxna | KD V\u00e4sternorrland","og_description":"Lennart Johansson, ledamot i h\u00e4lso- och sjukv\u00e5rdsdelegationen l\u00e4mnade f\u00f6ljande svar p\u00e5 Sverker \u00c5grens interpellation om 300 kr i bes\u00f6ksavgift i psykiatrin f\u00f6r unga vuxna \u00e4r ett hiinder f\u00f6r v\u00e5rd och behandling: 1. \u00c4r 300 kronor en \u00e4ndam\u00e5lsenlig niv\u00e5 f\u00f6r bes\u00f6ksavgift f\u00f6r unga vuxna i behov av specialistkontakt inom psykiatrin? Att h\u00f6ga bes\u00f6ksavgifter eller avgifter \u00f6ver Read More","og_url":"https:\/\/wp.kristdemokraterna.se\/vasternorrland\/svar-pa-interpellation-om-300-kr-i-besoksavgift-i-psykiatrin-for-unga-vuxna\/","og_site_name":"KD V\u00e4sternorrland","article_publisher":"https:\/\/www.facebook.com\/kdrvn\/","article_published_time":"2005-06-16T15:21:53+00:00","article_modified_time":"2019-04-16T11:16:59+00:00","author":"timra","twitter_card":"summary_large_image","twitter_misc":{"Skriven av":"timra","Ber\u00e4knad l\u00e4stid":"2 minuter"},"schema":{"@context":"https:\/\/schema.org","@graph":[{"@type":"Article","@id":"https:\/\/wp.kristdemokraterna.se\/vasternorrland\/svar-pa-interpellation-om-300-kr-i-besoksavgift-i-psykiatrin-for-unga-vuxna\/#article","isPartOf":{"@id":"https:\/\/wp.kristdemokraterna.se\/vasternorrland\/svar-pa-interpellation-om-300-kr-i-besoksavgift-i-psykiatrin-for-unga-vuxna\/"},"author":{"name":"timra","@id":"https:\/\/wp.kristdemokraterna.se\/vasternorrland\/#\/schema\/person\/49784c93d3806490fb376f5a3b3dd4cd"},"headline":"Svar p\u00e5 interpellation om 300 kr i bes\u00f6ksavgift i psykiatrin f\u00f6r unga vuxna","datePublished":"2005-06-16T15:21:53+00:00","dateModified":"2019-04-16T11:16:59+00:00","mainEntityOfPage":{"@id":"https:\/\/wp.kristdemokraterna.se\/vasternorrland\/svar-pa-interpellation-om-300-kr-i-besoksavgift-i-psykiatrin-for-unga-vuxna\/"},"wordCount":409,"keywords":["interpellationssvar","psykiatri","unga vuxna"],"articleSection":["Vuxenpsykiatri"],"inLanguage":"sv-SE"},{"@type":"WebPage","@id":"https:\/\/wp.kristdemokraterna.se\/vasternorrland\/svar-pa-interpellation-om-300-kr-i-besoksavgift-i-psykiatrin-for-unga-vuxna\/","url":"https:\/\/wp.kristdemokraterna.se\/vasternorrland\/svar-pa-interpellation-om-300-kr-i-besoksavgift-i-psykiatrin-for-unga-vuxna\/","name":"Svar p\u00e5 interpellation om 300 kr i bes\u00f6ksavgift i psykiatrin f\u00f6r unga vuxna | KD V\u00e4sternorrland","isPartOf":{"@id":"https:\/\/wp.kristdemokraterna.se\/vasternorrland\/#website"},"datePublished":"2005-06-16T15:21:53+00:00","dateModified":"2019-04-16T11:16:59+00:00","author":{"@id":"https:\/\/wp.kristdemokraterna.se\/vasternorrland\/#\/schema\/person\/49784c93d3806490fb376f5a3b3dd4cd"},"breadcrumb":{"@id":"https:\/\/wp.kristdemokraterna.se\/vasternorrland\/svar-pa-interpellation-om-300-kr-i-besoksavgift-i-psykiatrin-for-unga-vuxna\/#breadcrumb"},"inLanguage":"sv-SE","potentialAction":[{"@type":"ReadAction","target":["https:\/\/wp.kristdemokraterna.se\/vasternorrland\/svar-pa-interpellation-om-300-kr-i-besoksavgift-i-psykiatrin-for-unga-vuxna\/"]}]},{"@type":"BreadcrumbList","@id":"https:\/\/wp.kristdemokraterna.se\/vasternorrland\/svar-pa-interpellation-om-300-kr-i-besoksavgift-i-psykiatrin-for-unga-vuxna\/#breadcrumb","itemListElement":[{"@type":"ListItem","position":1,"name":"Hem","item":"https:\/\/wp.kristdemokraterna.se\/vasternorrland\/"},{"@type":"ListItem","position":2,"name":"Svar p\u00e5 interpellation om 300 kr i bes\u00f6ksavgift i psykiatrin f\u00f6r unga vuxna"}]},{"@type":"WebSite","@id":"https:\/\/wp.kristdemokraterna.se\/vasternorrland\/#website","url":"https:\/\/wp.kristdemokraterna.se\/vasternorrland\/","name":"KD V\u00e4sternorrland","description":"V\u00e5rda v\u00e5rden - utveckla prim\u00e4rv\u00e5rden","inLanguage":"sv-SE"},{"@type":"Person","@id":"https:\/\/wp.kristdemokraterna.se\/vasternorrland\/#\/schema\/person\/49784c93d3806490fb376f5a3b3dd4cd","name":"timra","image":{"@type":"ImageObject","inLanguage":"sv-SE","@id":"https:\/\/secure.gravatar.com\/avatar\/2d9a04bf0b09a2c8909797508e81e5c3faf9a9ba8962c579b9100cffe14b6f7b?s=96&r=g","url":"https:\/\/secure.gravatar.com\/avatar\/2d9a04bf0b09a2c8909797508e81e5c3faf9a9ba8962c579b9100cffe14b6f7b?s=96&r=g","contentUrl":"https:\/\/secure.gravatar.com\/avatar\/2d9a04bf0b09a2c8909797508e81e5c3faf9a9ba8962c579b9100cffe14b6f7b?s=96&r=g","caption":"timra"},"url":"https:\/\/wp.kristdemokraterna.se\/vasternorrland\/author\/timra\/"}]}},"_links":{"self":[{"href":"https:\/\/wp.kristdemokraterna.se\/vasternorrland\/wp-json\/wp\/v2\/posts\/138498","targetHints":{"allow":["GET"]}}],"collection":[{"href":"https:\/\/wp.kristdemokraterna.se\/vasternorrland\/wp-json\/wp\/v2\/posts"}],"about":[{"href":"https:\/\/wp.kristdemokraterna.se\/vasternorrland\/wp-json\/wp\/v2\/types\/post"}],"author":[{"embeddable":true,"href":"https:\/\/wp.kristdemokraterna.se\/vasternorrland\/wp-json\/wp\/v2\/users\/787"}],"replies":[{"embeddable":true,"href":"https:\/\/wp.kristdemokraterna.se\/vasternorrland\/wp-json\/wp\/v2\/comments?post=138498"}],"version-history":[{"count":3,"href":"https:\/\/wp.kristdemokraterna.se\/vasternorrland\/wp-json\/wp\/v2\/posts\/138498\/revisions"}],"predecessor-version":[{"id":183038,"href":"https:\/\/wp.kristdemokraterna.se\/vasternorrland\/wp-json\/wp\/v2\/posts\/138498\/revisions\/183038"}],"wp:attachment":[{"href":"https:\/\/wp.kristdemokraterna.se\/vasternorrland\/wp-json\/wp\/v2\/media?parent=138498"}],"wp:term":[{"taxonomy":"category","embeddable":true,"href":"https:\/\/wp.kristdemokraterna.se\/vasternorrland\/wp-json\/wp\/v2\/categories?post=138498"},{"taxonomy":"post_tag","embeddable":true,"href":"https:\/\/wp.kristdemokraterna.se\/vasternorrland\/wp-json\/wp\/v2\/tags?post=138498"}],"curies":[{"name":"wp","href":"https:\/\/api.w.org\/{rel}","templated":true}]}}