{"id":139238,"date":"2010-03-03T20:10:09","date_gmt":"2010-03-03T19:10:09","guid":{"rendered":"http:\/\/wp.kristdemokraterna.se\/vasternorrland\/?p=139238"},"modified":"2020-11-02T15:38:53","modified_gmt":"2020-11-02T14:38:53","slug":"interpellation-om-den-bristande-planeringen-i-den-egna-organisationen","status":"publish","type":"post","link":"https:\/\/wp.kristdemokraterna.se\/vasternorrland\/interpellation-om-den-bristande-planeringen-i-den-egna-organisationen\/","title":{"rendered":"Interpellation om den bristande planeringen i den egna organisationen"},"content":{"rendered":"<p>Mona Hammarstedt \u00f6verl\u00e4mnade f\u00f6ljande interpellation till landstingsstyrelsens ordf\u00f6rande:<\/p>\n<p>Denna sparplan som Landstinget V\u00e4sternorrland genomf\u00f6r vid v\u00e5ra sjukhus g\u00f6rs inte p\u00e5 ett trov\u00e4rdigt s\u00e4tt. Medborgarna blir inte bem\u00f6tta korrekt och Landstinget f\u00e5r ett d\u00e5ligt rykte, man s\u00e4tter systemet f\u00f6re patienten.<\/p>\n<p>Landstinget V\u00e4sternorrland har brutit mot lagen om offentlig upphandling n\u00e4r de skrev kontrakt med Mantec utan f\u00f6reg\u00e5ende annonsering.<\/p>\n<p>Mina fr\u00e5gor \u00e4r:<\/p>\n<ul>\n<li>Vilka konsulter och hur m\u00e5nga har varit verksamma samtidigt p\u00e5 l\u00e4nssjukhuset och l\u00e4nsdelssjukhuset under S O:s tid och vad har det kostat i veckan \/konsult?<\/li>\n<li>Skall det g\u00f6ras n\u00e5got nytt avtal f r om maj m\u00e5nad 2010 med Mantec?<\/li>\n<\/ul>\n<p>2010-03-03<\/p>\n<p>Mona Hammarstedt<br \/>\nKristdemokraterna V\u00e4sternorrland<\/p>\n<hr \/>\n<p><a href=\"http:\/\/wp.kristdemokraterna.se\/vasternorrland\/var-politik\/politikomraden\/specialistvard\/\">Specialistv\u00e5rd<\/a> | <a href=\"http:\/\/wp.kristdemokraterna.se\/vasternorrland\/etiketter\/interpellation\/\">interpellation<\/a> \u00b7 <a href=\"http:\/\/wp.kristdemokraterna.se\/vasternorrland\/etiketter\/mantec\/\">Mantec<\/a> \u00b7 <a href=\"http:\/\/wp.kristdemokraterna.se\/vasternorrland\/etiketter\/mona-hammarstedt\/\">Mona Hammarstedt<\/a> \u00b7 <a href=\"http:\/\/wp.kristdemokraterna.se\/vasternorrland\/etiketter\/sparplan\/\">sparplan<\/a> \u00b7 <a href=\"http:\/\/wp.kristdemokraterna.se\/vasternorrland\/etiketter\/upphandling\/\">upphandling<\/a><\/p>\n","protected":false},"excerpt":{"rendered":"<p>Mona Hammarstedt \u00f6verl\u00e4mnade f\u00f6ljande interpellation till landstingsstyrelsens ordf\u00f6rande: Denna sparplan som Landstinget V\u00e4sternorrland genomf\u00f6r vid v\u00e5ra sjukhus g\u00f6rs inte p\u00e5 ett trov\u00e4rdigt s\u00e4tt. Medborgarna blir inte bem\u00f6tta korrekt och Landstinget f\u00e5r ett d\u00e5ligt rykte, man s\u00e4tter systemet f\u00f6re patienten. Landstinget V\u00e4sternorrland har brutit mot lagen om offentlig upphandling n\u00e4r de skrev kontrakt med Mantec utan <a class=\"read-more-link\" href=\"https:\/\/wp.kristdemokraterna.se\/vasternorrland\/interpellation-om-den-bristande-planeringen-i-den-egna-organisationen\/\">Read More<\/a><\/p>\n","protected":false},"author":787,"featured_media":0,"comment_status":"closed","ping_status":"closed","sticky":false,"template":"","format":"standard","meta":{"_acf_changed":false,"footnotes":""},"categories":[101],"tags":[543,265,39,386,540,385],"class_list":["post-139238","post","type-post","status-publish","format-standard","hentry","category-specialistvard","tag-alla-inlagg","tag-ekonomi","tag-interpellation","tag-mantec","tag-specialistvard","tag-upphandling"],"acf":[],"yoast_head":"<!-- This site is optimized with the Yoast SEO plugin v27.4 - https:\/\/yoast.com\/product\/yoast-seo-wordpress\/ -->\n<title>Interpellation om den bristande planeringen i den egna organisationen | KD V\u00e4sternorrland<\/title>\n<meta name=\"robots\" content=\"index, follow, max-snippet:-1, max-image-preview:large, max-video-preview:-1\" \/>\n<link rel=\"canonical\" href=\"https:\/\/wp.kristdemokraterna.se\/vasternorrland\/interpellation-om-den-bristande-planeringen-i-den-egna-organisationen\/\" \/>\n<meta property=\"og:locale\" content=\"sv_SE\" \/>\n<meta property=\"og:type\" content=\"article\" \/>\n<meta property=\"og:title\" content=\"Interpellation om den bristande planeringen i den egna organisationen | KD V\u00e4sternorrland\" \/>\n<meta property=\"og:description\" content=\"Mona Hammarstedt \u00f6verl\u00e4mnade f\u00f6ljande interpellation till landstingsstyrelsens ordf\u00f6rande: Denna sparplan som Landstinget V\u00e4sternorrland genomf\u00f6r vid v\u00e5ra sjukhus g\u00f6rs inte p\u00e5 ett trov\u00e4rdigt s\u00e4tt. Medborgarna blir inte bem\u00f6tta korrekt och Landstinget f\u00e5r ett d\u00e5ligt rykte, man s\u00e4tter systemet f\u00f6re patienten. Landstinget V\u00e4sternorrland har brutit mot lagen om offentlig upphandling n\u00e4r de skrev kontrakt med Mantec utan Read More\" \/>\n<meta property=\"og:url\" content=\"https:\/\/wp.kristdemokraterna.se\/vasternorrland\/interpellation-om-den-bristande-planeringen-i-den-egna-organisationen\/\" \/>\n<meta property=\"og:site_name\" content=\"KD V\u00e4sternorrland\" \/>\n<meta property=\"article:publisher\" content=\"https:\/\/www.facebook.com\/kdrvn\/\" \/>\n<meta property=\"article:published_time\" content=\"2010-03-03T19:10:09+00:00\" \/>\n<meta property=\"article:modified_time\" content=\"2020-11-02T14:38:53+00:00\" \/>\n<meta name=\"author\" content=\"timra\" \/>\n<meta name=\"twitter:card\" content=\"summary_large_image\" \/>\n<meta name=\"twitter:label1\" content=\"Skriven av\" \/>\n\t<meta name=\"twitter:data1\" content=\"timra\" \/>\n\t<meta name=\"twitter:label2\" content=\"Ber\u00e4knad l\u00e4stid\" \/>\n\t<meta name=\"twitter:data2\" content=\"1 minut\" \/>\n<script type=\"application\/ld+json\" class=\"yoast-schema-graph\">{\"@context\":\"https:\\\/\\\/schema.org\",\"@graph\":[{\"@type\":\"Article\",\"@id\":\"https:\\\/\\\/wp.kristdemokraterna.se\\\/vasternorrland\\\/interpellation-om-den-bristande-planeringen-i-den-egna-organisationen\\\/#article\",\"isPartOf\":{\"@id\":\"https:\\\/\\\/wp.kristdemokraterna.se\\\/vasternorrland\\\/interpellation-om-den-bristande-planeringen-i-den-egna-organisationen\\\/\"},\"author\":{\"name\":\"timra\",\"@id\":\"https:\\\/\\\/wp.kristdemokraterna.se\\\/vasternorrland\\\/#\\\/schema\\\/person\\\/49784c93d3806490fb376f5a3b3dd4cd\"},\"headline\":\"Interpellation om den bristande planeringen i den egna organisationen\",\"datePublished\":\"2010-03-03T19:10:09+00:00\",\"dateModified\":\"2020-11-02T14:38:53+00:00\",\"mainEntityOfPage\":{\"@id\":\"https:\\\/\\\/wp.kristdemokraterna.se\\\/vasternorrland\\\/interpellation-om-den-bristande-planeringen-i-den-egna-organisationen\\\/\"},\"wordCount\":148,\"keywords\":[\"alla inl\u00e4gg\",\"ekonomi\",\"interpellation\",\"Mantec\",\"specialistv\u00e5rd\",\"upphandling\"],\"articleSection\":[\"Specialistv\u00e5rd\"],\"inLanguage\":\"sv-SE\"},{\"@type\":\"WebPage\",\"@id\":\"https:\\\/\\\/wp.kristdemokraterna.se\\\/vasternorrland\\\/interpellation-om-den-bristande-planeringen-i-den-egna-organisationen\\\/\",\"url\":\"https:\\\/\\\/wp.kristdemokraterna.se\\\/vasternorrland\\\/interpellation-om-den-bristande-planeringen-i-den-egna-organisationen\\\/\",\"name\":\"Interpellation om den bristande planeringen i den egna organisationen | KD V\u00e4sternorrland\",\"isPartOf\":{\"@id\":\"https:\\\/\\\/wp.kristdemokraterna.se\\\/vasternorrland\\\/#website\"},\"datePublished\":\"2010-03-03T19:10:09+00:00\",\"dateModified\":\"2020-11-02T14:38:53+00:00\",\"author\":{\"@id\":\"https:\\\/\\\/wp.kristdemokraterna.se\\\/vasternorrland\\\/#\\\/schema\\\/person\\\/49784c93d3806490fb376f5a3b3dd4cd\"},\"breadcrumb\":{\"@id\":\"https:\\\/\\\/wp.kristdemokraterna.se\\\/vasternorrland\\\/interpellation-om-den-bristande-planeringen-i-den-egna-organisationen\\\/#breadcrumb\"},\"inLanguage\":\"sv-SE\",\"potentialAction\":[{\"@type\":\"ReadAction\",\"target\":[\"https:\\\/\\\/wp.kristdemokraterna.se\\\/vasternorrland\\\/interpellation-om-den-bristande-planeringen-i-den-egna-organisationen\\\/\"]}]},{\"@type\":\"BreadcrumbList\",\"@id\":\"https:\\\/\\\/wp.kristdemokraterna.se\\\/vasternorrland\\\/interpellation-om-den-bristande-planeringen-i-den-egna-organisationen\\\/#breadcrumb\",\"itemListElement\":[{\"@type\":\"ListItem\",\"position\":1,\"name\":\"Hem\",\"item\":\"https:\\\/\\\/wp.kristdemokraterna.se\\\/vasternorrland\\\/\"},{\"@type\":\"ListItem\",\"position\":2,\"name\":\"Interpellation om den bristande planeringen i den egna organisationen\"}]},{\"@type\":\"WebSite\",\"@id\":\"https:\\\/\\\/wp.kristdemokraterna.se\\\/vasternorrland\\\/#website\",\"url\":\"https:\\\/\\\/wp.kristdemokraterna.se\\\/vasternorrland\\\/\",\"name\":\"KD V\u00e4sternorrland\",\"description\":\"V\u00e5rda v\u00e5rden - utveckla prim\u00e4rv\u00e5rden\",\"inLanguage\":\"sv-SE\"},{\"@type\":\"Person\",\"@id\":\"https:\\\/\\\/wp.kristdemokraterna.se\\\/vasternorrland\\\/#\\\/schema\\\/person\\\/49784c93d3806490fb376f5a3b3dd4cd\",\"name\":\"timra\",\"image\":{\"@type\":\"ImageObject\",\"inLanguage\":\"sv-SE\",\"@id\":\"https:\\\/\\\/secure.gravatar.com\\\/avatar\\\/2d9a04bf0b09a2c8909797508e81e5c3faf9a9ba8962c579b9100cffe14b6f7b?s=96&r=g\",\"url\":\"https:\\\/\\\/secure.gravatar.com\\\/avatar\\\/2d9a04bf0b09a2c8909797508e81e5c3faf9a9ba8962c579b9100cffe14b6f7b?s=96&r=g\",\"contentUrl\":\"https:\\\/\\\/secure.gravatar.com\\\/avatar\\\/2d9a04bf0b09a2c8909797508e81e5c3faf9a9ba8962c579b9100cffe14b6f7b?s=96&r=g\",\"caption\":\"timra\"},\"url\":\"https:\\\/\\\/wp.kristdemokraterna.se\\\/vasternorrland\\\/author\\\/timra\\\/\"}]}<\/script>\n<!-- \/ Yoast SEO plugin. -->","yoast_head_json":{"title":"Interpellation om den bristande planeringen i den egna organisationen | KD V\u00e4sternorrland","robots":{"index":"index","follow":"follow","max-snippet":"max-snippet:-1","max-image-preview":"max-image-preview:large","max-video-preview":"max-video-preview:-1"},"canonical":"https:\/\/wp.kristdemokraterna.se\/vasternorrland\/interpellation-om-den-bristande-planeringen-i-den-egna-organisationen\/","og_locale":"sv_SE","og_type":"article","og_title":"Interpellation om den bristande planeringen i den egna organisationen | KD V\u00e4sternorrland","og_description":"Mona Hammarstedt \u00f6verl\u00e4mnade f\u00f6ljande interpellation till landstingsstyrelsens ordf\u00f6rande: Denna sparplan som Landstinget V\u00e4sternorrland genomf\u00f6r vid v\u00e5ra sjukhus g\u00f6rs inte p\u00e5 ett trov\u00e4rdigt s\u00e4tt. Medborgarna blir inte bem\u00f6tta korrekt och Landstinget f\u00e5r ett d\u00e5ligt rykte, man s\u00e4tter systemet f\u00f6re patienten. Landstinget V\u00e4sternorrland har brutit mot lagen om offentlig upphandling n\u00e4r de skrev kontrakt med Mantec utan Read More","og_url":"https:\/\/wp.kristdemokraterna.se\/vasternorrland\/interpellation-om-den-bristande-planeringen-i-den-egna-organisationen\/","og_site_name":"KD V\u00e4sternorrland","article_publisher":"https:\/\/www.facebook.com\/kdrvn\/","article_published_time":"2010-03-03T19:10:09+00:00","article_modified_time":"2020-11-02T14:38:53+00:00","author":"timra","twitter_card":"summary_large_image","twitter_misc":{"Skriven av":"timra","Ber\u00e4knad l\u00e4stid":"1 minut"},"schema":{"@context":"https:\/\/schema.org","@graph":[{"@type":"Article","@id":"https:\/\/wp.kristdemokraterna.se\/vasternorrland\/interpellation-om-den-bristande-planeringen-i-den-egna-organisationen\/#article","isPartOf":{"@id":"https:\/\/wp.kristdemokraterna.se\/vasternorrland\/interpellation-om-den-bristande-planeringen-i-den-egna-organisationen\/"},"author":{"name":"timra","@id":"https:\/\/wp.kristdemokraterna.se\/vasternorrland\/#\/schema\/person\/49784c93d3806490fb376f5a3b3dd4cd"},"headline":"Interpellation om den bristande planeringen i den egna organisationen","datePublished":"2010-03-03T19:10:09+00:00","dateModified":"2020-11-02T14:38:53+00:00","mainEntityOfPage":{"@id":"https:\/\/wp.kristdemokraterna.se\/vasternorrland\/interpellation-om-den-bristande-planeringen-i-den-egna-organisationen\/"},"wordCount":148,"keywords":["alla inl\u00e4gg","ekonomi","interpellation","Mantec","specialistv\u00e5rd","upphandling"],"articleSection":["Specialistv\u00e5rd"],"inLanguage":"sv-SE"},{"@type":"WebPage","@id":"https:\/\/wp.kristdemokraterna.se\/vasternorrland\/interpellation-om-den-bristande-planeringen-i-den-egna-organisationen\/","url":"https:\/\/wp.kristdemokraterna.se\/vasternorrland\/interpellation-om-den-bristande-planeringen-i-den-egna-organisationen\/","name":"Interpellation om den bristande planeringen i den egna organisationen | KD V\u00e4sternorrland","isPartOf":{"@id":"https:\/\/wp.kristdemokraterna.se\/vasternorrland\/#website"},"datePublished":"2010-03-03T19:10:09+00:00","dateModified":"2020-11-02T14:38:53+00:00","author":{"@id":"https:\/\/wp.kristdemokraterna.se\/vasternorrland\/#\/schema\/person\/49784c93d3806490fb376f5a3b3dd4cd"},"breadcrumb":{"@id":"https:\/\/wp.kristdemokraterna.se\/vasternorrland\/interpellation-om-den-bristande-planeringen-i-den-egna-organisationen\/#breadcrumb"},"inLanguage":"sv-SE","potentialAction":[{"@type":"ReadAction","target":["https:\/\/wp.kristdemokraterna.se\/vasternorrland\/interpellation-om-den-bristande-planeringen-i-den-egna-organisationen\/"]}]},{"@type":"BreadcrumbList","@id":"https:\/\/wp.kristdemokraterna.se\/vasternorrland\/interpellation-om-den-bristande-planeringen-i-den-egna-organisationen\/#breadcrumb","itemListElement":[{"@type":"ListItem","position":1,"name":"Hem","item":"https:\/\/wp.kristdemokraterna.se\/vasternorrland\/"},{"@type":"ListItem","position":2,"name":"Interpellation om den bristande planeringen i den egna organisationen"}]},{"@type":"WebSite","@id":"https:\/\/wp.kristdemokraterna.se\/vasternorrland\/#website","url":"https:\/\/wp.kristdemokraterna.se\/vasternorrland\/","name":"KD V\u00e4sternorrland","description":"V\u00e5rda v\u00e5rden - utveckla prim\u00e4rv\u00e5rden","inLanguage":"sv-SE"},{"@type":"Person","@id":"https:\/\/wp.kristdemokraterna.se\/vasternorrland\/#\/schema\/person\/49784c93d3806490fb376f5a3b3dd4cd","name":"timra","image":{"@type":"ImageObject","inLanguage":"sv-SE","@id":"https:\/\/secure.gravatar.com\/avatar\/2d9a04bf0b09a2c8909797508e81e5c3faf9a9ba8962c579b9100cffe14b6f7b?s=96&r=g","url":"https:\/\/secure.gravatar.com\/avatar\/2d9a04bf0b09a2c8909797508e81e5c3faf9a9ba8962c579b9100cffe14b6f7b?s=96&r=g","contentUrl":"https:\/\/secure.gravatar.com\/avatar\/2d9a04bf0b09a2c8909797508e81e5c3faf9a9ba8962c579b9100cffe14b6f7b?s=96&r=g","caption":"timra"},"url":"https:\/\/wp.kristdemokraterna.se\/vasternorrland\/author\/timra\/"}]}},"_links":{"self":[{"href":"https:\/\/wp.kristdemokraterna.se\/vasternorrland\/wp-json\/wp\/v2\/posts\/139238","targetHints":{"allow":["GET"]}}],"collection":[{"href":"https:\/\/wp.kristdemokraterna.se\/vasternorrland\/wp-json\/wp\/v2\/posts"}],"about":[{"href":"https:\/\/wp.kristdemokraterna.se\/vasternorrland\/wp-json\/wp\/v2\/types\/post"}],"author":[{"embeddable":true,"href":"https:\/\/wp.kristdemokraterna.se\/vasternorrland\/wp-json\/wp\/v2\/users\/787"}],"replies":[{"embeddable":true,"href":"https:\/\/wp.kristdemokraterna.se\/vasternorrland\/wp-json\/wp\/v2\/comments?post=139238"}],"version-history":[{"count":4,"href":"https:\/\/wp.kristdemokraterna.se\/vasternorrland\/wp-json\/wp\/v2\/posts\/139238\/revisions"}],"predecessor-version":[{"id":320892,"href":"https:\/\/wp.kristdemokraterna.se\/vasternorrland\/wp-json\/wp\/v2\/posts\/139238\/revisions\/320892"}],"wp:attachment":[{"href":"https:\/\/wp.kristdemokraterna.se\/vasternorrland\/wp-json\/wp\/v2\/media?parent=139238"}],"wp:term":[{"taxonomy":"category","embeddable":true,"href":"https:\/\/wp.kristdemokraterna.se\/vasternorrland\/wp-json\/wp\/v2\/categories?post=139238"},{"taxonomy":"post_tag","embeddable":true,"href":"https:\/\/wp.kristdemokraterna.se\/vasternorrland\/wp-json\/wp\/v2\/tags?post=139238"}],"curies":[{"name":"wp","href":"https:\/\/api.w.org\/{rel}","templated":true}]}}