{"id":139462,"date":"2010-05-27T19:58:48","date_gmt":"2010-05-27T17:58:48","guid":{"rendered":"http:\/\/wp.kristdemokraterna.se\/vasternorrland\/?p=139462"},"modified":"2021-11-18T10:41:45","modified_gmt":"2021-11-18T09:41:45","slug":"interpellation-situationen-pa-ornskoldsviks-sjukhus","status":"publish","type":"post","link":"https:\/\/wp.kristdemokraterna.se\/vasternorrland\/interpellation-situationen-pa-ornskoldsviks-sjukhus\/","title":{"rendered":"Interpellation: Situationen p\u00e5 \u00d6rnsk\u00f6ldsviks sjukhus"},"content":{"rendered":"<p>Maude Westman \u00f6verl\u00e4mnade till ordf\u00f6rande en interpellation med f\u00f6ljande lydelse st\u00e4lld till landstingsstyrelsens ordf\u00f6rande:<\/p>\n<p>F\u00f6r tv\u00e5 \u00e5r sedan besl\u00f6ts det i ett enigt landstingsfullm\u00e4ktige att vi m\u00e5ste se \u00f6ver v\u00e5ra kostnader f\u00f6r v\u00e5rt landsting bl\u00f6dde. Vi besl\u00f6t att anta ett sparf\u00f6rslag f\u00f6r att komma fram till en budget vi kan f\u00f6rsvara. St\u00f6rsta delen av sparbetinget drabbade personal och d\u00e5 fr\u00e4mst undersk\u00f6terskor. Arbetet startades p\u00e5 sjukhuset i \u00d6rnsk\u00f6ldsvik. Alla som varslades fick sitt besked om upps\u00e4gning i april 2009. Eftersom upps\u00e4gningstiden varierade mellan 3 m\u00e5nader<br \/>\noch ett \u00e5r s\u00e5 var allt klart sista april 2010. D\u00e5 gick den sista gruppen som bestod av undersk\u00f6terskor med en anst\u00e4llningstid f\u00f6r de flesta p\u00e5 mer \u00e4n 30 \u00e5r.<\/p>\n<p>Omorganisationen med det nya s\u00e4ttet att jobba gick ig\u00e5ng den 31\/8 2009. Den avdelning som hade st\u00e4ngt inf\u00f6r sommarsemestern \u00f6ppnades inte igen.<\/p>\n<p>Vi som p\u00e5 n\u00e4ra h\u00e5ll men ocks\u00e5 genom media f\u00f6ljt utvecklingen vet att det inte genomf\u00f6rts problemfritt. \u00c4ven nu sedan den nya arbetsordningen b\u00f6rjat g\u00e4lla fullt ut beh\u00f6ver man ta in extrafolk f\u00f6r att t\u00e4cka upp f\u00f6r brister i personalbemanningen och det redan f\u00f6re semestern. Det kommer att anst\u00e4llas ett antal nya sjuksk\u00f6terskor och undersk\u00f6terskor under h\u00f6sten. Det kan ses lite m\u00e4rkligt i spartider.<\/p>\n<p>Vid kontakt med folk p\u00e5 golvet kommer alltid fr\u00e5gan varf\u00f6r man inte f\u00e5tt vara mer delaktig.<br \/>\nM\u00e5nga upplever en frustration av att k\u00e4nna sig \u00f6verk\u00f6rd i sammanhanget.<\/p>\n<p>Mina fr\u00e5gor blir d\u00e5.<\/p>\n<ul>\n<li>Hade man tagit i f\u00f6r mycket n\u00e4r man best\u00e4mde storleken av upps\u00e4gningarna?<\/li>\n<li>Kommer man att ta i beaktande vid arbetet i Sundsvall att inte samma situation uppst\u00e5r d\u00e4r?<\/li>\n<li>Hur och n\u00e4r kommer den f\u00f6rsta ekonomiska uppf\u00f6ljningen att redovisas?<\/li>\n<li>Hur och n\u00e4r kommer den f\u00f6rsta redovisningen av patients\u00e4kerheten att redovisas<\/li>\n<li>Kommer man forts\u00e4ttningsvis att ta mer h\u00e4nsyn till personalens \u00e5sikter vid st\u00f6rre f\u00f6r\u00e4ndringar?<\/li>\n<\/ul>\n<p>2010-05-27<\/p>\n<p>Maude Westman<br \/>\nKristdemokraterna<\/p>\n<hr \/>\n<p>Bilden \u00f6verst: Huvudentr\u00e9n vid \u00d6rnsk\u00f6ldsviks sjukhus. Foto av Henrik Sendelbach (<a href=\"https:\/\/creativecommons.org\/licenses\/by-sa\/4.0\/legalcode.sv\">CC-BY-SA 4.0<\/a>).<\/p>\n<hr \/>\n<p><a href=\"http:\/\/wp.kristdemokraterna.se\/vasternorrland\/var-politik\/politikomraden\/ekonomi-skatter\/\">Ekonomi\/skatter<\/a> \u00b7 <a href=\"http:\/\/wp.kristdemokraterna.se\/vasternorrland\/var-politik\/politikomraden\/personal\/\">Personal<\/a> \u00b7 <a href=\"http:\/\/wp.kristdemokraterna.se\/vasternorrland\/var-politik\/politikomraden\/specialistvard\/\">Specialistv\u00e5rd<\/a> | <a href=\"http:\/\/wp.kristdemokraterna.se\/vasternorrland\/etiketter\/bemanning\/\">bemanning<\/a> \u00b7 <a href=\"http:\/\/wp.kristdemokraterna.se\/vasternorrland\/etiketter\/ekonomi\/\">ekonomi<\/a> \u00b7 <a href=\"http:\/\/wp.kristdemokraterna.se\/vasternorrland\/etiketter\/interpellation\/\">interpellation<\/a> \u00b7 <a href=\"http:\/\/wp.kristdemokraterna.se\/vasternorrland\/etiketter\/maude-westman\/\">Maude Westman<\/a> \u00b7 <a href=\"http:\/\/wp.kristdemokraterna.se\/vasternorrland\/etiketter\/sjukhus\/\">sjukhus<\/a> \u00b7 <a href=\"http:\/\/wp.kristdemokraterna.se\/vasternorrland\/etiketter\/sparbeting\/\">sparbeting<\/a> \u00b7 <a href=\"http:\/\/wp.kristdemokraterna.se\/vasternorrland\/etiketter\/ornskoldsvik\/\">\u00d6rnsk\u00f6ldsvik<\/a><\/p>\n","protected":false},"excerpt":{"rendered":"<p>Maude Westman \u00f6verl\u00e4mnade till ordf\u00f6rande en interpellation med f\u00f6ljande lydelse st\u00e4lld till landstingsstyrelsens ordf\u00f6rande: F\u00f6r tv\u00e5 \u00e5r sedan besl\u00f6ts det i ett enigt landstingsfullm\u00e4ktige att vi m\u00e5ste se \u00f6ver v\u00e5ra kostnader f\u00f6r v\u00e5rt landsting bl\u00f6dde. Vi besl\u00f6t att anta ett sparf\u00f6rslag f\u00f6r att komma fram till en budget vi kan f\u00f6rsvara. St\u00f6rsta delen av sparbetinget <a class=\"read-more-link\" href=\"https:\/\/wp.kristdemokraterna.se\/vasternorrland\/interpellation-situationen-pa-ornskoldsviks-sjukhus\/\">Read More<\/a><\/p>\n","protected":false},"author":787,"featured_media":0,"comment_status":"closed","ping_status":"closed","sticky":false,"template":"","format":"standard","meta":{"_acf_changed":false,"footnotes":""},"categories":[824,544,727,110,101],"tags":[543,392,265,1206,39,621,677,98,332,825,540],"class_list":["post-139462","post","type-post","status-publish","format-standard","hentry","category-bemanning","category-ekonomi","category-nyheter","category-personal","category-specialistvard","tag-alla-inlagg","tag-bemanning","tag-ekonomi","tag-ekonomi-skatter","tag-interpellation","tag-maude-westman","tag-ornskoldsviks-sjukhus","tag-personal","tag-sjukhus","tag-sparbeting","tag-specialistvard"],"acf":[],"yoast_head":"<!-- This site is optimized with the Yoast SEO plugin v27.4 - https:\/\/yoast.com\/product\/yoast-seo-wordpress\/ -->\n<title>Interpellation: Situationen p\u00e5 \u00d6rnsk\u00f6ldsviks sjukhus | KD V\u00e4sternorrland<\/title>\n<meta name=\"robots\" content=\"index, follow, max-snippet:-1, max-image-preview:large, max-video-preview:-1\" \/>\n<link rel=\"canonical\" href=\"https:\/\/wp.kristdemokraterna.se\/vasternorrland\/interpellation-situationen-pa-ornskoldsviks-sjukhus\/\" \/>\n<meta property=\"og:locale\" content=\"sv_SE\" \/>\n<meta property=\"og:type\" content=\"article\" \/>\n<meta property=\"og:title\" content=\"Interpellation: Situationen p\u00e5 \u00d6rnsk\u00f6ldsviks sjukhus | KD V\u00e4sternorrland\" \/>\n<meta property=\"og:description\" content=\"Maude Westman \u00f6verl\u00e4mnade till ordf\u00f6rande en interpellation med f\u00f6ljande lydelse st\u00e4lld till landstingsstyrelsens ordf\u00f6rande: F\u00f6r tv\u00e5 \u00e5r sedan besl\u00f6ts det i ett enigt landstingsfullm\u00e4ktige att vi m\u00e5ste se \u00f6ver v\u00e5ra kostnader f\u00f6r v\u00e5rt landsting bl\u00f6dde. Vi besl\u00f6t att anta ett sparf\u00f6rslag f\u00f6r att komma fram till en budget vi kan f\u00f6rsvara. St\u00f6rsta delen av sparbetinget Read More\" \/>\n<meta property=\"og:url\" content=\"https:\/\/wp.kristdemokraterna.se\/vasternorrland\/interpellation-situationen-pa-ornskoldsviks-sjukhus\/\" \/>\n<meta property=\"og:site_name\" content=\"KD V\u00e4sternorrland\" \/>\n<meta property=\"article:publisher\" content=\"https:\/\/www.facebook.com\/kdrvn\/\" \/>\n<meta property=\"article:published_time\" content=\"2010-05-27T17:58:48+00:00\" \/>\n<meta property=\"article:modified_time\" content=\"2021-11-18T09:41:45+00:00\" \/>\n<meta name=\"author\" content=\"timra\" \/>\n<meta name=\"twitter:card\" content=\"summary_large_image\" \/>\n<meta name=\"twitter:label1\" content=\"Skriven av\" \/>\n\t<meta name=\"twitter:data1\" content=\"timra\" \/>\n\t<meta name=\"twitter:label2\" content=\"Ber\u00e4knad l\u00e4stid\" \/>\n\t<meta name=\"twitter:data2\" content=\"2 minuter\" \/>\n<script type=\"application\/ld+json\" class=\"yoast-schema-graph\">{\"@context\":\"https:\\\/\\\/schema.org\",\"@graph\":[{\"@type\":\"Article\",\"@id\":\"https:\\\/\\\/wp.kristdemokraterna.se\\\/vasternorrland\\\/interpellation-situationen-pa-ornskoldsviks-sjukhus\\\/#article\",\"isPartOf\":{\"@id\":\"https:\\\/\\\/wp.kristdemokraterna.se\\\/vasternorrland\\\/interpellation-situationen-pa-ornskoldsviks-sjukhus\\\/\"},\"author\":{\"name\":\"timra\",\"@id\":\"https:\\\/\\\/wp.kristdemokraterna.se\\\/vasternorrland\\\/#\\\/schema\\\/person\\\/49784c93d3806490fb376f5a3b3dd4cd\"},\"headline\":\"Interpellation: Situationen p\u00e5 \u00d6rnsk\u00f6ldsviks sjukhus\",\"datePublished\":\"2010-05-27T17:58:48+00:00\",\"dateModified\":\"2021-11-18T09:41:45+00:00\",\"mainEntityOfPage\":{\"@id\":\"https:\\\/\\\/wp.kristdemokraterna.se\\\/vasternorrland\\\/interpellation-situationen-pa-ornskoldsviks-sjukhus\\\/\"},\"wordCount\":396,\"keywords\":[\"alla inl\u00e4gg\",\"bemanning\",\"ekonomi\",\"ekonomi\\\/skatter\",\"interpellation\",\"Maude Westman\",\"\u00d6rnsk\u00f6ldsviks sjukhus\",\"personal\",\"sjukhus\",\"sparbeting\",\"specialistv\u00e5rd\"],\"articleSection\":[\"Bemanning\",\"Ekonomi\\\/skatter\",\"Nyheter\",\"Personal\",\"Specialistv\u00e5rd\"],\"inLanguage\":\"sv-SE\"},{\"@type\":\"WebPage\",\"@id\":\"https:\\\/\\\/wp.kristdemokraterna.se\\\/vasternorrland\\\/interpellation-situationen-pa-ornskoldsviks-sjukhus\\\/\",\"url\":\"https:\\\/\\\/wp.kristdemokraterna.se\\\/vasternorrland\\\/interpellation-situationen-pa-ornskoldsviks-sjukhus\\\/\",\"name\":\"Interpellation: Situationen p\u00e5 \u00d6rnsk\u00f6ldsviks sjukhus | KD V\u00e4sternorrland\",\"isPartOf\":{\"@id\":\"https:\\\/\\\/wp.kristdemokraterna.se\\\/vasternorrland\\\/#website\"},\"datePublished\":\"2010-05-27T17:58:48+00:00\",\"dateModified\":\"2021-11-18T09:41:45+00:00\",\"author\":{\"@id\":\"https:\\\/\\\/wp.kristdemokraterna.se\\\/vasternorrland\\\/#\\\/schema\\\/person\\\/49784c93d3806490fb376f5a3b3dd4cd\"},\"breadcrumb\":{\"@id\":\"https:\\\/\\\/wp.kristdemokraterna.se\\\/vasternorrland\\\/interpellation-situationen-pa-ornskoldsviks-sjukhus\\\/#breadcrumb\"},\"inLanguage\":\"sv-SE\",\"potentialAction\":[{\"@type\":\"ReadAction\",\"target\":[\"https:\\\/\\\/wp.kristdemokraterna.se\\\/vasternorrland\\\/interpellation-situationen-pa-ornskoldsviks-sjukhus\\\/\"]}]},{\"@type\":\"BreadcrumbList\",\"@id\":\"https:\\\/\\\/wp.kristdemokraterna.se\\\/vasternorrland\\\/interpellation-situationen-pa-ornskoldsviks-sjukhus\\\/#breadcrumb\",\"itemListElement\":[{\"@type\":\"ListItem\",\"position\":1,\"name\":\"Hem\",\"item\":\"https:\\\/\\\/wp.kristdemokraterna.se\\\/vasternorrland\\\/\"},{\"@type\":\"ListItem\",\"position\":2,\"name\":\"Interpellation: Situationen p\u00e5 \u00d6rnsk\u00f6ldsviks sjukhus\"}]},{\"@type\":\"WebSite\",\"@id\":\"https:\\\/\\\/wp.kristdemokraterna.se\\\/vasternorrland\\\/#website\",\"url\":\"https:\\\/\\\/wp.kristdemokraterna.se\\\/vasternorrland\\\/\",\"name\":\"KD V\u00e4sternorrland\",\"description\":\"V\u00e5rda v\u00e5rden - utveckla prim\u00e4rv\u00e5rden\",\"inLanguage\":\"sv-SE\"},{\"@type\":\"Person\",\"@id\":\"https:\\\/\\\/wp.kristdemokraterna.se\\\/vasternorrland\\\/#\\\/schema\\\/person\\\/49784c93d3806490fb376f5a3b3dd4cd\",\"name\":\"timra\",\"image\":{\"@type\":\"ImageObject\",\"inLanguage\":\"sv-SE\",\"@id\":\"https:\\\/\\\/secure.gravatar.com\\\/avatar\\\/2d9a04bf0b09a2c8909797508e81e5c3faf9a9ba8962c579b9100cffe14b6f7b?s=96&r=g\",\"url\":\"https:\\\/\\\/secure.gravatar.com\\\/avatar\\\/2d9a04bf0b09a2c8909797508e81e5c3faf9a9ba8962c579b9100cffe14b6f7b?s=96&r=g\",\"contentUrl\":\"https:\\\/\\\/secure.gravatar.com\\\/avatar\\\/2d9a04bf0b09a2c8909797508e81e5c3faf9a9ba8962c579b9100cffe14b6f7b?s=96&r=g\",\"caption\":\"timra\"},\"url\":\"https:\\\/\\\/wp.kristdemokraterna.se\\\/vasternorrland\\\/author\\\/timra\\\/\"}]}<\/script>\n<!-- \/ Yoast SEO plugin. -->","yoast_head_json":{"title":"Interpellation: Situationen p\u00e5 \u00d6rnsk\u00f6ldsviks sjukhus | KD V\u00e4sternorrland","robots":{"index":"index","follow":"follow","max-snippet":"max-snippet:-1","max-image-preview":"max-image-preview:large","max-video-preview":"max-video-preview:-1"},"canonical":"https:\/\/wp.kristdemokraterna.se\/vasternorrland\/interpellation-situationen-pa-ornskoldsviks-sjukhus\/","og_locale":"sv_SE","og_type":"article","og_title":"Interpellation: Situationen p\u00e5 \u00d6rnsk\u00f6ldsviks sjukhus | KD V\u00e4sternorrland","og_description":"Maude Westman \u00f6verl\u00e4mnade till ordf\u00f6rande en interpellation med f\u00f6ljande lydelse st\u00e4lld till landstingsstyrelsens ordf\u00f6rande: F\u00f6r tv\u00e5 \u00e5r sedan besl\u00f6ts det i ett enigt landstingsfullm\u00e4ktige att vi m\u00e5ste se \u00f6ver v\u00e5ra kostnader f\u00f6r v\u00e5rt landsting bl\u00f6dde. Vi besl\u00f6t att anta ett sparf\u00f6rslag f\u00f6r att komma fram till en budget vi kan f\u00f6rsvara. St\u00f6rsta delen av sparbetinget Read More","og_url":"https:\/\/wp.kristdemokraterna.se\/vasternorrland\/interpellation-situationen-pa-ornskoldsviks-sjukhus\/","og_site_name":"KD V\u00e4sternorrland","article_publisher":"https:\/\/www.facebook.com\/kdrvn\/","article_published_time":"2010-05-27T17:58:48+00:00","article_modified_time":"2021-11-18T09:41:45+00:00","author":"timra","twitter_card":"summary_large_image","twitter_misc":{"Skriven av":"timra","Ber\u00e4knad l\u00e4stid":"2 minuter"},"schema":{"@context":"https:\/\/schema.org","@graph":[{"@type":"Article","@id":"https:\/\/wp.kristdemokraterna.se\/vasternorrland\/interpellation-situationen-pa-ornskoldsviks-sjukhus\/#article","isPartOf":{"@id":"https:\/\/wp.kristdemokraterna.se\/vasternorrland\/interpellation-situationen-pa-ornskoldsviks-sjukhus\/"},"author":{"name":"timra","@id":"https:\/\/wp.kristdemokraterna.se\/vasternorrland\/#\/schema\/person\/49784c93d3806490fb376f5a3b3dd4cd"},"headline":"Interpellation: Situationen p\u00e5 \u00d6rnsk\u00f6ldsviks sjukhus","datePublished":"2010-05-27T17:58:48+00:00","dateModified":"2021-11-18T09:41:45+00:00","mainEntityOfPage":{"@id":"https:\/\/wp.kristdemokraterna.se\/vasternorrland\/interpellation-situationen-pa-ornskoldsviks-sjukhus\/"},"wordCount":396,"keywords":["alla inl\u00e4gg","bemanning","ekonomi","ekonomi\/skatter","interpellation","Maude Westman","\u00d6rnsk\u00f6ldsviks sjukhus","personal","sjukhus","sparbeting","specialistv\u00e5rd"],"articleSection":["Bemanning","Ekonomi\/skatter","Nyheter","Personal","Specialistv\u00e5rd"],"inLanguage":"sv-SE"},{"@type":"WebPage","@id":"https:\/\/wp.kristdemokraterna.se\/vasternorrland\/interpellation-situationen-pa-ornskoldsviks-sjukhus\/","url":"https:\/\/wp.kristdemokraterna.se\/vasternorrland\/interpellation-situationen-pa-ornskoldsviks-sjukhus\/","name":"Interpellation: Situationen p\u00e5 \u00d6rnsk\u00f6ldsviks sjukhus | KD V\u00e4sternorrland","isPartOf":{"@id":"https:\/\/wp.kristdemokraterna.se\/vasternorrland\/#website"},"datePublished":"2010-05-27T17:58:48+00:00","dateModified":"2021-11-18T09:41:45+00:00","author":{"@id":"https:\/\/wp.kristdemokraterna.se\/vasternorrland\/#\/schema\/person\/49784c93d3806490fb376f5a3b3dd4cd"},"breadcrumb":{"@id":"https:\/\/wp.kristdemokraterna.se\/vasternorrland\/interpellation-situationen-pa-ornskoldsviks-sjukhus\/#breadcrumb"},"inLanguage":"sv-SE","potentialAction":[{"@type":"ReadAction","target":["https:\/\/wp.kristdemokraterna.se\/vasternorrland\/interpellation-situationen-pa-ornskoldsviks-sjukhus\/"]}]},{"@type":"BreadcrumbList","@id":"https:\/\/wp.kristdemokraterna.se\/vasternorrland\/interpellation-situationen-pa-ornskoldsviks-sjukhus\/#breadcrumb","itemListElement":[{"@type":"ListItem","position":1,"name":"Hem","item":"https:\/\/wp.kristdemokraterna.se\/vasternorrland\/"},{"@type":"ListItem","position":2,"name":"Interpellation: Situationen p\u00e5 \u00d6rnsk\u00f6ldsviks sjukhus"}]},{"@type":"WebSite","@id":"https:\/\/wp.kristdemokraterna.se\/vasternorrland\/#website","url":"https:\/\/wp.kristdemokraterna.se\/vasternorrland\/","name":"KD V\u00e4sternorrland","description":"V\u00e5rda v\u00e5rden - utveckla prim\u00e4rv\u00e5rden","inLanguage":"sv-SE"},{"@type":"Person","@id":"https:\/\/wp.kristdemokraterna.se\/vasternorrland\/#\/schema\/person\/49784c93d3806490fb376f5a3b3dd4cd","name":"timra","image":{"@type":"ImageObject","inLanguage":"sv-SE","@id":"https:\/\/secure.gravatar.com\/avatar\/2d9a04bf0b09a2c8909797508e81e5c3faf9a9ba8962c579b9100cffe14b6f7b?s=96&r=g","url":"https:\/\/secure.gravatar.com\/avatar\/2d9a04bf0b09a2c8909797508e81e5c3faf9a9ba8962c579b9100cffe14b6f7b?s=96&r=g","contentUrl":"https:\/\/secure.gravatar.com\/avatar\/2d9a04bf0b09a2c8909797508e81e5c3faf9a9ba8962c579b9100cffe14b6f7b?s=96&r=g","caption":"timra"},"url":"https:\/\/wp.kristdemokraterna.se\/vasternorrland\/author\/timra\/"}]}},"_links":{"self":[{"href":"https:\/\/wp.kristdemokraterna.se\/vasternorrland\/wp-json\/wp\/v2\/posts\/139462","targetHints":{"allow":["GET"]}}],"collection":[{"href":"https:\/\/wp.kristdemokraterna.se\/vasternorrland\/wp-json\/wp\/v2\/posts"}],"about":[{"href":"https:\/\/wp.kristdemokraterna.se\/vasternorrland\/wp-json\/wp\/v2\/types\/post"}],"author":[{"embeddable":true,"href":"https:\/\/wp.kristdemokraterna.se\/vasternorrland\/wp-json\/wp\/v2\/users\/787"}],"replies":[{"embeddable":true,"href":"https:\/\/wp.kristdemokraterna.se\/vasternorrland\/wp-json\/wp\/v2\/comments?post=139462"}],"version-history":[{"count":8,"href":"https:\/\/wp.kristdemokraterna.se\/vasternorrland\/wp-json\/wp\/v2\/posts\/139462\/revisions"}],"predecessor-version":[{"id":322632,"href":"https:\/\/wp.kristdemokraterna.se\/vasternorrland\/wp-json\/wp\/v2\/posts\/139462\/revisions\/322632"}],"wp:attachment":[{"href":"https:\/\/wp.kristdemokraterna.se\/vasternorrland\/wp-json\/wp\/v2\/media?parent=139462"}],"wp:term":[{"taxonomy":"category","embeddable":true,"href":"https:\/\/wp.kristdemokraterna.se\/vasternorrland\/wp-json\/wp\/v2\/categories?post=139462"},{"taxonomy":"post_tag","embeddable":true,"href":"https:\/\/wp.kristdemokraterna.se\/vasternorrland\/wp-json\/wp\/v2\/tags?post=139462"}],"curies":[{"name":"wp","href":"https:\/\/api.w.org\/{rel}","templated":true}]}}