{"id":139466,"date":"2010-06-09T20:20:07","date_gmt":"2010-06-09T18:20:07","guid":{"rendered":"http:\/\/wp.kristdemokraterna.se\/vasternorrland\/?p=139466"},"modified":"2019-04-05T10:39:06","modified_gmt":"2019-04-05T08:39:06","slug":"interpellation-samarbetet-mellan-primarvarden-och-psykiatrin","status":"publish","type":"post","link":"https:\/\/wp.kristdemokraterna.se\/vasternorrland\/interpellation-samarbetet-mellan-primarvarden-och-psykiatrin\/","title":{"rendered":"Interpellation: Samarbetet mellan prim\u00e4rv\u00e5rden och psykiatrin"},"content":{"rendered":"<p>Mona Lundqvist \u00f6verl\u00e4mnade till ordf\u00f6rande en interpellation med f\u00f6ljande lydelse st\u00e4lld<br \/>\ntill landstingsstyrelsens ordf\u00f6rande:<\/p>\n<p>Efter ett bes\u00f6k p\u00e5 en v\u00e5rdcentral i L\u00e4net kan f\u00f6ljande fr\u00e5ga vara av intresse att f\u00e5 besvarad. Om det inom prim\u00e4rv\u00e5rden kommer ett behov av akut hj\u00e4lp fr\u00e5n Psykiatrin hur \u00e4r d\u00e5 ett samarbete m\u00f6jligt f\u00f6r att detta ska kunna ske p\u00e5 enklast m\u00f6jliga s\u00e4tt. Har man en skyldighet att st\u00e5 till f\u00f6rfogande eller m\u00e5ste ett remissf\u00f6rfarande f\u00f6ljas. N\u00e4r det g\u00e4ller psykiatri \u00e4r beredskap f\u00f6r ov\u00e4ntade h\u00e4ndelser oerh\u00f6rt viktig. Har egen erfarenhet av att det inte alltid<br \/>\n\u00e4r s\u00e5 sj\u00e4lvklart att samarbete sker. N\u00e4r det h\u00e4nder sv\u00e5ra traumatiska h\u00e4ndelser kan alla resurser beh\u00f6vas. Men vart ska man d\u00e5 v\u00e4nda sig om det visar sig att kommunikationerna brister . Det f\u00f6rekommer enligt uppgift att Prim\u00e4rv\u00e5rden har sv\u00e5rt att f\u00e5 st\u00f6d n\u00e4r man har behov.<\/p>\n<p>Mina fr\u00e5gor \u00e4r f\u00f6ljande:<\/p>\n<ul>\n<li>Kan man vid akuta exceptionella h\u00e4ndelser f\u00f6rv\u00e4nta sig att Psykiatrin st\u00e4ller upp f\u00f6r att vara behj\u00e4lplig med sina specialkunskaper?<\/li>\n<li>Hur \u00e4r samarbetet upplagt?<\/li>\n<li>Vem kan beg\u00e4ra hj\u00e4lpen?<\/li>\n<li>Kan Psykiatrin avb\u00f6ja samverkan?<\/li>\n<li>M\u00e5ste systemets best\u00e4mmelser g\u00e5 f\u00f6re patienten?<\/li>\n<\/ul>\n<p>2010-06-09<\/p>\n<p>Mona Lundqvist<br \/>\nKristdemokraterna<\/p>\n<hr \/>\n<p><a href=\"http:\/\/wp.kristdemokraterna.se\/vasternorrland\/var-politik\/politikomraden\/primarvard\/\">Prim\u00e4rv\u00e5rd<\/a> \u00b7 <a href=\"http:\/\/wp.kristdemokraterna.se\/vasternorrland\/kategorier\/psykiatri\/\">Psykiatri<\/a> | <a href=\"http:\/\/wp.kristdemokraterna.se\/vasternorrland\/etiketter\/interpellation\/\">interpellation<\/a> \u00b7 <a href=\"http:\/\/wp.kristdemokraterna.se\/vasternorrland\/etiketter\/mona-lundqvist\/\">Mona Lundqvist<\/a> \u00b7 <a href=\"http:\/\/wp.kristdemokraterna.se\/vasternorrland\/etiketter\/samarbete\/\">samarbete<\/a><\/p>\n","protected":false},"excerpt":{"rendered":"<p>Mona Lundqvist \u00f6verl\u00e4mnade till ordf\u00f6rande en interpellation med f\u00f6ljande lydelse st\u00e4lld till landstingsstyrelsens ordf\u00f6rande: Efter ett bes\u00f6k p\u00e5 en v\u00e5rdcentral i L\u00e4net kan f\u00f6ljande fr\u00e5ga vara av intresse att f\u00e5 besvarad. Om det inom prim\u00e4rv\u00e5rden kommer ett behov av akut hj\u00e4lp fr\u00e5n Psykiatrin hur \u00e4r d\u00e5 ett samarbete m\u00f6jligt f\u00f6r att detta ska kunna ske <a class=\"read-more-link\" href=\"https:\/\/wp.kristdemokraterna.se\/vasternorrland\/interpellation-samarbetet-mellan-primarvarden-och-psykiatrin\/\">Read More<\/a><\/p>\n","protected":false},"author":787,"featured_media":0,"comment_status":"closed","ping_status":"closed","sticky":false,"template":"","format":"standard","meta":{"_acf_changed":false,"footnotes":""},"categories":[100,116],"tags":[543,39,484,256,612],"class_list":["post-139466","post","type-post","status-publish","format-standard","hentry","category-primarvard","category-psykiatri","tag-alla-inlagg","tag-interpellation","tag-mona-lundqvist","tag-primarvard","tag-samarbete"],"acf":[],"yoast_head":"<!-- This site is optimized with the Yoast SEO plugin v27.4 - https:\/\/yoast.com\/product\/yoast-seo-wordpress\/ -->\n<title>Interpellation: Samarbetet mellan prim\u00e4rv\u00e5rden och psykiatrin | KD V\u00e4sternorrland<\/title>\n<meta name=\"robots\" content=\"index, follow, max-snippet:-1, max-image-preview:large, max-video-preview:-1\" \/>\n<link rel=\"canonical\" href=\"https:\/\/wp.kristdemokraterna.se\/vasternorrland\/interpellation-samarbetet-mellan-primarvarden-och-psykiatrin\/\" \/>\n<meta property=\"og:locale\" content=\"sv_SE\" \/>\n<meta property=\"og:type\" content=\"article\" \/>\n<meta property=\"og:title\" content=\"Interpellation: Samarbetet mellan prim\u00e4rv\u00e5rden och psykiatrin | KD V\u00e4sternorrland\" \/>\n<meta property=\"og:description\" content=\"Mona Lundqvist \u00f6verl\u00e4mnade till ordf\u00f6rande en interpellation med f\u00f6ljande lydelse st\u00e4lld till landstingsstyrelsens ordf\u00f6rande: Efter ett bes\u00f6k p\u00e5 en v\u00e5rdcentral i L\u00e4net kan f\u00f6ljande fr\u00e5ga vara av intresse att f\u00e5 besvarad. Om det inom prim\u00e4rv\u00e5rden kommer ett behov av akut hj\u00e4lp fr\u00e5n Psykiatrin hur \u00e4r d\u00e5 ett samarbete m\u00f6jligt f\u00f6r att detta ska kunna ske Read More\" \/>\n<meta property=\"og:url\" content=\"https:\/\/wp.kristdemokraterna.se\/vasternorrland\/interpellation-samarbetet-mellan-primarvarden-och-psykiatrin\/\" \/>\n<meta property=\"og:site_name\" content=\"KD V\u00e4sternorrland\" \/>\n<meta property=\"article:publisher\" content=\"https:\/\/www.facebook.com\/kdrvn\/\" \/>\n<meta property=\"article:published_time\" content=\"2010-06-09T18:20:07+00:00\" \/>\n<meta property=\"article:modified_time\" content=\"2019-04-05T08:39:06+00:00\" \/>\n<meta name=\"author\" content=\"timra\" \/>\n<meta name=\"twitter:card\" content=\"summary_large_image\" \/>\n<meta name=\"twitter:label1\" content=\"Skriven av\" \/>\n\t<meta name=\"twitter:data1\" content=\"timra\" \/>\n\t<meta name=\"twitter:label2\" content=\"Ber\u00e4knad l\u00e4stid\" \/>\n\t<meta name=\"twitter:data2\" content=\"1 minut\" \/>\n<script type=\"application\/ld+json\" class=\"yoast-schema-graph\">{\"@context\":\"https:\\\/\\\/schema.org\",\"@graph\":[{\"@type\":\"Article\",\"@id\":\"https:\\\/\\\/wp.kristdemokraterna.se\\\/vasternorrland\\\/interpellation-samarbetet-mellan-primarvarden-och-psykiatrin\\\/#article\",\"isPartOf\":{\"@id\":\"https:\\\/\\\/wp.kristdemokraterna.se\\\/vasternorrland\\\/interpellation-samarbetet-mellan-primarvarden-och-psykiatrin\\\/\"},\"author\":{\"name\":\"timra\",\"@id\":\"https:\\\/\\\/wp.kristdemokraterna.se\\\/vasternorrland\\\/#\\\/schema\\\/person\\\/49784c93d3806490fb376f5a3b3dd4cd\"},\"headline\":\"Interpellation: Samarbetet mellan prim\u00e4rv\u00e5rden och psykiatrin\",\"datePublished\":\"2010-06-09T18:20:07+00:00\",\"dateModified\":\"2019-04-05T08:39:06+00:00\",\"mainEntityOfPage\":{\"@id\":\"https:\\\/\\\/wp.kristdemokraterna.se\\\/vasternorrland\\\/interpellation-samarbetet-mellan-primarvarden-och-psykiatrin\\\/\"},\"wordCount\":253,\"keywords\":[\"alla inl\u00e4gg\",\"interpellation\",\"Mona Lundqvist\",\"prim\u00e4rv\u00e5rd\",\"samarbete\"],\"articleSection\":[\"Prim\u00e4rv\u00e5rd\",\"Vuxenpsykiatri\"],\"inLanguage\":\"sv-SE\"},{\"@type\":\"WebPage\",\"@id\":\"https:\\\/\\\/wp.kristdemokraterna.se\\\/vasternorrland\\\/interpellation-samarbetet-mellan-primarvarden-och-psykiatrin\\\/\",\"url\":\"https:\\\/\\\/wp.kristdemokraterna.se\\\/vasternorrland\\\/interpellation-samarbetet-mellan-primarvarden-och-psykiatrin\\\/\",\"name\":\"Interpellation: Samarbetet mellan prim\u00e4rv\u00e5rden och psykiatrin | KD V\u00e4sternorrland\",\"isPartOf\":{\"@id\":\"https:\\\/\\\/wp.kristdemokraterna.se\\\/vasternorrland\\\/#website\"},\"datePublished\":\"2010-06-09T18:20:07+00:00\",\"dateModified\":\"2019-04-05T08:39:06+00:00\",\"author\":{\"@id\":\"https:\\\/\\\/wp.kristdemokraterna.se\\\/vasternorrland\\\/#\\\/schema\\\/person\\\/49784c93d3806490fb376f5a3b3dd4cd\"},\"breadcrumb\":{\"@id\":\"https:\\\/\\\/wp.kristdemokraterna.se\\\/vasternorrland\\\/interpellation-samarbetet-mellan-primarvarden-och-psykiatrin\\\/#breadcrumb\"},\"inLanguage\":\"sv-SE\",\"potentialAction\":[{\"@type\":\"ReadAction\",\"target\":[\"https:\\\/\\\/wp.kristdemokraterna.se\\\/vasternorrland\\\/interpellation-samarbetet-mellan-primarvarden-och-psykiatrin\\\/\"]}]},{\"@type\":\"BreadcrumbList\",\"@id\":\"https:\\\/\\\/wp.kristdemokraterna.se\\\/vasternorrland\\\/interpellation-samarbetet-mellan-primarvarden-och-psykiatrin\\\/#breadcrumb\",\"itemListElement\":[{\"@type\":\"ListItem\",\"position\":1,\"name\":\"Hem\",\"item\":\"https:\\\/\\\/wp.kristdemokraterna.se\\\/vasternorrland\\\/\"},{\"@type\":\"ListItem\",\"position\":2,\"name\":\"Interpellation: Samarbetet mellan prim\u00e4rv\u00e5rden och psykiatrin\"}]},{\"@type\":\"WebSite\",\"@id\":\"https:\\\/\\\/wp.kristdemokraterna.se\\\/vasternorrland\\\/#website\",\"url\":\"https:\\\/\\\/wp.kristdemokraterna.se\\\/vasternorrland\\\/\",\"name\":\"KD V\u00e4sternorrland\",\"description\":\"V\u00e5rda v\u00e5rden - utveckla prim\u00e4rv\u00e5rden\",\"inLanguage\":\"sv-SE\"},{\"@type\":\"Person\",\"@id\":\"https:\\\/\\\/wp.kristdemokraterna.se\\\/vasternorrland\\\/#\\\/schema\\\/person\\\/49784c93d3806490fb376f5a3b3dd4cd\",\"name\":\"timra\",\"image\":{\"@type\":\"ImageObject\",\"inLanguage\":\"sv-SE\",\"@id\":\"https:\\\/\\\/secure.gravatar.com\\\/avatar\\\/2d9a04bf0b09a2c8909797508e81e5c3faf9a9ba8962c579b9100cffe14b6f7b?s=96&r=g\",\"url\":\"https:\\\/\\\/secure.gravatar.com\\\/avatar\\\/2d9a04bf0b09a2c8909797508e81e5c3faf9a9ba8962c579b9100cffe14b6f7b?s=96&r=g\",\"contentUrl\":\"https:\\\/\\\/secure.gravatar.com\\\/avatar\\\/2d9a04bf0b09a2c8909797508e81e5c3faf9a9ba8962c579b9100cffe14b6f7b?s=96&r=g\",\"caption\":\"timra\"},\"url\":\"https:\\\/\\\/wp.kristdemokraterna.se\\\/vasternorrland\\\/author\\\/timra\\\/\"}]}<\/script>\n<!-- \/ Yoast SEO plugin. -->","yoast_head_json":{"title":"Interpellation: Samarbetet mellan prim\u00e4rv\u00e5rden och psykiatrin | KD V\u00e4sternorrland","robots":{"index":"index","follow":"follow","max-snippet":"max-snippet:-1","max-image-preview":"max-image-preview:large","max-video-preview":"max-video-preview:-1"},"canonical":"https:\/\/wp.kristdemokraterna.se\/vasternorrland\/interpellation-samarbetet-mellan-primarvarden-och-psykiatrin\/","og_locale":"sv_SE","og_type":"article","og_title":"Interpellation: Samarbetet mellan prim\u00e4rv\u00e5rden och psykiatrin | KD V\u00e4sternorrland","og_description":"Mona Lundqvist \u00f6verl\u00e4mnade till ordf\u00f6rande en interpellation med f\u00f6ljande lydelse st\u00e4lld till landstingsstyrelsens ordf\u00f6rande: Efter ett bes\u00f6k p\u00e5 en v\u00e5rdcentral i L\u00e4net kan f\u00f6ljande fr\u00e5ga vara av intresse att f\u00e5 besvarad. Om det inom prim\u00e4rv\u00e5rden kommer ett behov av akut hj\u00e4lp fr\u00e5n Psykiatrin hur \u00e4r d\u00e5 ett samarbete m\u00f6jligt f\u00f6r att detta ska kunna ske Read More","og_url":"https:\/\/wp.kristdemokraterna.se\/vasternorrland\/interpellation-samarbetet-mellan-primarvarden-och-psykiatrin\/","og_site_name":"KD V\u00e4sternorrland","article_publisher":"https:\/\/www.facebook.com\/kdrvn\/","article_published_time":"2010-06-09T18:20:07+00:00","article_modified_time":"2019-04-05T08:39:06+00:00","author":"timra","twitter_card":"summary_large_image","twitter_misc":{"Skriven av":"timra","Ber\u00e4knad l\u00e4stid":"1 minut"},"schema":{"@context":"https:\/\/schema.org","@graph":[{"@type":"Article","@id":"https:\/\/wp.kristdemokraterna.se\/vasternorrland\/interpellation-samarbetet-mellan-primarvarden-och-psykiatrin\/#article","isPartOf":{"@id":"https:\/\/wp.kristdemokraterna.se\/vasternorrland\/interpellation-samarbetet-mellan-primarvarden-och-psykiatrin\/"},"author":{"name":"timra","@id":"https:\/\/wp.kristdemokraterna.se\/vasternorrland\/#\/schema\/person\/49784c93d3806490fb376f5a3b3dd4cd"},"headline":"Interpellation: Samarbetet mellan prim\u00e4rv\u00e5rden och psykiatrin","datePublished":"2010-06-09T18:20:07+00:00","dateModified":"2019-04-05T08:39:06+00:00","mainEntityOfPage":{"@id":"https:\/\/wp.kristdemokraterna.se\/vasternorrland\/interpellation-samarbetet-mellan-primarvarden-och-psykiatrin\/"},"wordCount":253,"keywords":["alla inl\u00e4gg","interpellation","Mona Lundqvist","prim\u00e4rv\u00e5rd","samarbete"],"articleSection":["Prim\u00e4rv\u00e5rd","Vuxenpsykiatri"],"inLanguage":"sv-SE"},{"@type":"WebPage","@id":"https:\/\/wp.kristdemokraterna.se\/vasternorrland\/interpellation-samarbetet-mellan-primarvarden-och-psykiatrin\/","url":"https:\/\/wp.kristdemokraterna.se\/vasternorrland\/interpellation-samarbetet-mellan-primarvarden-och-psykiatrin\/","name":"Interpellation: Samarbetet mellan prim\u00e4rv\u00e5rden och psykiatrin | KD V\u00e4sternorrland","isPartOf":{"@id":"https:\/\/wp.kristdemokraterna.se\/vasternorrland\/#website"},"datePublished":"2010-06-09T18:20:07+00:00","dateModified":"2019-04-05T08:39:06+00:00","author":{"@id":"https:\/\/wp.kristdemokraterna.se\/vasternorrland\/#\/schema\/person\/49784c93d3806490fb376f5a3b3dd4cd"},"breadcrumb":{"@id":"https:\/\/wp.kristdemokraterna.se\/vasternorrland\/interpellation-samarbetet-mellan-primarvarden-och-psykiatrin\/#breadcrumb"},"inLanguage":"sv-SE","potentialAction":[{"@type":"ReadAction","target":["https:\/\/wp.kristdemokraterna.se\/vasternorrland\/interpellation-samarbetet-mellan-primarvarden-och-psykiatrin\/"]}]},{"@type":"BreadcrumbList","@id":"https:\/\/wp.kristdemokraterna.se\/vasternorrland\/interpellation-samarbetet-mellan-primarvarden-och-psykiatrin\/#breadcrumb","itemListElement":[{"@type":"ListItem","position":1,"name":"Hem","item":"https:\/\/wp.kristdemokraterna.se\/vasternorrland\/"},{"@type":"ListItem","position":2,"name":"Interpellation: Samarbetet mellan prim\u00e4rv\u00e5rden och psykiatrin"}]},{"@type":"WebSite","@id":"https:\/\/wp.kristdemokraterna.se\/vasternorrland\/#website","url":"https:\/\/wp.kristdemokraterna.se\/vasternorrland\/","name":"KD V\u00e4sternorrland","description":"V\u00e5rda v\u00e5rden - utveckla prim\u00e4rv\u00e5rden","inLanguage":"sv-SE"},{"@type":"Person","@id":"https:\/\/wp.kristdemokraterna.se\/vasternorrland\/#\/schema\/person\/49784c93d3806490fb376f5a3b3dd4cd","name":"timra","image":{"@type":"ImageObject","inLanguage":"sv-SE","@id":"https:\/\/secure.gravatar.com\/avatar\/2d9a04bf0b09a2c8909797508e81e5c3faf9a9ba8962c579b9100cffe14b6f7b?s=96&r=g","url":"https:\/\/secure.gravatar.com\/avatar\/2d9a04bf0b09a2c8909797508e81e5c3faf9a9ba8962c579b9100cffe14b6f7b?s=96&r=g","contentUrl":"https:\/\/secure.gravatar.com\/avatar\/2d9a04bf0b09a2c8909797508e81e5c3faf9a9ba8962c579b9100cffe14b6f7b?s=96&r=g","caption":"timra"},"url":"https:\/\/wp.kristdemokraterna.se\/vasternorrland\/author\/timra\/"}]}},"_links":{"self":[{"href":"https:\/\/wp.kristdemokraterna.se\/vasternorrland\/wp-json\/wp\/v2\/posts\/139466","targetHints":{"allow":["GET"]}}],"collection":[{"href":"https:\/\/wp.kristdemokraterna.se\/vasternorrland\/wp-json\/wp\/v2\/posts"}],"about":[{"href":"https:\/\/wp.kristdemokraterna.se\/vasternorrland\/wp-json\/wp\/v2\/types\/post"}],"author":[{"embeddable":true,"href":"https:\/\/wp.kristdemokraterna.se\/vasternorrland\/wp-json\/wp\/v2\/users\/787"}],"replies":[{"embeddable":true,"href":"https:\/\/wp.kristdemokraterna.se\/vasternorrland\/wp-json\/wp\/v2\/comments?post=139466"}],"version-history":[{"count":4,"href":"https:\/\/wp.kristdemokraterna.se\/vasternorrland\/wp-json\/wp\/v2\/posts\/139466\/revisions"}],"predecessor-version":[{"id":179967,"href":"https:\/\/wp.kristdemokraterna.se\/vasternorrland\/wp-json\/wp\/v2\/posts\/139466\/revisions\/179967"}],"wp:attachment":[{"href":"https:\/\/wp.kristdemokraterna.se\/vasternorrland\/wp-json\/wp\/v2\/media?parent=139466"}],"wp:term":[{"taxonomy":"category","embeddable":true,"href":"https:\/\/wp.kristdemokraterna.se\/vasternorrland\/wp-json\/wp\/v2\/categories?post=139466"},{"taxonomy":"post_tag","embeddable":true,"href":"https:\/\/wp.kristdemokraterna.se\/vasternorrland\/wp-json\/wp\/v2\/tags?post=139466"}],"curies":[{"name":"wp","href":"https:\/\/api.w.org\/{rel}","templated":true}]}}