{"id":139469,"date":"2010-06-23T20:23:34","date_gmt":"2010-06-23T18:23:34","guid":{"rendered":"http:\/\/wp.kristdemokraterna.se\/vasternorrland\/?p=139469"},"modified":"2019-04-04T14:30:20","modified_gmt":"2019-04-04T12:30:20","slug":"svar-pa-interpellation-om-samarbetet-mellan-primarvarden-och-psykiatrin","status":"publish","type":"post","link":"https:\/\/wp.kristdemokraterna.se\/vasternorrland\/svar-pa-interpellation-om-samarbetet-mellan-primarvarden-och-psykiatrin\/","title":{"rendered":"Svar p\u00e5 interpellation om samarbetet mellan prim\u00e4rv\u00e5rden och psykiatrin"},"content":{"rendered":"<p>Susanne Sundqvist, vice ordf\u00f6rande i h\u00e4lso- och sjukv\u00e5rdsdelegationen, l\u00e4mnade f\u00f6ljande svar p\u00e5 Mona Lundqvists interpellation om samarbetet mellan Prim\u00e4rv\u00e5rden och Psykiatrin:<\/p>\n<p><strong>L\u00e4nssjukhuset<\/strong><br \/>\nJa akut somatisk och psykiatrisk hj\u00e4lp kan alla medborgare f\u00e5 via akutmottagningarna\u00a0dygnet runt. Vid l\u00e4nssjukhuset finns en psykiatrisk akutmottagning med sjuksk\u00f6terska dygnet runt samt l\u00e4kare med prim\u00e4r- respektive bakjour.<\/p>\n<p>L\u00e4nssjukhusets kuratorsklinik har jourhavande kurator. Denna service har dock reducerats och har sedan februari 2010 upph\u00f6rt under jourtid, dvs. kv\u00e4llar, n\u00e4tter helger.<\/p>\n<p>I samband med en nyligen intr\u00e4ffad traumatisk h\u00e4ndelse uppdagades att det inte fungerade p\u00e5 allra b\u00e4sta s\u00e4tt. D\u00e4rf\u00f6r planerar man nu att skapa en rutin f\u00f6r att hantera akuta kriser. Fr\u00e5gan \u00e4r lyft till sjukhusledningen och prim\u00e4rv\u00e5rden f\u00f6rv\u00e4ntas ocks\u00e5 delta i arbetet. Alla psykiatriker vid l\u00e4nssjukhuset har tilldelats ett antal v\u00e5rdcentraler som man ska st\u00f6dja med konsultationer utifr\u00e5n de behov som finns p\u00e5 v\u00e5rdcentralen. P\u00e5 v\u00e5rdcentralerna finns<br \/>\nen lista med namn och telefonnummer till \u201dderas\u201d psykiatriker. Vid psykiatrikerns ledighet kan man ringa till bakjouren f\u00f6r \u201dakut konsultation\u201d.<\/p>\n<p><strong>\u00d6rnsk\u00f6ldsviks sjukhus<\/strong><br \/>\nH\u00e4r finns prim\u00e4rv\u00e5rdsjour och akutmottagning. Om jouren bed\u00f6mer att en person \u00e4r akut psykiskt sjuk skrivs patienten v.b. in i slutenv\u00e5rd i \u00d6vik eller \u00f6verf\u00f6rs till l\u00e4nssjukhuset. Rutiner finns f\u00f6r samverkan.<\/p>\n<p>Kopplat till akuten i \u00d6vik finns en vardagskrisgrupp som har beredskap och kan kallas in vid sv\u00e5ra traumatiska h\u00e4ndelser och st\u00f6dja de personer som drabbats. Vid en st\u00f6rre olycka\/h\u00e4ndelse kan ocks\u00e5 kommunens Posom-grupp engageras.<\/p>\n<p><strong>Sollefte\u00e5 sjukhus<\/strong><br \/>\nH\u00e4r finns prim\u00e4rv\u00e5rdsjour och akutmottagning. Jouren kan f\u00e5 st\u00f6d av psykiatrins mobila team som best\u00e5r av erfaren psykiatripersonal (dock ej psykiater) 09.00 \u2013 21.00 alla dagar. Under dagtid har psykiatriska mottagningarna akuta tider. Kl. 21.00 \u2013 08.00 v\u00e4nder sig prim\u00e4rv\u00e5rden till psykiatrins akutmottagning vid l\u00e4nssjukhuset.<\/p>\n<p><strong>Kompletterande information<\/strong><br \/>\nAkuta traumatiska h\u00e4ndelser \u00e4r inte en psykiatrisk angel\u00e4genhet utan betraktas som en normal reaktion p\u00e5 en exceptionell h\u00e4ndelse. F\u00f6r detta finns i sjukhusens katastrofplaner en organisation om hur omh\u00e4ndertagande ska g\u00e5 till.<\/p>\n<p>Psykiatrin kan inte avb\u00f6ja samverkan. Men ibland kan finnas olika tolkning mellan prim\u00e4rv\u00e5rden och psykiatrin om vem som ska ha ansvaret i ett \u00e4rende. En behandlingslinje f\u00f6r att omh\u00e4nderta kriser och annan psykisk sjuklighet b\u00f6r d\u00e4rf\u00f6r tas fram.<\/p>\n<p>En remiss ska betraktas som en patients\u00e4kerhetsfr\u00e5ga d\u00e4r ansvar och information f\u00f6rs fr\u00e5n<br \/>\nen l\u00e4kare till en annan.<\/p>\n<p>De lagar som styr v\u00e5r verksamhet ger st\u00f6d f\u00f6r ett adekvat omh\u00e4ndertagande i olika situationer.<\/p>\n<p>2010-06-23<\/p>\n<p>Susanne Sundqvist (V)<br \/>\nVice ordf\u00f6rande H\u00e4lso- och Sjukv\u00e5rdsdelegationen<\/p>\n<hr \/>\n<p>Mona Lundqvist tackade f\u00f6r svaret.<\/p>\n<p>Utdrag ur landstingsfullm\u00e4ktiges protokoll 23 juni 2010 \u00a7 137<\/p>\n<hr \/>\n<p><a href=\"http:\/\/wp.kristdemokraterna.se\/vasternorrland\/var-politik\/politikomraden\/primarvard\/\">Prim\u00e4rv\u00e5rd<\/a> \u00b7 <a href=\"http:\/\/wp.kristdemokraterna.se\/vasternorrland\/kategorier\/psykiatri\/\">Psykiatri<\/a> | <a href=\"http:\/\/wp.kristdemokraterna.se\/vasternorrland\/etiketter\/interpellationssvar\/\">interpellationssvar<\/a> \u00b7 <a href=\"http:\/\/wp.kristdemokraterna.se\/vasternorrland\/etiketter\/mona-lundqvist\/\">Mona Lundqvist<\/a> \u00b7 <a href=\"http:\/\/wp.kristdemokraterna.se\/vasternorrland\/etiketter\/samarbete\/\">samarbete<\/a><\/p>\n","protected":false},"excerpt":{"rendered":"<p>Susanne Sundqvist, vice ordf\u00f6rande i h\u00e4lso- och sjukv\u00e5rdsdelegationen, l\u00e4mnade f\u00f6ljande svar p\u00e5 Mona Lundqvists interpellation om samarbetet mellan Prim\u00e4rv\u00e5rden och Psykiatrin: L\u00e4nssjukhuset Ja akut somatisk och psykiatrisk hj\u00e4lp kan alla medborgare f\u00e5 via akutmottagningarna\u00a0dygnet runt. Vid l\u00e4nssjukhuset finns en psykiatrisk akutmottagning med sjuksk\u00f6terska dygnet runt samt l\u00e4kare med prim\u00e4r- respektive bakjour. L\u00e4nssjukhusets kuratorsklinik har jourhavande <a class=\"read-more-link\" href=\"https:\/\/wp.kristdemokraterna.se\/vasternorrland\/svar-pa-interpellation-om-samarbetet-mellan-primarvarden-och-psykiatrin\/\">Read More<\/a><\/p>\n","protected":false},"author":787,"featured_media":0,"comment_status":"closed","ping_status":"closed","sticky":false,"template":"","format":"standard","meta":{"_acf_changed":false,"footnotes":""},"categories":[100,116],"tags":[543,81,484,256],"class_list":["post-139469","post","type-post","status-publish","format-standard","hentry","category-primarvard","category-psykiatri","tag-alla-inlagg","tag-interpellationssvar","tag-mona-lundqvist","tag-primarvard"],"acf":[],"yoast_head":"<!-- This site is optimized with the Yoast SEO plugin v27.4 - https:\/\/yoast.com\/product\/yoast-seo-wordpress\/ -->\n<title>Svar p\u00e5 interpellation om samarbetet mellan prim\u00e4rv\u00e5rden och psykiatrin | KD V\u00e4sternorrland<\/title>\n<meta name=\"robots\" content=\"index, follow, max-snippet:-1, max-image-preview:large, max-video-preview:-1\" \/>\n<link rel=\"canonical\" href=\"https:\/\/wp.kristdemokraterna.se\/vasternorrland\/svar-pa-interpellation-om-samarbetet-mellan-primarvarden-och-psykiatrin\/\" \/>\n<meta property=\"og:locale\" content=\"sv_SE\" \/>\n<meta property=\"og:type\" content=\"article\" \/>\n<meta property=\"og:title\" content=\"Svar p\u00e5 interpellation om samarbetet mellan prim\u00e4rv\u00e5rden och psykiatrin | KD V\u00e4sternorrland\" \/>\n<meta property=\"og:description\" content=\"Susanne Sundqvist, vice ordf\u00f6rande i h\u00e4lso- och sjukv\u00e5rdsdelegationen, l\u00e4mnade f\u00f6ljande svar p\u00e5 Mona Lundqvists interpellation om samarbetet mellan Prim\u00e4rv\u00e5rden och Psykiatrin: L\u00e4nssjukhuset Ja akut somatisk och psykiatrisk hj\u00e4lp kan alla medborgare f\u00e5 via akutmottagningarna\u00a0dygnet runt. Vid l\u00e4nssjukhuset finns en psykiatrisk akutmottagning med sjuksk\u00f6terska dygnet runt samt l\u00e4kare med prim\u00e4r- respektive bakjour. L\u00e4nssjukhusets kuratorsklinik har jourhavande Read More\" \/>\n<meta property=\"og:url\" content=\"https:\/\/wp.kristdemokraterna.se\/vasternorrland\/svar-pa-interpellation-om-samarbetet-mellan-primarvarden-och-psykiatrin\/\" \/>\n<meta property=\"og:site_name\" content=\"KD V\u00e4sternorrland\" \/>\n<meta property=\"article:publisher\" content=\"https:\/\/www.facebook.com\/kdrvn\/\" \/>\n<meta property=\"article:published_time\" content=\"2010-06-23T18:23:34+00:00\" \/>\n<meta property=\"article:modified_time\" content=\"2019-04-04T12:30:20+00:00\" \/>\n<meta name=\"author\" content=\"timra\" \/>\n<meta name=\"twitter:card\" content=\"summary_large_image\" \/>\n<meta name=\"twitter:label1\" content=\"Skriven av\" \/>\n\t<meta name=\"twitter:data1\" content=\"timra\" \/>\n\t<meta name=\"twitter:label2\" content=\"Ber\u00e4knad l\u00e4stid\" \/>\n\t<meta name=\"twitter:data2\" content=\"2 minuter\" \/>\n<script type=\"application\/ld+json\" class=\"yoast-schema-graph\">{\"@context\":\"https:\\\/\\\/schema.org\",\"@graph\":[{\"@type\":\"Article\",\"@id\":\"https:\\\/\\\/wp.kristdemokraterna.se\\\/vasternorrland\\\/svar-pa-interpellation-om-samarbetet-mellan-primarvarden-och-psykiatrin\\\/#article\",\"isPartOf\":{\"@id\":\"https:\\\/\\\/wp.kristdemokraterna.se\\\/vasternorrland\\\/svar-pa-interpellation-om-samarbetet-mellan-primarvarden-och-psykiatrin\\\/\"},\"author\":{\"name\":\"timra\",\"@id\":\"https:\\\/\\\/wp.kristdemokraterna.se\\\/vasternorrland\\\/#\\\/schema\\\/person\\\/49784c93d3806490fb376f5a3b3dd4cd\"},\"headline\":\"Svar p\u00e5 interpellation om samarbetet mellan prim\u00e4rv\u00e5rden och psykiatrin\",\"datePublished\":\"2010-06-23T18:23:34+00:00\",\"dateModified\":\"2019-04-04T12:30:20+00:00\",\"mainEntityOfPage\":{\"@id\":\"https:\\\/\\\/wp.kristdemokraterna.se\\\/vasternorrland\\\/svar-pa-interpellation-om-samarbetet-mellan-primarvarden-och-psykiatrin\\\/\"},\"wordCount\":501,\"keywords\":[\"alla inl\u00e4gg\",\"interpellationssvar\",\"Mona Lundqvist\",\"prim\u00e4rv\u00e5rd\"],\"articleSection\":[\"Prim\u00e4rv\u00e5rd\",\"Vuxenpsykiatri\"],\"inLanguage\":\"sv-SE\"},{\"@type\":\"WebPage\",\"@id\":\"https:\\\/\\\/wp.kristdemokraterna.se\\\/vasternorrland\\\/svar-pa-interpellation-om-samarbetet-mellan-primarvarden-och-psykiatrin\\\/\",\"url\":\"https:\\\/\\\/wp.kristdemokraterna.se\\\/vasternorrland\\\/svar-pa-interpellation-om-samarbetet-mellan-primarvarden-och-psykiatrin\\\/\",\"name\":\"Svar p\u00e5 interpellation om samarbetet mellan prim\u00e4rv\u00e5rden och psykiatrin | KD V\u00e4sternorrland\",\"isPartOf\":{\"@id\":\"https:\\\/\\\/wp.kristdemokraterna.se\\\/vasternorrland\\\/#website\"},\"datePublished\":\"2010-06-23T18:23:34+00:00\",\"dateModified\":\"2019-04-04T12:30:20+00:00\",\"author\":{\"@id\":\"https:\\\/\\\/wp.kristdemokraterna.se\\\/vasternorrland\\\/#\\\/schema\\\/person\\\/49784c93d3806490fb376f5a3b3dd4cd\"},\"breadcrumb\":{\"@id\":\"https:\\\/\\\/wp.kristdemokraterna.se\\\/vasternorrland\\\/svar-pa-interpellation-om-samarbetet-mellan-primarvarden-och-psykiatrin\\\/#breadcrumb\"},\"inLanguage\":\"sv-SE\",\"potentialAction\":[{\"@type\":\"ReadAction\",\"target\":[\"https:\\\/\\\/wp.kristdemokraterna.se\\\/vasternorrland\\\/svar-pa-interpellation-om-samarbetet-mellan-primarvarden-och-psykiatrin\\\/\"]}]},{\"@type\":\"BreadcrumbList\",\"@id\":\"https:\\\/\\\/wp.kristdemokraterna.se\\\/vasternorrland\\\/svar-pa-interpellation-om-samarbetet-mellan-primarvarden-och-psykiatrin\\\/#breadcrumb\",\"itemListElement\":[{\"@type\":\"ListItem\",\"position\":1,\"name\":\"Hem\",\"item\":\"https:\\\/\\\/wp.kristdemokraterna.se\\\/vasternorrland\\\/\"},{\"@type\":\"ListItem\",\"position\":2,\"name\":\"Svar p\u00e5 interpellation om samarbetet mellan prim\u00e4rv\u00e5rden och psykiatrin\"}]},{\"@type\":\"WebSite\",\"@id\":\"https:\\\/\\\/wp.kristdemokraterna.se\\\/vasternorrland\\\/#website\",\"url\":\"https:\\\/\\\/wp.kristdemokraterna.se\\\/vasternorrland\\\/\",\"name\":\"KD V\u00e4sternorrland\",\"description\":\"V\u00e5rda v\u00e5rden - utveckla prim\u00e4rv\u00e5rden\",\"inLanguage\":\"sv-SE\"},{\"@type\":\"Person\",\"@id\":\"https:\\\/\\\/wp.kristdemokraterna.se\\\/vasternorrland\\\/#\\\/schema\\\/person\\\/49784c93d3806490fb376f5a3b3dd4cd\",\"name\":\"timra\",\"image\":{\"@type\":\"ImageObject\",\"inLanguage\":\"sv-SE\",\"@id\":\"https:\\\/\\\/secure.gravatar.com\\\/avatar\\\/2d9a04bf0b09a2c8909797508e81e5c3faf9a9ba8962c579b9100cffe14b6f7b?s=96&r=g\",\"url\":\"https:\\\/\\\/secure.gravatar.com\\\/avatar\\\/2d9a04bf0b09a2c8909797508e81e5c3faf9a9ba8962c579b9100cffe14b6f7b?s=96&r=g\",\"contentUrl\":\"https:\\\/\\\/secure.gravatar.com\\\/avatar\\\/2d9a04bf0b09a2c8909797508e81e5c3faf9a9ba8962c579b9100cffe14b6f7b?s=96&r=g\",\"caption\":\"timra\"},\"url\":\"https:\\\/\\\/wp.kristdemokraterna.se\\\/vasternorrland\\\/author\\\/timra\\\/\"}]}<\/script>\n<!-- \/ Yoast SEO plugin. -->","yoast_head_json":{"title":"Svar p\u00e5 interpellation om samarbetet mellan prim\u00e4rv\u00e5rden och psykiatrin | KD V\u00e4sternorrland","robots":{"index":"index","follow":"follow","max-snippet":"max-snippet:-1","max-image-preview":"max-image-preview:large","max-video-preview":"max-video-preview:-1"},"canonical":"https:\/\/wp.kristdemokraterna.se\/vasternorrland\/svar-pa-interpellation-om-samarbetet-mellan-primarvarden-och-psykiatrin\/","og_locale":"sv_SE","og_type":"article","og_title":"Svar p\u00e5 interpellation om samarbetet mellan prim\u00e4rv\u00e5rden och psykiatrin | KD V\u00e4sternorrland","og_description":"Susanne Sundqvist, vice ordf\u00f6rande i h\u00e4lso- och sjukv\u00e5rdsdelegationen, l\u00e4mnade f\u00f6ljande svar p\u00e5 Mona Lundqvists interpellation om samarbetet mellan Prim\u00e4rv\u00e5rden och Psykiatrin: L\u00e4nssjukhuset Ja akut somatisk och psykiatrisk hj\u00e4lp kan alla medborgare f\u00e5 via akutmottagningarna\u00a0dygnet runt. Vid l\u00e4nssjukhuset finns en psykiatrisk akutmottagning med sjuksk\u00f6terska dygnet runt samt l\u00e4kare med prim\u00e4r- respektive bakjour. L\u00e4nssjukhusets kuratorsklinik har jourhavande Read More","og_url":"https:\/\/wp.kristdemokraterna.se\/vasternorrland\/svar-pa-interpellation-om-samarbetet-mellan-primarvarden-och-psykiatrin\/","og_site_name":"KD V\u00e4sternorrland","article_publisher":"https:\/\/www.facebook.com\/kdrvn\/","article_published_time":"2010-06-23T18:23:34+00:00","article_modified_time":"2019-04-04T12:30:20+00:00","author":"timra","twitter_card":"summary_large_image","twitter_misc":{"Skriven av":"timra","Ber\u00e4knad l\u00e4stid":"2 minuter"},"schema":{"@context":"https:\/\/schema.org","@graph":[{"@type":"Article","@id":"https:\/\/wp.kristdemokraterna.se\/vasternorrland\/svar-pa-interpellation-om-samarbetet-mellan-primarvarden-och-psykiatrin\/#article","isPartOf":{"@id":"https:\/\/wp.kristdemokraterna.se\/vasternorrland\/svar-pa-interpellation-om-samarbetet-mellan-primarvarden-och-psykiatrin\/"},"author":{"name":"timra","@id":"https:\/\/wp.kristdemokraterna.se\/vasternorrland\/#\/schema\/person\/49784c93d3806490fb376f5a3b3dd4cd"},"headline":"Svar p\u00e5 interpellation om samarbetet mellan prim\u00e4rv\u00e5rden och psykiatrin","datePublished":"2010-06-23T18:23:34+00:00","dateModified":"2019-04-04T12:30:20+00:00","mainEntityOfPage":{"@id":"https:\/\/wp.kristdemokraterna.se\/vasternorrland\/svar-pa-interpellation-om-samarbetet-mellan-primarvarden-och-psykiatrin\/"},"wordCount":501,"keywords":["alla inl\u00e4gg","interpellationssvar","Mona Lundqvist","prim\u00e4rv\u00e5rd"],"articleSection":["Prim\u00e4rv\u00e5rd","Vuxenpsykiatri"],"inLanguage":"sv-SE"},{"@type":"WebPage","@id":"https:\/\/wp.kristdemokraterna.se\/vasternorrland\/svar-pa-interpellation-om-samarbetet-mellan-primarvarden-och-psykiatrin\/","url":"https:\/\/wp.kristdemokraterna.se\/vasternorrland\/svar-pa-interpellation-om-samarbetet-mellan-primarvarden-och-psykiatrin\/","name":"Svar p\u00e5 interpellation om samarbetet mellan prim\u00e4rv\u00e5rden och psykiatrin | KD V\u00e4sternorrland","isPartOf":{"@id":"https:\/\/wp.kristdemokraterna.se\/vasternorrland\/#website"},"datePublished":"2010-06-23T18:23:34+00:00","dateModified":"2019-04-04T12:30:20+00:00","author":{"@id":"https:\/\/wp.kristdemokraterna.se\/vasternorrland\/#\/schema\/person\/49784c93d3806490fb376f5a3b3dd4cd"},"breadcrumb":{"@id":"https:\/\/wp.kristdemokraterna.se\/vasternorrland\/svar-pa-interpellation-om-samarbetet-mellan-primarvarden-och-psykiatrin\/#breadcrumb"},"inLanguage":"sv-SE","potentialAction":[{"@type":"ReadAction","target":["https:\/\/wp.kristdemokraterna.se\/vasternorrland\/svar-pa-interpellation-om-samarbetet-mellan-primarvarden-och-psykiatrin\/"]}]},{"@type":"BreadcrumbList","@id":"https:\/\/wp.kristdemokraterna.se\/vasternorrland\/svar-pa-interpellation-om-samarbetet-mellan-primarvarden-och-psykiatrin\/#breadcrumb","itemListElement":[{"@type":"ListItem","position":1,"name":"Hem","item":"https:\/\/wp.kristdemokraterna.se\/vasternorrland\/"},{"@type":"ListItem","position":2,"name":"Svar p\u00e5 interpellation om samarbetet mellan prim\u00e4rv\u00e5rden och psykiatrin"}]},{"@type":"WebSite","@id":"https:\/\/wp.kristdemokraterna.se\/vasternorrland\/#website","url":"https:\/\/wp.kristdemokraterna.se\/vasternorrland\/","name":"KD V\u00e4sternorrland","description":"V\u00e5rda v\u00e5rden - utveckla prim\u00e4rv\u00e5rden","inLanguage":"sv-SE"},{"@type":"Person","@id":"https:\/\/wp.kristdemokraterna.se\/vasternorrland\/#\/schema\/person\/49784c93d3806490fb376f5a3b3dd4cd","name":"timra","image":{"@type":"ImageObject","inLanguage":"sv-SE","@id":"https:\/\/secure.gravatar.com\/avatar\/2d9a04bf0b09a2c8909797508e81e5c3faf9a9ba8962c579b9100cffe14b6f7b?s=96&r=g","url":"https:\/\/secure.gravatar.com\/avatar\/2d9a04bf0b09a2c8909797508e81e5c3faf9a9ba8962c579b9100cffe14b6f7b?s=96&r=g","contentUrl":"https:\/\/secure.gravatar.com\/avatar\/2d9a04bf0b09a2c8909797508e81e5c3faf9a9ba8962c579b9100cffe14b6f7b?s=96&r=g","caption":"timra"},"url":"https:\/\/wp.kristdemokraterna.se\/vasternorrland\/author\/timra\/"}]}},"_links":{"self":[{"href":"https:\/\/wp.kristdemokraterna.se\/vasternorrland\/wp-json\/wp\/v2\/posts\/139469","targetHints":{"allow":["GET"]}}],"collection":[{"href":"https:\/\/wp.kristdemokraterna.se\/vasternorrland\/wp-json\/wp\/v2\/posts"}],"about":[{"href":"https:\/\/wp.kristdemokraterna.se\/vasternorrland\/wp-json\/wp\/v2\/types\/post"}],"author":[{"embeddable":true,"href":"https:\/\/wp.kristdemokraterna.se\/vasternorrland\/wp-json\/wp\/v2\/users\/787"}],"replies":[{"embeddable":true,"href":"https:\/\/wp.kristdemokraterna.se\/vasternorrland\/wp-json\/wp\/v2\/comments?post=139469"}],"version-history":[{"count":4,"href":"https:\/\/wp.kristdemokraterna.se\/vasternorrland\/wp-json\/wp\/v2\/posts\/139469\/revisions"}],"predecessor-version":[{"id":179761,"href":"https:\/\/wp.kristdemokraterna.se\/vasternorrland\/wp-json\/wp\/v2\/posts\/139469\/revisions\/179761"}],"wp:attachment":[{"href":"https:\/\/wp.kristdemokraterna.se\/vasternorrland\/wp-json\/wp\/v2\/media?parent=139469"}],"wp:term":[{"taxonomy":"category","embeddable":true,"href":"https:\/\/wp.kristdemokraterna.se\/vasternorrland\/wp-json\/wp\/v2\/categories?post=139469"},{"taxonomy":"post_tag","embeddable":true,"href":"https:\/\/wp.kristdemokraterna.se\/vasternorrland\/wp-json\/wp\/v2\/tags?post=139469"}],"curies":[{"name":"wp","href":"https:\/\/api.w.org\/{rel}","templated":true}]}}