{"id":142765,"date":"2012-10-02T19:07:47","date_gmt":"2012-10-02T17:07:47","guid":{"rendered":"http:\/\/wp.kristdemokraterna.se\/vasternorrland\/?p=142765"},"modified":"2021-11-17T15:10:34","modified_gmt":"2021-11-17T14:10:34","slug":"prisa-gud-har-kommer-skatteaterbaringen","status":"publish","type":"post","link":"https:\/\/wp.kristdemokraterna.se\/vasternorrland\/prisa-gud-har-kommer-skatteaterbaringen\/","title":{"rendered":"Prisa gud h\u00e4r kommer skatte\u00e5terb\u00e4ringen"},"content":{"rendered":"<p>Replik p\u00e5 ins\u00e4ndare &#8221;En riktig hycklare&#8221; av signaturen Robin Hood i \u00d6A 25\/9 T\u00c5 26\/9:<\/p>\n<p>Ins\u00e4ndarsignaturen Robin Hood har angripit mig med p\u00e5st\u00e5endet att jag hymlar med sanningen och \u00e4r en hycklare.<\/p>\n<p>Jag b\u00f6rjar med att konstatera att signaturen Robin Hood och jag \u00e4r r\u00f6rande \u00f6verens om m\u00e5let, n\u00e4mligen att skillnaden i skatt p\u00e5 l\u00f6neinkomster och pension ska utraderas p\u00e5 sikt. Tyv\u00e4rr n\u00e5r vi inte dit p\u00e5 en g\u00e5ng utan m\u00e5ste g\u00f6ra det i den takt statsfinanserna till\u00e5ter.<\/p>\n<p>Jobbskatteavdraget har banat v\u00e4g f\u00f6r de skattes\u00e4nkningar som hittills skett f\u00f6r pension\u00e4rerna. Det har bidragit till \u00f6kat reformutrymme att kunna s\u00e4nka skatten \u00e4ven f\u00f6r pension\u00e4rerna. Sammanlagt har vi nu s\u00e4nkt skatten f\u00f6r pension\u00e4rer med 14 miljarder vilket motsvarar mellan 6800 och 10200 kronor per \u00e5r. Det \u00e4r verkligen inga peanuts.<\/p>\n<p>Det \u00e4r en trettonde m\u00e5nadspension varje \u00e5r f\u00f6r en garantipension\u00e4r. Socialdemokraterna regerade i 12 \u00e5r mellan 1994 och 2006 och levererade noll kronor i skattes\u00e4nkningar f\u00f6r pension\u00e4rerna. Vad r\u00e4ttvisa skatter \u00e4r kan man fundera mycket kring. Men ett \u00e4r s\u00e4kert. Alliansregeringen s\u00e4nker skatterna b\u00e5de f\u00f6r de som arbetar och pension\u00e4rer om \u00e4n i olika takt.<\/p>\n<p>Signaturen Robin Hood signalerar att h\u00f6g och lika skatt \u00e4r mer r\u00e4ttvist \u00e4n successivt l\u00e4gre skatt f\u00f6r alla.<\/p>\n<p>Kristdemokratisk r\u00e4ttvisa \u00e4r n\u00e4r utrymmet allteftersom kan \u00f6ka f\u00f6r fler och fler att kunna g\u00f6ra sina egna val vid k\u00f6ksborden. &#8221;Prisa gud h\u00e4r kommer skatte\u00e5terb\u00e4ringen&#8221; \u00e4r ett klassiskt citat som varje \u00e5r kan h\u00f6ras p\u00e5 julafton n\u00e4r Kalle och hans v\u00e4nner \u00f6nskar oss alla en god jul. I ett avsnitt lyckas Robin Hood ta tillbaka guldmynten som kungen genom f\u00f6r h\u00f6g beskattning tagit ut av folket. Det citatet borde signaturen Robin Hood anv\u00e4nda sig av ist\u00e4llet.<\/p>\n<p>Vi ger nu pension\u00e4rerna successivt \u00f6kat utrymme att sj\u00e4lva best\u00e4mma \u00f6ver sina liv genom allt l\u00e4gre skatter. Det \u00e4r fakta och det \u00e4r inget vi kristdemokrater hymlar om.<\/p>\n<p>Anders Sellstr\u00f6m (KD)<br \/>\nRiksdagsledamot och ekonomisk talesperson<\/p>\n<hr \/>\n<p><a href=\"http:\/\/wp.kristdemokraterna.se\/vasternorrland\/var-politik\/politikomraden\/ekonomi-skatter\/\">Ekonomi\/skatter<\/a> | <a href=\"http:\/\/wp.kristdemokraterna.se\/vasternorrland\/etiketter\/anders-sellstrom\/\">Anders Sellstr\u00f6m<\/a> \u00b7 <a href=\"http:\/\/wp.kristdemokraterna.se\/vasternorrland\/etiketter\/insandare\/\">ins\u00e4ndare<\/a> \u00b7 <a href=\"http:\/\/wp.kristdemokraterna.se\/vasternorrland\/etiketter\/pension\/\">pension<\/a> \u00b7 <a href=\"http:\/\/wp.kristdemokraterna.se\/vasternorrland\/etiketter\/pensionar\/\">pension\u00e4r<\/a> \u00b7 <a href=\"http:\/\/wp.kristdemokraterna.se\/vasternorrland\/etiketter\/skatteaterbaring\/\">skatte\u00e5terb\u00e4ring<\/a><\/p>\n","protected":false},"excerpt":{"rendered":"<p>Replik p\u00e5 ins\u00e4ndare &#8221;En riktig hycklare&#8221; av signaturen Robin Hood i \u00d6A 25\/9 T\u00c5 26\/9: Ins\u00e4ndarsignaturen Robin Hood har angripit mig med p\u00e5st\u00e5endet att jag hymlar med sanningen och \u00e4r en hycklare. Jag b\u00f6rjar med att konstatera att signaturen Robin Hood och jag \u00e4r r\u00f6rande \u00f6verens om m\u00e5let, n\u00e4mligen att skillnaden i skatt p\u00e5 l\u00f6neinkomster <a class=\"read-more-link\" href=\"https:\/\/wp.kristdemokraterna.se\/vasternorrland\/prisa-gud-har-kommer-skatteaterbaringen\/\">Read More<\/a><\/p>\n","protected":false},"author":787,"featured_media":0,"comment_status":"closed","ping_status":"closed","sticky":false,"template":"","format":"standard","meta":{"_acf_changed":false,"footnotes":""},"categories":[544,727,1356],"tags":[543,505,1206,403,421,507,1278],"class_list":["post-142765","post","type-post","status-publish","format-standard","hentry","category-ekonomi","category-nyheter","category-skatter","tag-alla-inlagg","tag-anders-sellstrom","tag-ekonomi-skatter","tag-insandare","tag-pension","tag-pensionar","tag-skatter"],"acf":[],"yoast_head":"<!-- This site is optimized with the Yoast SEO plugin v27.4 - https:\/\/yoast.com\/product\/yoast-seo-wordpress\/ -->\n<title>Prisa gud h\u00e4r kommer skatte\u00e5terb\u00e4ringen | KD V\u00e4sternorrland<\/title>\n<meta name=\"robots\" content=\"index, follow, max-snippet:-1, max-image-preview:large, max-video-preview:-1\" \/>\n<link rel=\"canonical\" href=\"https:\/\/wp.kristdemokraterna.se\/vasternorrland\/prisa-gud-har-kommer-skatteaterbaringen\/\" \/>\n<meta property=\"og:locale\" content=\"sv_SE\" \/>\n<meta property=\"og:type\" content=\"article\" \/>\n<meta property=\"og:title\" content=\"Prisa gud h\u00e4r kommer skatte\u00e5terb\u00e4ringen | KD V\u00e4sternorrland\" \/>\n<meta property=\"og:description\" content=\"Replik p\u00e5 ins\u00e4ndare &#8221;En riktig hycklare&#8221; av signaturen Robin Hood i \u00d6A 25\/9 T\u00c5 26\/9: Ins\u00e4ndarsignaturen Robin Hood har angripit mig med p\u00e5st\u00e5endet att jag hymlar med sanningen och \u00e4r en hycklare. Jag b\u00f6rjar med att konstatera att signaturen Robin Hood och jag \u00e4r r\u00f6rande \u00f6verens om m\u00e5let, n\u00e4mligen att skillnaden i skatt p\u00e5 l\u00f6neinkomster Read More\" \/>\n<meta property=\"og:url\" content=\"https:\/\/wp.kristdemokraterna.se\/vasternorrland\/prisa-gud-har-kommer-skatteaterbaringen\/\" \/>\n<meta property=\"og:site_name\" content=\"KD V\u00e4sternorrland\" \/>\n<meta property=\"article:publisher\" content=\"https:\/\/www.facebook.com\/kdrvn\/\" \/>\n<meta property=\"article:published_time\" content=\"2012-10-02T17:07:47+00:00\" \/>\n<meta property=\"article:modified_time\" content=\"2021-11-17T14:10:34+00:00\" \/>\n<meta name=\"author\" content=\"timra\" \/>\n<meta name=\"twitter:card\" content=\"summary_large_image\" \/>\n<meta name=\"twitter:label1\" content=\"Skriven av\" \/>\n\t<meta name=\"twitter:data1\" content=\"timra\" \/>\n\t<meta name=\"twitter:label2\" content=\"Ber\u00e4knad l\u00e4stid\" \/>\n\t<meta name=\"twitter:data2\" content=\"2 minuter\" \/>\n<script type=\"application\/ld+json\" class=\"yoast-schema-graph\">{\"@context\":\"https:\\\/\\\/schema.org\",\"@graph\":[{\"@type\":\"Article\",\"@id\":\"https:\\\/\\\/wp.kristdemokraterna.se\\\/vasternorrland\\\/prisa-gud-har-kommer-skatteaterbaringen\\\/#article\",\"isPartOf\":{\"@id\":\"https:\\\/\\\/wp.kristdemokraterna.se\\\/vasternorrland\\\/prisa-gud-har-kommer-skatteaterbaringen\\\/\"},\"author\":{\"name\":\"timra\",\"@id\":\"https:\\\/\\\/wp.kristdemokraterna.se\\\/vasternorrland\\\/#\\\/schema\\\/person\\\/49784c93d3806490fb376f5a3b3dd4cd\"},\"headline\":\"Prisa gud h\u00e4r kommer skatte\u00e5terb\u00e4ringen\",\"datePublished\":\"2012-10-02T17:07:47+00:00\",\"dateModified\":\"2021-11-17T14:10:34+00:00\",\"mainEntityOfPage\":{\"@id\":\"https:\\\/\\\/wp.kristdemokraterna.se\\\/vasternorrland\\\/prisa-gud-har-kommer-skatteaterbaringen\\\/\"},\"wordCount\":387,\"keywords\":[\"alla inl\u00e4gg\",\"Anders Sellstr\u00f6m\",\"ekonomi\\\/skatter\",\"ins\u00e4ndare\",\"pension\",\"pension\u00e4r\",\"skatter\"],\"articleSection\":[\"Ekonomi\\\/skatter\",\"Nyheter\",\"Skatter\"],\"inLanguage\":\"sv-SE\"},{\"@type\":\"WebPage\",\"@id\":\"https:\\\/\\\/wp.kristdemokraterna.se\\\/vasternorrland\\\/prisa-gud-har-kommer-skatteaterbaringen\\\/\",\"url\":\"https:\\\/\\\/wp.kristdemokraterna.se\\\/vasternorrland\\\/prisa-gud-har-kommer-skatteaterbaringen\\\/\",\"name\":\"Prisa gud h\u00e4r kommer skatte\u00e5terb\u00e4ringen | KD V\u00e4sternorrland\",\"isPartOf\":{\"@id\":\"https:\\\/\\\/wp.kristdemokraterna.se\\\/vasternorrland\\\/#website\"},\"datePublished\":\"2012-10-02T17:07:47+00:00\",\"dateModified\":\"2021-11-17T14:10:34+00:00\",\"author\":{\"@id\":\"https:\\\/\\\/wp.kristdemokraterna.se\\\/vasternorrland\\\/#\\\/schema\\\/person\\\/49784c93d3806490fb376f5a3b3dd4cd\"},\"breadcrumb\":{\"@id\":\"https:\\\/\\\/wp.kristdemokraterna.se\\\/vasternorrland\\\/prisa-gud-har-kommer-skatteaterbaringen\\\/#breadcrumb\"},\"inLanguage\":\"sv-SE\",\"potentialAction\":[{\"@type\":\"ReadAction\",\"target\":[\"https:\\\/\\\/wp.kristdemokraterna.se\\\/vasternorrland\\\/prisa-gud-har-kommer-skatteaterbaringen\\\/\"]}]},{\"@type\":\"BreadcrumbList\",\"@id\":\"https:\\\/\\\/wp.kristdemokraterna.se\\\/vasternorrland\\\/prisa-gud-har-kommer-skatteaterbaringen\\\/#breadcrumb\",\"itemListElement\":[{\"@type\":\"ListItem\",\"position\":1,\"name\":\"Hem\",\"item\":\"https:\\\/\\\/wp.kristdemokraterna.se\\\/vasternorrland\\\/\"},{\"@type\":\"ListItem\",\"position\":2,\"name\":\"Prisa gud h\u00e4r kommer skatte\u00e5terb\u00e4ringen\"}]},{\"@type\":\"WebSite\",\"@id\":\"https:\\\/\\\/wp.kristdemokraterna.se\\\/vasternorrland\\\/#website\",\"url\":\"https:\\\/\\\/wp.kristdemokraterna.se\\\/vasternorrland\\\/\",\"name\":\"KD V\u00e4sternorrland\",\"description\":\"V\u00e5rda v\u00e5rden - utveckla prim\u00e4rv\u00e5rden\",\"inLanguage\":\"sv-SE\"},{\"@type\":\"Person\",\"@id\":\"https:\\\/\\\/wp.kristdemokraterna.se\\\/vasternorrland\\\/#\\\/schema\\\/person\\\/49784c93d3806490fb376f5a3b3dd4cd\",\"name\":\"timra\",\"image\":{\"@type\":\"ImageObject\",\"inLanguage\":\"sv-SE\",\"@id\":\"https:\\\/\\\/secure.gravatar.com\\\/avatar\\\/2d9a04bf0b09a2c8909797508e81e5c3faf9a9ba8962c579b9100cffe14b6f7b?s=96&r=g\",\"url\":\"https:\\\/\\\/secure.gravatar.com\\\/avatar\\\/2d9a04bf0b09a2c8909797508e81e5c3faf9a9ba8962c579b9100cffe14b6f7b?s=96&r=g\",\"contentUrl\":\"https:\\\/\\\/secure.gravatar.com\\\/avatar\\\/2d9a04bf0b09a2c8909797508e81e5c3faf9a9ba8962c579b9100cffe14b6f7b?s=96&r=g\",\"caption\":\"timra\"},\"url\":\"https:\\\/\\\/wp.kristdemokraterna.se\\\/vasternorrland\\\/author\\\/timra\\\/\"}]}<\/script>\n<!-- \/ Yoast SEO plugin. -->","yoast_head_json":{"title":"Prisa gud h\u00e4r kommer skatte\u00e5terb\u00e4ringen | KD V\u00e4sternorrland","robots":{"index":"index","follow":"follow","max-snippet":"max-snippet:-1","max-image-preview":"max-image-preview:large","max-video-preview":"max-video-preview:-1"},"canonical":"https:\/\/wp.kristdemokraterna.se\/vasternorrland\/prisa-gud-har-kommer-skatteaterbaringen\/","og_locale":"sv_SE","og_type":"article","og_title":"Prisa gud h\u00e4r kommer skatte\u00e5terb\u00e4ringen | KD V\u00e4sternorrland","og_description":"Replik p\u00e5 ins\u00e4ndare &#8221;En riktig hycklare&#8221; av signaturen Robin Hood i \u00d6A 25\/9 T\u00c5 26\/9: Ins\u00e4ndarsignaturen Robin Hood har angripit mig med p\u00e5st\u00e5endet att jag hymlar med sanningen och \u00e4r en hycklare. Jag b\u00f6rjar med att konstatera att signaturen Robin Hood och jag \u00e4r r\u00f6rande \u00f6verens om m\u00e5let, n\u00e4mligen att skillnaden i skatt p\u00e5 l\u00f6neinkomster Read More","og_url":"https:\/\/wp.kristdemokraterna.se\/vasternorrland\/prisa-gud-har-kommer-skatteaterbaringen\/","og_site_name":"KD V\u00e4sternorrland","article_publisher":"https:\/\/www.facebook.com\/kdrvn\/","article_published_time":"2012-10-02T17:07:47+00:00","article_modified_time":"2021-11-17T14:10:34+00:00","author":"timra","twitter_card":"summary_large_image","twitter_misc":{"Skriven av":"timra","Ber\u00e4knad l\u00e4stid":"2 minuter"},"schema":{"@context":"https:\/\/schema.org","@graph":[{"@type":"Article","@id":"https:\/\/wp.kristdemokraterna.se\/vasternorrland\/prisa-gud-har-kommer-skatteaterbaringen\/#article","isPartOf":{"@id":"https:\/\/wp.kristdemokraterna.se\/vasternorrland\/prisa-gud-har-kommer-skatteaterbaringen\/"},"author":{"name":"timra","@id":"https:\/\/wp.kristdemokraterna.se\/vasternorrland\/#\/schema\/person\/49784c93d3806490fb376f5a3b3dd4cd"},"headline":"Prisa gud h\u00e4r kommer skatte\u00e5terb\u00e4ringen","datePublished":"2012-10-02T17:07:47+00:00","dateModified":"2021-11-17T14:10:34+00:00","mainEntityOfPage":{"@id":"https:\/\/wp.kristdemokraterna.se\/vasternorrland\/prisa-gud-har-kommer-skatteaterbaringen\/"},"wordCount":387,"keywords":["alla inl\u00e4gg","Anders Sellstr\u00f6m","ekonomi\/skatter","ins\u00e4ndare","pension","pension\u00e4r","skatter"],"articleSection":["Ekonomi\/skatter","Nyheter","Skatter"],"inLanguage":"sv-SE"},{"@type":"WebPage","@id":"https:\/\/wp.kristdemokraterna.se\/vasternorrland\/prisa-gud-har-kommer-skatteaterbaringen\/","url":"https:\/\/wp.kristdemokraterna.se\/vasternorrland\/prisa-gud-har-kommer-skatteaterbaringen\/","name":"Prisa gud h\u00e4r kommer skatte\u00e5terb\u00e4ringen | KD V\u00e4sternorrland","isPartOf":{"@id":"https:\/\/wp.kristdemokraterna.se\/vasternorrland\/#website"},"datePublished":"2012-10-02T17:07:47+00:00","dateModified":"2021-11-17T14:10:34+00:00","author":{"@id":"https:\/\/wp.kristdemokraterna.se\/vasternorrland\/#\/schema\/person\/49784c93d3806490fb376f5a3b3dd4cd"},"breadcrumb":{"@id":"https:\/\/wp.kristdemokraterna.se\/vasternorrland\/prisa-gud-har-kommer-skatteaterbaringen\/#breadcrumb"},"inLanguage":"sv-SE","potentialAction":[{"@type":"ReadAction","target":["https:\/\/wp.kristdemokraterna.se\/vasternorrland\/prisa-gud-har-kommer-skatteaterbaringen\/"]}]},{"@type":"BreadcrumbList","@id":"https:\/\/wp.kristdemokraterna.se\/vasternorrland\/prisa-gud-har-kommer-skatteaterbaringen\/#breadcrumb","itemListElement":[{"@type":"ListItem","position":1,"name":"Hem","item":"https:\/\/wp.kristdemokraterna.se\/vasternorrland\/"},{"@type":"ListItem","position":2,"name":"Prisa gud h\u00e4r kommer skatte\u00e5terb\u00e4ringen"}]},{"@type":"WebSite","@id":"https:\/\/wp.kristdemokraterna.se\/vasternorrland\/#website","url":"https:\/\/wp.kristdemokraterna.se\/vasternorrland\/","name":"KD V\u00e4sternorrland","description":"V\u00e5rda v\u00e5rden - utveckla prim\u00e4rv\u00e5rden","inLanguage":"sv-SE"},{"@type":"Person","@id":"https:\/\/wp.kristdemokraterna.se\/vasternorrland\/#\/schema\/person\/49784c93d3806490fb376f5a3b3dd4cd","name":"timra","image":{"@type":"ImageObject","inLanguage":"sv-SE","@id":"https:\/\/secure.gravatar.com\/avatar\/2d9a04bf0b09a2c8909797508e81e5c3faf9a9ba8962c579b9100cffe14b6f7b?s=96&r=g","url":"https:\/\/secure.gravatar.com\/avatar\/2d9a04bf0b09a2c8909797508e81e5c3faf9a9ba8962c579b9100cffe14b6f7b?s=96&r=g","contentUrl":"https:\/\/secure.gravatar.com\/avatar\/2d9a04bf0b09a2c8909797508e81e5c3faf9a9ba8962c579b9100cffe14b6f7b?s=96&r=g","caption":"timra"},"url":"https:\/\/wp.kristdemokraterna.se\/vasternorrland\/author\/timra\/"}]}},"_links":{"self":[{"href":"https:\/\/wp.kristdemokraterna.se\/vasternorrland\/wp-json\/wp\/v2\/posts\/142765","targetHints":{"allow":["GET"]}}],"collection":[{"href":"https:\/\/wp.kristdemokraterna.se\/vasternorrland\/wp-json\/wp\/v2\/posts"}],"about":[{"href":"https:\/\/wp.kristdemokraterna.se\/vasternorrland\/wp-json\/wp\/v2\/types\/post"}],"author":[{"embeddable":true,"href":"https:\/\/wp.kristdemokraterna.se\/vasternorrland\/wp-json\/wp\/v2\/users\/787"}],"replies":[{"embeddable":true,"href":"https:\/\/wp.kristdemokraterna.se\/vasternorrland\/wp-json\/wp\/v2\/comments?post=142765"}],"version-history":[{"count":5,"href":"https:\/\/wp.kristdemokraterna.se\/vasternorrland\/wp-json\/wp\/v2\/posts\/142765\/revisions"}],"predecessor-version":[{"id":322620,"href":"https:\/\/wp.kristdemokraterna.se\/vasternorrland\/wp-json\/wp\/v2\/posts\/142765\/revisions\/322620"}],"wp:attachment":[{"href":"https:\/\/wp.kristdemokraterna.se\/vasternorrland\/wp-json\/wp\/v2\/media?parent=142765"}],"wp:term":[{"taxonomy":"category","embeddable":true,"href":"https:\/\/wp.kristdemokraterna.se\/vasternorrland\/wp-json\/wp\/v2\/categories?post=142765"},{"taxonomy":"post_tag","embeddable":true,"href":"https:\/\/wp.kristdemokraterna.se\/vasternorrland\/wp-json\/wp\/v2\/tags?post=142765"}],"curies":[{"name":"wp","href":"https:\/\/api.w.org\/{rel}","templated":true}]}}