{"id":183168,"date":"2018-04-16T16:52:03","date_gmt":"2018-04-16T14:52:03","guid":{"rendered":"http:\/\/wp.kristdemokraterna.se\/vasternorrland\/?p=183168"},"modified":"2020-07-23T20:07:30","modified_gmt":"2020-07-23T18:07:30","slug":"motion-cellprovtagning-som-sjalvtest-for-en-mer-jamlik-sjukvard","status":"publish","type":"post","link":"https:\/\/wp.kristdemokraterna.se\/vasternorrland\/motion-cellprovtagning-som-sjalvtest-for-en-mer-jamlik-sjukvard\/","title":{"rendered":"Motion: Cellprovtagning som sj\u00e4lvtest f\u00f6r en mer j\u00e4mlik sjukv\u00e5rd"},"content":{"rendered":"<p>F\u00f6r att f\u00f6rebygga livmoderhalscancer \u00e4r mycket viktigt med screening i form av cellprovtagningar analys f\u00f6r cytologi och HPV. Trots att det idag \u00e4r gratis \u00e4r det inte helt ovanligt att kvinnor uteblir n\u00e4r det blir kallade. Vanliga orsaker till detta kan vara att man k\u00e4nner obehag f\u00f6r att g\u00f6ra en gynekologisk unders\u00f6kning, eller att man k\u00e4nner sig allm\u00e4nt frisk och d\u00e4rf\u00f6r inte vill l\u00e4gga tid p\u00e5 en s\u00e5dan.<\/p>\n<p>I nationellt v\u00e5rdprogram livmoderhalscancer och vaginalcancer s\u00e4gs att man \u201dF\u00f6r att \u00f6ka deltagandet i screeningverksamheten kan sj\u00e4lvprovtagning med vaginalt HPV-test anv\u00e4ndas bland kvinnor som inte deltagit i screeningen regelbundet\u201d Flera l\u00e4n har h\u00f6rsammat denna rekommendation\/m\u00f6jlighet men inte V\u00e4sternorrland.<\/p>\n<p>Om ocks\u00e5 vi i V\u00e4sternorrland kan det m\u00f6jligt att g\u00f6ra ett sj\u00e4lvtest skulle andelen screeningar kunna \u00f6ka och vi skulle f\u00e5 en mer j\u00e4mlik sjukv\u00e5rd f\u00f6r v\u00e5rt l\u00e4ns inv\u00e5nare.<\/p>\n<p>Vi f\u00f6resl\u00e5r d\u00e4rf\u00f6r att fullm\u00e4ktige beslutar:<\/p>\n<ul>\n<li>att kvinnor som inte tagit ett cellprov ett och ett halvt \u00e5r efter man kallats till cellprovtagning ska f\u00e5 ett sj\u00e4lvtest hemskickat och<\/li>\n<li>att alla som vill ska kunna v\u00e4lja sj\u00e4lvtestet.<\/li>\n<\/ul>\n<p>H\u00e4rn\u00f6sand april 2018<\/p>\n<p>Per Wahlberg, Moderaterna<br \/>\nJonny Lundin, Centerpartiet<br \/>\nIngeborg Wiksten, Liberalerna<br \/>\nMona Hammarstedt, Kristdemokraterna<\/p>\n<hr \/>\n<p><a href=\"http:\/\/wp.kristdemokraterna.se\/vasternorrland\/var-politik\/politikomraden\/specialistvard\/\">Specialistv\u00e5rd<\/a> | <a href=\"http:\/\/wp.kristdemokraterna.se\/vasternorrland\/etiketter\/cellprov\/\">cellprov<\/a> \u00b7 <a href=\"http:\/\/wp.kristdemokraterna.se\/vasternorrland\/etiketter\/kvinnosjukvard\/\">kvinnosjukv\u00e5rd<\/a> \u00b7 <a href=\"http:\/\/wp.kristdemokraterna.se\/vasternorrland\/etiketter\/livmoderhalscancer\/\">livmoderhalscancer<\/a> \u00b7 <a href=\"http:\/\/wp.kristdemokraterna.se\/vasternorrland\/etiketter\/mona-hammarstedt\/\">Mona Hammarstedt<\/a> \u00b7 <a href=\"http:\/\/wp.kristdemokraterna.se\/vasternorrland\/etiketter\/motion\/\">motion<\/a> \u00b7 <a href=\"http:\/\/wp.kristdemokraterna.se\/vasternorrland\/etiketter\/screening\/\">screening<\/a><\/p>\n","protected":false},"excerpt":{"rendered":"<p>F\u00f6r att f\u00f6rebygga livmoderhalscancer \u00e4r mycket viktigt med screening i form av cellprovtagningar analys f\u00f6r cytologi och HPV. Trots att det idag \u00e4r gratis \u00e4r det inte helt ovanligt att kvinnor uteblir n\u00e4r det blir kallade. Vanliga orsaker till detta kan vara att man k\u00e4nner obehag f\u00f6r att g\u00f6ra en gynekologisk unders\u00f6kning, eller att man <a class=\"read-more-link\" href=\"https:\/\/wp.kristdemokraterna.se\/vasternorrland\/motion-cellprovtagning-som-sjalvtest-for-en-mer-jamlik-sjukvard\/\">Read More<\/a><\/p>\n","protected":false},"author":787,"featured_media":0,"comment_status":"closed","ping_status":"closed","sticky":false,"template":"","format":"standard","meta":{"_acf_changed":false,"footnotes":""},"categories":[1100,101],"tags":[543,818,164,1108,16,32,166,540],"class_list":["post-183168","post","type-post","status-publish","format-standard","hentry","category-kvinnosjukvard","category-specialistvard","tag-alla-inlagg","tag-cancervard","tag-cellprov","tag-livmoderhalscancer","tag-mona-hammarstedt","tag-motion","tag-screening","tag-specialistvard"],"acf":[],"yoast_head":"<!-- This site is optimized with the Yoast SEO plugin v27.4 - https:\/\/yoast.com\/product\/yoast-seo-wordpress\/ -->\n<title>Motion: Cellprovtagning som sj\u00e4lvtest f\u00f6r en mer j\u00e4mlik sjukv\u00e5rd | KD V\u00e4sternorrland<\/title>\n<meta name=\"robots\" content=\"index, follow, max-snippet:-1, max-image-preview:large, max-video-preview:-1\" \/>\n<link rel=\"canonical\" href=\"https:\/\/wp.kristdemokraterna.se\/vasternorrland\/motion-cellprovtagning-som-sjalvtest-for-en-mer-jamlik-sjukvard\/\" \/>\n<meta property=\"og:locale\" content=\"sv_SE\" \/>\n<meta property=\"og:type\" content=\"article\" \/>\n<meta property=\"og:title\" content=\"Motion: Cellprovtagning som sj\u00e4lvtest f\u00f6r en mer j\u00e4mlik sjukv\u00e5rd | KD V\u00e4sternorrland\" \/>\n<meta property=\"og:description\" content=\"F\u00f6r att f\u00f6rebygga livmoderhalscancer \u00e4r mycket viktigt med screening i form av cellprovtagningar analys f\u00f6r cytologi och HPV. Trots att det idag \u00e4r gratis \u00e4r det inte helt ovanligt att kvinnor uteblir n\u00e4r det blir kallade. Vanliga orsaker till detta kan vara att man k\u00e4nner obehag f\u00f6r att g\u00f6ra en gynekologisk unders\u00f6kning, eller att man Read More\" \/>\n<meta property=\"og:url\" content=\"https:\/\/wp.kristdemokraterna.se\/vasternorrland\/motion-cellprovtagning-som-sjalvtest-for-en-mer-jamlik-sjukvard\/\" \/>\n<meta property=\"og:site_name\" content=\"KD V\u00e4sternorrland\" \/>\n<meta property=\"article:publisher\" content=\"https:\/\/www.facebook.com\/kdrvn\/\" \/>\n<meta property=\"article:published_time\" content=\"2018-04-16T14:52:03+00:00\" \/>\n<meta property=\"article:modified_time\" content=\"2020-07-23T18:07:30+00:00\" \/>\n<meta name=\"author\" content=\"timra\" \/>\n<meta name=\"twitter:card\" content=\"summary_large_image\" \/>\n<meta name=\"twitter:label1\" content=\"Skriven av\" \/>\n\t<meta name=\"twitter:data1\" content=\"timra\" \/>\n\t<meta name=\"twitter:label2\" content=\"Ber\u00e4knad l\u00e4stid\" \/>\n\t<meta name=\"twitter:data2\" content=\"1 minut\" \/>\n<script type=\"application\/ld+json\" class=\"yoast-schema-graph\">{\"@context\":\"https:\\\/\\\/schema.org\",\"@graph\":[{\"@type\":\"Article\",\"@id\":\"https:\\\/\\\/wp.kristdemokraterna.se\\\/vasternorrland\\\/motion-cellprovtagning-som-sjalvtest-for-en-mer-jamlik-sjukvard\\\/#article\",\"isPartOf\":{\"@id\":\"https:\\\/\\\/wp.kristdemokraterna.se\\\/vasternorrland\\\/motion-cellprovtagning-som-sjalvtest-for-en-mer-jamlik-sjukvard\\\/\"},\"author\":{\"name\":\"timra\",\"@id\":\"https:\\\/\\\/wp.kristdemokraterna.se\\\/vasternorrland\\\/#\\\/schema\\\/person\\\/49784c93d3806490fb376f5a3b3dd4cd\"},\"headline\":\"Motion: Cellprovtagning som sj\u00e4lvtest f\u00f6r en mer j\u00e4mlik sjukv\u00e5rd\",\"datePublished\":\"2018-04-16T14:52:03+00:00\",\"dateModified\":\"2020-07-23T18:07:30+00:00\",\"mainEntityOfPage\":{\"@id\":\"https:\\\/\\\/wp.kristdemokraterna.se\\\/vasternorrland\\\/motion-cellprovtagning-som-sjalvtest-for-en-mer-jamlik-sjukvard\\\/\"},\"wordCount\":253,\"keywords\":[\"alla inl\u00e4gg\",\"cancerv\u00e5rd\",\"cellprov\",\"livmoderhalscancer\",\"Mona Hammarstedt\",\"motion\",\"screening\",\"specialistv\u00e5rd\"],\"articleSection\":[\"Kvinnosjukv\u00e5rd\",\"Specialistv\u00e5rd\"],\"inLanguage\":\"sv-SE\"},{\"@type\":\"WebPage\",\"@id\":\"https:\\\/\\\/wp.kristdemokraterna.se\\\/vasternorrland\\\/motion-cellprovtagning-som-sjalvtest-for-en-mer-jamlik-sjukvard\\\/\",\"url\":\"https:\\\/\\\/wp.kristdemokraterna.se\\\/vasternorrland\\\/motion-cellprovtagning-som-sjalvtest-for-en-mer-jamlik-sjukvard\\\/\",\"name\":\"Motion: Cellprovtagning som sj\u00e4lvtest f\u00f6r en mer j\u00e4mlik sjukv\u00e5rd | KD V\u00e4sternorrland\",\"isPartOf\":{\"@id\":\"https:\\\/\\\/wp.kristdemokraterna.se\\\/vasternorrland\\\/#website\"},\"datePublished\":\"2018-04-16T14:52:03+00:00\",\"dateModified\":\"2020-07-23T18:07:30+00:00\",\"author\":{\"@id\":\"https:\\\/\\\/wp.kristdemokraterna.se\\\/vasternorrland\\\/#\\\/schema\\\/person\\\/49784c93d3806490fb376f5a3b3dd4cd\"},\"breadcrumb\":{\"@id\":\"https:\\\/\\\/wp.kristdemokraterna.se\\\/vasternorrland\\\/motion-cellprovtagning-som-sjalvtest-for-en-mer-jamlik-sjukvard\\\/#breadcrumb\"},\"inLanguage\":\"sv-SE\",\"potentialAction\":[{\"@type\":\"ReadAction\",\"target\":[\"https:\\\/\\\/wp.kristdemokraterna.se\\\/vasternorrland\\\/motion-cellprovtagning-som-sjalvtest-for-en-mer-jamlik-sjukvard\\\/\"]}]},{\"@type\":\"BreadcrumbList\",\"@id\":\"https:\\\/\\\/wp.kristdemokraterna.se\\\/vasternorrland\\\/motion-cellprovtagning-som-sjalvtest-for-en-mer-jamlik-sjukvard\\\/#breadcrumb\",\"itemListElement\":[{\"@type\":\"ListItem\",\"position\":1,\"name\":\"Hem\",\"item\":\"https:\\\/\\\/wp.kristdemokraterna.se\\\/vasternorrland\\\/\"},{\"@type\":\"ListItem\",\"position\":2,\"name\":\"Motion: Cellprovtagning som sj\u00e4lvtest f\u00f6r en mer j\u00e4mlik sjukv\u00e5rd\"}]},{\"@type\":\"WebSite\",\"@id\":\"https:\\\/\\\/wp.kristdemokraterna.se\\\/vasternorrland\\\/#website\",\"url\":\"https:\\\/\\\/wp.kristdemokraterna.se\\\/vasternorrland\\\/\",\"name\":\"KD V\u00e4sternorrland\",\"description\":\"V\u00e5rda v\u00e5rden - utveckla prim\u00e4rv\u00e5rden\",\"inLanguage\":\"sv-SE\"},{\"@type\":\"Person\",\"@id\":\"https:\\\/\\\/wp.kristdemokraterna.se\\\/vasternorrland\\\/#\\\/schema\\\/person\\\/49784c93d3806490fb376f5a3b3dd4cd\",\"name\":\"timra\",\"image\":{\"@type\":\"ImageObject\",\"inLanguage\":\"sv-SE\",\"@id\":\"https:\\\/\\\/secure.gravatar.com\\\/avatar\\\/2d9a04bf0b09a2c8909797508e81e5c3faf9a9ba8962c579b9100cffe14b6f7b?s=96&r=g\",\"url\":\"https:\\\/\\\/secure.gravatar.com\\\/avatar\\\/2d9a04bf0b09a2c8909797508e81e5c3faf9a9ba8962c579b9100cffe14b6f7b?s=96&r=g\",\"contentUrl\":\"https:\\\/\\\/secure.gravatar.com\\\/avatar\\\/2d9a04bf0b09a2c8909797508e81e5c3faf9a9ba8962c579b9100cffe14b6f7b?s=96&r=g\",\"caption\":\"timra\"},\"url\":\"https:\\\/\\\/wp.kristdemokraterna.se\\\/vasternorrland\\\/author\\\/timra\\\/\"}]}<\/script>\n<!-- \/ Yoast SEO plugin. -->","yoast_head_json":{"title":"Motion: Cellprovtagning som sj\u00e4lvtest f\u00f6r en mer j\u00e4mlik sjukv\u00e5rd | KD V\u00e4sternorrland","robots":{"index":"index","follow":"follow","max-snippet":"max-snippet:-1","max-image-preview":"max-image-preview:large","max-video-preview":"max-video-preview:-1"},"canonical":"https:\/\/wp.kristdemokraterna.se\/vasternorrland\/motion-cellprovtagning-som-sjalvtest-for-en-mer-jamlik-sjukvard\/","og_locale":"sv_SE","og_type":"article","og_title":"Motion: Cellprovtagning som sj\u00e4lvtest f\u00f6r en mer j\u00e4mlik sjukv\u00e5rd | KD V\u00e4sternorrland","og_description":"F\u00f6r att f\u00f6rebygga livmoderhalscancer \u00e4r mycket viktigt med screening i form av cellprovtagningar analys f\u00f6r cytologi och HPV. Trots att det idag \u00e4r gratis \u00e4r det inte helt ovanligt att kvinnor uteblir n\u00e4r det blir kallade. Vanliga orsaker till detta kan vara att man k\u00e4nner obehag f\u00f6r att g\u00f6ra en gynekologisk unders\u00f6kning, eller att man Read More","og_url":"https:\/\/wp.kristdemokraterna.se\/vasternorrland\/motion-cellprovtagning-som-sjalvtest-for-en-mer-jamlik-sjukvard\/","og_site_name":"KD V\u00e4sternorrland","article_publisher":"https:\/\/www.facebook.com\/kdrvn\/","article_published_time":"2018-04-16T14:52:03+00:00","article_modified_time":"2020-07-23T18:07:30+00:00","author":"timra","twitter_card":"summary_large_image","twitter_misc":{"Skriven av":"timra","Ber\u00e4knad l\u00e4stid":"1 minut"},"schema":{"@context":"https:\/\/schema.org","@graph":[{"@type":"Article","@id":"https:\/\/wp.kristdemokraterna.se\/vasternorrland\/motion-cellprovtagning-som-sjalvtest-for-en-mer-jamlik-sjukvard\/#article","isPartOf":{"@id":"https:\/\/wp.kristdemokraterna.se\/vasternorrland\/motion-cellprovtagning-som-sjalvtest-for-en-mer-jamlik-sjukvard\/"},"author":{"name":"timra","@id":"https:\/\/wp.kristdemokraterna.se\/vasternorrland\/#\/schema\/person\/49784c93d3806490fb376f5a3b3dd4cd"},"headline":"Motion: Cellprovtagning som sj\u00e4lvtest f\u00f6r en mer j\u00e4mlik sjukv\u00e5rd","datePublished":"2018-04-16T14:52:03+00:00","dateModified":"2020-07-23T18:07:30+00:00","mainEntityOfPage":{"@id":"https:\/\/wp.kristdemokraterna.se\/vasternorrland\/motion-cellprovtagning-som-sjalvtest-for-en-mer-jamlik-sjukvard\/"},"wordCount":253,"keywords":["alla inl\u00e4gg","cancerv\u00e5rd","cellprov","livmoderhalscancer","Mona Hammarstedt","motion","screening","specialistv\u00e5rd"],"articleSection":["Kvinnosjukv\u00e5rd","Specialistv\u00e5rd"],"inLanguage":"sv-SE"},{"@type":"WebPage","@id":"https:\/\/wp.kristdemokraterna.se\/vasternorrland\/motion-cellprovtagning-som-sjalvtest-for-en-mer-jamlik-sjukvard\/","url":"https:\/\/wp.kristdemokraterna.se\/vasternorrland\/motion-cellprovtagning-som-sjalvtest-for-en-mer-jamlik-sjukvard\/","name":"Motion: Cellprovtagning som sj\u00e4lvtest f\u00f6r en mer j\u00e4mlik sjukv\u00e5rd | KD V\u00e4sternorrland","isPartOf":{"@id":"https:\/\/wp.kristdemokraterna.se\/vasternorrland\/#website"},"datePublished":"2018-04-16T14:52:03+00:00","dateModified":"2020-07-23T18:07:30+00:00","author":{"@id":"https:\/\/wp.kristdemokraterna.se\/vasternorrland\/#\/schema\/person\/49784c93d3806490fb376f5a3b3dd4cd"},"breadcrumb":{"@id":"https:\/\/wp.kristdemokraterna.se\/vasternorrland\/motion-cellprovtagning-som-sjalvtest-for-en-mer-jamlik-sjukvard\/#breadcrumb"},"inLanguage":"sv-SE","potentialAction":[{"@type":"ReadAction","target":["https:\/\/wp.kristdemokraterna.se\/vasternorrland\/motion-cellprovtagning-som-sjalvtest-for-en-mer-jamlik-sjukvard\/"]}]},{"@type":"BreadcrumbList","@id":"https:\/\/wp.kristdemokraterna.se\/vasternorrland\/motion-cellprovtagning-som-sjalvtest-for-en-mer-jamlik-sjukvard\/#breadcrumb","itemListElement":[{"@type":"ListItem","position":1,"name":"Hem","item":"https:\/\/wp.kristdemokraterna.se\/vasternorrland\/"},{"@type":"ListItem","position":2,"name":"Motion: Cellprovtagning som sj\u00e4lvtest f\u00f6r en mer j\u00e4mlik sjukv\u00e5rd"}]},{"@type":"WebSite","@id":"https:\/\/wp.kristdemokraterna.se\/vasternorrland\/#website","url":"https:\/\/wp.kristdemokraterna.se\/vasternorrland\/","name":"KD V\u00e4sternorrland","description":"V\u00e5rda v\u00e5rden - utveckla prim\u00e4rv\u00e5rden","inLanguage":"sv-SE"},{"@type":"Person","@id":"https:\/\/wp.kristdemokraterna.se\/vasternorrland\/#\/schema\/person\/49784c93d3806490fb376f5a3b3dd4cd","name":"timra","image":{"@type":"ImageObject","inLanguage":"sv-SE","@id":"https:\/\/secure.gravatar.com\/avatar\/2d9a04bf0b09a2c8909797508e81e5c3faf9a9ba8962c579b9100cffe14b6f7b?s=96&r=g","url":"https:\/\/secure.gravatar.com\/avatar\/2d9a04bf0b09a2c8909797508e81e5c3faf9a9ba8962c579b9100cffe14b6f7b?s=96&r=g","contentUrl":"https:\/\/secure.gravatar.com\/avatar\/2d9a04bf0b09a2c8909797508e81e5c3faf9a9ba8962c579b9100cffe14b6f7b?s=96&r=g","caption":"timra"},"url":"https:\/\/wp.kristdemokraterna.se\/vasternorrland\/author\/timra\/"}]}},"_links":{"self":[{"href":"https:\/\/wp.kristdemokraterna.se\/vasternorrland\/wp-json\/wp\/v2\/posts\/183168","targetHints":{"allow":["GET"]}}],"collection":[{"href":"https:\/\/wp.kristdemokraterna.se\/vasternorrland\/wp-json\/wp\/v2\/posts"}],"about":[{"href":"https:\/\/wp.kristdemokraterna.se\/vasternorrland\/wp-json\/wp\/v2\/types\/post"}],"author":[{"embeddable":true,"href":"https:\/\/wp.kristdemokraterna.se\/vasternorrland\/wp-json\/wp\/v2\/users\/787"}],"replies":[{"embeddable":true,"href":"https:\/\/wp.kristdemokraterna.se\/vasternorrland\/wp-json\/wp\/v2\/comments?post=183168"}],"version-history":[{"count":4,"href":"https:\/\/wp.kristdemokraterna.se\/vasternorrland\/wp-json\/wp\/v2\/posts\/183168\/revisions"}],"predecessor-version":[{"id":296557,"href":"https:\/\/wp.kristdemokraterna.se\/vasternorrland\/wp-json\/wp\/v2\/posts\/183168\/revisions\/296557"}],"wp:attachment":[{"href":"https:\/\/wp.kristdemokraterna.se\/vasternorrland\/wp-json\/wp\/v2\/media?parent=183168"}],"wp:term":[{"taxonomy":"category","embeddable":true,"href":"https:\/\/wp.kristdemokraterna.se\/vasternorrland\/wp-json\/wp\/v2\/categories?post=183168"},{"taxonomy":"post_tag","embeddable":true,"href":"https:\/\/wp.kristdemokraterna.se\/vasternorrland\/wp-json\/wp\/v2\/tags?post=183168"}],"curies":[{"name":"wp","href":"https:\/\/api.w.org\/{rel}","templated":true}]}}