{"id":183173,"date":"2017-01-23T17:00:38","date_gmt":"2017-01-23T16:00:38","guid":{"rendered":"http:\/\/wp.kristdemokraterna.se\/vasternorrland\/?p=183173"},"modified":"2019-04-16T17:02:42","modified_gmt":"2019-04-16T15:02:42","slug":"motion-lokalt-ledarskap-pa-sjukhusen","status":"publish","type":"post","link":"https:\/\/wp.kristdemokraterna.se\/vasternorrland\/motion-lokalt-ledarskap-pa-sjukhusen\/","title":{"rendered":"Motion: Lokalt ledarskap p\u00e5 sjukhusen"},"content":{"rendered":"<p>Under f\u00f6rra mandatperioden genomf\u00f6rde vi i V\u00e5rdalliansen (M, C, L, KD) en stor f\u00f6r\u00e4ndring i landstingets organisation; vi inf\u00f6rde l\u00e4nskliniker. De fulla effekterna av denna f\u00f6r\u00e4ndring kan vi \u00e4nnu inte riktigt se men vi kan \u00f6dmjukt erk\u00e4nna n\u00e5gra brister. Det lokala ledarskapet p\u00e5 v\u00e5ra sjukhus f\u00f6rsvann och detta beh\u00f6ver vi vinna \u00e5ter.<\/p>\n<p>Vid inf\u00f6rande av l\u00e4nskliniker \u00e4r det en allm\u00e4nt k\u00e4nd effekt att det lokala ledarskapet f\u00f6r\u00e4ndras. Vi kan dock se goda exempel som har genomarbetat en f\u00f6r\u00e4ndring med l\u00e4nskliniker och samtidigt har ett starkt och etablerat lokalt ledarskap (Region \u00d6rebro). Vi anser att Region V\u00e4sternorrland ska utreda fr\u00e5gan om hur vi kan st\u00e4rka det lokala ledarskapet p\u00e5 v\u00e5ra sjukhus. I en s\u00e5dan utredning \u00e4r det viktigt att man studerar de goda exemplen, vi vill d\u00e4rf\u00f6r uppm\u00e4rksamma Lindesbergs sjukhus d\u00e4r man gjort stora organisationsf\u00f6r\u00e4ndringar men samtidigt har ett fungerande tydligt lokalt ledarskap.<\/p>\n<p>Vi vet att Region V\u00e4sternorrland har problem att b\u00e5de rekrytera och beh\u00e5lla personal. Stafettkostnaderna \u00f6kar dramatiskt varje \u00e5r. F\u00f6r att komma till r\u00e4tta med detta beh\u00f6ver vi f\u00f6rb\u00e4ttra arbetsmilj\u00f6n och ge personalen mer makt \u00f6ver sin tillvaro. De personalfr\u00e5gor som r\u00f6r en arbetsgrupp eller en avdelning och som kan hanteras lokalt b\u00f6r ocks\u00e5 hanteras p\u00e5 den niv\u00e5n. Genom lokalt ledarskap med befogenheter kan personalen sj\u00e4lv kunna besluta om fr\u00e5gor som r\u00f6r densamma, s\u00e5 som exempelvis schemafr\u00e5gor.<\/p>\n<p>Genom att \u00e5teruppr\u00e4tta det lokala ledarskapet p\u00e5 sjukhusen st\u00e4rker vi b\u00e5de personalens och patienternas m\u00f6jligheter till delaktighet.<\/p>\n<p>Region V\u00e4sternorrland st\u00e5r inf\u00f6r stora utmaningar p\u00e5 m\u00e5nga olika omr\u00e5den, utmaningar som kr\u00e4ver duktiga ledare med lokal f\u00f6rankring. Vi vill d\u00e4rf\u00f6r se en utredning som arbetar med fr\u00e5gan om hur vi st\u00e4rker det lokala ledarskapet och presenterar ett f\u00f6rslag om detsamma.<\/p>\n<p><strong>Med anledning av ovanst\u00e5ende f\u00f6resl\u00e5s Regionfullm\u00e4ktige besluta:<\/strong><\/p>\n<ul>\n<li><strong>att\u00a0<\/strong>Regionstyrelsen initierar en genomlysning av l\u00e4nsklinikernas p\u00e5verkan p\u00e5 det lokala ledarskapet vid l\u00e4nets tre sjukhus, med syfte att st\u00e4rka detsamma.<\/li>\n<li><strong>att\u00a0<\/strong>Utifr\u00e5n genomf\u00f6rd genomlysning \u00e5terkomma med konkreta f\u00f6rslag p\u00e5 \u00e5tg\u00e4rder f\u00f6r att st\u00e4rka det lokala ledarskapet, till gagn f\u00f6r patienter och v\u00e5ra \u00a0\u00a0\u00a0\u00a0 anst\u00e4llda.<\/li>\n<\/ul>\n<p>Per Wahlberg (M)<br \/>\nJonny Lundin (C)<br \/>\nIngeborg Wiksten (L)<br \/>\nMona Hammarstedt (KD)<\/p>\n<hr \/>\n<p><a href=\"http:\/\/wp.kristdemokraterna.se\/vasternorrland\/var-politik\/politikomraden\/specialistvard\/\">Specialistv\u00e5rd<\/a> | <a href=\"http:\/\/wp.kristdemokraterna.se\/vasternorrland\/etiketter\/ledarskap\/\">ledarskap<\/a> \u00b7 <a href=\"http:\/\/wp.kristdemokraterna.se\/vasternorrland\/etiketter\/lansklinik\/\">l\u00e4nsklinik<\/a> \u00b7 <a href=\"http:\/\/wp.kristdemokraterna.se\/vasternorrland\/etiketter\/motion\/\">motion<\/a> \u00b7 <a href=\"http:\/\/wp.kristdemokraterna.se\/vasternorrland\/etiketter\/mona-hammarstedt\/\">Mona Hammarstedt<\/a><\/p>\n","protected":false},"excerpt":{"rendered":"<p>Under f\u00f6rra mandatperioden genomf\u00f6rde vi i V\u00e5rdalliansen (M, C, L, KD) en stor f\u00f6r\u00e4ndring i landstingets organisation; vi inf\u00f6rde l\u00e4nskliniker. De fulla effekterna av denna f\u00f6r\u00e4ndring kan vi \u00e4nnu inte riktigt se men vi kan \u00f6dmjukt erk\u00e4nna n\u00e5gra brister. Det lokala ledarskapet p\u00e5 v\u00e5ra sjukhus f\u00f6rsvann och detta beh\u00f6ver vi vinna \u00e5ter. Vid inf\u00f6rande av <a class=\"read-more-link\" href=\"https:\/\/wp.kristdemokraterna.se\/vasternorrland\/motion-lokalt-ledarskap-pa-sjukhusen\/\">Read More<\/a><\/p>\n","protected":false},"author":787,"featured_media":0,"comment_status":"closed","ping_status":"closed","sticky":false,"template":"","format":"standard","meta":{"_acf_changed":false,"footnotes":""},"categories":[101],"tags":[543,139,138,16,32,540],"class_list":["post-183173","post","type-post","status-publish","format-standard","hentry","category-specialistvard","tag-alla-inlagg","tag-lansklinik","tag-ledarskap","tag-mona-hammarstedt","tag-motion","tag-specialistvard"],"acf":[],"yoast_head":"<!-- This site is optimized with the Yoast SEO plugin v27.5 - https:\/\/yoast.com\/product\/yoast-seo-wordpress\/ -->\n<title>Motion: Lokalt ledarskap p\u00e5 sjukhusen | KD V\u00e4sternorrland<\/title>\n<meta name=\"robots\" content=\"index, follow, max-snippet:-1, max-image-preview:large, max-video-preview:-1\" \/>\n<link rel=\"canonical\" href=\"https:\/\/wp.kristdemokraterna.se\/vasternorrland\/motion-lokalt-ledarskap-pa-sjukhusen\/\" \/>\n<meta property=\"og:locale\" content=\"sv_SE\" \/>\n<meta property=\"og:type\" content=\"article\" \/>\n<meta property=\"og:title\" content=\"Motion: Lokalt ledarskap p\u00e5 sjukhusen | KD V\u00e4sternorrland\" \/>\n<meta property=\"og:description\" content=\"Under f\u00f6rra mandatperioden genomf\u00f6rde vi i V\u00e5rdalliansen (M, C, L, KD) en stor f\u00f6r\u00e4ndring i landstingets organisation; vi inf\u00f6rde l\u00e4nskliniker. De fulla effekterna av denna f\u00f6r\u00e4ndring kan vi \u00e4nnu inte riktigt se men vi kan \u00f6dmjukt erk\u00e4nna n\u00e5gra brister. Det lokala ledarskapet p\u00e5 v\u00e5ra sjukhus f\u00f6rsvann och detta beh\u00f6ver vi vinna \u00e5ter. Vid inf\u00f6rande av Read More\" \/>\n<meta property=\"og:url\" content=\"https:\/\/wp.kristdemokraterna.se\/vasternorrland\/motion-lokalt-ledarskap-pa-sjukhusen\/\" \/>\n<meta property=\"og:site_name\" content=\"KD V\u00e4sternorrland\" \/>\n<meta property=\"article:publisher\" content=\"https:\/\/www.facebook.com\/kdrvn\/\" \/>\n<meta property=\"article:published_time\" content=\"2017-01-23T16:00:38+00:00\" \/>\n<meta property=\"article:modified_time\" content=\"2019-04-16T15:02:42+00:00\" \/>\n<meta name=\"author\" content=\"timra\" \/>\n<meta name=\"twitter:card\" content=\"summary_large_image\" \/>\n<meta name=\"twitter:label1\" content=\"Skriven av\" \/>\n\t<meta name=\"twitter:data1\" content=\"timra\" \/>\n\t<meta name=\"twitter:label2\" content=\"Ber\u00e4knad l\u00e4stid\" \/>\n\t<meta name=\"twitter:data2\" content=\"2 minuter\" \/>\n<script type=\"application\/ld+json\" class=\"yoast-schema-graph\">{\"@context\":\"https:\\\/\\\/schema.org\",\"@graph\":[{\"@type\":\"Article\",\"@id\":\"https:\\\/\\\/wp.kristdemokraterna.se\\\/vasternorrland\\\/motion-lokalt-ledarskap-pa-sjukhusen\\\/#article\",\"isPartOf\":{\"@id\":\"https:\\\/\\\/wp.kristdemokraterna.se\\\/vasternorrland\\\/motion-lokalt-ledarskap-pa-sjukhusen\\\/\"},\"author\":{\"name\":\"timra\",\"@id\":\"https:\\\/\\\/wp.kristdemokraterna.se\\\/vasternorrland\\\/#\\\/schema\\\/person\\\/49784c93d3806490fb376f5a3b3dd4cd\"},\"headline\":\"Motion: Lokalt ledarskap p\u00e5 sjukhusen\",\"datePublished\":\"2017-01-23T16:00:38+00:00\",\"dateModified\":\"2019-04-16T15:02:42+00:00\",\"mainEntityOfPage\":{\"@id\":\"https:\\\/\\\/wp.kristdemokraterna.se\\\/vasternorrland\\\/motion-lokalt-ledarskap-pa-sjukhusen\\\/\"},\"wordCount\":436,\"keywords\":[\"alla inl\u00e4gg\",\"l\u00e4nsklinik\",\"ledarskap\",\"Mona Hammarstedt\",\"motion\",\"specialistv\u00e5rd\"],\"articleSection\":[\"Specialistv\u00e5rd\"],\"inLanguage\":\"sv-SE\"},{\"@type\":\"WebPage\",\"@id\":\"https:\\\/\\\/wp.kristdemokraterna.se\\\/vasternorrland\\\/motion-lokalt-ledarskap-pa-sjukhusen\\\/\",\"url\":\"https:\\\/\\\/wp.kristdemokraterna.se\\\/vasternorrland\\\/motion-lokalt-ledarskap-pa-sjukhusen\\\/\",\"name\":\"Motion: Lokalt ledarskap p\u00e5 sjukhusen | KD V\u00e4sternorrland\",\"isPartOf\":{\"@id\":\"https:\\\/\\\/wp.kristdemokraterna.se\\\/vasternorrland\\\/#website\"},\"datePublished\":\"2017-01-23T16:00:38+00:00\",\"dateModified\":\"2019-04-16T15:02:42+00:00\",\"author\":{\"@id\":\"https:\\\/\\\/wp.kristdemokraterna.se\\\/vasternorrland\\\/#\\\/schema\\\/person\\\/49784c93d3806490fb376f5a3b3dd4cd\"},\"breadcrumb\":{\"@id\":\"https:\\\/\\\/wp.kristdemokraterna.se\\\/vasternorrland\\\/motion-lokalt-ledarskap-pa-sjukhusen\\\/#breadcrumb\"},\"inLanguage\":\"sv-SE\",\"potentialAction\":[{\"@type\":\"ReadAction\",\"target\":[\"https:\\\/\\\/wp.kristdemokraterna.se\\\/vasternorrland\\\/motion-lokalt-ledarskap-pa-sjukhusen\\\/\"]}]},{\"@type\":\"BreadcrumbList\",\"@id\":\"https:\\\/\\\/wp.kristdemokraterna.se\\\/vasternorrland\\\/motion-lokalt-ledarskap-pa-sjukhusen\\\/#breadcrumb\",\"itemListElement\":[{\"@type\":\"ListItem\",\"position\":1,\"name\":\"Hem\",\"item\":\"https:\\\/\\\/wp.kristdemokraterna.se\\\/vasternorrland\\\/\"},{\"@type\":\"ListItem\",\"position\":2,\"name\":\"Motion: Lokalt ledarskap p\u00e5 sjukhusen\"}]},{\"@type\":\"WebSite\",\"@id\":\"https:\\\/\\\/wp.kristdemokraterna.se\\\/vasternorrland\\\/#website\",\"url\":\"https:\\\/\\\/wp.kristdemokraterna.se\\\/vasternorrland\\\/\",\"name\":\"KD V\u00e4sternorrland\",\"description\":\"V\u00e5rda v\u00e5rden - utveckla prim\u00e4rv\u00e5rden\",\"inLanguage\":\"sv-SE\"},{\"@type\":\"Person\",\"@id\":\"https:\\\/\\\/wp.kristdemokraterna.se\\\/vasternorrland\\\/#\\\/schema\\\/person\\\/49784c93d3806490fb376f5a3b3dd4cd\",\"name\":\"timra\",\"image\":{\"@type\":\"ImageObject\",\"inLanguage\":\"sv-SE\",\"@id\":\"https:\\\/\\\/secure.gravatar.com\\\/avatar\\\/2d9a04bf0b09a2c8909797508e81e5c3faf9a9ba8962c579b9100cffe14b6f7b?s=96&r=g\",\"url\":\"https:\\\/\\\/secure.gravatar.com\\\/avatar\\\/2d9a04bf0b09a2c8909797508e81e5c3faf9a9ba8962c579b9100cffe14b6f7b?s=96&r=g\",\"contentUrl\":\"https:\\\/\\\/secure.gravatar.com\\\/avatar\\\/2d9a04bf0b09a2c8909797508e81e5c3faf9a9ba8962c579b9100cffe14b6f7b?s=96&r=g\",\"caption\":\"timra\"},\"url\":\"https:\\\/\\\/wp.kristdemokraterna.se\\\/vasternorrland\\\/author\\\/timra\\\/\"}]}<\/script>\n<!-- \/ Yoast SEO plugin. -->","yoast_head_json":{"title":"Motion: Lokalt ledarskap p\u00e5 sjukhusen | KD V\u00e4sternorrland","robots":{"index":"index","follow":"follow","max-snippet":"max-snippet:-1","max-image-preview":"max-image-preview:large","max-video-preview":"max-video-preview:-1"},"canonical":"https:\/\/wp.kristdemokraterna.se\/vasternorrland\/motion-lokalt-ledarskap-pa-sjukhusen\/","og_locale":"sv_SE","og_type":"article","og_title":"Motion: Lokalt ledarskap p\u00e5 sjukhusen | KD V\u00e4sternorrland","og_description":"Under f\u00f6rra mandatperioden genomf\u00f6rde vi i V\u00e5rdalliansen (M, C, L, KD) en stor f\u00f6r\u00e4ndring i landstingets organisation; vi inf\u00f6rde l\u00e4nskliniker. De fulla effekterna av denna f\u00f6r\u00e4ndring kan vi \u00e4nnu inte riktigt se men vi kan \u00f6dmjukt erk\u00e4nna n\u00e5gra brister. Det lokala ledarskapet p\u00e5 v\u00e5ra sjukhus f\u00f6rsvann och detta beh\u00f6ver vi vinna \u00e5ter. Vid inf\u00f6rande av Read More","og_url":"https:\/\/wp.kristdemokraterna.se\/vasternorrland\/motion-lokalt-ledarskap-pa-sjukhusen\/","og_site_name":"KD V\u00e4sternorrland","article_publisher":"https:\/\/www.facebook.com\/kdrvn\/","article_published_time":"2017-01-23T16:00:38+00:00","article_modified_time":"2019-04-16T15:02:42+00:00","author":"timra","twitter_card":"summary_large_image","twitter_misc":{"Skriven av":"timra","Ber\u00e4knad l\u00e4stid":"2 minuter"},"schema":{"@context":"https:\/\/schema.org","@graph":[{"@type":"Article","@id":"https:\/\/wp.kristdemokraterna.se\/vasternorrland\/motion-lokalt-ledarskap-pa-sjukhusen\/#article","isPartOf":{"@id":"https:\/\/wp.kristdemokraterna.se\/vasternorrland\/motion-lokalt-ledarskap-pa-sjukhusen\/"},"author":{"name":"timra","@id":"https:\/\/wp.kristdemokraterna.se\/vasternorrland\/#\/schema\/person\/49784c93d3806490fb376f5a3b3dd4cd"},"headline":"Motion: Lokalt ledarskap p\u00e5 sjukhusen","datePublished":"2017-01-23T16:00:38+00:00","dateModified":"2019-04-16T15:02:42+00:00","mainEntityOfPage":{"@id":"https:\/\/wp.kristdemokraterna.se\/vasternorrland\/motion-lokalt-ledarskap-pa-sjukhusen\/"},"wordCount":436,"keywords":["alla inl\u00e4gg","l\u00e4nsklinik","ledarskap","Mona Hammarstedt","motion","specialistv\u00e5rd"],"articleSection":["Specialistv\u00e5rd"],"inLanguage":"sv-SE"},{"@type":"WebPage","@id":"https:\/\/wp.kristdemokraterna.se\/vasternorrland\/motion-lokalt-ledarskap-pa-sjukhusen\/","url":"https:\/\/wp.kristdemokraterna.se\/vasternorrland\/motion-lokalt-ledarskap-pa-sjukhusen\/","name":"Motion: Lokalt ledarskap p\u00e5 sjukhusen | KD V\u00e4sternorrland","isPartOf":{"@id":"https:\/\/wp.kristdemokraterna.se\/vasternorrland\/#website"},"datePublished":"2017-01-23T16:00:38+00:00","dateModified":"2019-04-16T15:02:42+00:00","author":{"@id":"https:\/\/wp.kristdemokraterna.se\/vasternorrland\/#\/schema\/person\/49784c93d3806490fb376f5a3b3dd4cd"},"breadcrumb":{"@id":"https:\/\/wp.kristdemokraterna.se\/vasternorrland\/motion-lokalt-ledarskap-pa-sjukhusen\/#breadcrumb"},"inLanguage":"sv-SE","potentialAction":[{"@type":"ReadAction","target":["https:\/\/wp.kristdemokraterna.se\/vasternorrland\/motion-lokalt-ledarskap-pa-sjukhusen\/"]}]},{"@type":"BreadcrumbList","@id":"https:\/\/wp.kristdemokraterna.se\/vasternorrland\/motion-lokalt-ledarskap-pa-sjukhusen\/#breadcrumb","itemListElement":[{"@type":"ListItem","position":1,"name":"Hem","item":"https:\/\/wp.kristdemokraterna.se\/vasternorrland\/"},{"@type":"ListItem","position":2,"name":"Motion: Lokalt ledarskap p\u00e5 sjukhusen"}]},{"@type":"WebSite","@id":"https:\/\/wp.kristdemokraterna.se\/vasternorrland\/#website","url":"https:\/\/wp.kristdemokraterna.se\/vasternorrland\/","name":"KD V\u00e4sternorrland","description":"V\u00e5rda v\u00e5rden - utveckla prim\u00e4rv\u00e5rden","inLanguage":"sv-SE"},{"@type":"Person","@id":"https:\/\/wp.kristdemokraterna.se\/vasternorrland\/#\/schema\/person\/49784c93d3806490fb376f5a3b3dd4cd","name":"timra","image":{"@type":"ImageObject","inLanguage":"sv-SE","@id":"https:\/\/secure.gravatar.com\/avatar\/2d9a04bf0b09a2c8909797508e81e5c3faf9a9ba8962c579b9100cffe14b6f7b?s=96&r=g","url":"https:\/\/secure.gravatar.com\/avatar\/2d9a04bf0b09a2c8909797508e81e5c3faf9a9ba8962c579b9100cffe14b6f7b?s=96&r=g","contentUrl":"https:\/\/secure.gravatar.com\/avatar\/2d9a04bf0b09a2c8909797508e81e5c3faf9a9ba8962c579b9100cffe14b6f7b?s=96&r=g","caption":"timra"},"url":"https:\/\/wp.kristdemokraterna.se\/vasternorrland\/author\/timra\/"}]}},"_links":{"self":[{"href":"https:\/\/wp.kristdemokraterna.se\/vasternorrland\/wp-json\/wp\/v2\/posts\/183173","targetHints":{"allow":["GET"]}}],"collection":[{"href":"https:\/\/wp.kristdemokraterna.se\/vasternorrland\/wp-json\/wp\/v2\/posts"}],"about":[{"href":"https:\/\/wp.kristdemokraterna.se\/vasternorrland\/wp-json\/wp\/v2\/types\/post"}],"author":[{"embeddable":true,"href":"https:\/\/wp.kristdemokraterna.se\/vasternorrland\/wp-json\/wp\/v2\/users\/787"}],"replies":[{"embeddable":true,"href":"https:\/\/wp.kristdemokraterna.se\/vasternorrland\/wp-json\/wp\/v2\/comments?post=183173"}],"version-history":[{"count":1,"href":"https:\/\/wp.kristdemokraterna.se\/vasternorrland\/wp-json\/wp\/v2\/posts\/183173\/revisions"}],"predecessor-version":[{"id":183174,"href":"https:\/\/wp.kristdemokraterna.se\/vasternorrland\/wp-json\/wp\/v2\/posts\/183173\/revisions\/183174"}],"wp:attachment":[{"href":"https:\/\/wp.kristdemokraterna.se\/vasternorrland\/wp-json\/wp\/v2\/media?parent=183173"}],"wp:term":[{"taxonomy":"category","embeddable":true,"href":"https:\/\/wp.kristdemokraterna.se\/vasternorrland\/wp-json\/wp\/v2\/categories?post=183173"},{"taxonomy":"post_tag","embeddable":true,"href":"https:\/\/wp.kristdemokraterna.se\/vasternorrland\/wp-json\/wp\/v2\/tags?post=183173"}],"curies":[{"name":"wp","href":"https:\/\/api.w.org\/{rel}","templated":true}]}}