{"id":231732,"date":"1991-11-02T20:38:52","date_gmt":"1991-11-02T19:38:52","guid":{"rendered":"http:\/\/wp.kristdemokraterna.se\/vasternorrland\/?p=231732"},"modified":"2019-11-03T11:06:46","modified_gmt":"2019-11-03T10:06:46","slug":"interpellation-angaende-avgift-pa-sjukhusvard-fran-arsskiftet","status":"publish","type":"post","link":"https:\/\/wp.kristdemokraterna.se\/vasternorrland\/interpellation-angaende-avgift-pa-sjukhusvard-fran-arsskiftet\/","title":{"rendered":"Interpellation: Ang\u00e5ende avgift p\u00e5 sjukhusv\u00e5rd fr\u00e5n \u00e5rsskiftet"},"content":{"rendered":"<p>Vid \u00e5rsskiftet b\u00f6rjar det nya arbetsgivaransvaret f\u00f6r sjukperioder upp till 14 dagar att g\u00e4lla. En konsekvens som hittils inte uppm\u00e4rksammats \u00e4r att F\u00f6rs\u00e4kringskassan inte l\u00e4ngra kan handl\u00e4gga inkasseringen av avgiften f\u00f6r sjukhusv\u00e5rd. Det har man tidigare gjort genom avdrag p\u00e5 sjukers\u00e4ttningen.<\/p>\n<p>F\u00f6r de flesta som f\u00e5r sjukers\u00e4ttning och varit inlagda p\u00e5 sjukhus, g\u00f6r man ingen st\u00f6rre notis om detta avdrag. MEn s\u00e5 kommer det inte att bli fram\u00f6ver: Om inget annat system inf\u00f6rs, kommer patienten att f\u00e5 en faktura i handen (eller per brev). Risken \u00e4r uppenbar att m\u00e5nga kommer att uppfatta denna fakturerade avgift som en ny avgift. Det \u00e4r d\u00e4rf\u00f6r viktigt att informera ordentligt om att detta inte \u00e4r fallet.<\/p>\n<p>Jag tror att det \u00e4r \u00f6nskv\u00e4rt att finna en annan ordning f\u00f6r betalning av dessa avgifter, s\u00e5 att man helt undviker en s\u00e5dan situation. Sk\u00e4len \u00e4r m\u00e5nga: F\u00f6rst och fr\u00e4mst m\u00e5ste det vara obehagligt f\u00f6r patienter att uppleva att n\u00e5gon b\u00f6rjar ta betalt f\u00f6r sjukv\u00e5rd, som tidigare ersatts via F\u00f6rs\u00e4kringskassan. Dessutom drar landstinget p\u00e5 sig ett administrativt bekymmer, med risk f\u00f6r indrivning av obetalda avgifter etc. Om ist\u00e4llet t ex arbetsgivaren f\u00e5r betala avgiften i efterhand och samtidigt dra av beloppet p\u00e5 den anst\u00e4lldes l\u00f6n, undviker man detta. Jag vet inte exakt vad som \u00e4r b\u00e4st och det finns troligen m\u00e5nga t\u00e4nkbara varianter.<\/p>\n<p>D\u00e4rf\u00f6r vill jag fr\u00e5ga landstingsr\u00e5det Alf Wedin:<\/p>\n<ul>\n<li>Hur kommer landstinget i V\u00e4sternorland att ta in avgiften f\u00f6r sjukhusv\u00e5rd efter \u00e5rsskiftet?<\/li>\n<li>Vilken information kommer landstinget att ge l\u00e4nsinnev\u00e5narna om det nya systemet, s\u00e5 att det inte uppfattas som en &#8221;ny&#8221; avgift?<\/li>\n<li>\u00c4r det m\u00f6jligt att skapa en smidig hantering f\u00f6r betalning av v\u00e5rdavgifter <strong>utan<\/strong> fakturor till de enskilda patienterna?<\/li>\n<\/ul>\n<p>Sverker \u00c5gren, Sollefte\u00e5<br \/>\nKristdemokraterna<\/p>\n<hr \/>\n<p><a href=\"http:\/\/wp.kristdemokraterna.se\/vasternorrland\/var-politik\/politikomraden\/specialistvard\/\">Specialistv\u00e5rd<\/a> | <a href=\"http:\/\/wp.kristdemokraterna.se\/vasternorrland\/etiketter\/demensvard\/\">demensv\u00e5rd<\/a>&nbsp;\u00b7 <a href=\"http:\/\/wp.kristdemokraterna.se\/vasternorrland\/etiketter\/interpellation\/\">interpellation<\/a>&nbsp;\u00b7 <a href=\"http:\/\/wp.kristdemokraterna.se\/vasternorrland\/etiketter\/patientavgift\/\">patientavgift<\/a>&nbsp;\u00b7 <a href=\"http:\/\/wp.kristdemokraterna.se\/vasternorrland\/etiketter\/sverker-agren\/\">Sverker&nbsp;\u00c5gren<\/a><\/p>\n","protected":false},"excerpt":{"rendered":"<p>Vid \u00e5rsskiftet b\u00f6rjar det nya arbetsgivaransvaret f\u00f6r sjukperioder upp till 14 dagar att g\u00e4lla. En konsekvens som hittils inte uppm\u00e4rksammats \u00e4r att F\u00f6rs\u00e4kringskassan inte l\u00e4ngra kan handl\u00e4gga inkasseringen av avgiften f\u00f6r sjukhusv\u00e5rd. Det har man tidigare gjort genom avdrag p\u00e5 sjukers\u00e4ttningen. F\u00f6r de flesta som f\u00e5r sjukers\u00e4ttning och varit inlagda p\u00e5 sjukhus, g\u00f6r man ingen <a class=\"read-more-link\" href=\"https:\/\/wp.kristdemokraterna.se\/vasternorrland\/interpellation-angaende-avgift-pa-sjukhusvard-fran-arsskiftet\/\">Read More<\/a><\/p>\n","protected":false},"author":861,"featured_media":0,"comment_status":"closed","ping_status":"closed","sticky":false,"template":"","format":"standard","meta":{"_acf_changed":false,"footnotes":""},"categories":[101],"tags":[543,39,92,464],"class_list":["post-231732","post","type-post","status-publish","format-standard","hentry","category-specialistvard","tag-alla-inlagg","tag-interpellation","tag-patientavgift","tag-sverker-agren"],"acf":[],"yoast_head":"<!-- This site is optimized with the Yoast SEO plugin v27.4 - https:\/\/yoast.com\/product\/yoast-seo-wordpress\/ -->\n<title>Interpellation: Ang\u00e5ende avgift p\u00e5 sjukhusv\u00e5rd fr\u00e5n \u00e5rsskiftet | KD V\u00e4sternorrland<\/title>\n<meta name=\"robots\" content=\"index, follow, max-snippet:-1, max-image-preview:large, max-video-preview:-1\" \/>\n<link rel=\"canonical\" href=\"https:\/\/wp.kristdemokraterna.se\/vasternorrland\/interpellation-angaende-avgift-pa-sjukhusvard-fran-arsskiftet\/\" \/>\n<meta property=\"og:locale\" content=\"sv_SE\" \/>\n<meta property=\"og:type\" content=\"article\" \/>\n<meta property=\"og:title\" content=\"Interpellation: Ang\u00e5ende avgift p\u00e5 sjukhusv\u00e5rd fr\u00e5n \u00e5rsskiftet | KD V\u00e4sternorrland\" \/>\n<meta property=\"og:description\" content=\"Vid \u00e5rsskiftet b\u00f6rjar det nya arbetsgivaransvaret f\u00f6r sjukperioder upp till 14 dagar att g\u00e4lla. En konsekvens som hittils inte uppm\u00e4rksammats \u00e4r att F\u00f6rs\u00e4kringskassan inte l\u00e4ngra kan handl\u00e4gga inkasseringen av avgiften f\u00f6r sjukhusv\u00e5rd. Det har man tidigare gjort genom avdrag p\u00e5 sjukers\u00e4ttningen. F\u00f6r de flesta som f\u00e5r sjukers\u00e4ttning och varit inlagda p\u00e5 sjukhus, g\u00f6r man ingen Read More\" \/>\n<meta property=\"og:url\" content=\"https:\/\/wp.kristdemokraterna.se\/vasternorrland\/interpellation-angaende-avgift-pa-sjukhusvard-fran-arsskiftet\/\" \/>\n<meta property=\"og:site_name\" content=\"KD V\u00e4sternorrland\" \/>\n<meta property=\"article:publisher\" content=\"https:\/\/www.facebook.com\/kdrvn\/\" \/>\n<meta property=\"article:published_time\" content=\"1991-11-02T19:38:52+00:00\" \/>\n<meta property=\"article:modified_time\" content=\"2019-11-03T10:06:46+00:00\" \/>\n<meta name=\"author\" content=\"sendelbach\" \/>\n<meta name=\"twitter:card\" content=\"summary_large_image\" \/>\n<meta name=\"twitter:label1\" content=\"Skriven av\" \/>\n\t<meta name=\"twitter:data1\" content=\"sendelbach\" \/>\n\t<meta name=\"twitter:label2\" content=\"Ber\u00e4knad l\u00e4stid\" \/>\n\t<meta name=\"twitter:data2\" content=\"2 minuter\" \/>\n<script type=\"application\/ld+json\" class=\"yoast-schema-graph\">{\"@context\":\"https:\\\/\\\/schema.org\",\"@graph\":[{\"@type\":\"Article\",\"@id\":\"https:\\\/\\\/wp.kristdemokraterna.se\\\/vasternorrland\\\/interpellation-angaende-avgift-pa-sjukhusvard-fran-arsskiftet\\\/#article\",\"isPartOf\":{\"@id\":\"https:\\\/\\\/wp.kristdemokraterna.se\\\/vasternorrland\\\/interpellation-angaende-avgift-pa-sjukhusvard-fran-arsskiftet\\\/\"},\"author\":{\"name\":\"sendelbach\",\"@id\":\"https:\\\/\\\/wp.kristdemokraterna.se\\\/vasternorrland\\\/#\\\/schema\\\/person\\\/c253503d86970574912dff6ec658bf28\"},\"headline\":\"Interpellation: Ang\u00e5ende avgift p\u00e5 sjukhusv\u00e5rd fr\u00e5n \u00e5rsskiftet\",\"datePublished\":\"1991-11-02T19:38:52+00:00\",\"dateModified\":\"2019-11-03T10:06:46+00:00\",\"mainEntityOfPage\":{\"@id\":\"https:\\\/\\\/wp.kristdemokraterna.se\\\/vasternorrland\\\/interpellation-angaende-avgift-pa-sjukhusvard-fran-arsskiftet\\\/\"},\"wordCount\":354,\"keywords\":[\"alla inl\u00e4gg\",\"interpellation\",\"patientavgift\",\"Sverker \u00c5gren\"],\"articleSection\":[\"Specialistv\u00e5rd\"],\"inLanguage\":\"sv-SE\"},{\"@type\":\"WebPage\",\"@id\":\"https:\\\/\\\/wp.kristdemokraterna.se\\\/vasternorrland\\\/interpellation-angaende-avgift-pa-sjukhusvard-fran-arsskiftet\\\/\",\"url\":\"https:\\\/\\\/wp.kristdemokraterna.se\\\/vasternorrland\\\/interpellation-angaende-avgift-pa-sjukhusvard-fran-arsskiftet\\\/\",\"name\":\"Interpellation: Ang\u00e5ende avgift p\u00e5 sjukhusv\u00e5rd fr\u00e5n \u00e5rsskiftet | KD V\u00e4sternorrland\",\"isPartOf\":{\"@id\":\"https:\\\/\\\/wp.kristdemokraterna.se\\\/vasternorrland\\\/#website\"},\"datePublished\":\"1991-11-02T19:38:52+00:00\",\"dateModified\":\"2019-11-03T10:06:46+00:00\",\"author\":{\"@id\":\"https:\\\/\\\/wp.kristdemokraterna.se\\\/vasternorrland\\\/#\\\/schema\\\/person\\\/c253503d86970574912dff6ec658bf28\"},\"breadcrumb\":{\"@id\":\"https:\\\/\\\/wp.kristdemokraterna.se\\\/vasternorrland\\\/interpellation-angaende-avgift-pa-sjukhusvard-fran-arsskiftet\\\/#breadcrumb\"},\"inLanguage\":\"sv-SE\",\"potentialAction\":[{\"@type\":\"ReadAction\",\"target\":[\"https:\\\/\\\/wp.kristdemokraterna.se\\\/vasternorrland\\\/interpellation-angaende-avgift-pa-sjukhusvard-fran-arsskiftet\\\/\"]}]},{\"@type\":\"BreadcrumbList\",\"@id\":\"https:\\\/\\\/wp.kristdemokraterna.se\\\/vasternorrland\\\/interpellation-angaende-avgift-pa-sjukhusvard-fran-arsskiftet\\\/#breadcrumb\",\"itemListElement\":[{\"@type\":\"ListItem\",\"position\":1,\"name\":\"Hem\",\"item\":\"https:\\\/\\\/wp.kristdemokraterna.se\\\/vasternorrland\\\/\"},{\"@type\":\"ListItem\",\"position\":2,\"name\":\"Interpellation: Ang\u00e5ende avgift p\u00e5 sjukhusv\u00e5rd fr\u00e5n \u00e5rsskiftet\"}]},{\"@type\":\"WebSite\",\"@id\":\"https:\\\/\\\/wp.kristdemokraterna.se\\\/vasternorrland\\\/#website\",\"url\":\"https:\\\/\\\/wp.kristdemokraterna.se\\\/vasternorrland\\\/\",\"name\":\"KD V\u00e4sternorrland\",\"description\":\"V\u00e5rda v\u00e5rden - utveckla prim\u00e4rv\u00e5rden\",\"inLanguage\":\"sv-SE\"},{\"@type\":\"Person\",\"@id\":\"https:\\\/\\\/wp.kristdemokraterna.se\\\/vasternorrland\\\/#\\\/schema\\\/person\\\/c253503d86970574912dff6ec658bf28\",\"name\":\"sendelbach\",\"image\":{\"@type\":\"ImageObject\",\"inLanguage\":\"sv-SE\",\"@id\":\"https:\\\/\\\/secure.gravatar.com\\\/avatar\\\/0499a666be08fad4eb4333dbfba8681b8ebe23a978ce2e4c44818b2c5e2415b8?s=96&r=g\",\"url\":\"https:\\\/\\\/secure.gravatar.com\\\/avatar\\\/0499a666be08fad4eb4333dbfba8681b8ebe23a978ce2e4c44818b2c5e2415b8?s=96&r=g\",\"contentUrl\":\"https:\\\/\\\/secure.gravatar.com\\\/avatar\\\/0499a666be08fad4eb4333dbfba8681b8ebe23a978ce2e4c44818b2c5e2415b8?s=96&r=g\",\"caption\":\"sendelbach\"},\"url\":\"https:\\\/\\\/wp.kristdemokraterna.se\\\/vasternorrland\\\/author\\\/sendelbach\\\/\"}]}<\/script>\n<!-- \/ Yoast SEO plugin. -->","yoast_head_json":{"title":"Interpellation: Ang\u00e5ende avgift p\u00e5 sjukhusv\u00e5rd fr\u00e5n \u00e5rsskiftet | KD V\u00e4sternorrland","robots":{"index":"index","follow":"follow","max-snippet":"max-snippet:-1","max-image-preview":"max-image-preview:large","max-video-preview":"max-video-preview:-1"},"canonical":"https:\/\/wp.kristdemokraterna.se\/vasternorrland\/interpellation-angaende-avgift-pa-sjukhusvard-fran-arsskiftet\/","og_locale":"sv_SE","og_type":"article","og_title":"Interpellation: Ang\u00e5ende avgift p\u00e5 sjukhusv\u00e5rd fr\u00e5n \u00e5rsskiftet | KD V\u00e4sternorrland","og_description":"Vid \u00e5rsskiftet b\u00f6rjar det nya arbetsgivaransvaret f\u00f6r sjukperioder upp till 14 dagar att g\u00e4lla. En konsekvens som hittils inte uppm\u00e4rksammats \u00e4r att F\u00f6rs\u00e4kringskassan inte l\u00e4ngra kan handl\u00e4gga inkasseringen av avgiften f\u00f6r sjukhusv\u00e5rd. Det har man tidigare gjort genom avdrag p\u00e5 sjukers\u00e4ttningen. F\u00f6r de flesta som f\u00e5r sjukers\u00e4ttning och varit inlagda p\u00e5 sjukhus, g\u00f6r man ingen Read More","og_url":"https:\/\/wp.kristdemokraterna.se\/vasternorrland\/interpellation-angaende-avgift-pa-sjukhusvard-fran-arsskiftet\/","og_site_name":"KD V\u00e4sternorrland","article_publisher":"https:\/\/www.facebook.com\/kdrvn\/","article_published_time":"1991-11-02T19:38:52+00:00","article_modified_time":"2019-11-03T10:06:46+00:00","author":"sendelbach","twitter_card":"summary_large_image","twitter_misc":{"Skriven av":"sendelbach","Ber\u00e4knad l\u00e4stid":"2 minuter"},"schema":{"@context":"https:\/\/schema.org","@graph":[{"@type":"Article","@id":"https:\/\/wp.kristdemokraterna.se\/vasternorrland\/interpellation-angaende-avgift-pa-sjukhusvard-fran-arsskiftet\/#article","isPartOf":{"@id":"https:\/\/wp.kristdemokraterna.se\/vasternorrland\/interpellation-angaende-avgift-pa-sjukhusvard-fran-arsskiftet\/"},"author":{"name":"sendelbach","@id":"https:\/\/wp.kristdemokraterna.se\/vasternorrland\/#\/schema\/person\/c253503d86970574912dff6ec658bf28"},"headline":"Interpellation: Ang\u00e5ende avgift p\u00e5 sjukhusv\u00e5rd fr\u00e5n \u00e5rsskiftet","datePublished":"1991-11-02T19:38:52+00:00","dateModified":"2019-11-03T10:06:46+00:00","mainEntityOfPage":{"@id":"https:\/\/wp.kristdemokraterna.se\/vasternorrland\/interpellation-angaende-avgift-pa-sjukhusvard-fran-arsskiftet\/"},"wordCount":354,"keywords":["alla inl\u00e4gg","interpellation","patientavgift","Sverker \u00c5gren"],"articleSection":["Specialistv\u00e5rd"],"inLanguage":"sv-SE"},{"@type":"WebPage","@id":"https:\/\/wp.kristdemokraterna.se\/vasternorrland\/interpellation-angaende-avgift-pa-sjukhusvard-fran-arsskiftet\/","url":"https:\/\/wp.kristdemokraterna.se\/vasternorrland\/interpellation-angaende-avgift-pa-sjukhusvard-fran-arsskiftet\/","name":"Interpellation: Ang\u00e5ende avgift p\u00e5 sjukhusv\u00e5rd fr\u00e5n \u00e5rsskiftet | KD V\u00e4sternorrland","isPartOf":{"@id":"https:\/\/wp.kristdemokraterna.se\/vasternorrland\/#website"},"datePublished":"1991-11-02T19:38:52+00:00","dateModified":"2019-11-03T10:06:46+00:00","author":{"@id":"https:\/\/wp.kristdemokraterna.se\/vasternorrland\/#\/schema\/person\/c253503d86970574912dff6ec658bf28"},"breadcrumb":{"@id":"https:\/\/wp.kristdemokraterna.se\/vasternorrland\/interpellation-angaende-avgift-pa-sjukhusvard-fran-arsskiftet\/#breadcrumb"},"inLanguage":"sv-SE","potentialAction":[{"@type":"ReadAction","target":["https:\/\/wp.kristdemokraterna.se\/vasternorrland\/interpellation-angaende-avgift-pa-sjukhusvard-fran-arsskiftet\/"]}]},{"@type":"BreadcrumbList","@id":"https:\/\/wp.kristdemokraterna.se\/vasternorrland\/interpellation-angaende-avgift-pa-sjukhusvard-fran-arsskiftet\/#breadcrumb","itemListElement":[{"@type":"ListItem","position":1,"name":"Hem","item":"https:\/\/wp.kristdemokraterna.se\/vasternorrland\/"},{"@type":"ListItem","position":2,"name":"Interpellation: Ang\u00e5ende avgift p\u00e5 sjukhusv\u00e5rd fr\u00e5n \u00e5rsskiftet"}]},{"@type":"WebSite","@id":"https:\/\/wp.kristdemokraterna.se\/vasternorrland\/#website","url":"https:\/\/wp.kristdemokraterna.se\/vasternorrland\/","name":"KD V\u00e4sternorrland","description":"V\u00e5rda v\u00e5rden - utveckla prim\u00e4rv\u00e5rden","inLanguage":"sv-SE"},{"@type":"Person","@id":"https:\/\/wp.kristdemokraterna.se\/vasternorrland\/#\/schema\/person\/c253503d86970574912dff6ec658bf28","name":"sendelbach","image":{"@type":"ImageObject","inLanguage":"sv-SE","@id":"https:\/\/secure.gravatar.com\/avatar\/0499a666be08fad4eb4333dbfba8681b8ebe23a978ce2e4c44818b2c5e2415b8?s=96&r=g","url":"https:\/\/secure.gravatar.com\/avatar\/0499a666be08fad4eb4333dbfba8681b8ebe23a978ce2e4c44818b2c5e2415b8?s=96&r=g","contentUrl":"https:\/\/secure.gravatar.com\/avatar\/0499a666be08fad4eb4333dbfba8681b8ebe23a978ce2e4c44818b2c5e2415b8?s=96&r=g","caption":"sendelbach"},"url":"https:\/\/wp.kristdemokraterna.se\/vasternorrland\/author\/sendelbach\/"}]}},"_links":{"self":[{"href":"https:\/\/wp.kristdemokraterna.se\/vasternorrland\/wp-json\/wp\/v2\/posts\/231732","targetHints":{"allow":["GET"]}}],"collection":[{"href":"https:\/\/wp.kristdemokraterna.se\/vasternorrland\/wp-json\/wp\/v2\/posts"}],"about":[{"href":"https:\/\/wp.kristdemokraterna.se\/vasternorrland\/wp-json\/wp\/v2\/types\/post"}],"author":[{"embeddable":true,"href":"https:\/\/wp.kristdemokraterna.se\/vasternorrland\/wp-json\/wp\/v2\/users\/861"}],"replies":[{"embeddable":true,"href":"https:\/\/wp.kristdemokraterna.se\/vasternorrland\/wp-json\/wp\/v2\/comments?post=231732"}],"version-history":[{"count":3,"href":"https:\/\/wp.kristdemokraterna.se\/vasternorrland\/wp-json\/wp\/v2\/posts\/231732\/revisions"}],"predecessor-version":[{"id":231898,"href":"https:\/\/wp.kristdemokraterna.se\/vasternorrland\/wp-json\/wp\/v2\/posts\/231732\/revisions\/231898"}],"wp:attachment":[{"href":"https:\/\/wp.kristdemokraterna.se\/vasternorrland\/wp-json\/wp\/v2\/media?parent=231732"}],"wp:term":[{"taxonomy":"category","embeddable":true,"href":"https:\/\/wp.kristdemokraterna.se\/vasternorrland\/wp-json\/wp\/v2\/categories?post=231732"},{"taxonomy":"post_tag","embeddable":true,"href":"https:\/\/wp.kristdemokraterna.se\/vasternorrland\/wp-json\/wp\/v2\/tags?post=231732"}],"curies":[{"name":"wp","href":"https:\/\/api.w.org\/{rel}","templated":true}]}}