{"id":231894,"date":"1990-10-18T11:00:35","date_gmt":"1990-10-18T10:00:35","guid":{"rendered":"http:\/\/wp.kristdemokraterna.se\/vasternorrland\/?p=231894"},"modified":"2020-11-09T09:04:49","modified_gmt":"2020-11-09T08:04:49","slug":"kds-forslag-till-andrade-taxor","status":"publish","type":"post","link":"https:\/\/wp.kristdemokraterna.se\/vasternorrland\/kds-forslag-till-andrade-taxor\/","title":{"rendered":"KdS f\u00f6rslag till \u00e4ndrade taxor"},"content":{"rendered":"<p>KdS anser att de f\u00f6reslagna h\u00f6jningarna av patientavgifterna till 100:- per l\u00e4karbes\u00f6k samt till 60:- f\u00f6r sjukv\u00e5rdande behandling, b\u00f6r utformas p\u00e5 annat s\u00e4tt. KdS f\u00f6rslag \u00e4r att den normala niv\u00e5n b\u00f6r vara 90:- f\u00f6r bes\u00f6k hos distrikts\u00e4kare, h\u00e4lsokontroller etc. En h\u00f6gre avgift b\u00f6r g\u00e4lla f\u00f6r bes\u00f6k hos specialistl\u00e4kare. H\u00f6gkostnadsskyddets niv\u00e5 b\u00f6r vara 1200:-<\/p>\n<p>KdS alternativ \u00e4r f\u00f6ljande:<\/p>\n<ol>\n<li>Landstingets prim\u00e4rv\u00e5rd \u00e4r basen f\u00f6r hela sjukv\u00e5rdsorganisationen. Avgiften f\u00f6r bes\u00f6k hos distriktsl\u00e4kare m\u00e5ste utformas s\u00e5 att det blir naturligt att i f\u00f6rsta hand s\u00f6ka v\u00e5rd d\u00e4r. Med en l\u00e4gre avgift inom prim\u00e4rv\u00e5rden j\u00e4mf\u00f6rt med bes\u00f6k hos en specialistl\u00e4kare, kan avgiften medverka till en s\u00e5dan utveckling. KdS f\u00f6resl\u00e5r 90:- som avgift f\u00f6r distriktsl\u00e4karbes\u00f6k samt 120:- f\u00f6r bes\u00f6k hos specialist.<\/li>\n<li>KdS har tidigare f\u00f6reslagit att barn i f\u00f6rskole\u00e5ldern ska ha l\u00e4gre avgift. Det motiveras av att dessa inte omfattas av den fria skolh\u00e4lsov\u00e5rden. Det utrycker ocks\u00e5 att KdS vill v\u00e4rna om barnfamiljernas r\u00e4tt till bra och god barnsjukv\u00e5rd till en l\u00e5g kostnad. KdS f\u00f6resl\u00e5r att avgiften f\u00f6r barn blir 50 % av hel avgift. Det inneb\u00e4r en s\u00e4nkning fr\u00e5n dagens niv\u00e5 vid distriktsl\u00e4karbes\u00f6k och en mindre \u00f6kning vid specialistl\u00e4karbes\u00f6k.<\/li>\n<li>H\u00f6gkostnadsskyddet b\u00f6r \u00e4ven omfatta resor. I avvaktan p\u00e5 att landstinget f\u00e5r ansvar \u00e4ven f\u00f6r dessa ers\u00e4ttningar \u00e4r det angel\u00e4get att h\u00f6gkostnadsskyddet under 1991 inte l\u00e4ggs p\u00e5 en orimligt h\u00f6g niv\u00e5. Det m\u00e5ste \u00e4ven vara utformat s\u00e5, att det blir meningsfullt att utnyttja. KdS f\u00f6resl\u00e5r max kostnad p\u00e5 1 200:- p\u00e5 en 12-m\u00e5nadersperiod. F\u00f6r att \u00f6ka utnyttjandet av detta skydd anser KdS att landstingets information till patienterna m\u00e5ste f\u00f6rb\u00e4ttras v\u00e4sentligt. Det b\u00f6r bli rutin vid varje betalning, att patienten tillfr\u00e5gas\/p\u00e5minns om h\u00f6gkostnadsskyddet.<\/li>\n<li>KdS avvisar f\u00f6rslaget att avgiftsbel\u00e4gga bes\u00f6k hos mottagningssk\u00f6terska vid v\u00e5rdcentral samt vid dipens\u00e4r, ex vis diabetes- och blodtrycksmottagning.<\/li>\n<li>Gynekologisk h\u00e4lsokontroll samt mammografih\u00e4lsokontroll 90:-<\/li>\n<li>Vaccinationer, 90:- + sj\u00e4lvkostnader, med de undantag som anges i f\u00f6rslaget.<\/li>\n<li>\u00c5terbetalning av avgifter enligt f\u00f6rslaget, men med de belopp som f\u00f6ljer av v\u00e5rt f\u00f6rslag.<\/li>\n<\/ol>\n<p>1990-10-18<br \/>\nKdS V\u00e4sternorrland<br \/>\nLandstingsgruppen<br \/>\nSverker \u00c5gren, gruppledare<\/p>\n<hr \/>\n<p><a href=\"http:\/\/wp.kristdemokraterna.se\/vasternorrland\/var-politik\/politikomraden\/ekonomi-skatter\/\">Ekonomi\/skatter<\/a> | <a href=\"http:\/\/wp.kristdemokraterna.se\/vasternorrland\/etiketter\/patientavgift\/\">patientavgift<\/a>&nbsp;\u00b7 <a href=\"http:\/\/wp.kristdemokraterna.se\/vasternorrland\/etiketter\/sverker-agren\/\">Sverker&nbsp;\u00c5gren<\/a>&nbsp;\u00b7 <a href=\"http:\/\/wp.kristdemokraterna.se\/vasternorrland\/etiketter\/yrkande\/\">yrkande<\/a><\/p>\n","protected":false},"excerpt":{"rendered":"<p>KdS anser att de f\u00f6reslagna h\u00f6jningarna av patientavgifterna till 100:- per l\u00e4karbes\u00f6k samt till 60:- f\u00f6r sjukv\u00e5rdande behandling, b\u00f6r utformas p\u00e5 annat s\u00e4tt. KdS f\u00f6rslag \u00e4r att den normala niv\u00e5n b\u00f6r vara 90:- f\u00f6r bes\u00f6k hos distrikts\u00e4kare, h\u00e4lsokontroller etc. En h\u00f6gre avgift b\u00f6r g\u00e4lla f\u00f6r bes\u00f6k hos specialistl\u00e4kare. H\u00f6gkostnadsskyddets niv\u00e5 b\u00f6r vara 1200:- KdS alternativ <a class=\"read-more-link\" href=\"https:\/\/wp.kristdemokraterna.se\/vasternorrland\/kds-forslag-till-andrade-taxor\/\">Read More<\/a><\/p>\n","protected":false},"author":861,"featured_media":0,"comment_status":"closed","ping_status":"closed","sticky":false,"template":"","format":"standard","meta":{"_acf_changed":false,"footnotes":""},"categories":[544],"tags":[543,265,1206,92,464,583],"class_list":["post-231894","post","type-post","status-publish","format-standard","hentry","category-ekonomi","tag-alla-inlagg","tag-ekonomi","tag-ekonomi-skatter","tag-patientavgift","tag-sverker-agren","tag-yrkande"],"acf":[],"yoast_head":"<!-- This site is optimized with the Yoast SEO plugin v27.4 - https:\/\/yoast.com\/product\/yoast-seo-wordpress\/ -->\n<title>KdS f\u00f6rslag till \u00e4ndrade taxor | KD V\u00e4sternorrland<\/title>\n<meta name=\"robots\" content=\"index, follow, max-snippet:-1, max-image-preview:large, max-video-preview:-1\" \/>\n<link rel=\"canonical\" href=\"https:\/\/wp.kristdemokraterna.se\/vasternorrland\/kds-forslag-till-andrade-taxor\/\" \/>\n<meta property=\"og:locale\" content=\"sv_SE\" \/>\n<meta property=\"og:type\" content=\"article\" \/>\n<meta property=\"og:title\" content=\"KdS f\u00f6rslag till \u00e4ndrade taxor | KD V\u00e4sternorrland\" \/>\n<meta property=\"og:description\" content=\"KdS anser att de f\u00f6reslagna h\u00f6jningarna av patientavgifterna till 100:- per l\u00e4karbes\u00f6k samt till 60:- f\u00f6r sjukv\u00e5rdande behandling, b\u00f6r utformas p\u00e5 annat s\u00e4tt. KdS f\u00f6rslag \u00e4r att den normala niv\u00e5n b\u00f6r vara 90:- f\u00f6r bes\u00f6k hos distrikts\u00e4kare, h\u00e4lsokontroller etc. En h\u00f6gre avgift b\u00f6r g\u00e4lla f\u00f6r bes\u00f6k hos specialistl\u00e4kare. H\u00f6gkostnadsskyddets niv\u00e5 b\u00f6r vara 1200:- KdS alternativ Read More\" \/>\n<meta property=\"og:url\" content=\"https:\/\/wp.kristdemokraterna.se\/vasternorrland\/kds-forslag-till-andrade-taxor\/\" \/>\n<meta property=\"og:site_name\" content=\"KD V\u00e4sternorrland\" \/>\n<meta property=\"article:publisher\" content=\"https:\/\/www.facebook.com\/kdrvn\/\" \/>\n<meta property=\"article:published_time\" content=\"1990-10-18T10:00:35+00:00\" \/>\n<meta property=\"article:modified_time\" content=\"2020-11-09T08:04:49+00:00\" \/>\n<meta name=\"author\" content=\"sendelbach\" \/>\n<meta name=\"twitter:card\" content=\"summary_large_image\" \/>\n<meta name=\"twitter:label1\" content=\"Skriven av\" \/>\n\t<meta name=\"twitter:data1\" content=\"sendelbach\" \/>\n\t<meta name=\"twitter:label2\" content=\"Ber\u00e4knad l\u00e4stid\" \/>\n\t<meta name=\"twitter:data2\" content=\"2 minuter\" \/>\n<script type=\"application\/ld+json\" class=\"yoast-schema-graph\">{\"@context\":\"https:\\\/\\\/schema.org\",\"@graph\":[{\"@type\":\"Article\",\"@id\":\"https:\\\/\\\/wp.kristdemokraterna.se\\\/vasternorrland\\\/kds-forslag-till-andrade-taxor\\\/#article\",\"isPartOf\":{\"@id\":\"https:\\\/\\\/wp.kristdemokraterna.se\\\/vasternorrland\\\/kds-forslag-till-andrade-taxor\\\/\"},\"author\":{\"name\":\"sendelbach\",\"@id\":\"https:\\\/\\\/wp.kristdemokraterna.se\\\/vasternorrland\\\/#\\\/schema\\\/person\\\/c253503d86970574912dff6ec658bf28\"},\"headline\":\"KdS f\u00f6rslag till \u00e4ndrade taxor\",\"datePublished\":\"1990-10-18T10:00:35+00:00\",\"dateModified\":\"2020-11-09T08:04:49+00:00\",\"mainEntityOfPage\":{\"@id\":\"https:\\\/\\\/wp.kristdemokraterna.se\\\/vasternorrland\\\/kds-forslag-till-andrade-taxor\\\/\"},\"wordCount\":440,\"keywords\":[\"alla inl\u00e4gg\",\"ekonomi\",\"ekonomi\\\/skatter\",\"patientavgift\",\"Sverker \u00c5gren\",\"yrkande\"],\"articleSection\":[\"Ekonomi\\\/skatter\"],\"inLanguage\":\"sv-SE\"},{\"@type\":\"WebPage\",\"@id\":\"https:\\\/\\\/wp.kristdemokraterna.se\\\/vasternorrland\\\/kds-forslag-till-andrade-taxor\\\/\",\"url\":\"https:\\\/\\\/wp.kristdemokraterna.se\\\/vasternorrland\\\/kds-forslag-till-andrade-taxor\\\/\",\"name\":\"KdS f\u00f6rslag till \u00e4ndrade taxor | KD V\u00e4sternorrland\",\"isPartOf\":{\"@id\":\"https:\\\/\\\/wp.kristdemokraterna.se\\\/vasternorrland\\\/#website\"},\"datePublished\":\"1990-10-18T10:00:35+00:00\",\"dateModified\":\"2020-11-09T08:04:49+00:00\",\"author\":{\"@id\":\"https:\\\/\\\/wp.kristdemokraterna.se\\\/vasternorrland\\\/#\\\/schema\\\/person\\\/c253503d86970574912dff6ec658bf28\"},\"breadcrumb\":{\"@id\":\"https:\\\/\\\/wp.kristdemokraterna.se\\\/vasternorrland\\\/kds-forslag-till-andrade-taxor\\\/#breadcrumb\"},\"inLanguage\":\"sv-SE\",\"potentialAction\":[{\"@type\":\"ReadAction\",\"target\":[\"https:\\\/\\\/wp.kristdemokraterna.se\\\/vasternorrland\\\/kds-forslag-till-andrade-taxor\\\/\"]}]},{\"@type\":\"BreadcrumbList\",\"@id\":\"https:\\\/\\\/wp.kristdemokraterna.se\\\/vasternorrland\\\/kds-forslag-till-andrade-taxor\\\/#breadcrumb\",\"itemListElement\":[{\"@type\":\"ListItem\",\"position\":1,\"name\":\"Hem\",\"item\":\"https:\\\/\\\/wp.kristdemokraterna.se\\\/vasternorrland\\\/\"},{\"@type\":\"ListItem\",\"position\":2,\"name\":\"KdS f\u00f6rslag till \u00e4ndrade taxor\"}]},{\"@type\":\"WebSite\",\"@id\":\"https:\\\/\\\/wp.kristdemokraterna.se\\\/vasternorrland\\\/#website\",\"url\":\"https:\\\/\\\/wp.kristdemokraterna.se\\\/vasternorrland\\\/\",\"name\":\"KD V\u00e4sternorrland\",\"description\":\"V\u00e5rda v\u00e5rden - utveckla prim\u00e4rv\u00e5rden\",\"inLanguage\":\"sv-SE\"},{\"@type\":\"Person\",\"@id\":\"https:\\\/\\\/wp.kristdemokraterna.se\\\/vasternorrland\\\/#\\\/schema\\\/person\\\/c253503d86970574912dff6ec658bf28\",\"name\":\"sendelbach\",\"image\":{\"@type\":\"ImageObject\",\"inLanguage\":\"sv-SE\",\"@id\":\"https:\\\/\\\/secure.gravatar.com\\\/avatar\\\/0499a666be08fad4eb4333dbfba8681b8ebe23a978ce2e4c44818b2c5e2415b8?s=96&r=g\",\"url\":\"https:\\\/\\\/secure.gravatar.com\\\/avatar\\\/0499a666be08fad4eb4333dbfba8681b8ebe23a978ce2e4c44818b2c5e2415b8?s=96&r=g\",\"contentUrl\":\"https:\\\/\\\/secure.gravatar.com\\\/avatar\\\/0499a666be08fad4eb4333dbfba8681b8ebe23a978ce2e4c44818b2c5e2415b8?s=96&r=g\",\"caption\":\"sendelbach\"},\"url\":\"https:\\\/\\\/wp.kristdemokraterna.se\\\/vasternorrland\\\/author\\\/sendelbach\\\/\"}]}<\/script>\n<!-- \/ Yoast SEO plugin. -->","yoast_head_json":{"title":"KdS f\u00f6rslag till \u00e4ndrade taxor | KD V\u00e4sternorrland","robots":{"index":"index","follow":"follow","max-snippet":"max-snippet:-1","max-image-preview":"max-image-preview:large","max-video-preview":"max-video-preview:-1"},"canonical":"https:\/\/wp.kristdemokraterna.se\/vasternorrland\/kds-forslag-till-andrade-taxor\/","og_locale":"sv_SE","og_type":"article","og_title":"KdS f\u00f6rslag till \u00e4ndrade taxor | KD V\u00e4sternorrland","og_description":"KdS anser att de f\u00f6reslagna h\u00f6jningarna av patientavgifterna till 100:- per l\u00e4karbes\u00f6k samt till 60:- f\u00f6r sjukv\u00e5rdande behandling, b\u00f6r utformas p\u00e5 annat s\u00e4tt. KdS f\u00f6rslag \u00e4r att den normala niv\u00e5n b\u00f6r vara 90:- f\u00f6r bes\u00f6k hos distrikts\u00e4kare, h\u00e4lsokontroller etc. En h\u00f6gre avgift b\u00f6r g\u00e4lla f\u00f6r bes\u00f6k hos specialistl\u00e4kare. H\u00f6gkostnadsskyddets niv\u00e5 b\u00f6r vara 1200:- KdS alternativ Read More","og_url":"https:\/\/wp.kristdemokraterna.se\/vasternorrland\/kds-forslag-till-andrade-taxor\/","og_site_name":"KD V\u00e4sternorrland","article_publisher":"https:\/\/www.facebook.com\/kdrvn\/","article_published_time":"1990-10-18T10:00:35+00:00","article_modified_time":"2020-11-09T08:04:49+00:00","author":"sendelbach","twitter_card":"summary_large_image","twitter_misc":{"Skriven av":"sendelbach","Ber\u00e4knad l\u00e4stid":"2 minuter"},"schema":{"@context":"https:\/\/schema.org","@graph":[{"@type":"Article","@id":"https:\/\/wp.kristdemokraterna.se\/vasternorrland\/kds-forslag-till-andrade-taxor\/#article","isPartOf":{"@id":"https:\/\/wp.kristdemokraterna.se\/vasternorrland\/kds-forslag-till-andrade-taxor\/"},"author":{"name":"sendelbach","@id":"https:\/\/wp.kristdemokraterna.se\/vasternorrland\/#\/schema\/person\/c253503d86970574912dff6ec658bf28"},"headline":"KdS f\u00f6rslag till \u00e4ndrade taxor","datePublished":"1990-10-18T10:00:35+00:00","dateModified":"2020-11-09T08:04:49+00:00","mainEntityOfPage":{"@id":"https:\/\/wp.kristdemokraterna.se\/vasternorrland\/kds-forslag-till-andrade-taxor\/"},"wordCount":440,"keywords":["alla inl\u00e4gg","ekonomi","ekonomi\/skatter","patientavgift","Sverker \u00c5gren","yrkande"],"articleSection":["Ekonomi\/skatter"],"inLanguage":"sv-SE"},{"@type":"WebPage","@id":"https:\/\/wp.kristdemokraterna.se\/vasternorrland\/kds-forslag-till-andrade-taxor\/","url":"https:\/\/wp.kristdemokraterna.se\/vasternorrland\/kds-forslag-till-andrade-taxor\/","name":"KdS f\u00f6rslag till \u00e4ndrade taxor | KD V\u00e4sternorrland","isPartOf":{"@id":"https:\/\/wp.kristdemokraterna.se\/vasternorrland\/#website"},"datePublished":"1990-10-18T10:00:35+00:00","dateModified":"2020-11-09T08:04:49+00:00","author":{"@id":"https:\/\/wp.kristdemokraterna.se\/vasternorrland\/#\/schema\/person\/c253503d86970574912dff6ec658bf28"},"breadcrumb":{"@id":"https:\/\/wp.kristdemokraterna.se\/vasternorrland\/kds-forslag-till-andrade-taxor\/#breadcrumb"},"inLanguage":"sv-SE","potentialAction":[{"@type":"ReadAction","target":["https:\/\/wp.kristdemokraterna.se\/vasternorrland\/kds-forslag-till-andrade-taxor\/"]}]},{"@type":"BreadcrumbList","@id":"https:\/\/wp.kristdemokraterna.se\/vasternorrland\/kds-forslag-till-andrade-taxor\/#breadcrumb","itemListElement":[{"@type":"ListItem","position":1,"name":"Hem","item":"https:\/\/wp.kristdemokraterna.se\/vasternorrland\/"},{"@type":"ListItem","position":2,"name":"KdS f\u00f6rslag till \u00e4ndrade taxor"}]},{"@type":"WebSite","@id":"https:\/\/wp.kristdemokraterna.se\/vasternorrland\/#website","url":"https:\/\/wp.kristdemokraterna.se\/vasternorrland\/","name":"KD V\u00e4sternorrland","description":"V\u00e5rda v\u00e5rden - utveckla prim\u00e4rv\u00e5rden","inLanguage":"sv-SE"},{"@type":"Person","@id":"https:\/\/wp.kristdemokraterna.se\/vasternorrland\/#\/schema\/person\/c253503d86970574912dff6ec658bf28","name":"sendelbach","image":{"@type":"ImageObject","inLanguage":"sv-SE","@id":"https:\/\/secure.gravatar.com\/avatar\/0499a666be08fad4eb4333dbfba8681b8ebe23a978ce2e4c44818b2c5e2415b8?s=96&r=g","url":"https:\/\/secure.gravatar.com\/avatar\/0499a666be08fad4eb4333dbfba8681b8ebe23a978ce2e4c44818b2c5e2415b8?s=96&r=g","contentUrl":"https:\/\/secure.gravatar.com\/avatar\/0499a666be08fad4eb4333dbfba8681b8ebe23a978ce2e4c44818b2c5e2415b8?s=96&r=g","caption":"sendelbach"},"url":"https:\/\/wp.kristdemokraterna.se\/vasternorrland\/author\/sendelbach\/"}]}},"_links":{"self":[{"href":"https:\/\/wp.kristdemokraterna.se\/vasternorrland\/wp-json\/wp\/v2\/posts\/231894","targetHints":{"allow":["GET"]}}],"collection":[{"href":"https:\/\/wp.kristdemokraterna.se\/vasternorrland\/wp-json\/wp\/v2\/posts"}],"about":[{"href":"https:\/\/wp.kristdemokraterna.se\/vasternorrland\/wp-json\/wp\/v2\/types\/post"}],"author":[{"embeddable":true,"href":"https:\/\/wp.kristdemokraterna.se\/vasternorrland\/wp-json\/wp\/v2\/users\/861"}],"replies":[{"embeddable":true,"href":"https:\/\/wp.kristdemokraterna.se\/vasternorrland\/wp-json\/wp\/v2\/comments?post=231894"}],"version-history":[{"count":3,"href":"https:\/\/wp.kristdemokraterna.se\/vasternorrland\/wp-json\/wp\/v2\/posts\/231894\/revisions"}],"predecessor-version":[{"id":322562,"href":"https:\/\/wp.kristdemokraterna.se\/vasternorrland\/wp-json\/wp\/v2\/posts\/231894\/revisions\/322562"}],"wp:attachment":[{"href":"https:\/\/wp.kristdemokraterna.se\/vasternorrland\/wp-json\/wp\/v2\/media?parent=231894"}],"wp:term":[{"taxonomy":"category","embeddable":true,"href":"https:\/\/wp.kristdemokraterna.se\/vasternorrland\/wp-json\/wp\/v2\/categories?post=231894"},{"taxonomy":"post_tag","embeddable":true,"href":"https:\/\/wp.kristdemokraterna.se\/vasternorrland\/wp-json\/wp\/v2\/tags?post=231894"}],"curies":[{"name":"wp","href":"https:\/\/api.w.org\/{rel}","templated":true}]}}