{"id":231914,"date":"1991-06-06T12:19:01","date_gmt":"1991-06-06T10:19:01","guid":{"rendered":"http:\/\/wp.kristdemokraterna.se\/vasternorrland\/?p=231914"},"modified":"2020-11-09T09:21:13","modified_gmt":"2020-11-09T08:21:13","slug":"socialdemokraternas-prioriteringar-ger-inga-nya-pengar-till-varden","status":"publish","type":"post","link":"https:\/\/wp.kristdemokraterna.se\/vasternorrland\/socialdemokraternas-prioriteringar-ger-inga-nya-pengar-till-varden\/","title":{"rendered":"Socialdemokraternas prioriteringar ger inga nya pengar till v\u00e5rden!"},"content":{"rendered":"<p>Vid den p\u00e5g\u00e5ende kongressen som Landstingsf\u00f6rbundet h\u00e5ller i Kalmar, debatterades p\u00e5 torsdagen v\u00e5rdens resurser.<\/p>\n<p>Chatrine P\u00e5lsson, KdS, kritiserade i ett inl\u00e4gg det planm\u00e4ssiga t\u00e4nkandet inom sjukv\u00e5rdssystemet. Hon menade att det orsakar brister som ytterst drabbar de \u00e4ldre och l\u00e5ngvarigt sjuka.<\/p>\n<p>&#8221;Deras synpunkter och \u00f6nskem\u00e5l m\u00e5ste uppv\u00e4rderas. Ett \u00f6kat patientinflytande och en verklig valfrihet \u00e4r mer \u00e4n bara ord!&#8221; sa P\u00e5lsson vidare.<\/p>\n<p>Inf\u00f6r 90-talets krav p\u00e5 prioriteringar h\u00e4vdade P\u00e5lsson att det kr\u00e4vs en etisk grund i politiken. &#8221;R\u00e4tten till sjukv\u00e5rd oavsett \u00e5lder och handikapp \u00e4r en grundl\u00e4ggande princip. Ett resurstillskott till v\u00e5rdsektorn \u00e4r n\u00f6dv\u00e4ndigt, samtidigt som politiker m\u00e5ste visa mod att prioritera v\u00e5rden framf\u00f6r andra \u00f6nskem\u00e5l i den allm\u00e4npolitiska debatten.&#8221; ans\u00e5g det kristdemokratiska kongressombudet.<\/p>\n<p>Hon upprepade d\u00e4rf\u00f6r KdS krav p\u00e5 att v\u00e5rden ska tillf\u00f6ras medel fr\u00e5n de kollektiva l\u00f6ntagarfonderna samt f\u00f6reslog att f\u00f6rbundsstyrelsen skulle f\u00e5 i uppdrag att ta s\u00e5dana initiativ som leder till s\u00e5dana resurstillskott.<\/p>\n<p>Kongressens beslut blev att ge styrelsen uppdraget att ta erforderliga initiativ i den riktingen som KdS kr\u00e4vde, tillsammans med andra motionskrav i samma anda. Landstingsf\u00f6rbundet anser bl a att den v\u00e4rdem\u00e4ssiga urholkningen av statsbidragen som skett under 80-talet m\u00e5ste upph\u00f6ra.<\/p>\n<p>Kalmar 1991-06-06<\/p>\n<hr \/>\n<p><a href=\"http:\/\/wp.kristdemokraterna.se\/vasternorrland\/var-politik\/politikomraden\/ekonomi-skatter\/\">Ekonomi\/skatter<\/a> | <a href=\"http:\/\/wp.kristdemokraterna.se\/vasternorrland\/etiketter\/chatrine-palsson\/\">Chatrine\u00a0P\u00e5lsson<\/a>\u00a0\u00b7 <a href=\"http:\/\/wp.kristdemokraterna.se\/vasternorrland\/etiketter\/funktionshinder\/\">funktionshinder<\/a>\u00a0\u00b7 <a href=\"http:\/\/wp.kristdemokraterna.se\/vasternorrland\/etiketter\/lontagarfonder\/\">l\u00f6ntagarfonder\u00a0\u00b7 <\/a>\u00a0\u00b7 <a href=\"http:\/\/wp.kristdemokraterna.se\/vasternorrland\/etiketter\/patientinflytande\/\">patientinflytande<\/a>\u00a0\u00b7 <a href=\"http:\/\/wp.kristdemokraterna.se\/vasternorrland\/etiketter\/pressmeddelande\/\">pressmeddelande<\/a>\u00a0\u00b7 <a href=\"http:\/\/wp.kristdemokraterna.se\/vasternorrland\/etiketter\/socialdemokraterna\/\">Socialdemokraterna<\/a>\u00a0\u00b7 <a href=\"http:\/\/wp.kristdemokraterna.se\/vasternorrland\/etiketter\/sverker-agren\/\">Sverker\u00a0\u00c5gren<\/a><\/p>\n","protected":false},"excerpt":{"rendered":"<p>Vid den p\u00e5g\u00e5ende kongressen som Landstingsf\u00f6rbundet h\u00e5ller i Kalmar, debatterades p\u00e5 torsdagen v\u00e5rdens resurser. Chatrine P\u00e5lsson, KdS, kritiserade i ett inl\u00e4gg det planm\u00e4ssiga t\u00e4nkandet inom sjukv\u00e5rdssystemet. Hon menade att det orsakar brister som ytterst drabbar de \u00e4ldre och l\u00e5ngvarigt sjuka. &#8221;Deras synpunkter och \u00f6nskem\u00e5l m\u00e5ste uppv\u00e4rderas. Ett \u00f6kat patientinflytande och en verklig valfrihet \u00e4r mer <a class=\"read-more-link\" href=\"https:\/\/wp.kristdemokraterna.se\/vasternorrland\/socialdemokraternas-prioriteringar-ger-inga-nya-pengar-till-varden\/\">Read More<\/a><\/p>\n","protected":false},"author":861,"featured_media":0,"comment_status":"closed","ping_status":"closed","sticky":false,"template":"","format":"standard","meta":{"_acf_changed":false,"footnotes":""},"categories":[544,727],"tags":[543,796,1206,273,691,686,170,877,464],"class_list":["post-231914","post","type-post","status-publish","format-standard","hentry","category-ekonomi","category-nyheter","tag-alla-inlagg","tag-chatrine-palsson","tag-ekonomi-skatter","tag-funktionshinder","tag-lontagarfonder","tag-patientinflytande","tag-pressmeddelande","tag-socialdemokraterna","tag-sverker-agren"],"acf":[],"yoast_head":"<!-- This site is optimized with the Yoast SEO plugin v27.4 - https:\/\/yoast.com\/product\/yoast-seo-wordpress\/ -->\n<title>Socialdemokraternas prioriteringar ger inga nya pengar till v\u00e5rden! | KD V\u00e4sternorrland<\/title>\n<meta name=\"robots\" content=\"index, follow, max-snippet:-1, max-image-preview:large, max-video-preview:-1\" \/>\n<link rel=\"canonical\" href=\"https:\/\/wp.kristdemokraterna.se\/vasternorrland\/socialdemokraternas-prioriteringar-ger-inga-nya-pengar-till-varden\/\" \/>\n<meta property=\"og:locale\" content=\"sv_SE\" \/>\n<meta property=\"og:type\" content=\"article\" \/>\n<meta property=\"og:title\" content=\"Socialdemokraternas prioriteringar ger inga nya pengar till v\u00e5rden! | KD V\u00e4sternorrland\" \/>\n<meta property=\"og:description\" content=\"Vid den p\u00e5g\u00e5ende kongressen som Landstingsf\u00f6rbundet h\u00e5ller i Kalmar, debatterades p\u00e5 torsdagen v\u00e5rdens resurser. Chatrine P\u00e5lsson, KdS, kritiserade i ett inl\u00e4gg det planm\u00e4ssiga t\u00e4nkandet inom sjukv\u00e5rdssystemet. Hon menade att det orsakar brister som ytterst drabbar de \u00e4ldre och l\u00e5ngvarigt sjuka. &#8221;Deras synpunkter och \u00f6nskem\u00e5l m\u00e5ste uppv\u00e4rderas. Ett \u00f6kat patientinflytande och en verklig valfrihet \u00e4r mer Read More\" \/>\n<meta property=\"og:url\" content=\"https:\/\/wp.kristdemokraterna.se\/vasternorrland\/socialdemokraternas-prioriteringar-ger-inga-nya-pengar-till-varden\/\" \/>\n<meta property=\"og:site_name\" content=\"KD V\u00e4sternorrland\" \/>\n<meta property=\"article:publisher\" content=\"https:\/\/www.facebook.com\/kdrvn\/\" \/>\n<meta property=\"article:published_time\" content=\"1991-06-06T10:19:01+00:00\" \/>\n<meta property=\"article:modified_time\" content=\"2020-11-09T08:21:13+00:00\" \/>\n<meta name=\"author\" content=\"sendelbach\" \/>\n<meta name=\"twitter:card\" content=\"summary_large_image\" \/>\n<meta name=\"twitter:label1\" content=\"Skriven av\" \/>\n\t<meta name=\"twitter:data1\" content=\"sendelbach\" \/>\n\t<meta name=\"twitter:label2\" content=\"Ber\u00e4knad l\u00e4stid\" \/>\n\t<meta name=\"twitter:data2\" content=\"1 minut\" \/>\n<script type=\"application\/ld+json\" class=\"yoast-schema-graph\">{\"@context\":\"https:\\\/\\\/schema.org\",\"@graph\":[{\"@type\":\"Article\",\"@id\":\"https:\\\/\\\/wp.kristdemokraterna.se\\\/vasternorrland\\\/socialdemokraternas-prioriteringar-ger-inga-nya-pengar-till-varden\\\/#article\",\"isPartOf\":{\"@id\":\"https:\\\/\\\/wp.kristdemokraterna.se\\\/vasternorrland\\\/socialdemokraternas-prioriteringar-ger-inga-nya-pengar-till-varden\\\/\"},\"author\":{\"name\":\"sendelbach\",\"@id\":\"https:\\\/\\\/wp.kristdemokraterna.se\\\/vasternorrland\\\/#\\\/schema\\\/person\\\/c253503d86970574912dff6ec658bf28\"},\"headline\":\"Socialdemokraternas prioriteringar ger inga nya pengar till v\u00e5rden!\",\"datePublished\":\"1991-06-06T10:19:01+00:00\",\"dateModified\":\"2020-11-09T08:21:13+00:00\",\"mainEntityOfPage\":{\"@id\":\"https:\\\/\\\/wp.kristdemokraterna.se\\\/vasternorrland\\\/socialdemokraternas-prioriteringar-ger-inga-nya-pengar-till-varden\\\/\"},\"wordCount\":257,\"keywords\":[\"alla inl\u00e4gg\",\"Chatrine P\u00e5lsson\",\"ekonomi\\\/skatter\",\"funktionshinder\",\"l\u00f6ntagarfonder\",\"patientinflytande\",\"pressmeddelande\",\"Socialdemokraterna\",\"Sverker \u00c5gren\"],\"articleSection\":[\"Ekonomi\\\/skatter\",\"Nyheter\"],\"inLanguage\":\"sv-SE\"},{\"@type\":\"WebPage\",\"@id\":\"https:\\\/\\\/wp.kristdemokraterna.se\\\/vasternorrland\\\/socialdemokraternas-prioriteringar-ger-inga-nya-pengar-till-varden\\\/\",\"url\":\"https:\\\/\\\/wp.kristdemokraterna.se\\\/vasternorrland\\\/socialdemokraternas-prioriteringar-ger-inga-nya-pengar-till-varden\\\/\",\"name\":\"Socialdemokraternas prioriteringar ger inga nya pengar till v\u00e5rden! | KD V\u00e4sternorrland\",\"isPartOf\":{\"@id\":\"https:\\\/\\\/wp.kristdemokraterna.se\\\/vasternorrland\\\/#website\"},\"datePublished\":\"1991-06-06T10:19:01+00:00\",\"dateModified\":\"2020-11-09T08:21:13+00:00\",\"author\":{\"@id\":\"https:\\\/\\\/wp.kristdemokraterna.se\\\/vasternorrland\\\/#\\\/schema\\\/person\\\/c253503d86970574912dff6ec658bf28\"},\"breadcrumb\":{\"@id\":\"https:\\\/\\\/wp.kristdemokraterna.se\\\/vasternorrland\\\/socialdemokraternas-prioriteringar-ger-inga-nya-pengar-till-varden\\\/#breadcrumb\"},\"inLanguage\":\"sv-SE\",\"potentialAction\":[{\"@type\":\"ReadAction\",\"target\":[\"https:\\\/\\\/wp.kristdemokraterna.se\\\/vasternorrland\\\/socialdemokraternas-prioriteringar-ger-inga-nya-pengar-till-varden\\\/\"]}]},{\"@type\":\"BreadcrumbList\",\"@id\":\"https:\\\/\\\/wp.kristdemokraterna.se\\\/vasternorrland\\\/socialdemokraternas-prioriteringar-ger-inga-nya-pengar-till-varden\\\/#breadcrumb\",\"itemListElement\":[{\"@type\":\"ListItem\",\"position\":1,\"name\":\"Hem\",\"item\":\"https:\\\/\\\/wp.kristdemokraterna.se\\\/vasternorrland\\\/\"},{\"@type\":\"ListItem\",\"position\":2,\"name\":\"Socialdemokraternas prioriteringar ger inga nya pengar till v\u00e5rden!\"}]},{\"@type\":\"WebSite\",\"@id\":\"https:\\\/\\\/wp.kristdemokraterna.se\\\/vasternorrland\\\/#website\",\"url\":\"https:\\\/\\\/wp.kristdemokraterna.se\\\/vasternorrland\\\/\",\"name\":\"KD V\u00e4sternorrland\",\"description\":\"V\u00e5rda v\u00e5rden - utveckla prim\u00e4rv\u00e5rden\",\"inLanguage\":\"sv-SE\"},{\"@type\":\"Person\",\"@id\":\"https:\\\/\\\/wp.kristdemokraterna.se\\\/vasternorrland\\\/#\\\/schema\\\/person\\\/c253503d86970574912dff6ec658bf28\",\"name\":\"sendelbach\",\"image\":{\"@type\":\"ImageObject\",\"inLanguage\":\"sv-SE\",\"@id\":\"https:\\\/\\\/secure.gravatar.com\\\/avatar\\\/0499a666be08fad4eb4333dbfba8681b8ebe23a978ce2e4c44818b2c5e2415b8?s=96&r=g\",\"url\":\"https:\\\/\\\/secure.gravatar.com\\\/avatar\\\/0499a666be08fad4eb4333dbfba8681b8ebe23a978ce2e4c44818b2c5e2415b8?s=96&r=g\",\"contentUrl\":\"https:\\\/\\\/secure.gravatar.com\\\/avatar\\\/0499a666be08fad4eb4333dbfba8681b8ebe23a978ce2e4c44818b2c5e2415b8?s=96&r=g\",\"caption\":\"sendelbach\"},\"url\":\"https:\\\/\\\/wp.kristdemokraterna.se\\\/vasternorrland\\\/author\\\/sendelbach\\\/\"}]}<\/script>\n<!-- \/ Yoast SEO plugin. -->","yoast_head_json":{"title":"Socialdemokraternas prioriteringar ger inga nya pengar till v\u00e5rden! | KD V\u00e4sternorrland","robots":{"index":"index","follow":"follow","max-snippet":"max-snippet:-1","max-image-preview":"max-image-preview:large","max-video-preview":"max-video-preview:-1"},"canonical":"https:\/\/wp.kristdemokraterna.se\/vasternorrland\/socialdemokraternas-prioriteringar-ger-inga-nya-pengar-till-varden\/","og_locale":"sv_SE","og_type":"article","og_title":"Socialdemokraternas prioriteringar ger inga nya pengar till v\u00e5rden! | KD V\u00e4sternorrland","og_description":"Vid den p\u00e5g\u00e5ende kongressen som Landstingsf\u00f6rbundet h\u00e5ller i Kalmar, debatterades p\u00e5 torsdagen v\u00e5rdens resurser. Chatrine P\u00e5lsson, KdS, kritiserade i ett inl\u00e4gg det planm\u00e4ssiga t\u00e4nkandet inom sjukv\u00e5rdssystemet. Hon menade att det orsakar brister som ytterst drabbar de \u00e4ldre och l\u00e5ngvarigt sjuka. &#8221;Deras synpunkter och \u00f6nskem\u00e5l m\u00e5ste uppv\u00e4rderas. Ett \u00f6kat patientinflytande och en verklig valfrihet \u00e4r mer Read More","og_url":"https:\/\/wp.kristdemokraterna.se\/vasternorrland\/socialdemokraternas-prioriteringar-ger-inga-nya-pengar-till-varden\/","og_site_name":"KD V\u00e4sternorrland","article_publisher":"https:\/\/www.facebook.com\/kdrvn\/","article_published_time":"1991-06-06T10:19:01+00:00","article_modified_time":"2020-11-09T08:21:13+00:00","author":"sendelbach","twitter_card":"summary_large_image","twitter_misc":{"Skriven av":"sendelbach","Ber\u00e4knad l\u00e4stid":"1 minut"},"schema":{"@context":"https:\/\/schema.org","@graph":[{"@type":"Article","@id":"https:\/\/wp.kristdemokraterna.se\/vasternorrland\/socialdemokraternas-prioriteringar-ger-inga-nya-pengar-till-varden\/#article","isPartOf":{"@id":"https:\/\/wp.kristdemokraterna.se\/vasternorrland\/socialdemokraternas-prioriteringar-ger-inga-nya-pengar-till-varden\/"},"author":{"name":"sendelbach","@id":"https:\/\/wp.kristdemokraterna.se\/vasternorrland\/#\/schema\/person\/c253503d86970574912dff6ec658bf28"},"headline":"Socialdemokraternas prioriteringar ger inga nya pengar till v\u00e5rden!","datePublished":"1991-06-06T10:19:01+00:00","dateModified":"2020-11-09T08:21:13+00:00","mainEntityOfPage":{"@id":"https:\/\/wp.kristdemokraterna.se\/vasternorrland\/socialdemokraternas-prioriteringar-ger-inga-nya-pengar-till-varden\/"},"wordCount":257,"keywords":["alla inl\u00e4gg","Chatrine P\u00e5lsson","ekonomi\/skatter","funktionshinder","l\u00f6ntagarfonder","patientinflytande","pressmeddelande","Socialdemokraterna","Sverker \u00c5gren"],"articleSection":["Ekonomi\/skatter","Nyheter"],"inLanguage":"sv-SE"},{"@type":"WebPage","@id":"https:\/\/wp.kristdemokraterna.se\/vasternorrland\/socialdemokraternas-prioriteringar-ger-inga-nya-pengar-till-varden\/","url":"https:\/\/wp.kristdemokraterna.se\/vasternorrland\/socialdemokraternas-prioriteringar-ger-inga-nya-pengar-till-varden\/","name":"Socialdemokraternas prioriteringar ger inga nya pengar till v\u00e5rden! | KD V\u00e4sternorrland","isPartOf":{"@id":"https:\/\/wp.kristdemokraterna.se\/vasternorrland\/#website"},"datePublished":"1991-06-06T10:19:01+00:00","dateModified":"2020-11-09T08:21:13+00:00","author":{"@id":"https:\/\/wp.kristdemokraterna.se\/vasternorrland\/#\/schema\/person\/c253503d86970574912dff6ec658bf28"},"breadcrumb":{"@id":"https:\/\/wp.kristdemokraterna.se\/vasternorrland\/socialdemokraternas-prioriteringar-ger-inga-nya-pengar-till-varden\/#breadcrumb"},"inLanguage":"sv-SE","potentialAction":[{"@type":"ReadAction","target":["https:\/\/wp.kristdemokraterna.se\/vasternorrland\/socialdemokraternas-prioriteringar-ger-inga-nya-pengar-till-varden\/"]}]},{"@type":"BreadcrumbList","@id":"https:\/\/wp.kristdemokraterna.se\/vasternorrland\/socialdemokraternas-prioriteringar-ger-inga-nya-pengar-till-varden\/#breadcrumb","itemListElement":[{"@type":"ListItem","position":1,"name":"Hem","item":"https:\/\/wp.kristdemokraterna.se\/vasternorrland\/"},{"@type":"ListItem","position":2,"name":"Socialdemokraternas prioriteringar ger inga nya pengar till v\u00e5rden!"}]},{"@type":"WebSite","@id":"https:\/\/wp.kristdemokraterna.se\/vasternorrland\/#website","url":"https:\/\/wp.kristdemokraterna.se\/vasternorrland\/","name":"KD V\u00e4sternorrland","description":"V\u00e5rda v\u00e5rden - utveckla prim\u00e4rv\u00e5rden","inLanguage":"sv-SE"},{"@type":"Person","@id":"https:\/\/wp.kristdemokraterna.se\/vasternorrland\/#\/schema\/person\/c253503d86970574912dff6ec658bf28","name":"sendelbach","image":{"@type":"ImageObject","inLanguage":"sv-SE","@id":"https:\/\/secure.gravatar.com\/avatar\/0499a666be08fad4eb4333dbfba8681b8ebe23a978ce2e4c44818b2c5e2415b8?s=96&r=g","url":"https:\/\/secure.gravatar.com\/avatar\/0499a666be08fad4eb4333dbfba8681b8ebe23a978ce2e4c44818b2c5e2415b8?s=96&r=g","contentUrl":"https:\/\/secure.gravatar.com\/avatar\/0499a666be08fad4eb4333dbfba8681b8ebe23a978ce2e4c44818b2c5e2415b8?s=96&r=g","caption":"sendelbach"},"url":"https:\/\/wp.kristdemokraterna.se\/vasternorrland\/author\/sendelbach\/"}]}},"_links":{"self":[{"href":"https:\/\/wp.kristdemokraterna.se\/vasternorrland\/wp-json\/wp\/v2\/posts\/231914","targetHints":{"allow":["GET"]}}],"collection":[{"href":"https:\/\/wp.kristdemokraterna.se\/vasternorrland\/wp-json\/wp\/v2\/posts"}],"about":[{"href":"https:\/\/wp.kristdemokraterna.se\/vasternorrland\/wp-json\/wp\/v2\/types\/post"}],"author":[{"embeddable":true,"href":"https:\/\/wp.kristdemokraterna.se\/vasternorrland\/wp-json\/wp\/v2\/users\/861"}],"replies":[{"embeddable":true,"href":"https:\/\/wp.kristdemokraterna.se\/vasternorrland\/wp-json\/wp\/v2\/comments?post=231914"}],"version-history":[{"count":7,"href":"https:\/\/wp.kristdemokraterna.se\/vasternorrland\/wp-json\/wp\/v2\/posts\/231914\/revisions"}],"predecessor-version":[{"id":322595,"href":"https:\/\/wp.kristdemokraterna.se\/vasternorrland\/wp-json\/wp\/v2\/posts\/231914\/revisions\/322595"}],"wp:attachment":[{"href":"https:\/\/wp.kristdemokraterna.se\/vasternorrland\/wp-json\/wp\/v2\/media?parent=231914"}],"wp:term":[{"taxonomy":"category","embeddable":true,"href":"https:\/\/wp.kristdemokraterna.se\/vasternorrland\/wp-json\/wp\/v2\/categories?post=231914"},{"taxonomy":"post_tag","embeddable":true,"href":"https:\/\/wp.kristdemokraterna.se\/vasternorrland\/wp-json\/wp\/v2\/tags?post=231914"}],"curies":[{"name":"wp","href":"https:\/\/api.w.org\/{rel}","templated":true}]}}