{"id":231980,"date":"1989-11-23T18:09:31","date_gmt":"1989-11-23T17:09:31","guid":{"rendered":"http:\/\/wp.kristdemokraterna.se\/vasternorrland\/?p=231980"},"modified":"2020-03-25T14:31:59","modified_gmt":"2020-03-25T13:31:59","slug":"sarskilt-remissyttrande-avgivet-over-adel","status":"publish","type":"post","link":"https:\/\/wp.kristdemokraterna.se\/vasternorrland\/sarskilt-remissyttrande-avgivet-over-adel\/","title":{"rendered":"S\u00e4rskilt remissyttrande avgivet \u00f6ver \u00c4DEL"},"content":{"rendered":"<h2>Etik och m\u00e4nniskov\u00e4rde i v\u00e5rden<\/h2>\n<p>Det \u00e4r n\u00f6dv\u00e4ndigt att de etiska fr\u00e5gorna lyfts fram n\u00e4r vi behandlar v\u00e5rdfr\u00e5gorna. Det finns anledning att fr\u00e5ga sig om det \u00e4r m\u00e4nniskov\u00e4rdet eller penningv\u00e4rdet som varit styrande f\u00f6r utformningen av de l\u00f6sningar som redisats. F\u00f6r oss \u00e4r det uppenbart att de teoretiska organisationsskisserna f\u00e5tt f\u00f6r stort utrymme i \u00c4DEL.<\/p>\n<p>Pension\u00e4rerna som grupp betraktas ofta felaktigt som ett problem. Det \u00e4r angel\u00e4get att ett m\u00e4nskligt syns\u00e4tt f\u00e5r genomslag. Pension\u00e4rerna \u00e4r i f\u00f6rsta hand en stor tillg\u00e5ng f\u00f6r samh\u00e4llet. Men det vore felaktigt att f\u00f6rneka de resursbehov som de \u00e4ldre har. I V\u00e4sternorrlands l\u00e4n har vi ett stort antal \u00e4ldre i h\u00f6g \u00e5lder, 80 \u00e5r och \u00e4ldre. Detta st\u00e4ller automatiskt krav p\u00e5 nya v\u00e5rdresurser. F\u00f6r att ge den trygghet, omv\u00e5rdnad och medicinska behandling, som alla i samh\u00e4llet har r\u00e4tt att kr\u00e4va, m\u00e5ste \u00e4ldrev\u00e5rden i alla dess delar ges \u00f6kade resurser.<\/p>\n<h2>Ja till EN huvudman &#8211; Nej till \u00c4DEL<\/h2>\n<p>Det finns en uppenbar risk att \u00c4DEL:s f\u00f6rslag kommer att d\u00f6lja detta verkligt stora problem inom \u00e4ldrev\u00e5rden: Resursbristen och sv\u00e5righeten att den ger den enskilde den v\u00e5rd och omsorg han\/hon beh\u00f6ver. Vi anser att detta \u00e4r den st\u00f6rsta bristen i \u00c4DEL:s f\u00f6rslag och noterar att landstingsstyrelsens yttrande inneh\u00e5ller samma kritik.<\/p>\n<p>Syftet med en reform m\u00e5ste vara att h\u00f6ja kvalitet och service till de som ber\u00f6rs, v\u00e5ra \u00e4ldre och l\u00e5ngtidssjuka. Detta m\u00e5l tror vi inte att man kan n\u00e5 genom att splittra s\u00f6nder prim\u00e4rv\u00e5rden. Risken \u00e4r uppenbar att man skapar klyftor inom v\u00e5rden.<\/p>\n<p>Vi kristdemokrater avvisar \u00c4DEL:s f\u00f6rslag som p\u00e5 ett olyckligt s\u00e4tt strimlar s\u00f6nder det medicinska ansvaret i en kommunal h\u00e4lso- och sjukv\u00e5rd f\u00f6r vissa grupper, och en landstingsdriven h\u00e4lso- och sjukv\u00e5rd p\u00e5 lokal niv\u00e5 f\u00f6r andra grupper. Begreppet A- och B-sjukv\u00e5rd \u00e4r mycket n\u00e4ra att bli verklighet.<\/p>\n<p>\u00c4DEL:s f\u00f6rslag om uppdelning av distriktssk\u00f6terskornas arbete \u00e4r ett exempel den splittring av prim\u00e4rv\u00e5rden som vi avvisar. Enligt v\u00e5r uppfattning b\u00f6r p\u00e5 den lokala niv\u00e5n, i en kommun, kompetens och resurser h\u00e5llas samman genom att landstingets prim\u00e4rv\u00e5rd i sin helhet samordnas med kommunens \u00e4ldreomsorg. D\u00e5 f\u00e5r vi en huvudman f\u00f6r hela det lokala v\u00e5rdansvaret. Detta tillsammans med ett resurstillskott skulle vara en stor reform som verkligen resulterar i en f\u00f6rb\u00e4ttring f\u00f6r pension\u00e4rerna och inneh\u00e5ller ett l\u00e5ngsiktigt helhetsperspektiv.<\/p>\n<p>Vi anser det vara befogat att skarpt kritisera bitr. soc.minister Bengt Lindqvist, som varit ordf\u00f6rande i \u00c4DEL, f\u00f6r att han konsekvent v\u00e4grat ta upp fr\u00e5gan om det framtida ansvaret f\u00f6r prim\u00e4rv\u00e5rden i dess helhet. Det \u00e4r m\u00e4rkligt att landstingets (FU) yttrande s\u00e5 \u00f6versl\u00e4tande ber\u00f6r detta.<\/p>\n<h2>Riskfyllt betalningsansvar<\/h2>\n<p>Vi avvisar \u00c4DEL:s f\u00f6rslag till prim\u00e4rkommunalt betalningsansvar. F\u00f6rslagen \u00e4r s\u00e5 l\u00e5gntg\u00e5ende att de omfattar patienter p\u00e5 l\u00e5ngv\u00e5rdskliniker, centrala sjukhem, sjukhusansluten hemsjukv\u00e5rd, geriatrisk rehabiltering, psykiatrisk slutenv\u00e5rd samt somatisk korttidsv\u00e5rd vid internmedicinska, allm\u00e4nkirurgiska och ortopediska kliniker. Konsekvenserna av detta utg\u00f6r ett hot mot den trygghet som vi byggt upp i v\u00e4lf\u00e4rdssamh\u00e4llet. Vi undrar: vad kommer i framtiden att vara avg\u00f6rande f\u00f6r vilken v\u00e5rd den enskilde patienten kommer att f\u00e5? Kommer fortfarande medicinska sk\u00e4l att kunna h\u00e4vda sig mot krasst ekonomiskt t\u00e4nkande?<\/p>\n<p>\u00c4DEL redovisar tv\u00e5 f\u00f6rslag till betalningsansvar. I b\u00e5da ryms v\u00e5rdetiska st\u00e4llningstaganden, enligt v\u00e5r uppfattning. I riskzonen f\u00f6r att f\u00e5 en f\u00f6rs\u00e4mrad v\u00e5rd befinner sig den \u00e4ldre generationen och m\u00e5nga handikappade, d\u00e4r man inte kan p\u00e5visa produktionsnytta som v\u00e5rdmotiv. Vi vill varna f\u00f6r att effektivitet och ekonomi kan komma att styra v\u00e5rden i framtiden! Den enskildes behov, integritet och valfrihet m\u00e5ste vara v\u00e4gledande f\u00f6r utformningen av v\u00e5rden.<\/p>\n<h2>Lyssna till pension\u00e4rer och personal<\/h2>\n<p>Vi f\u00f6resl\u00e5r att den debatt som nu f\u00f6rs bland v\u00e5rdpersonal, patienter, anh\u00f6riga och pension\u00e4rsorganisationer m fl f\u00e5r chans att p\u00e5verka den framtida \u00e4ldrev\u00e5rden. Det skulle bli m\u00f6jligt om \u00c4DEL f\u00e5r forts\u00e4tta att utreda fr\u00e5gan om ett totalt \u00f6verf\u00f6rande av hela prim\u00e4rv\u00e5rdsansvaret till en huvudman. Innan n\u00e5gra f\u00f6r\u00e4ndringar av den medicinska ansvaret genomf\u00f6rs, b\u00f6r man grundligt analysera om det ska vara prim\u00e4rkommunen eller landstinget, t ex via prim\u00e4rv\u00e5rdsn\u00e4mnder, som ska ges ett s\u00e5dant samlat huvudmannaansvar. Det handlar inte i f\u00f6rsta hand om tekniska l\u00f6sningar. Det handlar ytterst om v\u00e5rdkvalite och tilltro till svensk sjukv\u00e5rd och \u00e4ldreomsorg.<\/p>\n<h2>Ekonomisk dragkamp<\/h2>\n<p>\u00c4DEL:s f\u00f6rslag g\u00e4llande ekonomisk omf\u00f6rdelning mellan landsting och prim\u00e4rkommuner avsl\u00f6jar bristande f\u00f6rankring i den verklighet som g\u00e4ller f\u00f6r kommuner och landsting. F\u00f6reslagna organisationsf\u00f6r\u00e4ndringar och de nya gr\u00e4nsdragningarna kommer att skapa f\u00f6rvirring och nya byr\u00e5kratiska tvister om v\u00e5rdansvar. Den f\u00f6reslagna ekonomiska regleringen mellan landsting och kommer samt dragkampen kommunerna emellan kan leda till ett sj\u00e4lvf\u00f6rv\u00e5llat kaos. Ingen, och definitivt inte pension\u00e4rerna har n\u00e5got att vinna p\u00e5 byr\u00e5kratiska reformer och nya konstlade gr\u00e4nsdragningar mitt i prim\u00e4rv\u00e5rdsorganisationen! I landstingets yttrande f\u00f6respr\u00e5kas lokala l\u00f6sningar framf\u00f6r enhetliga, centrala avtal. Det visar att landstinget g\u00f6r samma bed\u00f6mning som vi g\u00f6r. Men KdS anser att varierande lokala l\u00f6sningar kan leda till or\u00e4ttvisor f\u00f6r de \u00e4ldre.<\/p>\n<h2>Sammanfattning<\/h2>\n<p>\u00c4DEL kan inte l\u00e4ggas till grund f\u00f6r en reform inom \u00e4ldrev\u00e5rden och prim\u00e4rv\u00e5rden. Utredningens f\u00f6rslag \u00e4r alltf\u00f6r illa genomt\u00e4nkta p\u00e5 avg\u00f6rande omr\u00e5den. Framf\u00f6r allt undviker \u00c4DEL de viktiga omr\u00e5den som ber\u00f6r behoven av resurser och personal. Delar av utredningen kan f\u00f6rverkligas, t ex \u00f6verf\u00f6randet av ansvaret f\u00f6r gruppbost\u00e4der, lokala sjukhem i de flesta fall samt undersk\u00f6terskorna inom hemsjukv\u00e5rd.<\/p>\n<p>KdS landstingsgrupp anser<\/p>\n<ul>\n<li><strong>att<\/strong> bristen p\u00e5 personal och ekonomiska resurser \u00e4r de verkliga problemen inom \u00e4ldrev\u00e5rden. Detta stora problem ges ingen l\u00f6sning i \u00c4DEL:s f\u00f6rslag.<\/li>\n<li><strong>att<\/strong> Landstinget i V\u00e4sternorrland kr\u00e4ver en snabb utredning om huvudmannaskapet f\u00f6r prim\u00e4rv\u00e5rden. Inriktningen b\u00f6r bara att det lokala v\u00e5rdansvaret (prim\u00e4rv\u00e5rden) inom en kommun \u00f6verf\u00f6rst till <strong>en<\/strong> huvudman. Det skapar f\u00f6ruts\u00e4ttningar f\u00f6r en samordning av resurserna inom s\u00e5v\u00e4l \u00e4ldreomsorg som nuvarande prim\u00e4rv\u00e5rd &#8211; enkelt, obyr\u00e5kratiskt och inga nya gr\u00e4nser mitt i prim\u00e4rv\u00e5rden.<\/li>\n<li><strong>att<\/strong> \u00c4DEL inte kan l\u00e4ggas till grund f\u00f6r en f\u00f6r\u00e4ndring av \u00e4ldrev\u00e5rden redan 1992.<\/li>\n<\/ul>\n<p>Sverker \u00c5gren<br \/>\nG\u00f6ran Sydhage<br \/>\nLars Lind\u00e9n<\/p>\n<hr \/>\n<p><a href=\"http:\/\/wp.kristdemokraterna.se\/vasternorrland\/var-politik\/politikomraden\/primarvard\/\">Prim\u00e4rv\u00e5rd<\/a><a href=\"http:\/\/wp.kristdemokraterna.se\/vasternorrland\/var-politik\/politikomraden\/aldre\/\">\u00c4ldre<\/a> | <a href=\"http:\/\/wp.kristdemokraterna.se\/vasternorrland\/etiketter\/goran-sydhage\/\">G\u00f6ran&nbsp;Sydhage<\/a>&nbsp;\u00b7 <a href=\"http:\/\/wp.kristdemokraterna.se\/vasternorrland\/etiketter\/lars-linden\/\">Lars&nbsp;Lind\u00e9n<\/a>&nbsp;\u00b7 <a href=\"http:\/\/wp.kristdemokraterna.se\/vasternorrland\/etiketter\/remissyttrande\/\">remissyttrande<\/a>&nbsp;\u00b7 <a href=\"http:\/\/wp.kristdemokraterna.se\/vasternorrland\/etiketter\/sverker-agren\/\">Sverker&nbsp;\u00c5gren<\/a>&nbsp;\u00b7 <a href=\"http:\/\/wp.kristdemokraterna.se\/vasternorrland\/etiketter\/adelreformen\/\">\u00e4delreformen<\/a>&nbsp;\u00b7 <a href=\"http:\/\/wp.kristdemokraterna.se\/vasternorrland\/etiketter\/aldrevard\/\">\u00e4ldrev\u00e5rd<\/a><\/p>\n","protected":false},"excerpt":{"rendered":"<p>Etik och m\u00e4nniskov\u00e4rde i v\u00e5rden Det \u00e4r n\u00f6dv\u00e4ndigt att de etiska fr\u00e5gorna lyfts fram n\u00e4r vi behandlar v\u00e5rdfr\u00e5gorna. Det finns anledning att fr\u00e5ga sig om det \u00e4r m\u00e4nniskov\u00e4rdet eller penningv\u00e4rdet som varit styrande f\u00f6r utformningen av de l\u00f6sningar som redisats. F\u00f6r oss \u00e4r det uppenbart att de teoretiska organisationsskisserna f\u00e5tt f\u00f6r stort utrymme i \u00c4DEL. <a class=\"read-more-link\" href=\"https:\/\/wp.kristdemokraterna.se\/vasternorrland\/sarskilt-remissyttrande-avgivet-over-adel\/\">Read More<\/a><\/p>\n","protected":false},"author":861,"featured_media":0,"comment_status":"closed","ping_status":"closed","sticky":false,"template":"","format":"standard","meta":{"_acf_changed":false,"footnotes":""},"categories":[786,727,100],"tags":[687,45,285,278,543,499,497,256,464],"class_list":["post-231980","post","type-post","status-publish","format-standard","hentry","category-aldre","category-nyheter","category-primarvard","tag-adelreformen","tag-aldre","tag-aldreomsorg","tag-aldrevard","tag-alla-inlagg","tag-goran-sydhage","tag-lars-linden","tag-primarvard","tag-sverker-agren"],"acf":[],"yoast_head":"<!-- This site is optimized with the Yoast SEO plugin v27.4 - https:\/\/yoast.com\/product\/yoast-seo-wordpress\/ -->\n<title>S\u00e4rskilt remissyttrande avgivet \u00f6ver \u00c4DEL | KD V\u00e4sternorrland<\/title>\n<meta name=\"robots\" content=\"index, follow, max-snippet:-1, max-image-preview:large, max-video-preview:-1\" \/>\n<link rel=\"canonical\" href=\"https:\/\/wp.kristdemokraterna.se\/vasternorrland\/sarskilt-remissyttrande-avgivet-over-adel\/\" \/>\n<meta property=\"og:locale\" content=\"sv_SE\" \/>\n<meta property=\"og:type\" content=\"article\" \/>\n<meta property=\"og:title\" content=\"S\u00e4rskilt remissyttrande avgivet \u00f6ver \u00c4DEL | KD V\u00e4sternorrland\" \/>\n<meta property=\"og:description\" content=\"Etik och m\u00e4nniskov\u00e4rde i v\u00e5rden Det \u00e4r n\u00f6dv\u00e4ndigt att de etiska fr\u00e5gorna lyfts fram n\u00e4r vi behandlar v\u00e5rdfr\u00e5gorna. Det finns anledning att fr\u00e5ga sig om det \u00e4r m\u00e4nniskov\u00e4rdet eller penningv\u00e4rdet som varit styrande f\u00f6r utformningen av de l\u00f6sningar som redisats. F\u00f6r oss \u00e4r det uppenbart att de teoretiska organisationsskisserna f\u00e5tt f\u00f6r stort utrymme i \u00c4DEL. Read More\" \/>\n<meta property=\"og:url\" content=\"https:\/\/wp.kristdemokraterna.se\/vasternorrland\/sarskilt-remissyttrande-avgivet-over-adel\/\" \/>\n<meta property=\"og:site_name\" content=\"KD V\u00e4sternorrland\" \/>\n<meta property=\"article:publisher\" content=\"https:\/\/www.facebook.com\/kdrvn\/\" \/>\n<meta property=\"article:published_time\" content=\"1989-11-23T17:09:31+00:00\" \/>\n<meta property=\"article:modified_time\" content=\"2020-03-25T13:31:59+00:00\" \/>\n<meta name=\"author\" content=\"sendelbach\" \/>\n<meta name=\"twitter:card\" content=\"summary_large_image\" \/>\n<meta name=\"twitter:label1\" content=\"Skriven av\" \/>\n\t<meta name=\"twitter:data1\" content=\"sendelbach\" \/>\n\t<meta name=\"twitter:label2\" content=\"Ber\u00e4knad l\u00e4stid\" \/>\n\t<meta name=\"twitter:data2\" content=\"6 minuter\" \/>\n<script type=\"application\/ld+json\" class=\"yoast-schema-graph\">{\"@context\":\"https:\\\/\\\/schema.org\",\"@graph\":[{\"@type\":\"Article\",\"@id\":\"https:\\\/\\\/wp.kristdemokraterna.se\\\/vasternorrland\\\/sarskilt-remissyttrande-avgivet-over-adel\\\/#article\",\"isPartOf\":{\"@id\":\"https:\\\/\\\/wp.kristdemokraterna.se\\\/vasternorrland\\\/sarskilt-remissyttrande-avgivet-over-adel\\\/\"},\"author\":{\"name\":\"sendelbach\",\"@id\":\"https:\\\/\\\/wp.kristdemokraterna.se\\\/vasternorrland\\\/#\\\/schema\\\/person\\\/c253503d86970574912dff6ec658bf28\"},\"headline\":\"S\u00e4rskilt remissyttrande avgivet \u00f6ver \u00c4DEL\",\"datePublished\":\"1989-11-23T17:09:31+00:00\",\"dateModified\":\"2020-03-25T13:31:59+00:00\",\"mainEntityOfPage\":{\"@id\":\"https:\\\/\\\/wp.kristdemokraterna.se\\\/vasternorrland\\\/sarskilt-remissyttrande-avgivet-over-adel\\\/\"},\"wordCount\":1217,\"keywords\":[\"\u00e4delreformen\",\"\u00e4ldre\",\"\u00e4ldreomsorg\",\"\u00e4ldrev\u00e5rd\",\"alla inl\u00e4gg\",\"G\u00f6ran Sydhage\",\"Lars Lind\u00e9n\",\"prim\u00e4rv\u00e5rd\",\"Sverker \u00c5gren\"],\"articleSection\":[\"\u00c4ldre\",\"Nyheter\",\"Prim\u00e4rv\u00e5rd\"],\"inLanguage\":\"sv-SE\"},{\"@type\":\"WebPage\",\"@id\":\"https:\\\/\\\/wp.kristdemokraterna.se\\\/vasternorrland\\\/sarskilt-remissyttrande-avgivet-over-adel\\\/\",\"url\":\"https:\\\/\\\/wp.kristdemokraterna.se\\\/vasternorrland\\\/sarskilt-remissyttrande-avgivet-over-adel\\\/\",\"name\":\"S\u00e4rskilt remissyttrande avgivet \u00f6ver \u00c4DEL | KD V\u00e4sternorrland\",\"isPartOf\":{\"@id\":\"https:\\\/\\\/wp.kristdemokraterna.se\\\/vasternorrland\\\/#website\"},\"datePublished\":\"1989-11-23T17:09:31+00:00\",\"dateModified\":\"2020-03-25T13:31:59+00:00\",\"author\":{\"@id\":\"https:\\\/\\\/wp.kristdemokraterna.se\\\/vasternorrland\\\/#\\\/schema\\\/person\\\/c253503d86970574912dff6ec658bf28\"},\"breadcrumb\":{\"@id\":\"https:\\\/\\\/wp.kristdemokraterna.se\\\/vasternorrland\\\/sarskilt-remissyttrande-avgivet-over-adel\\\/#breadcrumb\"},\"inLanguage\":\"sv-SE\",\"potentialAction\":[{\"@type\":\"ReadAction\",\"target\":[\"https:\\\/\\\/wp.kristdemokraterna.se\\\/vasternorrland\\\/sarskilt-remissyttrande-avgivet-over-adel\\\/\"]}]},{\"@type\":\"BreadcrumbList\",\"@id\":\"https:\\\/\\\/wp.kristdemokraterna.se\\\/vasternorrland\\\/sarskilt-remissyttrande-avgivet-over-adel\\\/#breadcrumb\",\"itemListElement\":[{\"@type\":\"ListItem\",\"position\":1,\"name\":\"Hem\",\"item\":\"https:\\\/\\\/wp.kristdemokraterna.se\\\/vasternorrland\\\/\"},{\"@type\":\"ListItem\",\"position\":2,\"name\":\"S\u00e4rskilt remissyttrande avgivet \u00f6ver \u00c4DEL\"}]},{\"@type\":\"WebSite\",\"@id\":\"https:\\\/\\\/wp.kristdemokraterna.se\\\/vasternorrland\\\/#website\",\"url\":\"https:\\\/\\\/wp.kristdemokraterna.se\\\/vasternorrland\\\/\",\"name\":\"KD V\u00e4sternorrland\",\"description\":\"V\u00e5rda v\u00e5rden - utveckla prim\u00e4rv\u00e5rden\",\"inLanguage\":\"sv-SE\"},{\"@type\":\"Person\",\"@id\":\"https:\\\/\\\/wp.kristdemokraterna.se\\\/vasternorrland\\\/#\\\/schema\\\/person\\\/c253503d86970574912dff6ec658bf28\",\"name\":\"sendelbach\",\"image\":{\"@type\":\"ImageObject\",\"inLanguage\":\"sv-SE\",\"@id\":\"https:\\\/\\\/secure.gravatar.com\\\/avatar\\\/0499a666be08fad4eb4333dbfba8681b8ebe23a978ce2e4c44818b2c5e2415b8?s=96&r=g\",\"url\":\"https:\\\/\\\/secure.gravatar.com\\\/avatar\\\/0499a666be08fad4eb4333dbfba8681b8ebe23a978ce2e4c44818b2c5e2415b8?s=96&r=g\",\"contentUrl\":\"https:\\\/\\\/secure.gravatar.com\\\/avatar\\\/0499a666be08fad4eb4333dbfba8681b8ebe23a978ce2e4c44818b2c5e2415b8?s=96&r=g\",\"caption\":\"sendelbach\"},\"url\":\"https:\\\/\\\/wp.kristdemokraterna.se\\\/vasternorrland\\\/author\\\/sendelbach\\\/\"}]}<\/script>\n<!-- \/ Yoast SEO plugin. -->","yoast_head_json":{"title":"S\u00e4rskilt remissyttrande avgivet \u00f6ver \u00c4DEL | KD V\u00e4sternorrland","robots":{"index":"index","follow":"follow","max-snippet":"max-snippet:-1","max-image-preview":"max-image-preview:large","max-video-preview":"max-video-preview:-1"},"canonical":"https:\/\/wp.kristdemokraterna.se\/vasternorrland\/sarskilt-remissyttrande-avgivet-over-adel\/","og_locale":"sv_SE","og_type":"article","og_title":"S\u00e4rskilt remissyttrande avgivet \u00f6ver \u00c4DEL | KD V\u00e4sternorrland","og_description":"Etik och m\u00e4nniskov\u00e4rde i v\u00e5rden Det \u00e4r n\u00f6dv\u00e4ndigt att de etiska fr\u00e5gorna lyfts fram n\u00e4r vi behandlar v\u00e5rdfr\u00e5gorna. Det finns anledning att fr\u00e5ga sig om det \u00e4r m\u00e4nniskov\u00e4rdet eller penningv\u00e4rdet som varit styrande f\u00f6r utformningen av de l\u00f6sningar som redisats. F\u00f6r oss \u00e4r det uppenbart att de teoretiska organisationsskisserna f\u00e5tt f\u00f6r stort utrymme i \u00c4DEL. Read More","og_url":"https:\/\/wp.kristdemokraterna.se\/vasternorrland\/sarskilt-remissyttrande-avgivet-over-adel\/","og_site_name":"KD V\u00e4sternorrland","article_publisher":"https:\/\/www.facebook.com\/kdrvn\/","article_published_time":"1989-11-23T17:09:31+00:00","article_modified_time":"2020-03-25T13:31:59+00:00","author":"sendelbach","twitter_card":"summary_large_image","twitter_misc":{"Skriven av":"sendelbach","Ber\u00e4knad l\u00e4stid":"6 minuter"},"schema":{"@context":"https:\/\/schema.org","@graph":[{"@type":"Article","@id":"https:\/\/wp.kristdemokraterna.se\/vasternorrland\/sarskilt-remissyttrande-avgivet-over-adel\/#article","isPartOf":{"@id":"https:\/\/wp.kristdemokraterna.se\/vasternorrland\/sarskilt-remissyttrande-avgivet-over-adel\/"},"author":{"name":"sendelbach","@id":"https:\/\/wp.kristdemokraterna.se\/vasternorrland\/#\/schema\/person\/c253503d86970574912dff6ec658bf28"},"headline":"S\u00e4rskilt remissyttrande avgivet \u00f6ver \u00c4DEL","datePublished":"1989-11-23T17:09:31+00:00","dateModified":"2020-03-25T13:31:59+00:00","mainEntityOfPage":{"@id":"https:\/\/wp.kristdemokraterna.se\/vasternorrland\/sarskilt-remissyttrande-avgivet-over-adel\/"},"wordCount":1217,"keywords":["\u00e4delreformen","\u00e4ldre","\u00e4ldreomsorg","\u00e4ldrev\u00e5rd","alla inl\u00e4gg","G\u00f6ran Sydhage","Lars Lind\u00e9n","prim\u00e4rv\u00e5rd","Sverker \u00c5gren"],"articleSection":["\u00c4ldre","Nyheter","Prim\u00e4rv\u00e5rd"],"inLanguage":"sv-SE"},{"@type":"WebPage","@id":"https:\/\/wp.kristdemokraterna.se\/vasternorrland\/sarskilt-remissyttrande-avgivet-over-adel\/","url":"https:\/\/wp.kristdemokraterna.se\/vasternorrland\/sarskilt-remissyttrande-avgivet-over-adel\/","name":"S\u00e4rskilt remissyttrande avgivet \u00f6ver \u00c4DEL | KD V\u00e4sternorrland","isPartOf":{"@id":"https:\/\/wp.kristdemokraterna.se\/vasternorrland\/#website"},"datePublished":"1989-11-23T17:09:31+00:00","dateModified":"2020-03-25T13:31:59+00:00","author":{"@id":"https:\/\/wp.kristdemokraterna.se\/vasternorrland\/#\/schema\/person\/c253503d86970574912dff6ec658bf28"},"breadcrumb":{"@id":"https:\/\/wp.kristdemokraterna.se\/vasternorrland\/sarskilt-remissyttrande-avgivet-over-adel\/#breadcrumb"},"inLanguage":"sv-SE","potentialAction":[{"@type":"ReadAction","target":["https:\/\/wp.kristdemokraterna.se\/vasternorrland\/sarskilt-remissyttrande-avgivet-over-adel\/"]}]},{"@type":"BreadcrumbList","@id":"https:\/\/wp.kristdemokraterna.se\/vasternorrland\/sarskilt-remissyttrande-avgivet-over-adel\/#breadcrumb","itemListElement":[{"@type":"ListItem","position":1,"name":"Hem","item":"https:\/\/wp.kristdemokraterna.se\/vasternorrland\/"},{"@type":"ListItem","position":2,"name":"S\u00e4rskilt remissyttrande avgivet \u00f6ver \u00c4DEL"}]},{"@type":"WebSite","@id":"https:\/\/wp.kristdemokraterna.se\/vasternorrland\/#website","url":"https:\/\/wp.kristdemokraterna.se\/vasternorrland\/","name":"KD V\u00e4sternorrland","description":"V\u00e5rda v\u00e5rden - utveckla prim\u00e4rv\u00e5rden","inLanguage":"sv-SE"},{"@type":"Person","@id":"https:\/\/wp.kristdemokraterna.se\/vasternorrland\/#\/schema\/person\/c253503d86970574912dff6ec658bf28","name":"sendelbach","image":{"@type":"ImageObject","inLanguage":"sv-SE","@id":"https:\/\/secure.gravatar.com\/avatar\/0499a666be08fad4eb4333dbfba8681b8ebe23a978ce2e4c44818b2c5e2415b8?s=96&r=g","url":"https:\/\/secure.gravatar.com\/avatar\/0499a666be08fad4eb4333dbfba8681b8ebe23a978ce2e4c44818b2c5e2415b8?s=96&r=g","contentUrl":"https:\/\/secure.gravatar.com\/avatar\/0499a666be08fad4eb4333dbfba8681b8ebe23a978ce2e4c44818b2c5e2415b8?s=96&r=g","caption":"sendelbach"},"url":"https:\/\/wp.kristdemokraterna.se\/vasternorrland\/author\/sendelbach\/"}]}},"_links":{"self":[{"href":"https:\/\/wp.kristdemokraterna.se\/vasternorrland\/wp-json\/wp\/v2\/posts\/231980","targetHints":{"allow":["GET"]}}],"collection":[{"href":"https:\/\/wp.kristdemokraterna.se\/vasternorrland\/wp-json\/wp\/v2\/posts"}],"about":[{"href":"https:\/\/wp.kristdemokraterna.se\/vasternorrland\/wp-json\/wp\/v2\/types\/post"}],"author":[{"embeddable":true,"href":"https:\/\/wp.kristdemokraterna.se\/vasternorrland\/wp-json\/wp\/v2\/users\/861"}],"replies":[{"embeddable":true,"href":"https:\/\/wp.kristdemokraterna.se\/vasternorrland\/wp-json\/wp\/v2\/comments?post=231980"}],"version-history":[{"count":4,"href":"https:\/\/wp.kristdemokraterna.se\/vasternorrland\/wp-json\/wp\/v2\/posts\/231980\/revisions"}],"predecessor-version":[{"id":266985,"href":"https:\/\/wp.kristdemokraterna.se\/vasternorrland\/wp-json\/wp\/v2\/posts\/231980\/revisions\/266985"}],"wp:attachment":[{"href":"https:\/\/wp.kristdemokraterna.se\/vasternorrland\/wp-json\/wp\/v2\/media?parent=231980"}],"wp:term":[{"taxonomy":"category","embeddable":true,"href":"https:\/\/wp.kristdemokraterna.se\/vasternorrland\/wp-json\/wp\/v2\/categories?post=231980"},{"taxonomy":"post_tag","embeddable":true,"href":"https:\/\/wp.kristdemokraterna.se\/vasternorrland\/wp-json\/wp\/v2\/tags?post=231980"}],"curies":[{"name":"wp","href":"https:\/\/api.w.org\/{rel}","templated":true}]}}