{"id":232147,"date":"1990-10-23T09:20:08","date_gmt":"1990-10-23T08:20:08","guid":{"rendered":"http:\/\/wp.kristdemokraterna.se\/vasternorrland\/?p=232147"},"modified":"2020-11-09T09:04:05","modified_gmt":"2020-11-09T08:04:05","slug":"svik-inte-de-dementa-i-solleftea","status":"publish","type":"post","link":"https:\/\/wp.kristdemokraterna.se\/vasternorrland\/svik-inte-de-dementa-i-solleftea\/","title":{"rendered":"Svik inte de dementa i Sollefte\u00e5"},"content":{"rendered":"<p>Ig\u00e5r kv\u00e4ll tog jag en promenad runt de nybyggda kvarteren p\u00e5 Pr\u00e4stbordet i Sollefte\u00e5. N\u00e4r jag kom till den f\u00e4rdiga gruppbostaden f\u00f6r dementa, k\u00e4nde jag att detta inte \u00e4r tikgit klokt! Ett fint hus som st\u00e5r fullst\u00e4ndigt tomt och outnyttjat! Orsaken \u00e4r att Sollefte\u00e5 h\u00e4lso- och sjukv\u00e5rdsf\u00f6rvaltning har beslutat att inte \u00f6ppna gruppboendet f\u00f6r dementa. Dessutom \u00e4r det best\u00e4mt att l\u00e4gga ned Aspen, dagsjukv\u00e5rd f\u00f6r dementa. Det sker i samf\u00f6rst\u00e5nd med kommunen, som delar kostnaden f\u00f6r verksamheten. Sammantaget \u00e4r effekterna av besluten ett uppr\u00f6rande svek mot en v\u00e4xander grupp \u00e4ldre och deras anh\u00f6riga i Sollefte\u00e5! Sollefte\u00e5 h\u00e4lso- och sjukv\u00e5rdsf\u00f6rvaltning ordf. Ewa S\u00f6derberg (s) f\u00f6rsvarar nedl\u00e4ggningen av Aspen med landstingets sparkrav. Dessutom har hon sagt att andra insatser kommer att ta \u00f6ver uppgifterna fr\u00e5n dagsjukv\u00e5rden. Mot detta m\u00e5ste jag protestera. Argumenten \u00e4r inte legitima och m\u00e5ste bem\u00f6tas.<\/p>\n<p>Det som nu sker \u00e4r ett historiskt svek mot en utsatt grupp ytterst opinionssvaga v\u00e5rdtagare. Sollefte\u00e5f\u00f6rvaltningen f\u00f6rblir l\u00e4nets s\u00e4msta ifr\u00e5ga om demensv\u00e5rd. Landstingets \u00e4ldrev\u00e5rd har h\u00f6gsta prioritet &#8211; utom i Sollefte\u00e5. L\u00f6ften sopas under mattan och konsekvenserna skjuts \u00f6ver till de redan h\u00e5rt tyngda anh\u00f6riga samt personal i hemtj\u00e4nst-hemsjukv\u00e5rd och p\u00e5 sjukhemmen. Det \u00e4r n\u00e4stintill ofattbart!<\/p>\n<p>KdS landstingsgrupp har i flera \u00e5r drivit fr\u00e5gan om insatser f\u00f6r dementa i Sollefte\u00e5. 1988 st\u00e4llde jag t.ex. en interpellation i landstinget till direktionens ordf\u00f6rande Ewa S\u00f6derberg ang\u00e5ende demensv\u00e5rden. Pressad erk\u00e4nde S\u00f6derberg att man varit d\u00e5liga p\u00e5 detta omr\u00e5de, men att krafttag skulle f\u00f6rb\u00e4ttra l\u00e4get. Bl a ett gruppboende p\u00e5 16 platser planerades till slutet av 1990. En f\u00f6r\u00e4ndring var p\u00e5 v\u00e4g &#8211; efter valet. I en omfattande och mycket kritisk revisionsrapport fr\u00e5n Svenska kommunf\u00f6rbundet fr\u00e5n november 1988, f\u00f6r \u00f6vrigt best\u00e4lld av Sollefte\u00e5 kommun, uppm\u00e4rksammades bland annat bristerna inom demensv\u00e5rden. De redovisade att de ca 100 gamla f\u00f6rvirrade inte fick den boendeform de var i behov av samt att k\u00f6erna till b\u00e5de \u00e5lderdomshemmen och servicehusboendet var l\u00e5nga. Dessutom visade rapporten att f\u00e4rre \u00e4ldre (och inte som man f\u00f6rmodad flera) fick hemtj\u00e4nst \u00e4n tidigare.<\/p>\n<p>De anh\u00f6riga protesterar mot direktionens beslut, ordf\u00f6rande i Demensf\u00f6rbundet g\u00f6r det, men inte de lokala pension\u00e4rsorganisationerna som t ex PRO. Varf\u00f6r? Vill man inte komma ih\u00e5g l\u00f6ftena fr\u00e5n 1988. Vid valet 1985 sk\u00e4llde Socialdemokraterna p\u00e5 moderata f\u00f6rslag om indragningar av \u00f6ronm\u00e4rkta bidrag till s\u00e4rskola, skolskjuts m m. Det sas att d\u00e5 skulle tryggheten f\u00f6rsvinna och folkhemmet falla samman i spillror. Men i det socialdemokratiskt styrda Sollefte\u00e5 \u00f6vertr\u00e4ffar nu verkligheten den politiska retoriken &#8211; fem \u00e5r senare: Dagsjukv\u00e5rden vid Aspen l\u00e4ggs ned och demensv\u00e5rden utarmas. &#8221;Solidaritet&#8221; och &#8221;r\u00e4ttvisa&#8221; i Socialdemokraternas vokabul\u00e4r \u00e4r uttunnade begrepp. S\u00e5 m\u00e5ste besluten tolkas anser jag.<\/p>\n<p>Den f\u00e4rdigbyggda gruppbostaden f\u00f6r dementa i Sollefte\u00e5 m\u00e5ste givetvis anv\u00e4ndas till \u00e4ldrev\u00e5rd. Nu st\u00e5r den outhyrd och belastar landstingets ekonomi. (Om \u00e4n med lindrad hyra tack vare statliga r\u00e4ntesubventioner.) Har inte direktionen r\u00e5d att driva den p\u00e5 traditionellt vis, m\u00e5ste andra l\u00f6sningar pr\u00f6vas. Den handlingsf\u00f6rlamning som uppst\u00e5tt m\u00e5ste brytas. Andra alternativ m\u00e5ste nu s\u00f6kas.<\/p>\n<p>Mitt f\u00f6rslag \u00e4r att boendet \u00f6ppnas snarast. Jag tror det \u00e4r m\u00f6jligt utan att det beh\u00f6ver kosta flera miljoner extra. Det enda rimliga \u00e4r att anv\u00e4nda de moderna och v\u00e4lplanerade l\u00e4genheterna och l\u00e5ta \u00e4ldre flytta in d\u00e4r, med tanke p\u00e5 behoven av bra bost\u00e4der med tillg\u00e5ng till service. Hemtj\u00e4nsten kan f\u00f6lja med hyresg\u00e4sten till den nya bostaden. Personal fr\u00e5n hemsjukv\u00e5rden likas\u00e5. Hj\u00e4lp med daglig verksamhet kanske kan ordnas via Sollefte\u00e5 f\u00f6rsamling, R\u00f6da Korset m fl. Sollefte\u00e5 f\u00f6rsamling har t ex tv\u00e5 diakonitj\u00e4nster och kyrkor\u00e5det leds av socialdemokrater. Har n\u00e5gon fr\u00e5gat dem?!<\/p>\n<p>Gruppboendet m\u00e5ste absolut komma ig\u00e5ng s\u00e5 snart det bara \u00e4r m\u00f6jligt &#8211; helst f\u00f6re \u00e5rsskiftet! Lika viktigt \u00e4r det att dagsjukv\u00e5rden p\u00e5 Aspen forts\u00e4tter sin verksamhet. Det blir annars stopp f\u00f6r hj\u00e4lpen till dem som kan bo hemma, om det inte finns dagsjukv\u00e5rd att tillg\u00e5. Allt annat \u00e4r ett svek mot de dementa och en of\u00f6rsvarlig kapitulation!<\/p>\n<p>Sverker \u00c5gren, gruppledare f\u00f6r KdS landstingsgrupp<\/p>\n<hr \/>\n<p>Debattartikel av Sverker \u00c5gren skriven 1990-10-23<\/p>\n<hr \/>\n<p><a href=\"http:\/\/wp.kristdemokraterna.se\/vasternorrland\/var-politik\/politikomraden\/ekonomi-skatter\/\">Ekonomi\/skatter<\/a>&nbsp;\u00b7 <a href=\"http:\/\/wp.kristdemokraterna.se\/vasternorrland\/var-politik\/politikomraden\/aldre\/\">\u00c4ldre<\/a> | <a href=\"http:\/\/wp.kristdemokraterna.se\/vasternorrland\/etiketter\/debattartikel\/\">debattartikel<\/a>&nbsp;\u00b7 <a href=\"http:\/\/wp.kristdemokraterna.se\/vasternorrland\/etiketter\/ekonomi\/\">ekonomi<\/a>&nbsp;\u00b7 <a href=\"http:\/\/wp.kristdemokraterna.se\/vasternorrland\/etiketter\/demensvard\/\">demensv\u00e5rd<\/a>&nbsp;\u00b7 <a href=\"http:\/\/wp.kristdemokraterna.se\/vasternorrland\/etiketter\/solleftea\/\">Sollefte\u00e5<\/a>&nbsp;\u00b7 <a href=\"http:\/\/wp.kristdemokraterna.se\/vasternorrland\/etiketter\/sverker-agren\/\">Sverker&nbsp;\u00c5gren<\/a>&nbsp;\u00b7 <a href=\"http:\/\/wp.kristdemokraterna.se\/vasternorrland\/etiketter\/aldrevard\/\">\u00e4ldrev\u00e5rd<\/a><\/p>\n","protected":false},"excerpt":{"rendered":"<p>Ig\u00e5r kv\u00e4ll tog jag en promenad runt de nybyggda kvarteren p\u00e5 Pr\u00e4stbordet i Sollefte\u00e5. N\u00e4r jag kom till den f\u00e4rdiga gruppbostaden f\u00f6r dementa, k\u00e4nde jag att detta inte \u00e4r tikgit klokt! Ett fint hus som st\u00e5r fullst\u00e4ndigt tomt och outnyttjat! Orsaken \u00e4r att Sollefte\u00e5 h\u00e4lso- och sjukv\u00e5rdsf\u00f6rvaltning har beslutat att inte \u00f6ppna gruppboendet f\u00f6r dementa. <a class=\"read-more-link\" href=\"https:\/\/wp.kristdemokraterna.se\/vasternorrland\/svik-inte-de-dementa-i-solleftea\/\">Read More<\/a><\/p>\n","protected":false},"author":861,"featured_media":0,"comment_status":"closed","ping_status":"closed","sticky":false,"template":"","format":"standard","meta":{"_acf_changed":false,"footnotes":""},"categories":[786,544,727],"tags":[45,278,543,409,276,265,1206,13,464],"class_list":["post-232147","post","type-post","status-publish","format-standard","hentry","category-aldre","category-ekonomi","category-nyheter","tag-aldre","tag-aldrevard","tag-alla-inlagg","tag-debattartikel","tag-demensvard","tag-ekonomi","tag-ekonomi-skatter","tag-solleftea","tag-sverker-agren"],"acf":[],"yoast_head":"<!-- This site is optimized with the Yoast SEO plugin v27.4 - https:\/\/yoast.com\/product\/yoast-seo-wordpress\/ -->\n<title>Svik inte de dementa i Sollefte\u00e5 | KD V\u00e4sternorrland<\/title>\n<meta name=\"robots\" content=\"index, follow, max-snippet:-1, max-image-preview:large, max-video-preview:-1\" \/>\n<link rel=\"canonical\" href=\"https:\/\/wp.kristdemokraterna.se\/vasternorrland\/svik-inte-de-dementa-i-solleftea\/\" \/>\n<meta property=\"og:locale\" content=\"sv_SE\" \/>\n<meta property=\"og:type\" content=\"article\" \/>\n<meta property=\"og:title\" content=\"Svik inte de dementa i Sollefte\u00e5 | KD V\u00e4sternorrland\" \/>\n<meta property=\"og:description\" content=\"Ig\u00e5r kv\u00e4ll tog jag en promenad runt de nybyggda kvarteren p\u00e5 Pr\u00e4stbordet i Sollefte\u00e5. N\u00e4r jag kom till den f\u00e4rdiga gruppbostaden f\u00f6r dementa, k\u00e4nde jag att detta inte \u00e4r tikgit klokt! Ett fint hus som st\u00e5r fullst\u00e4ndigt tomt och outnyttjat! Orsaken \u00e4r att Sollefte\u00e5 h\u00e4lso- och sjukv\u00e5rdsf\u00f6rvaltning har beslutat att inte \u00f6ppna gruppboendet f\u00f6r dementa. Read More\" \/>\n<meta property=\"og:url\" content=\"https:\/\/wp.kristdemokraterna.se\/vasternorrland\/svik-inte-de-dementa-i-solleftea\/\" \/>\n<meta property=\"og:site_name\" content=\"KD V\u00e4sternorrland\" \/>\n<meta property=\"article:publisher\" content=\"https:\/\/www.facebook.com\/kdrvn\/\" \/>\n<meta property=\"article:published_time\" content=\"1990-10-23T08:20:08+00:00\" \/>\n<meta property=\"article:modified_time\" content=\"2020-11-09T08:04:05+00:00\" \/>\n<meta name=\"author\" content=\"sendelbach\" \/>\n<meta name=\"twitter:card\" content=\"summary_large_image\" \/>\n<meta name=\"twitter:label1\" content=\"Skriven av\" \/>\n\t<meta name=\"twitter:data1\" content=\"sendelbach\" \/>\n\t<meta name=\"twitter:label2\" content=\"Ber\u00e4knad l\u00e4stid\" \/>\n\t<meta name=\"twitter:data2\" content=\"4 minuter\" \/>\n<script type=\"application\/ld+json\" class=\"yoast-schema-graph\">{\"@context\":\"https:\\\/\\\/schema.org\",\"@graph\":[{\"@type\":\"Article\",\"@id\":\"https:\\\/\\\/wp.kristdemokraterna.se\\\/vasternorrland\\\/svik-inte-de-dementa-i-solleftea\\\/#article\",\"isPartOf\":{\"@id\":\"https:\\\/\\\/wp.kristdemokraterna.se\\\/vasternorrland\\\/svik-inte-de-dementa-i-solleftea\\\/\"},\"author\":{\"name\":\"sendelbach\",\"@id\":\"https:\\\/\\\/wp.kristdemokraterna.se\\\/vasternorrland\\\/#\\\/schema\\\/person\\\/c253503d86970574912dff6ec658bf28\"},\"headline\":\"Svik inte de dementa i Sollefte\u00e5\",\"datePublished\":\"1990-10-23T08:20:08+00:00\",\"dateModified\":\"2020-11-09T08:04:05+00:00\",\"mainEntityOfPage\":{\"@id\":\"https:\\\/\\\/wp.kristdemokraterna.se\\\/vasternorrland\\\/svik-inte-de-dementa-i-solleftea\\\/\"},\"wordCount\":810,\"keywords\":[\"\u00e4ldre\",\"\u00e4ldrev\u00e5rd\",\"alla inl\u00e4gg\",\"debattartikel\",\"demensv\u00e5rd\",\"ekonomi\",\"ekonomi\\\/skatter\",\"Sollefte\u00e5\",\"Sverker \u00c5gren\"],\"articleSection\":[\"\u00c4ldre\",\"Ekonomi\\\/skatter\",\"Nyheter\"],\"inLanguage\":\"sv-SE\"},{\"@type\":\"WebPage\",\"@id\":\"https:\\\/\\\/wp.kristdemokraterna.se\\\/vasternorrland\\\/svik-inte-de-dementa-i-solleftea\\\/\",\"url\":\"https:\\\/\\\/wp.kristdemokraterna.se\\\/vasternorrland\\\/svik-inte-de-dementa-i-solleftea\\\/\",\"name\":\"Svik inte de dementa i Sollefte\u00e5 | KD V\u00e4sternorrland\",\"isPartOf\":{\"@id\":\"https:\\\/\\\/wp.kristdemokraterna.se\\\/vasternorrland\\\/#website\"},\"datePublished\":\"1990-10-23T08:20:08+00:00\",\"dateModified\":\"2020-11-09T08:04:05+00:00\",\"author\":{\"@id\":\"https:\\\/\\\/wp.kristdemokraterna.se\\\/vasternorrland\\\/#\\\/schema\\\/person\\\/c253503d86970574912dff6ec658bf28\"},\"breadcrumb\":{\"@id\":\"https:\\\/\\\/wp.kristdemokraterna.se\\\/vasternorrland\\\/svik-inte-de-dementa-i-solleftea\\\/#breadcrumb\"},\"inLanguage\":\"sv-SE\",\"potentialAction\":[{\"@type\":\"ReadAction\",\"target\":[\"https:\\\/\\\/wp.kristdemokraterna.se\\\/vasternorrland\\\/svik-inte-de-dementa-i-solleftea\\\/\"]}]},{\"@type\":\"BreadcrumbList\",\"@id\":\"https:\\\/\\\/wp.kristdemokraterna.se\\\/vasternorrland\\\/svik-inte-de-dementa-i-solleftea\\\/#breadcrumb\",\"itemListElement\":[{\"@type\":\"ListItem\",\"position\":1,\"name\":\"Hem\",\"item\":\"https:\\\/\\\/wp.kristdemokraterna.se\\\/vasternorrland\\\/\"},{\"@type\":\"ListItem\",\"position\":2,\"name\":\"Svik inte de dementa i Sollefte\u00e5\"}]},{\"@type\":\"WebSite\",\"@id\":\"https:\\\/\\\/wp.kristdemokraterna.se\\\/vasternorrland\\\/#website\",\"url\":\"https:\\\/\\\/wp.kristdemokraterna.se\\\/vasternorrland\\\/\",\"name\":\"KD V\u00e4sternorrland\",\"description\":\"V\u00e5rda v\u00e5rden - utveckla prim\u00e4rv\u00e5rden\",\"inLanguage\":\"sv-SE\"},{\"@type\":\"Person\",\"@id\":\"https:\\\/\\\/wp.kristdemokraterna.se\\\/vasternorrland\\\/#\\\/schema\\\/person\\\/c253503d86970574912dff6ec658bf28\",\"name\":\"sendelbach\",\"image\":{\"@type\":\"ImageObject\",\"inLanguage\":\"sv-SE\",\"@id\":\"https:\\\/\\\/secure.gravatar.com\\\/avatar\\\/0499a666be08fad4eb4333dbfba8681b8ebe23a978ce2e4c44818b2c5e2415b8?s=96&r=g\",\"url\":\"https:\\\/\\\/secure.gravatar.com\\\/avatar\\\/0499a666be08fad4eb4333dbfba8681b8ebe23a978ce2e4c44818b2c5e2415b8?s=96&r=g\",\"contentUrl\":\"https:\\\/\\\/secure.gravatar.com\\\/avatar\\\/0499a666be08fad4eb4333dbfba8681b8ebe23a978ce2e4c44818b2c5e2415b8?s=96&r=g\",\"caption\":\"sendelbach\"},\"url\":\"https:\\\/\\\/wp.kristdemokraterna.se\\\/vasternorrland\\\/author\\\/sendelbach\\\/\"}]}<\/script>\n<!-- \/ Yoast SEO plugin. -->","yoast_head_json":{"title":"Svik inte de dementa i Sollefte\u00e5 | KD V\u00e4sternorrland","robots":{"index":"index","follow":"follow","max-snippet":"max-snippet:-1","max-image-preview":"max-image-preview:large","max-video-preview":"max-video-preview:-1"},"canonical":"https:\/\/wp.kristdemokraterna.se\/vasternorrland\/svik-inte-de-dementa-i-solleftea\/","og_locale":"sv_SE","og_type":"article","og_title":"Svik inte de dementa i Sollefte\u00e5 | KD V\u00e4sternorrland","og_description":"Ig\u00e5r kv\u00e4ll tog jag en promenad runt de nybyggda kvarteren p\u00e5 Pr\u00e4stbordet i Sollefte\u00e5. N\u00e4r jag kom till den f\u00e4rdiga gruppbostaden f\u00f6r dementa, k\u00e4nde jag att detta inte \u00e4r tikgit klokt! Ett fint hus som st\u00e5r fullst\u00e4ndigt tomt och outnyttjat! Orsaken \u00e4r att Sollefte\u00e5 h\u00e4lso- och sjukv\u00e5rdsf\u00f6rvaltning har beslutat att inte \u00f6ppna gruppboendet f\u00f6r dementa. Read More","og_url":"https:\/\/wp.kristdemokraterna.se\/vasternorrland\/svik-inte-de-dementa-i-solleftea\/","og_site_name":"KD V\u00e4sternorrland","article_publisher":"https:\/\/www.facebook.com\/kdrvn\/","article_published_time":"1990-10-23T08:20:08+00:00","article_modified_time":"2020-11-09T08:04:05+00:00","author":"sendelbach","twitter_card":"summary_large_image","twitter_misc":{"Skriven av":"sendelbach","Ber\u00e4knad l\u00e4stid":"4 minuter"},"schema":{"@context":"https:\/\/schema.org","@graph":[{"@type":"Article","@id":"https:\/\/wp.kristdemokraterna.se\/vasternorrland\/svik-inte-de-dementa-i-solleftea\/#article","isPartOf":{"@id":"https:\/\/wp.kristdemokraterna.se\/vasternorrland\/svik-inte-de-dementa-i-solleftea\/"},"author":{"name":"sendelbach","@id":"https:\/\/wp.kristdemokraterna.se\/vasternorrland\/#\/schema\/person\/c253503d86970574912dff6ec658bf28"},"headline":"Svik inte de dementa i Sollefte\u00e5","datePublished":"1990-10-23T08:20:08+00:00","dateModified":"2020-11-09T08:04:05+00:00","mainEntityOfPage":{"@id":"https:\/\/wp.kristdemokraterna.se\/vasternorrland\/svik-inte-de-dementa-i-solleftea\/"},"wordCount":810,"keywords":["\u00e4ldre","\u00e4ldrev\u00e5rd","alla inl\u00e4gg","debattartikel","demensv\u00e5rd","ekonomi","ekonomi\/skatter","Sollefte\u00e5","Sverker \u00c5gren"],"articleSection":["\u00c4ldre","Ekonomi\/skatter","Nyheter"],"inLanguage":"sv-SE"},{"@type":"WebPage","@id":"https:\/\/wp.kristdemokraterna.se\/vasternorrland\/svik-inte-de-dementa-i-solleftea\/","url":"https:\/\/wp.kristdemokraterna.se\/vasternorrland\/svik-inte-de-dementa-i-solleftea\/","name":"Svik inte de dementa i Sollefte\u00e5 | KD V\u00e4sternorrland","isPartOf":{"@id":"https:\/\/wp.kristdemokraterna.se\/vasternorrland\/#website"},"datePublished":"1990-10-23T08:20:08+00:00","dateModified":"2020-11-09T08:04:05+00:00","author":{"@id":"https:\/\/wp.kristdemokraterna.se\/vasternorrland\/#\/schema\/person\/c253503d86970574912dff6ec658bf28"},"breadcrumb":{"@id":"https:\/\/wp.kristdemokraterna.se\/vasternorrland\/svik-inte-de-dementa-i-solleftea\/#breadcrumb"},"inLanguage":"sv-SE","potentialAction":[{"@type":"ReadAction","target":["https:\/\/wp.kristdemokraterna.se\/vasternorrland\/svik-inte-de-dementa-i-solleftea\/"]}]},{"@type":"BreadcrumbList","@id":"https:\/\/wp.kristdemokraterna.se\/vasternorrland\/svik-inte-de-dementa-i-solleftea\/#breadcrumb","itemListElement":[{"@type":"ListItem","position":1,"name":"Hem","item":"https:\/\/wp.kristdemokraterna.se\/vasternorrland\/"},{"@type":"ListItem","position":2,"name":"Svik inte de dementa i Sollefte\u00e5"}]},{"@type":"WebSite","@id":"https:\/\/wp.kristdemokraterna.se\/vasternorrland\/#website","url":"https:\/\/wp.kristdemokraterna.se\/vasternorrland\/","name":"KD V\u00e4sternorrland","description":"V\u00e5rda v\u00e5rden - utveckla prim\u00e4rv\u00e5rden","inLanguage":"sv-SE"},{"@type":"Person","@id":"https:\/\/wp.kristdemokraterna.se\/vasternorrland\/#\/schema\/person\/c253503d86970574912dff6ec658bf28","name":"sendelbach","image":{"@type":"ImageObject","inLanguage":"sv-SE","@id":"https:\/\/secure.gravatar.com\/avatar\/0499a666be08fad4eb4333dbfba8681b8ebe23a978ce2e4c44818b2c5e2415b8?s=96&r=g","url":"https:\/\/secure.gravatar.com\/avatar\/0499a666be08fad4eb4333dbfba8681b8ebe23a978ce2e4c44818b2c5e2415b8?s=96&r=g","contentUrl":"https:\/\/secure.gravatar.com\/avatar\/0499a666be08fad4eb4333dbfba8681b8ebe23a978ce2e4c44818b2c5e2415b8?s=96&r=g","caption":"sendelbach"},"url":"https:\/\/wp.kristdemokraterna.se\/vasternorrland\/author\/sendelbach\/"}]}},"_links":{"self":[{"href":"https:\/\/wp.kristdemokraterna.se\/vasternorrland\/wp-json\/wp\/v2\/posts\/232147","targetHints":{"allow":["GET"]}}],"collection":[{"href":"https:\/\/wp.kristdemokraterna.se\/vasternorrland\/wp-json\/wp\/v2\/posts"}],"about":[{"href":"https:\/\/wp.kristdemokraterna.se\/vasternorrland\/wp-json\/wp\/v2\/types\/post"}],"author":[{"embeddable":true,"href":"https:\/\/wp.kristdemokraterna.se\/vasternorrland\/wp-json\/wp\/v2\/users\/861"}],"replies":[{"embeddable":true,"href":"https:\/\/wp.kristdemokraterna.se\/vasternorrland\/wp-json\/wp\/v2\/comments?post=232147"}],"version-history":[{"count":4,"href":"https:\/\/wp.kristdemokraterna.se\/vasternorrland\/wp-json\/wp\/v2\/posts\/232147\/revisions"}],"predecessor-version":[{"id":322560,"href":"https:\/\/wp.kristdemokraterna.se\/vasternorrland\/wp-json\/wp\/v2\/posts\/232147\/revisions\/322560"}],"wp:attachment":[{"href":"https:\/\/wp.kristdemokraterna.se\/vasternorrland\/wp-json\/wp\/v2\/media?parent=232147"}],"wp:term":[{"taxonomy":"category","embeddable":true,"href":"https:\/\/wp.kristdemokraterna.se\/vasternorrland\/wp-json\/wp\/v2\/categories?post=232147"},{"taxonomy":"post_tag","embeddable":true,"href":"https:\/\/wp.kristdemokraterna.se\/vasternorrland\/wp-json\/wp\/v2\/tags?post=232147"}],"curies":[{"name":"wp","href":"https:\/\/api.w.org\/{rel}","templated":true}]}}