{"id":255,"date":"2014-04-05T10:59:34","date_gmt":"2014-04-05T08:59:34","guid":{"rendered":"http:\/\/wp.kristdemokraterna.se\/vasternorrland\/?p=255"},"modified":"2019-11-06T19:43:52","modified_gmt":"2019-11-06T18:43:52","slug":"kd-kraver-maxtak-for-barngruppernas-storlek-i-forskolorna-emma-henriksson-kd-besokte-vasternorrland","status":"publish","type":"post","link":"https:\/\/wp.kristdemokraterna.se\/vasternorrland\/kd-kraver-maxtak-for-barngruppernas-storlek-i-forskolorna-emma-henriksson-kd-besokte-vasternorrland\/","title":{"rendered":"KD kr\u00e4ver maxtak f\u00f6r barngruppernas storlek i f\u00f6rskolorna"},"content":{"rendered":"<p>KD kr\u00e4ver maxtak f\u00f6r barngruppernas storlek i f\u00f6rskolorna, och hur ser egentligen f\u00f6r\u00e4ldrar och verksamheten p\u00e5 barnomsorgen?<\/p>\n<p><a href=\"http:\/\/wp.kristdemokraterna.se\/vasternorrland\/files\/2014\/04\/emmahenriksson-42.jpg\"><img loading=\"lazy\" decoding=\"async\" class=\"size-medium wp-image-256 alignright\" alt=\"Emma Henriksson (KD) framf\u00f6r riksdagshuset i Stockholm\" src=\"http:\/\/wp.kristdemokraterna.se\/vasternorrland\/files\/2014\/04\/emmahenriksson-42-280x300.jpg\" width=\"280\" height=\"300\" srcset=\"https:\/\/wp.kristdemokraterna.se\/vasternorrland\/files\/2014\/04\/emmahenriksson-42-280x300.jpg 280w, https:\/\/wp.kristdemokraterna.se\/vasternorrland\/files\/2014\/04\/emmahenriksson-42-323x346.jpg 323w, https:\/\/wp.kristdemokraterna.se\/vasternorrland\/files\/2014\/04\/emmahenriksson-42-104x112.jpg 104w, https:\/\/wp.kristdemokraterna.se\/vasternorrland\/files\/2014\/04\/emmahenriksson-42.jpg 480w\" sizes=\"auto, (max-width: 280px) 100vw, 280px\" \/><\/a><\/p>\n<p>Emma Henriksson, riksdagsledamot och familjepolitisk talesperson f\u00f6r Kristdemokraterna, bes\u00f6kte H\u00e4rn\u00f6sand och Sundsvall fredag den 4:e april. Hon bes\u00f6kte ett par f\u00f6rskolor och \u00e5t lunch med sm\u00e5barnsf\u00f6r\u00e4ldrar, med ett s\u00e4rskilt fokus p\u00e5 fr\u00e5gan om ett kommunalt maxtak p\u00e5 barngruppernas storlek i f\u00f6rskolan.<\/p>\n<p>Program<\/p>\n<p>10:15 Tj\u00e4derns f\u00f6rskola, Tj\u00e4derv\u00e4gen 114, H\u00e4rn\u00f6sand<\/p>\n<p>12:30 Lunch med sm\u00e5barnsf\u00f6r\u00e4ldrar, Skonerten, Kulturmagasinet, Sundsvall<\/p>\n<p>14:00 F\u00f6rskolan Kullerbyttan, Paviljongv\u00e4gen 3, Sundsvall<\/p>\n<p>&nbsp;<\/p>\n<p>Sm\u00e5 barn har ett s\u00e4rskilt behov av att k\u00e4nna trygghet och att bli sedda, inte minst av en vuxen. Vi ser p\u00e5 flera h\u00e5ll i Sverige att barngrupperna i f\u00f6rskolan \u00e4r allt f\u00f6r stora. I Sundsvall \u00e4r det i genomsnitt 17,1 barn per grupp och i H\u00e4rn\u00f6sand 16,2. Kristdemokraterna vill att kommuner ska s\u00e4tta ett maxtak f\u00f6r gruppernas storlek, f\u00f6r att garantera f\u00f6r barn och f\u00f6r\u00e4ldrar att det inte blir f\u00f6r stora grupper, s\u00e4ger Emma Henriksson familjepolitisk talesperson f\u00f6r Kristdemokraterna.<\/p>\n<p>F\u00f6rskolan och mindre barngrupper \u00e4r en prioriterad fr\u00e5ga f\u00f6r Kristdemokraterna och vi \u00e4r beredda att prioritera det, s\u00e4ger Emma Henriksson riksdagsledamot f\u00f6r Kristdemokraterna.<\/p>\n<p>Det \u00e4r l\u00e4tt att tro att bara vi \u00f6kar antal vuxna i en grupp s\u00e5 blir det b\u00e4ttre, men det finns en v\u00e4ldigt viktig po\u00e4ng med att ett litet barn ska f\u00e5 vistas i en liten grupp. M\u00f6jlighet till anknytning och ett begr\u00e4nsat antal relationer f\u00f6r det lilla barnet \u00e4r viktigt f\u00f6r tryggheten. D\u00e4rf\u00f6r har Kristdemokraterna Sundsvall l\u00e4mnat in en motion till kommunfullm\u00e4ktige om ett maxtak f\u00f6r gruppstorleken i f\u00f6rskolan, s\u00e4ger Liza-Maria Norlin (KD) f\u00f6rsta namn p\u00e5 kommunvalsedeln i Sundsvall.<\/p>\n<p>Kristdemokraterna H\u00e4rn\u00f6sand har tidigare l\u00e4mnat in en motion till kommunfullm\u00e4ktige om att vi i H\u00e4rn\u00f6sand ska ha ett maxtak f\u00f6r barngruppernas storlek i v\u00e5ra f\u00f6rskolor. Tyv\u00e4rr har inte majoriteten \u00e4nnu visat n\u00e5got steg i den riktningen. Vi hoppas Emma Henrikssons bes\u00f6k kommer att belysa fr\u00e5gan \u00e4nnu en g\u00e5ng, s\u00e5 f\u00e5r vi i kommunen forts\u00e4tta k\u00e4mpa f\u00f6r barns r\u00e4tt till en trygg f\u00f6rskolemilj\u00f6, s\u00e4ger Veronica Bostr\u00f6m (KD) ers\u00e4ttare i skoln\u00e4mnen H\u00e4rn\u00f6sand.<\/p>\n<p>&nbsp;<\/p>\n<p>Media \u00e4r v\u00e4lkommen att delta vid aktiviteterna, f\u00f6r mer information kontakta:<\/p>\n<p>Liza-Maria Norlin, politisk sekreterare Sundsvall, 070-3941613<\/p>\n<p>Roger Boork, ombudsman V\u00e4sternorrland, 070-3398100<\/p>\n","protected":false},"excerpt":{"rendered":"<p>KD kr\u00e4ver maxtak f\u00f6r barngruppernas storlek i f\u00f6rskolorna, och hur ser egentligen f\u00f6r\u00e4ldrar och verksamheten p\u00e5 barnomsorgen? Emma Henriksson, riksdagsledamot och familjepolitisk talesperson f\u00f6r Kristdemokraterna, bes\u00f6kte H\u00e4rn\u00f6sand och Sundsvall fredag den 4:e april. Hon bes\u00f6kte ett par f\u00f6rskolor och \u00e5t lunch med sm\u00e5barnsf\u00f6r\u00e4ldrar, med ett s\u00e4rskilt fokus p\u00e5 fr\u00e5gan om ett kommunalt maxtak p\u00e5 barngruppernas <a class=\"read-more-link\" href=\"https:\/\/wp.kristdemokraterna.se\/vasternorrland\/kd-kraver-maxtak-for-barngruppernas-storlek-i-forskolorna-emma-henriksson-kd-besokte-vasternorrland\/\">Read More<\/a><\/p>\n","protected":false},"author":407,"featured_media":0,"comment_status":"closed","ping_status":"closed","sticky":false,"template":"","format":"standard","meta":{"_acf_changed":false,"footnotes":""},"categories":[111],"tags":[543,161,160,683],"class_list":["post-255","post","type-post","status-publish","format-standard","hentry","category-val-2014","tag-alla-inlagg","tag-barngrupper","tag-forskola","tag-val-2014"],"acf":[],"yoast_head":"<!-- This site is optimized with the Yoast SEO plugin v27.4 - https:\/\/yoast.com\/product\/yoast-seo-wordpress\/ -->\n<title>KD kr\u00e4ver maxtak f\u00f6r barngruppernas storlek i f\u00f6rskolorna | KD V\u00e4sternorrland<\/title>\n<meta name=\"robots\" content=\"index, follow, max-snippet:-1, max-image-preview:large, max-video-preview:-1\" \/>\n<link rel=\"canonical\" href=\"https:\/\/wp.kristdemokraterna.se\/vasternorrland\/kd-kraver-maxtak-for-barngruppernas-storlek-i-forskolorna-emma-henriksson-kd-besokte-vasternorrland\/\" \/>\n<meta property=\"og:locale\" content=\"sv_SE\" \/>\n<meta property=\"og:type\" content=\"article\" \/>\n<meta property=\"og:title\" content=\"KD kr\u00e4ver maxtak f\u00f6r barngruppernas storlek i f\u00f6rskolorna | KD V\u00e4sternorrland\" \/>\n<meta property=\"og:description\" content=\"KD kr\u00e4ver maxtak f\u00f6r barngruppernas storlek i f\u00f6rskolorna, och hur ser egentligen f\u00f6r\u00e4ldrar och verksamheten p\u00e5 barnomsorgen? Emma Henriksson, riksdagsledamot och familjepolitisk talesperson f\u00f6r Kristdemokraterna, bes\u00f6kte H\u00e4rn\u00f6sand och Sundsvall fredag den 4:e april. Hon bes\u00f6kte ett par f\u00f6rskolor och \u00e5t lunch med sm\u00e5barnsf\u00f6r\u00e4ldrar, med ett s\u00e4rskilt fokus p\u00e5 fr\u00e5gan om ett kommunalt maxtak p\u00e5 barngruppernas Read More\" \/>\n<meta property=\"og:url\" content=\"https:\/\/wp.kristdemokraterna.se\/vasternorrland\/kd-kraver-maxtak-for-barngruppernas-storlek-i-forskolorna-emma-henriksson-kd-besokte-vasternorrland\/\" \/>\n<meta property=\"og:site_name\" content=\"KD V\u00e4sternorrland\" \/>\n<meta property=\"article:publisher\" content=\"https:\/\/www.facebook.com\/kdrvn\/\" \/>\n<meta property=\"article:published_time\" content=\"2014-04-05T08:59:34+00:00\" \/>\n<meta property=\"article:modified_time\" content=\"2019-11-06T18:43:52+00:00\" \/>\n<meta property=\"og:image\" content=\"http:\/\/wp.kristdemokraterna.se\/vasternorrland\/files\/2014\/04\/emmahenriksson-42-280x300.jpg\" \/>\n<meta name=\"author\" content=\"vasternorrland\" \/>\n<meta name=\"twitter:card\" content=\"summary_large_image\" \/>\n<meta name=\"twitter:label1\" content=\"Skriven av\" \/>\n\t<meta name=\"twitter:data1\" content=\"vasternorrland\" \/>\n\t<meta name=\"twitter:label2\" content=\"Ber\u00e4knad l\u00e4stid\" \/>\n\t<meta name=\"twitter:data2\" content=\"2 minuter\" \/>\n<script type=\"application\/ld+json\" class=\"yoast-schema-graph\">{\"@context\":\"https:\\\/\\\/schema.org\",\"@graph\":[{\"@type\":\"Article\",\"@id\":\"https:\\\/\\\/wp.kristdemokraterna.se\\\/vasternorrland\\\/kd-kraver-maxtak-for-barngruppernas-storlek-i-forskolorna-emma-henriksson-kd-besokte-vasternorrland\\\/#article\",\"isPartOf\":{\"@id\":\"https:\\\/\\\/wp.kristdemokraterna.se\\\/vasternorrland\\\/kd-kraver-maxtak-for-barngruppernas-storlek-i-forskolorna-emma-henriksson-kd-besokte-vasternorrland\\\/\"},\"author\":{\"name\":\"vasternorrland\",\"@id\":\"https:\\\/\\\/wp.kristdemokraterna.se\\\/vasternorrland\\\/#\\\/schema\\\/person\\\/3781ad071d5fbd6a1da361a146253f94\"},\"headline\":\"KD kr\u00e4ver maxtak f\u00f6r barngruppernas storlek i f\u00f6rskolorna\",\"datePublished\":\"2014-04-05T08:59:34+00:00\",\"dateModified\":\"2019-11-06T18:43:52+00:00\",\"mainEntityOfPage\":{\"@id\":\"https:\\\/\\\/wp.kristdemokraterna.se\\\/vasternorrland\\\/kd-kraver-maxtak-for-barngruppernas-storlek-i-forskolorna-emma-henriksson-kd-besokte-vasternorrland\\\/\"},\"wordCount\":453,\"image\":{\"@id\":\"https:\\\/\\\/wp.kristdemokraterna.se\\\/vasternorrland\\\/kd-kraver-maxtak-for-barngruppernas-storlek-i-forskolorna-emma-henriksson-kd-besokte-vasternorrland\\\/#primaryimage\"},\"thumbnailUrl\":\"http:\\\/\\\/wp.kristdemokraterna.se\\\/vasternorrland\\\/files\\\/2014\\\/04\\\/emmahenriksson-42-280x300.jpg\",\"keywords\":[\"alla inl\u00e4gg\",\"barngrupper\",\"f\u00f6rskola\",\"val 2014\"],\"articleSection\":[\"Val 2014\"],\"inLanguage\":\"sv-SE\"},{\"@type\":\"WebPage\",\"@id\":\"https:\\\/\\\/wp.kristdemokraterna.se\\\/vasternorrland\\\/kd-kraver-maxtak-for-barngruppernas-storlek-i-forskolorna-emma-henriksson-kd-besokte-vasternorrland\\\/\",\"url\":\"https:\\\/\\\/wp.kristdemokraterna.se\\\/vasternorrland\\\/kd-kraver-maxtak-for-barngruppernas-storlek-i-forskolorna-emma-henriksson-kd-besokte-vasternorrland\\\/\",\"name\":\"KD kr\u00e4ver maxtak f\u00f6r barngruppernas storlek i f\u00f6rskolorna | KD V\u00e4sternorrland\",\"isPartOf\":{\"@id\":\"https:\\\/\\\/wp.kristdemokraterna.se\\\/vasternorrland\\\/#website\"},\"primaryImageOfPage\":{\"@id\":\"https:\\\/\\\/wp.kristdemokraterna.se\\\/vasternorrland\\\/kd-kraver-maxtak-for-barngruppernas-storlek-i-forskolorna-emma-henriksson-kd-besokte-vasternorrland\\\/#primaryimage\"},\"image\":{\"@id\":\"https:\\\/\\\/wp.kristdemokraterna.se\\\/vasternorrland\\\/kd-kraver-maxtak-for-barngruppernas-storlek-i-forskolorna-emma-henriksson-kd-besokte-vasternorrland\\\/#primaryimage\"},\"thumbnailUrl\":\"http:\\\/\\\/wp.kristdemokraterna.se\\\/vasternorrland\\\/files\\\/2014\\\/04\\\/emmahenriksson-42-280x300.jpg\",\"datePublished\":\"2014-04-05T08:59:34+00:00\",\"dateModified\":\"2019-11-06T18:43:52+00:00\",\"author\":{\"@id\":\"https:\\\/\\\/wp.kristdemokraterna.se\\\/vasternorrland\\\/#\\\/schema\\\/person\\\/3781ad071d5fbd6a1da361a146253f94\"},\"breadcrumb\":{\"@id\":\"https:\\\/\\\/wp.kristdemokraterna.se\\\/vasternorrland\\\/kd-kraver-maxtak-for-barngruppernas-storlek-i-forskolorna-emma-henriksson-kd-besokte-vasternorrland\\\/#breadcrumb\"},\"inLanguage\":\"sv-SE\",\"potentialAction\":[{\"@type\":\"ReadAction\",\"target\":[\"https:\\\/\\\/wp.kristdemokraterna.se\\\/vasternorrland\\\/kd-kraver-maxtak-for-barngruppernas-storlek-i-forskolorna-emma-henriksson-kd-besokte-vasternorrland\\\/\"]}]},{\"@type\":\"ImageObject\",\"inLanguage\":\"sv-SE\",\"@id\":\"https:\\\/\\\/wp.kristdemokraterna.se\\\/vasternorrland\\\/kd-kraver-maxtak-for-barngruppernas-storlek-i-forskolorna-emma-henriksson-kd-besokte-vasternorrland\\\/#primaryimage\",\"url\":\"https:\\\/\\\/wp.kristdemokraterna.se\\\/vasternorrland\\\/files\\\/2014\\\/04\\\/emmahenriksson-42.jpg\",\"contentUrl\":\"https:\\\/\\\/wp.kristdemokraterna.se\\\/vasternorrland\\\/files\\\/2014\\\/04\\\/emmahenriksson-42.jpg\",\"width\":480,\"height\":513,\"caption\":\"Emma Henriksson (KD) framf\u00f6r riksdagshuset i Stockholm\"},{\"@type\":\"BreadcrumbList\",\"@id\":\"https:\\\/\\\/wp.kristdemokraterna.se\\\/vasternorrland\\\/kd-kraver-maxtak-for-barngruppernas-storlek-i-forskolorna-emma-henriksson-kd-besokte-vasternorrland\\\/#breadcrumb\",\"itemListElement\":[{\"@type\":\"ListItem\",\"position\":1,\"name\":\"Hem\",\"item\":\"https:\\\/\\\/wp.kristdemokraterna.se\\\/vasternorrland\\\/\"},{\"@type\":\"ListItem\",\"position\":2,\"name\":\"KD kr\u00e4ver maxtak f\u00f6r barngruppernas storlek i f\u00f6rskolorna\"}]},{\"@type\":\"WebSite\",\"@id\":\"https:\\\/\\\/wp.kristdemokraterna.se\\\/vasternorrland\\\/#website\",\"url\":\"https:\\\/\\\/wp.kristdemokraterna.se\\\/vasternorrland\\\/\",\"name\":\"KD V\u00e4sternorrland\",\"description\":\"V\u00e5rda v\u00e5rden - utveckla prim\u00e4rv\u00e5rden\",\"inLanguage\":\"sv-SE\"},{\"@type\":\"Person\",\"@id\":\"https:\\\/\\\/wp.kristdemokraterna.se\\\/vasternorrland\\\/#\\\/schema\\\/person\\\/3781ad071d5fbd6a1da361a146253f94\",\"name\":\"vasternorrland\",\"image\":{\"@type\":\"ImageObject\",\"inLanguage\":\"sv-SE\",\"@id\":\"https:\\\/\\\/secure.gravatar.com\\\/avatar\\\/a8349bd7947007d80ac33c6ecdc7ebe34255acf84e89bbf4196e73439d771999?s=96&r=g\",\"url\":\"https:\\\/\\\/secure.gravatar.com\\\/avatar\\\/a8349bd7947007d80ac33c6ecdc7ebe34255acf84e89bbf4196e73439d771999?s=96&r=g\",\"contentUrl\":\"https:\\\/\\\/secure.gravatar.com\\\/avatar\\\/a8349bd7947007d80ac33c6ecdc7ebe34255acf84e89bbf4196e73439d771999?s=96&r=g\",\"caption\":\"vasternorrland\"},\"sameAs\":[\"http:\\\/\\\/www.vasternorrland.kristdemokraterna.se\"],\"url\":\"https:\\\/\\\/wp.kristdemokraterna.se\\\/vasternorrland\\\/author\\\/vasternorrland\\\/\"}]}<\/script>\n<!-- \/ Yoast SEO plugin. -->","yoast_head_json":{"title":"KD kr\u00e4ver maxtak f\u00f6r barngruppernas storlek i f\u00f6rskolorna | KD V\u00e4sternorrland","robots":{"index":"index","follow":"follow","max-snippet":"max-snippet:-1","max-image-preview":"max-image-preview:large","max-video-preview":"max-video-preview:-1"},"canonical":"https:\/\/wp.kristdemokraterna.se\/vasternorrland\/kd-kraver-maxtak-for-barngruppernas-storlek-i-forskolorna-emma-henriksson-kd-besokte-vasternorrland\/","og_locale":"sv_SE","og_type":"article","og_title":"KD kr\u00e4ver maxtak f\u00f6r barngruppernas storlek i f\u00f6rskolorna | KD V\u00e4sternorrland","og_description":"KD kr\u00e4ver maxtak f\u00f6r barngruppernas storlek i f\u00f6rskolorna, och hur ser egentligen f\u00f6r\u00e4ldrar och verksamheten p\u00e5 barnomsorgen? Emma Henriksson, riksdagsledamot och familjepolitisk talesperson f\u00f6r Kristdemokraterna, bes\u00f6kte H\u00e4rn\u00f6sand och Sundsvall fredag den 4:e april. Hon bes\u00f6kte ett par f\u00f6rskolor och \u00e5t lunch med sm\u00e5barnsf\u00f6r\u00e4ldrar, med ett s\u00e4rskilt fokus p\u00e5 fr\u00e5gan om ett kommunalt maxtak p\u00e5 barngruppernas Read More","og_url":"https:\/\/wp.kristdemokraterna.se\/vasternorrland\/kd-kraver-maxtak-for-barngruppernas-storlek-i-forskolorna-emma-henriksson-kd-besokte-vasternorrland\/","og_site_name":"KD V\u00e4sternorrland","article_publisher":"https:\/\/www.facebook.com\/kdrvn\/","article_published_time":"2014-04-05T08:59:34+00:00","article_modified_time":"2019-11-06T18:43:52+00:00","og_image":[{"url":"http:\/\/wp.kristdemokraterna.se\/vasternorrland\/files\/2014\/04\/emmahenriksson-42-280x300.jpg","type":"","width":"","height":""}],"author":"vasternorrland","twitter_card":"summary_large_image","twitter_misc":{"Skriven av":"vasternorrland","Ber\u00e4knad l\u00e4stid":"2 minuter"},"schema":{"@context":"https:\/\/schema.org","@graph":[{"@type":"Article","@id":"https:\/\/wp.kristdemokraterna.se\/vasternorrland\/kd-kraver-maxtak-for-barngruppernas-storlek-i-forskolorna-emma-henriksson-kd-besokte-vasternorrland\/#article","isPartOf":{"@id":"https:\/\/wp.kristdemokraterna.se\/vasternorrland\/kd-kraver-maxtak-for-barngruppernas-storlek-i-forskolorna-emma-henriksson-kd-besokte-vasternorrland\/"},"author":{"name":"vasternorrland","@id":"https:\/\/wp.kristdemokraterna.se\/vasternorrland\/#\/schema\/person\/3781ad071d5fbd6a1da361a146253f94"},"headline":"KD kr\u00e4ver maxtak f\u00f6r barngruppernas storlek i f\u00f6rskolorna","datePublished":"2014-04-05T08:59:34+00:00","dateModified":"2019-11-06T18:43:52+00:00","mainEntityOfPage":{"@id":"https:\/\/wp.kristdemokraterna.se\/vasternorrland\/kd-kraver-maxtak-for-barngruppernas-storlek-i-forskolorna-emma-henriksson-kd-besokte-vasternorrland\/"},"wordCount":453,"image":{"@id":"https:\/\/wp.kristdemokraterna.se\/vasternorrland\/kd-kraver-maxtak-for-barngruppernas-storlek-i-forskolorna-emma-henriksson-kd-besokte-vasternorrland\/#primaryimage"},"thumbnailUrl":"http:\/\/wp.kristdemokraterna.se\/vasternorrland\/files\/2014\/04\/emmahenriksson-42-280x300.jpg","keywords":["alla inl\u00e4gg","barngrupper","f\u00f6rskola","val 2014"],"articleSection":["Val 2014"],"inLanguage":"sv-SE"},{"@type":"WebPage","@id":"https:\/\/wp.kristdemokraterna.se\/vasternorrland\/kd-kraver-maxtak-for-barngruppernas-storlek-i-forskolorna-emma-henriksson-kd-besokte-vasternorrland\/","url":"https:\/\/wp.kristdemokraterna.se\/vasternorrland\/kd-kraver-maxtak-for-barngruppernas-storlek-i-forskolorna-emma-henriksson-kd-besokte-vasternorrland\/","name":"KD kr\u00e4ver maxtak f\u00f6r barngruppernas storlek i f\u00f6rskolorna | KD V\u00e4sternorrland","isPartOf":{"@id":"https:\/\/wp.kristdemokraterna.se\/vasternorrland\/#website"},"primaryImageOfPage":{"@id":"https:\/\/wp.kristdemokraterna.se\/vasternorrland\/kd-kraver-maxtak-for-barngruppernas-storlek-i-forskolorna-emma-henriksson-kd-besokte-vasternorrland\/#primaryimage"},"image":{"@id":"https:\/\/wp.kristdemokraterna.se\/vasternorrland\/kd-kraver-maxtak-for-barngruppernas-storlek-i-forskolorna-emma-henriksson-kd-besokte-vasternorrland\/#primaryimage"},"thumbnailUrl":"http:\/\/wp.kristdemokraterna.se\/vasternorrland\/files\/2014\/04\/emmahenriksson-42-280x300.jpg","datePublished":"2014-04-05T08:59:34+00:00","dateModified":"2019-11-06T18:43:52+00:00","author":{"@id":"https:\/\/wp.kristdemokraterna.se\/vasternorrland\/#\/schema\/person\/3781ad071d5fbd6a1da361a146253f94"},"breadcrumb":{"@id":"https:\/\/wp.kristdemokraterna.se\/vasternorrland\/kd-kraver-maxtak-for-barngruppernas-storlek-i-forskolorna-emma-henriksson-kd-besokte-vasternorrland\/#breadcrumb"},"inLanguage":"sv-SE","potentialAction":[{"@type":"ReadAction","target":["https:\/\/wp.kristdemokraterna.se\/vasternorrland\/kd-kraver-maxtak-for-barngruppernas-storlek-i-forskolorna-emma-henriksson-kd-besokte-vasternorrland\/"]}]},{"@type":"ImageObject","inLanguage":"sv-SE","@id":"https:\/\/wp.kristdemokraterna.se\/vasternorrland\/kd-kraver-maxtak-for-barngruppernas-storlek-i-forskolorna-emma-henriksson-kd-besokte-vasternorrland\/#primaryimage","url":"https:\/\/wp.kristdemokraterna.se\/vasternorrland\/files\/2014\/04\/emmahenriksson-42.jpg","contentUrl":"https:\/\/wp.kristdemokraterna.se\/vasternorrland\/files\/2014\/04\/emmahenriksson-42.jpg","width":480,"height":513,"caption":"Emma Henriksson (KD) framf\u00f6r riksdagshuset i Stockholm"},{"@type":"BreadcrumbList","@id":"https:\/\/wp.kristdemokraterna.se\/vasternorrland\/kd-kraver-maxtak-for-barngruppernas-storlek-i-forskolorna-emma-henriksson-kd-besokte-vasternorrland\/#breadcrumb","itemListElement":[{"@type":"ListItem","position":1,"name":"Hem","item":"https:\/\/wp.kristdemokraterna.se\/vasternorrland\/"},{"@type":"ListItem","position":2,"name":"KD kr\u00e4ver maxtak f\u00f6r barngruppernas storlek i f\u00f6rskolorna"}]},{"@type":"WebSite","@id":"https:\/\/wp.kristdemokraterna.se\/vasternorrland\/#website","url":"https:\/\/wp.kristdemokraterna.se\/vasternorrland\/","name":"KD V\u00e4sternorrland","description":"V\u00e5rda v\u00e5rden - utveckla prim\u00e4rv\u00e5rden","inLanguage":"sv-SE"},{"@type":"Person","@id":"https:\/\/wp.kristdemokraterna.se\/vasternorrland\/#\/schema\/person\/3781ad071d5fbd6a1da361a146253f94","name":"vasternorrland","image":{"@type":"ImageObject","inLanguage":"sv-SE","@id":"https:\/\/secure.gravatar.com\/avatar\/a8349bd7947007d80ac33c6ecdc7ebe34255acf84e89bbf4196e73439d771999?s=96&r=g","url":"https:\/\/secure.gravatar.com\/avatar\/a8349bd7947007d80ac33c6ecdc7ebe34255acf84e89bbf4196e73439d771999?s=96&r=g","contentUrl":"https:\/\/secure.gravatar.com\/avatar\/a8349bd7947007d80ac33c6ecdc7ebe34255acf84e89bbf4196e73439d771999?s=96&r=g","caption":"vasternorrland"},"sameAs":["http:\/\/www.vasternorrland.kristdemokraterna.se"],"url":"https:\/\/wp.kristdemokraterna.se\/vasternorrland\/author\/vasternorrland\/"}]}},"_links":{"self":[{"href":"https:\/\/wp.kristdemokraterna.se\/vasternorrland\/wp-json\/wp\/v2\/posts\/255","targetHints":{"allow":["GET"]}}],"collection":[{"href":"https:\/\/wp.kristdemokraterna.se\/vasternorrland\/wp-json\/wp\/v2\/posts"}],"about":[{"href":"https:\/\/wp.kristdemokraterna.se\/vasternorrland\/wp-json\/wp\/v2\/types\/post"}],"author":[{"embeddable":true,"href":"https:\/\/wp.kristdemokraterna.se\/vasternorrland\/wp-json\/wp\/v2\/users\/407"}],"replies":[{"embeddable":true,"href":"https:\/\/wp.kristdemokraterna.se\/vasternorrland\/wp-json\/wp\/v2\/comments?post=255"}],"version-history":[{"count":2,"href":"https:\/\/wp.kristdemokraterna.se\/vasternorrland\/wp-json\/wp\/v2\/posts\/255\/revisions"}],"predecessor-version":[{"id":120049,"href":"https:\/\/wp.kristdemokraterna.se\/vasternorrland\/wp-json\/wp\/v2\/posts\/255\/revisions\/120049"}],"wp:attachment":[{"href":"https:\/\/wp.kristdemokraterna.se\/vasternorrland\/wp-json\/wp\/v2\/media?parent=255"}],"wp:term":[{"taxonomy":"category","embeddable":true,"href":"https:\/\/wp.kristdemokraterna.se\/vasternorrland\/wp-json\/wp\/v2\/categories?post=255"},{"taxonomy":"post_tag","embeddable":true,"href":"https:\/\/wp.kristdemokraterna.se\/vasternorrland\/wp-json\/wp\/v2\/tags?post=255"}],"curies":[{"name":"wp","href":"https:\/\/api.w.org\/{rel}","templated":true}]}}