{"id":256280,"date":"2020-02-10T10:36:50","date_gmt":"2020-02-10T09:36:50","guid":{"rendered":"http:\/\/wp.kristdemokraterna.se\/vasternorrland\/?p=256280"},"modified":"2020-02-11T17:38:33","modified_gmt":"2020-02-11T16:38:33","slug":"kd-besokte-ungdomsmottagningen-i-sundsvall","status":"publish","type":"post","link":"https:\/\/wp.kristdemokraterna.se\/vasternorrland\/kd-besokte-ungdomsmottagningen-i-sundsvall\/","title":{"rendered":"KD bes\u00f6kte ungdomsmottagningen i Sundsvall"},"content":{"rendered":"<p>Den 10 februari 2020 bes\u00f6kte Kristdemokraternas regiongrupp Ungdomsmottagningen i Sundsvall .<\/p>\n<p>Fr\u00e5n verksamheten fick vi veta att man inte f\u00e5tt sin budget fr\u00e5n Regionen V\u00e4sternorrland uppr\u00e4knad sedan 2009. Obegripligt och fel anser vi. Ungdomsmottagningarnas verksamhet \u00e4r alldeles f\u00f6r viktig f\u00f6r att behandlas p\u00e5 detta s\u00e4tt.<\/p>\n<p>Vi \u00e4r ocks\u00e5 bekymrade \u00f6ver att Sundsvalls kommun planerar l\u00e4gga ner ungdomsr\u00e5dgivningen. Blir det verkligen sl\u00e5r det undan benen f\u00f6r ungdomsmottagningen i Sundsvall. Lokalerna blir f\u00f6r dyra f\u00f6r den kvarvarande verksamheten och det kommer resultera i f\u00f6rs\u00e4mrad tillg\u00e4nglighet f\u00f6r ungdomar.<\/p>\n<hr \/>\n<p><a href=\"http:\/\/wp.kristdemokraterna.se\/vasternorrland\/var-politik\/politikomraden\/folkhalsa\/\">Folkh\u00e4lsa<\/a> | <a href=\"http:\/\/wp.kristdemokraterna.se\/vasternorrland\/etiketter\/carl-olof-svensson\/\">Carl-Olof Svensson<\/a> \u00b7 <a href=\"http:\/\/wp.kristdemokraterna.se\/vasternorrland\/etiketter\/goran-brorsson\/\">G\u00f6ran Brorsson<\/a> \u00b7 <a href=\"http:\/\/wp.kristdemokraterna.se\/vasternorrland\/etiketter\/henrik-sendelbach\/\">Henrik Sendelbach<\/a> \u00b7 <a href=\"http:\/\/wp.kristdemokraterna.se\/vasternorrland\/etiketter\/joachim-jonsson\/\">Joachim Jonsson<\/a> \u00b7 <a href=\"http:\/\/wp.kristdemokraterna.se\/vasternorrland\/etiketter\/mona-hammarstedt\/\">Mona Hammarstedt<\/a> \u00b7 <a href=\"http:\/\/wp.kristdemokraterna.se\/vasternorrland\/etiketter\/studiebes\u00f6k\/\">studiebes\u00f6k<\/a> \u00b7 <a href=\"http:\/\/wp.kristdemokraterna.se\/vasternorrland\/etiketter\/ungdomsmottagning\/\">ungdomsmottagning<\/a><\/p>\n<hr \/>\n<p><em>Bilden l\u00e4ngst upp: Carl-Olof Svensson, Joachim Jonsson, Mona Hammarstedt, Henrik Sendelbach och G\u00f6ran Brorsson. Foto: Kristdemokraterna V\u00e4sternorrland.<\/em><\/p>\n","protected":false},"excerpt":{"rendered":"<p>Den 10 februari 2020 bes\u00f6kte Kristdemokraternas regiongrupp Ungdomsmottagningen i Sundsvall . Fr\u00e5n verksamheten fick vi veta att man inte f\u00e5tt sin budget fr\u00e5n Regionen V\u00e4sternorrland uppr\u00e4knad sedan 2009. Obegripligt och fel anser vi. Ungdomsmottagningarnas verksamhet \u00e4r alldeles f\u00f6r viktig f\u00f6r att behandlas p\u00e5 detta s\u00e4tt. Vi \u00e4r ocks\u00e5 bekymrade \u00f6ver att Sundsvalls kommun planerar l\u00e4gga <a class=\"read-more-link\" href=\"https:\/\/wp.kristdemokraterna.se\/vasternorrland\/kd-besokte-ungdomsmottagningen-i-sundsvall\/\">Read More<\/a><\/p>\n","protected":false},"author":861,"featured_media":0,"comment_status":"closed","ping_status":"closed","sticky":false,"template":"","format":"standard","meta":{"_acf_changed":false,"footnotes":""},"categories":[105,727],"tags":[543,760,200,454,448,439,16,759,94],"class_list":["post-256280","post","type-post","status-publish","format-standard","hentry","category-folkhalsa","category-nyheter","tag-alla-inlagg","tag-carl-olof-svensson","tag-folkhalsa","tag-goran-brorsson","tag-henrik-sendelbach","tag-joachim-jonsson","tag-mona-hammarstedt","tag-studiebesok","tag-ungdomsmottagning"],"acf":[],"yoast_head":"<!-- This site is optimized with the Yoast SEO plugin v27.5 - https:\/\/yoast.com\/product\/yoast-seo-wordpress\/ -->\n<title>KD bes\u00f6kte ungdomsmottagningen i Sundsvall | KD V\u00e4sternorrland<\/title>\n<meta name=\"robots\" content=\"index, follow, max-snippet:-1, max-image-preview:large, max-video-preview:-1\" \/>\n<link rel=\"canonical\" href=\"https:\/\/wp.kristdemokraterna.se\/vasternorrland\/kd-besokte-ungdomsmottagningen-i-sundsvall\/\" \/>\n<meta property=\"og:locale\" content=\"sv_SE\" \/>\n<meta property=\"og:type\" content=\"article\" \/>\n<meta property=\"og:title\" content=\"KD bes\u00f6kte ungdomsmottagningen i Sundsvall | KD V\u00e4sternorrland\" \/>\n<meta property=\"og:description\" content=\"Den 10 februari 2020 bes\u00f6kte Kristdemokraternas regiongrupp Ungdomsmottagningen i Sundsvall . Fr\u00e5n verksamheten fick vi veta att man inte f\u00e5tt sin budget fr\u00e5n Regionen V\u00e4sternorrland uppr\u00e4knad sedan 2009. Obegripligt och fel anser vi. Ungdomsmottagningarnas verksamhet \u00e4r alldeles f\u00f6r viktig f\u00f6r att behandlas p\u00e5 detta s\u00e4tt. Vi \u00e4r ocks\u00e5 bekymrade \u00f6ver att Sundsvalls kommun planerar l\u00e4gga Read More\" \/>\n<meta property=\"og:url\" content=\"https:\/\/wp.kristdemokraterna.se\/vasternorrland\/kd-besokte-ungdomsmottagningen-i-sundsvall\/\" \/>\n<meta property=\"og:site_name\" content=\"KD V\u00e4sternorrland\" \/>\n<meta property=\"article:publisher\" content=\"https:\/\/www.facebook.com\/kdrvn\/\" \/>\n<meta property=\"article:published_time\" content=\"2020-02-10T09:36:50+00:00\" \/>\n<meta property=\"article:modified_time\" content=\"2020-02-11T16:38:33+00:00\" \/>\n<meta name=\"author\" content=\"sendelbach\" \/>\n<meta name=\"twitter:card\" content=\"summary_large_image\" \/>\n<meta name=\"twitter:label1\" content=\"Skriven av\" \/>\n\t<meta name=\"twitter:data1\" content=\"sendelbach\" \/>\n\t<meta name=\"twitter:label2\" content=\"Ber\u00e4knad l\u00e4stid\" \/>\n\t<meta name=\"twitter:data2\" content=\"1 minut\" \/>\n<script type=\"application\/ld+json\" class=\"yoast-schema-graph\">{\"@context\":\"https:\\\/\\\/schema.org\",\"@graph\":[{\"@type\":\"Article\",\"@id\":\"https:\\\/\\\/wp.kristdemokraterna.se\\\/vasternorrland\\\/kd-besokte-ungdomsmottagningen-i-sundsvall\\\/#article\",\"isPartOf\":{\"@id\":\"https:\\\/\\\/wp.kristdemokraterna.se\\\/vasternorrland\\\/kd-besokte-ungdomsmottagningen-i-sundsvall\\\/\"},\"author\":{\"name\":\"sendelbach\",\"@id\":\"https:\\\/\\\/wp.kristdemokraterna.se\\\/vasternorrland\\\/#\\\/schema\\\/person\\\/c253503d86970574912dff6ec658bf28\"},\"headline\":\"KD bes\u00f6kte ungdomsmottagningen i Sundsvall\",\"datePublished\":\"2020-02-10T09:36:50+00:00\",\"dateModified\":\"2020-02-11T16:38:33+00:00\",\"mainEntityOfPage\":{\"@id\":\"https:\\\/\\\/wp.kristdemokraterna.se\\\/vasternorrland\\\/kd-besokte-ungdomsmottagningen-i-sundsvall\\\/\"},\"wordCount\":142,\"keywords\":[\"alla inl\u00e4gg\",\"Carl-Olof Svensson\",\"folkh\u00e4lsa\",\"G\u00f6ran Brorsson\",\"Henrik Sendelbach\",\"Joachim Jonsson\",\"Mona Hammarstedt\",\"studiebes\u00f6k\",\"ungdomsmottagning\"],\"articleSection\":[\"Folkh\u00e4lsa\",\"Nyheter\"],\"inLanguage\":\"sv-SE\"},{\"@type\":\"WebPage\",\"@id\":\"https:\\\/\\\/wp.kristdemokraterna.se\\\/vasternorrland\\\/kd-besokte-ungdomsmottagningen-i-sundsvall\\\/\",\"url\":\"https:\\\/\\\/wp.kristdemokraterna.se\\\/vasternorrland\\\/kd-besokte-ungdomsmottagningen-i-sundsvall\\\/\",\"name\":\"KD bes\u00f6kte ungdomsmottagningen i Sundsvall | KD V\u00e4sternorrland\",\"isPartOf\":{\"@id\":\"https:\\\/\\\/wp.kristdemokraterna.se\\\/vasternorrland\\\/#website\"},\"datePublished\":\"2020-02-10T09:36:50+00:00\",\"dateModified\":\"2020-02-11T16:38:33+00:00\",\"author\":{\"@id\":\"https:\\\/\\\/wp.kristdemokraterna.se\\\/vasternorrland\\\/#\\\/schema\\\/person\\\/c253503d86970574912dff6ec658bf28\"},\"breadcrumb\":{\"@id\":\"https:\\\/\\\/wp.kristdemokraterna.se\\\/vasternorrland\\\/kd-besokte-ungdomsmottagningen-i-sundsvall\\\/#breadcrumb\"},\"inLanguage\":\"sv-SE\",\"potentialAction\":[{\"@type\":\"ReadAction\",\"target\":[\"https:\\\/\\\/wp.kristdemokraterna.se\\\/vasternorrland\\\/kd-besokte-ungdomsmottagningen-i-sundsvall\\\/\"]}]},{\"@type\":\"BreadcrumbList\",\"@id\":\"https:\\\/\\\/wp.kristdemokraterna.se\\\/vasternorrland\\\/kd-besokte-ungdomsmottagningen-i-sundsvall\\\/#breadcrumb\",\"itemListElement\":[{\"@type\":\"ListItem\",\"position\":1,\"name\":\"Hem\",\"item\":\"https:\\\/\\\/wp.kristdemokraterna.se\\\/vasternorrland\\\/\"},{\"@type\":\"ListItem\",\"position\":2,\"name\":\"KD bes\u00f6kte ungdomsmottagningen i Sundsvall\"}]},{\"@type\":\"WebSite\",\"@id\":\"https:\\\/\\\/wp.kristdemokraterna.se\\\/vasternorrland\\\/#website\",\"url\":\"https:\\\/\\\/wp.kristdemokraterna.se\\\/vasternorrland\\\/\",\"name\":\"KD V\u00e4sternorrland\",\"description\":\"V\u00e5rda v\u00e5rden - utveckla prim\u00e4rv\u00e5rden\",\"inLanguage\":\"sv-SE\"},{\"@type\":\"Person\",\"@id\":\"https:\\\/\\\/wp.kristdemokraterna.se\\\/vasternorrland\\\/#\\\/schema\\\/person\\\/c253503d86970574912dff6ec658bf28\",\"name\":\"sendelbach\",\"image\":{\"@type\":\"ImageObject\",\"inLanguage\":\"sv-SE\",\"@id\":\"https:\\\/\\\/secure.gravatar.com\\\/avatar\\\/0499a666be08fad4eb4333dbfba8681b8ebe23a978ce2e4c44818b2c5e2415b8?s=96&r=g\",\"url\":\"https:\\\/\\\/secure.gravatar.com\\\/avatar\\\/0499a666be08fad4eb4333dbfba8681b8ebe23a978ce2e4c44818b2c5e2415b8?s=96&r=g\",\"contentUrl\":\"https:\\\/\\\/secure.gravatar.com\\\/avatar\\\/0499a666be08fad4eb4333dbfba8681b8ebe23a978ce2e4c44818b2c5e2415b8?s=96&r=g\",\"caption\":\"sendelbach\"},\"url\":\"https:\\\/\\\/wp.kristdemokraterna.se\\\/vasternorrland\\\/author\\\/sendelbach\\\/\"}]}<\/script>\n<!-- \/ Yoast SEO plugin. -->","yoast_head_json":{"title":"KD bes\u00f6kte ungdomsmottagningen i Sundsvall | KD V\u00e4sternorrland","robots":{"index":"index","follow":"follow","max-snippet":"max-snippet:-1","max-image-preview":"max-image-preview:large","max-video-preview":"max-video-preview:-1"},"canonical":"https:\/\/wp.kristdemokraterna.se\/vasternorrland\/kd-besokte-ungdomsmottagningen-i-sundsvall\/","og_locale":"sv_SE","og_type":"article","og_title":"KD bes\u00f6kte ungdomsmottagningen i Sundsvall | KD V\u00e4sternorrland","og_description":"Den 10 februari 2020 bes\u00f6kte Kristdemokraternas regiongrupp Ungdomsmottagningen i Sundsvall . Fr\u00e5n verksamheten fick vi veta att man inte f\u00e5tt sin budget fr\u00e5n Regionen V\u00e4sternorrland uppr\u00e4knad sedan 2009. Obegripligt och fel anser vi. Ungdomsmottagningarnas verksamhet \u00e4r alldeles f\u00f6r viktig f\u00f6r att behandlas p\u00e5 detta s\u00e4tt. Vi \u00e4r ocks\u00e5 bekymrade \u00f6ver att Sundsvalls kommun planerar l\u00e4gga Read More","og_url":"https:\/\/wp.kristdemokraterna.se\/vasternorrland\/kd-besokte-ungdomsmottagningen-i-sundsvall\/","og_site_name":"KD V\u00e4sternorrland","article_publisher":"https:\/\/www.facebook.com\/kdrvn\/","article_published_time":"2020-02-10T09:36:50+00:00","article_modified_time":"2020-02-11T16:38:33+00:00","author":"sendelbach","twitter_card":"summary_large_image","twitter_misc":{"Skriven av":"sendelbach","Ber\u00e4knad l\u00e4stid":"1 minut"},"schema":{"@context":"https:\/\/schema.org","@graph":[{"@type":"Article","@id":"https:\/\/wp.kristdemokraterna.se\/vasternorrland\/kd-besokte-ungdomsmottagningen-i-sundsvall\/#article","isPartOf":{"@id":"https:\/\/wp.kristdemokraterna.se\/vasternorrland\/kd-besokte-ungdomsmottagningen-i-sundsvall\/"},"author":{"name":"sendelbach","@id":"https:\/\/wp.kristdemokraterna.se\/vasternorrland\/#\/schema\/person\/c253503d86970574912dff6ec658bf28"},"headline":"KD bes\u00f6kte ungdomsmottagningen i Sundsvall","datePublished":"2020-02-10T09:36:50+00:00","dateModified":"2020-02-11T16:38:33+00:00","mainEntityOfPage":{"@id":"https:\/\/wp.kristdemokraterna.se\/vasternorrland\/kd-besokte-ungdomsmottagningen-i-sundsvall\/"},"wordCount":142,"keywords":["alla inl\u00e4gg","Carl-Olof Svensson","folkh\u00e4lsa","G\u00f6ran Brorsson","Henrik Sendelbach","Joachim Jonsson","Mona Hammarstedt","studiebes\u00f6k","ungdomsmottagning"],"articleSection":["Folkh\u00e4lsa","Nyheter"],"inLanguage":"sv-SE"},{"@type":"WebPage","@id":"https:\/\/wp.kristdemokraterna.se\/vasternorrland\/kd-besokte-ungdomsmottagningen-i-sundsvall\/","url":"https:\/\/wp.kristdemokraterna.se\/vasternorrland\/kd-besokte-ungdomsmottagningen-i-sundsvall\/","name":"KD bes\u00f6kte ungdomsmottagningen i Sundsvall | KD V\u00e4sternorrland","isPartOf":{"@id":"https:\/\/wp.kristdemokraterna.se\/vasternorrland\/#website"},"datePublished":"2020-02-10T09:36:50+00:00","dateModified":"2020-02-11T16:38:33+00:00","author":{"@id":"https:\/\/wp.kristdemokraterna.se\/vasternorrland\/#\/schema\/person\/c253503d86970574912dff6ec658bf28"},"breadcrumb":{"@id":"https:\/\/wp.kristdemokraterna.se\/vasternorrland\/kd-besokte-ungdomsmottagningen-i-sundsvall\/#breadcrumb"},"inLanguage":"sv-SE","potentialAction":[{"@type":"ReadAction","target":["https:\/\/wp.kristdemokraterna.se\/vasternorrland\/kd-besokte-ungdomsmottagningen-i-sundsvall\/"]}]},{"@type":"BreadcrumbList","@id":"https:\/\/wp.kristdemokraterna.se\/vasternorrland\/kd-besokte-ungdomsmottagningen-i-sundsvall\/#breadcrumb","itemListElement":[{"@type":"ListItem","position":1,"name":"Hem","item":"https:\/\/wp.kristdemokraterna.se\/vasternorrland\/"},{"@type":"ListItem","position":2,"name":"KD bes\u00f6kte ungdomsmottagningen i Sundsvall"}]},{"@type":"WebSite","@id":"https:\/\/wp.kristdemokraterna.se\/vasternorrland\/#website","url":"https:\/\/wp.kristdemokraterna.se\/vasternorrland\/","name":"KD V\u00e4sternorrland","description":"V\u00e5rda v\u00e5rden - utveckla prim\u00e4rv\u00e5rden","inLanguage":"sv-SE"},{"@type":"Person","@id":"https:\/\/wp.kristdemokraterna.se\/vasternorrland\/#\/schema\/person\/c253503d86970574912dff6ec658bf28","name":"sendelbach","image":{"@type":"ImageObject","inLanguage":"sv-SE","@id":"https:\/\/secure.gravatar.com\/avatar\/0499a666be08fad4eb4333dbfba8681b8ebe23a978ce2e4c44818b2c5e2415b8?s=96&r=g","url":"https:\/\/secure.gravatar.com\/avatar\/0499a666be08fad4eb4333dbfba8681b8ebe23a978ce2e4c44818b2c5e2415b8?s=96&r=g","contentUrl":"https:\/\/secure.gravatar.com\/avatar\/0499a666be08fad4eb4333dbfba8681b8ebe23a978ce2e4c44818b2c5e2415b8?s=96&r=g","caption":"sendelbach"},"url":"https:\/\/wp.kristdemokraterna.se\/vasternorrland\/author\/sendelbach\/"}]}},"_links":{"self":[{"href":"https:\/\/wp.kristdemokraterna.se\/vasternorrland\/wp-json\/wp\/v2\/posts\/256280","targetHints":{"allow":["GET"]}}],"collection":[{"href":"https:\/\/wp.kristdemokraterna.se\/vasternorrland\/wp-json\/wp\/v2\/posts"}],"about":[{"href":"https:\/\/wp.kristdemokraterna.se\/vasternorrland\/wp-json\/wp\/v2\/types\/post"}],"author":[{"embeddable":true,"href":"https:\/\/wp.kristdemokraterna.se\/vasternorrland\/wp-json\/wp\/v2\/users\/861"}],"replies":[{"embeddable":true,"href":"https:\/\/wp.kristdemokraterna.se\/vasternorrland\/wp-json\/wp\/v2\/comments?post=256280"}],"version-history":[{"count":5,"href":"https:\/\/wp.kristdemokraterna.se\/vasternorrland\/wp-json\/wp\/v2\/posts\/256280\/revisions"}],"predecessor-version":[{"id":256374,"href":"https:\/\/wp.kristdemokraterna.se\/vasternorrland\/wp-json\/wp\/v2\/posts\/256280\/revisions\/256374"}],"wp:attachment":[{"href":"https:\/\/wp.kristdemokraterna.se\/vasternorrland\/wp-json\/wp\/v2\/media?parent=256280"}],"wp:term":[{"taxonomy":"category","embeddable":true,"href":"https:\/\/wp.kristdemokraterna.se\/vasternorrland\/wp-json\/wp\/v2\/categories?post=256280"},{"taxonomy":"post_tag","embeddable":true,"href":"https:\/\/wp.kristdemokraterna.se\/vasternorrland\/wp-json\/wp\/v2\/tags?post=256280"}],"curies":[{"name":"wp","href":"https:\/\/api.w.org\/{rel}","templated":true}]}}