{"id":256314,"date":"2019-09-23T11:55:12","date_gmt":"2019-09-23T09:55:12","guid":{"rendered":"http:\/\/wp.kristdemokraterna.se\/vasternorrland\/?p=256314"},"modified":"2020-05-25T16:03:56","modified_gmt":"2020-05-25T14:03:56","slug":"kd-och-c-motte-vardforbundet","status":"publish","type":"post","link":"https:\/\/wp.kristdemokraterna.se\/vasternorrland\/kd-och-c-motte-vardforbundet\/","title":{"rendered":"KD m\u00f6tte V\u00e5rdf\u00f6rbundet"},"content":{"rendered":"<p>Den 23 september 2019 bes\u00f6kte Kristdemokraternas och Centerpartiets regiongrupp V\u00e5rdf\u00f6rbundet i Sundsvall. Ett viktigt m\u00f6te d\u00e4r vi fick bland annat fick m\u00f6jlighet att diskutera arbetsmilj\u00f6 och arbetsvillkor f\u00f6r medarbetare i h\u00e4lso- och sjukv\u00e5rden i regionen.<\/p>\n<h2>Stafetter<\/h2>\n<p>F\u00f6rst kom vi att diskutera hyrpersonal. Att hyrpersonal (stafetter) inte f\u00e5r vara bosatta i l\u00e4net l\u00f6ser inte problemet med dessa. Regionen beh\u00f6ver enligt V\u00e5rdf\u00f6rbundets representanter i Sundsvall jobba med arbetsvillkoren, lyssna mer p\u00e5 personalen och f\u00f6rb\u00e4ttra l\u00f6neutvecklingen. Ska man bli en attraktiv arbetsgivare beh\u00f6vs bra arbetsvillkor, arbetscheman och bra l\u00f6ner.<\/p>\n<p>Diskuterades ocks\u00e5 projektet H\u00e5llbar bemanning. Den 1 oktober ska man ha n\u00e5tt en halvering av antalet stafetter och redan den 31 januari 2020 ska man inte ha n\u00e5gra alls. Det kan inte vara m\u00f6jligt.<\/p>\n<h2>Statliga medel<\/h2>\n<p>Fr\u00e5n fackligt h\u00e5ll s\u00e4ger man att man f\u00e5r vara delaktig, men att man inte gillar att det \u00e4r oklart hur m\u00e5nga som f\u00e5r g\u00e5 specialistutbildning n\u00e4sta \u00e5r.<\/p>\n<h2>Betald utbildning med avtal om att jobba kvar<\/h2>\n<p>V\u00e5ra tankar om att skapa betald utbildningen om man lovar att jobba kvar \u00e4r inget som tilltalar facket: &#8221;Slagkontrakt vill vi inte ha&#8221; s\u00e4ger man. Det har aldrig l\u00e4karna haft och d\u00e5 ska inte vi heller ha det.<\/p>\n<h2>Arbetstidsmodellen<\/h2>\n<p>Problem att man inte f\u00e5r rubba po\u00e4ngmodellen. Det f\u00e5r inte vara som idag att man utnyttjar s\u00e5 att man f\u00e5r sjuksk\u00f6terskor\/undersk\u00f6terskor att jobb p\u00e5 helg eller storhelger.<\/p>\n<h2>Kompetensv\u00e4xling<\/h2>\n<p>Idag driver regionen att man ska kompetensv\u00e4xla s\u00e5 att det kan g\u00e5 fr\u00e5n att vara 70% sjuksk\u00f6terskor mot 30% undersk\u00f6terskor till 60% och 40%. Fr\u00e5n fackets sida vill man framh\u00e5lla att undersk\u00f6terskorna har en annan kompetens. Det f\u00e5r inte bli s\u00e5 att man rekryterar eller kompetensv\u00e4xlar f\u00f6r att huvudanledningen \u00e4r brist p\u00e5 sjuksk\u00f6terskor. Det finns statistik som visar p\u00e5 l\u00e4gre v\u00e5rdskador n\u00e4r man har r\u00e4tt kompetens. Och sedan p\u00e5talas att ska undersk\u00f6terskor f\u00e5 ett ut\u00f6kat ansvar ska det synas i l\u00f6nekuvertet.<\/p>\n<p>N\u00e4r vi tar upp fr\u00e5gan om v\u00e5rdn\u00e4ra service, dvs. att arbetsuppgifter som exempelvis f\u00f6rr\u00e5dshantering och transporter av patienter och prover \u00f6verf\u00f6rs till servicepersonal f\u00e5r vi en positiv signal: &#8221;Matbrickor, sopor, tv\u00e4tta s\u00e4ngar, det kan andra g\u00f6ra&#8221;.<\/p>\n<p>Medicinska sekreterare \u00e4r ocks\u00e5 en grupp som saknas mycket av. Man beh\u00f6ver titta p\u00e5 varje verksamhet f\u00f6r att se till vilken typ av v\u00e5rdn\u00e4ra service som beh\u00f6vs.<\/p>\n<h2>Fasta scheman<\/h2>\n<p>M\u00e5nga tycker om tv\u00e4ttstugescheman d\u00e4r personalen sj\u00e4lv f\u00e5r v\u00e4lja. V\u00e5rdf\u00f6rbundet s\u00e4ger d\u00e4remot att fasta scheman \u00e4r att f\u00f6redra d\u00e5 man ibland har tv\u00e4ttat schemat s\u00e5 m\u00e5nga g\u00e5nger att personalen till slut inte f\u00e5r som de vill. Chefen och verksamheten ska styra hur m\u00e5nga som ska jobba under dygnet och man m\u00e5ste blanda erfarna med nyf\u00e4rdiga.<\/p>\n<h2>L\u00e4nskliniker<\/h2>\n<p>V\u00e5rdf\u00f6rbundet vill i beh\u00e5lla den organisation man har idag \u00e4ven om man ser att det finns f\u00f6rb\u00e4ttringsomr\u00e5den. Man tycker man ska jobba med den organisationsmodell man har idag och s\u00e4ger att man orkar inte \u00e4nnu en f\u00f6r\u00e4ndring. Det \u00e4r inte organisationen i sig som inte fungerat utan ledarskapet, n\u00e5got vi helt inst\u00e4mmer i.<\/p>\n<h2>Brist p\u00e5 sjuksk\u00f6terskor<\/h2>\n<p>V\u00e5rdf\u00f6rbundet i Sundsvall menar att det inte \u00e4r n\u00e5gon brist p\u00e5 sjuksk\u00f6terskor utan att det \u00e4r m\u00e5nga som valt att byta yrke.<\/p>\n<hr \/>\n<p><a href=\"http:\/\/wp.kristdemokraterna.se\/vasternorrland\/var-politik\/politikomraden\/ledning-styrning\/\">Ledning\/styrning<\/a>\u00a0\u00b7 <a href=\"http:\/\/wp.kristdemokraterna.se\/vasternorrland\/var-politik\/politikomraden\/personal\/\">Personal<\/a>\u00a0\u00b7 <a href=\"http:\/\/wp.kristdemokraterna.se\/vasternorrland\/var-politik\/politikomraden\/utbildning\/\">Utbildning<\/a> | <a href=\"http:\/\/wp.kristdemokraterna.se\/vasternorrland\/etiketter\/arbetsschema\/\">arbetsschema<\/a>\u00a0\u00b7 <a href=\"http:\/\/wp.kristdemokraterna.se\/vasternorrland\/etiketter\/arbetsmiljo\/\">arbetsmilj\u00f6<\/a>\u00a0\u00b7 <a href=\"http:\/\/wp.kristdemokraterna.se\/vasternorrland\/etiketter\/arbetsvillkor\/\">arbetsvillkor<\/a>\u00a0\u00b7 <a href=\"http:\/\/wp.kristdemokraterna.se\/vasternorrland\/etiketter\/bemanning\/\">bemanning<\/a>\u00a0\u00b7 <a href=\"http:\/\/wp.kristdemokraterna.se\/vasternorrland\/etiketter\/loneutveckling\/\">kompetensutveckling<\/a>\u00a0\u00b7 <a href=\"http:\/\/wp.kristdemokraterna.se\/vasternorrland\/etiketter\/l\u00e4nsklinik\/\">l\u00e4nsklinik<\/a>\u00a0\u00b7 <a href=\"http:\/\/wp.kristdemokraterna.se\/vasternorrland\/etiketter\/loneutveckling\/\">l\u00f6neutveckling<\/a>\u00a0\u00b7 <a href=\"http:\/\/wp.kristdemokraterna.se\/vasternorrland\/etiketter\/omorganisation\/\">omorganisation<\/a>\u00a0\u00b7 <a href=\"http:\/\/wp.kristdemokraterna.se\/vasternorrland\/etiketter\/vardnara-service\/\">v\u00e5rdn\u00e4ra service<\/a><\/p>\n","protected":false},"excerpt":{"rendered":"<p>Den 23 september 2019 bes\u00f6kte Kristdemokraternas och Centerpartiets regiongrupp V\u00e5rdf\u00f6rbundet i Sundsvall. Ett viktigt m\u00f6te d\u00e4r vi fick bland annat fick m\u00f6jlighet att diskutera arbetsmilj\u00f6 och arbetsvillkor f\u00f6r medarbetare i h\u00e4lso- och sjukv\u00e5rden i regionen. Stafetter F\u00f6rst kom vi att diskutera hyrpersonal. Att hyrpersonal (stafetter) inte f\u00e5r vara bosatta i l\u00e4net l\u00f6ser inte problemet med <a class=\"read-more-link\" href=\"https:\/\/wp.kristdemokraterna.se\/vasternorrland\/kd-och-c-motte-vardforbundet\/\">Read More<\/a><\/p>\n","protected":false},"author":861,"featured_media":0,"comment_status":"closed","ping_status":"closed","sticky":false,"template":"","format":"standard","meta":{"_acf_changed":false,"footnotes":""},"categories":[819,823,824,821,787,727,110,107],"tags":[543,732,850,218,220,139,799,849,783,98,115,172],"class_list":["post-256314","post","type-post","status-publish","format-standard","hentry","category-arbetsmiljo","category-arbetsvillkor","category-bemanning","category-kompetens","category-ledning-styrning","category-nyheter","category-personal","category-utbildning","tag-alla-inlagg","tag-arbetsmiljo","tag-arbetsschema","tag-arbetsvillkor","tag-kompetensvaxling","tag-lansklinik","tag-ledning-styrning","tag-loneutveckling","tag-omorganisation","tag-personal","tag-utbildning","tag-vardnara-service"],"acf":[],"yoast_head":"<!-- This site is optimized with the Yoast SEO plugin v27.4 - https:\/\/yoast.com\/product\/yoast-seo-wordpress\/ -->\n<title>KD m\u00f6tte V\u00e5rdf\u00f6rbundet | KD V\u00e4sternorrland<\/title>\n<meta name=\"robots\" content=\"index, follow, max-snippet:-1, max-image-preview:large, max-video-preview:-1\" \/>\n<link rel=\"canonical\" href=\"https:\/\/wp.kristdemokraterna.se\/vasternorrland\/kd-och-c-motte-vardforbundet\/\" \/>\n<meta property=\"og:locale\" content=\"sv_SE\" \/>\n<meta property=\"og:type\" content=\"article\" \/>\n<meta property=\"og:title\" content=\"KD m\u00f6tte V\u00e5rdf\u00f6rbundet | KD V\u00e4sternorrland\" \/>\n<meta property=\"og:description\" content=\"Den 23 september 2019 bes\u00f6kte Kristdemokraternas och Centerpartiets regiongrupp V\u00e5rdf\u00f6rbundet i Sundsvall. Ett viktigt m\u00f6te d\u00e4r vi fick bland annat fick m\u00f6jlighet att diskutera arbetsmilj\u00f6 och arbetsvillkor f\u00f6r medarbetare i h\u00e4lso- och sjukv\u00e5rden i regionen. Stafetter F\u00f6rst kom vi att diskutera hyrpersonal. Att hyrpersonal (stafetter) inte f\u00e5r vara bosatta i l\u00e4net l\u00f6ser inte problemet med Read More\" \/>\n<meta property=\"og:url\" content=\"https:\/\/wp.kristdemokraterna.se\/vasternorrland\/kd-och-c-motte-vardforbundet\/\" \/>\n<meta property=\"og:site_name\" content=\"KD V\u00e4sternorrland\" \/>\n<meta property=\"article:publisher\" content=\"https:\/\/www.facebook.com\/kdrvn\/\" \/>\n<meta property=\"article:published_time\" content=\"2019-09-23T09:55:12+00:00\" \/>\n<meta property=\"article:modified_time\" content=\"2020-05-25T14:03:56+00:00\" \/>\n<meta name=\"author\" content=\"sendelbach\" \/>\n<meta name=\"twitter:card\" content=\"summary_large_image\" \/>\n<meta name=\"twitter:label1\" content=\"Skriven av\" \/>\n\t<meta name=\"twitter:data1\" content=\"sendelbach\" \/>\n\t<meta name=\"twitter:label2\" content=\"Ber\u00e4knad l\u00e4stid\" \/>\n\t<meta name=\"twitter:data2\" content=\"3 minuter\" \/>\n<script type=\"application\/ld+json\" class=\"yoast-schema-graph\">{\"@context\":\"https:\\\/\\\/schema.org\",\"@graph\":[{\"@type\":\"Article\",\"@id\":\"https:\\\/\\\/wp.kristdemokraterna.se\\\/vasternorrland\\\/kd-och-c-motte-vardforbundet\\\/#article\",\"isPartOf\":{\"@id\":\"https:\\\/\\\/wp.kristdemokraterna.se\\\/vasternorrland\\\/kd-och-c-motte-vardforbundet\\\/\"},\"author\":{\"name\":\"sendelbach\",\"@id\":\"https:\\\/\\\/wp.kristdemokraterna.se\\\/vasternorrland\\\/#\\\/schema\\\/person\\\/c253503d86970574912dff6ec658bf28\"},\"headline\":\"KD m\u00f6tte V\u00e5rdf\u00f6rbundet\",\"datePublished\":\"2019-09-23T09:55:12+00:00\",\"dateModified\":\"2020-05-25T14:03:56+00:00\",\"mainEntityOfPage\":{\"@id\":\"https:\\\/\\\/wp.kristdemokraterna.se\\\/vasternorrland\\\/kd-och-c-motte-vardforbundet\\\/\"},\"wordCount\":633,\"keywords\":[\"alla inl\u00e4gg\",\"arbetsmilj\u00f6\",\"arbetsschema\",\"arbetsvillkor\",\"kompetensv\u00e4xling\",\"l\u00e4nsklinik\",\"ledning\\\/styrning\",\"l\u00f6neutveckling\",\"omorganisation\",\"personal\",\"utbildning\",\"v\u00e5rdn\u00e4ra service\"],\"articleSection\":[\"Arbetsmilj\u00f6\",\"Arbetsvillkor\",\"Bemanning\",\"Kompetens\",\"Ledning\\\/styrning\",\"Nyheter\",\"Personal\",\"Utbildning\"],\"inLanguage\":\"sv-SE\"},{\"@type\":\"WebPage\",\"@id\":\"https:\\\/\\\/wp.kristdemokraterna.se\\\/vasternorrland\\\/kd-och-c-motte-vardforbundet\\\/\",\"url\":\"https:\\\/\\\/wp.kristdemokraterna.se\\\/vasternorrland\\\/kd-och-c-motte-vardforbundet\\\/\",\"name\":\"KD m\u00f6tte V\u00e5rdf\u00f6rbundet | KD V\u00e4sternorrland\",\"isPartOf\":{\"@id\":\"https:\\\/\\\/wp.kristdemokraterna.se\\\/vasternorrland\\\/#website\"},\"datePublished\":\"2019-09-23T09:55:12+00:00\",\"dateModified\":\"2020-05-25T14:03:56+00:00\",\"author\":{\"@id\":\"https:\\\/\\\/wp.kristdemokraterna.se\\\/vasternorrland\\\/#\\\/schema\\\/person\\\/c253503d86970574912dff6ec658bf28\"},\"breadcrumb\":{\"@id\":\"https:\\\/\\\/wp.kristdemokraterna.se\\\/vasternorrland\\\/kd-och-c-motte-vardforbundet\\\/#breadcrumb\"},\"inLanguage\":\"sv-SE\",\"potentialAction\":[{\"@type\":\"ReadAction\",\"target\":[\"https:\\\/\\\/wp.kristdemokraterna.se\\\/vasternorrland\\\/kd-och-c-motte-vardforbundet\\\/\"]}]},{\"@type\":\"BreadcrumbList\",\"@id\":\"https:\\\/\\\/wp.kristdemokraterna.se\\\/vasternorrland\\\/kd-och-c-motte-vardforbundet\\\/#breadcrumb\",\"itemListElement\":[{\"@type\":\"ListItem\",\"position\":1,\"name\":\"Hem\",\"item\":\"https:\\\/\\\/wp.kristdemokraterna.se\\\/vasternorrland\\\/\"},{\"@type\":\"ListItem\",\"position\":2,\"name\":\"KD m\u00f6tte V\u00e5rdf\u00f6rbundet\"}]},{\"@type\":\"WebSite\",\"@id\":\"https:\\\/\\\/wp.kristdemokraterna.se\\\/vasternorrland\\\/#website\",\"url\":\"https:\\\/\\\/wp.kristdemokraterna.se\\\/vasternorrland\\\/\",\"name\":\"KD V\u00e4sternorrland\",\"description\":\"V\u00e5rda v\u00e5rden - utveckla prim\u00e4rv\u00e5rden\",\"inLanguage\":\"sv-SE\"},{\"@type\":\"Person\",\"@id\":\"https:\\\/\\\/wp.kristdemokraterna.se\\\/vasternorrland\\\/#\\\/schema\\\/person\\\/c253503d86970574912dff6ec658bf28\",\"name\":\"sendelbach\",\"image\":{\"@type\":\"ImageObject\",\"inLanguage\":\"sv-SE\",\"@id\":\"https:\\\/\\\/secure.gravatar.com\\\/avatar\\\/0499a666be08fad4eb4333dbfba8681b8ebe23a978ce2e4c44818b2c5e2415b8?s=96&r=g\",\"url\":\"https:\\\/\\\/secure.gravatar.com\\\/avatar\\\/0499a666be08fad4eb4333dbfba8681b8ebe23a978ce2e4c44818b2c5e2415b8?s=96&r=g\",\"contentUrl\":\"https:\\\/\\\/secure.gravatar.com\\\/avatar\\\/0499a666be08fad4eb4333dbfba8681b8ebe23a978ce2e4c44818b2c5e2415b8?s=96&r=g\",\"caption\":\"sendelbach\"},\"url\":\"https:\\\/\\\/wp.kristdemokraterna.se\\\/vasternorrland\\\/author\\\/sendelbach\\\/\"}]}<\/script>\n<!-- \/ Yoast SEO plugin. -->","yoast_head_json":{"title":"KD m\u00f6tte V\u00e5rdf\u00f6rbundet | KD V\u00e4sternorrland","robots":{"index":"index","follow":"follow","max-snippet":"max-snippet:-1","max-image-preview":"max-image-preview:large","max-video-preview":"max-video-preview:-1"},"canonical":"https:\/\/wp.kristdemokraterna.se\/vasternorrland\/kd-och-c-motte-vardforbundet\/","og_locale":"sv_SE","og_type":"article","og_title":"KD m\u00f6tte V\u00e5rdf\u00f6rbundet | KD V\u00e4sternorrland","og_description":"Den 23 september 2019 bes\u00f6kte Kristdemokraternas och Centerpartiets regiongrupp V\u00e5rdf\u00f6rbundet i Sundsvall. Ett viktigt m\u00f6te d\u00e4r vi fick bland annat fick m\u00f6jlighet att diskutera arbetsmilj\u00f6 och arbetsvillkor f\u00f6r medarbetare i h\u00e4lso- och sjukv\u00e5rden i regionen. Stafetter F\u00f6rst kom vi att diskutera hyrpersonal. Att hyrpersonal (stafetter) inte f\u00e5r vara bosatta i l\u00e4net l\u00f6ser inte problemet med Read More","og_url":"https:\/\/wp.kristdemokraterna.se\/vasternorrland\/kd-och-c-motte-vardforbundet\/","og_site_name":"KD V\u00e4sternorrland","article_publisher":"https:\/\/www.facebook.com\/kdrvn\/","article_published_time":"2019-09-23T09:55:12+00:00","article_modified_time":"2020-05-25T14:03:56+00:00","author":"sendelbach","twitter_card":"summary_large_image","twitter_misc":{"Skriven av":"sendelbach","Ber\u00e4knad l\u00e4stid":"3 minuter"},"schema":{"@context":"https:\/\/schema.org","@graph":[{"@type":"Article","@id":"https:\/\/wp.kristdemokraterna.se\/vasternorrland\/kd-och-c-motte-vardforbundet\/#article","isPartOf":{"@id":"https:\/\/wp.kristdemokraterna.se\/vasternorrland\/kd-och-c-motte-vardforbundet\/"},"author":{"name":"sendelbach","@id":"https:\/\/wp.kristdemokraterna.se\/vasternorrland\/#\/schema\/person\/c253503d86970574912dff6ec658bf28"},"headline":"KD m\u00f6tte V\u00e5rdf\u00f6rbundet","datePublished":"2019-09-23T09:55:12+00:00","dateModified":"2020-05-25T14:03:56+00:00","mainEntityOfPage":{"@id":"https:\/\/wp.kristdemokraterna.se\/vasternorrland\/kd-och-c-motte-vardforbundet\/"},"wordCount":633,"keywords":["alla inl\u00e4gg","arbetsmilj\u00f6","arbetsschema","arbetsvillkor","kompetensv\u00e4xling","l\u00e4nsklinik","ledning\/styrning","l\u00f6neutveckling","omorganisation","personal","utbildning","v\u00e5rdn\u00e4ra service"],"articleSection":["Arbetsmilj\u00f6","Arbetsvillkor","Bemanning","Kompetens","Ledning\/styrning","Nyheter","Personal","Utbildning"],"inLanguage":"sv-SE"},{"@type":"WebPage","@id":"https:\/\/wp.kristdemokraterna.se\/vasternorrland\/kd-och-c-motte-vardforbundet\/","url":"https:\/\/wp.kristdemokraterna.se\/vasternorrland\/kd-och-c-motte-vardforbundet\/","name":"KD m\u00f6tte V\u00e5rdf\u00f6rbundet | KD V\u00e4sternorrland","isPartOf":{"@id":"https:\/\/wp.kristdemokraterna.se\/vasternorrland\/#website"},"datePublished":"2019-09-23T09:55:12+00:00","dateModified":"2020-05-25T14:03:56+00:00","author":{"@id":"https:\/\/wp.kristdemokraterna.se\/vasternorrland\/#\/schema\/person\/c253503d86970574912dff6ec658bf28"},"breadcrumb":{"@id":"https:\/\/wp.kristdemokraterna.se\/vasternorrland\/kd-och-c-motte-vardforbundet\/#breadcrumb"},"inLanguage":"sv-SE","potentialAction":[{"@type":"ReadAction","target":["https:\/\/wp.kristdemokraterna.se\/vasternorrland\/kd-och-c-motte-vardforbundet\/"]}]},{"@type":"BreadcrumbList","@id":"https:\/\/wp.kristdemokraterna.se\/vasternorrland\/kd-och-c-motte-vardforbundet\/#breadcrumb","itemListElement":[{"@type":"ListItem","position":1,"name":"Hem","item":"https:\/\/wp.kristdemokraterna.se\/vasternorrland\/"},{"@type":"ListItem","position":2,"name":"KD m\u00f6tte V\u00e5rdf\u00f6rbundet"}]},{"@type":"WebSite","@id":"https:\/\/wp.kristdemokraterna.se\/vasternorrland\/#website","url":"https:\/\/wp.kristdemokraterna.se\/vasternorrland\/","name":"KD V\u00e4sternorrland","description":"V\u00e5rda v\u00e5rden - utveckla prim\u00e4rv\u00e5rden","inLanguage":"sv-SE"},{"@type":"Person","@id":"https:\/\/wp.kristdemokraterna.se\/vasternorrland\/#\/schema\/person\/c253503d86970574912dff6ec658bf28","name":"sendelbach","image":{"@type":"ImageObject","inLanguage":"sv-SE","@id":"https:\/\/secure.gravatar.com\/avatar\/0499a666be08fad4eb4333dbfba8681b8ebe23a978ce2e4c44818b2c5e2415b8?s=96&r=g","url":"https:\/\/secure.gravatar.com\/avatar\/0499a666be08fad4eb4333dbfba8681b8ebe23a978ce2e4c44818b2c5e2415b8?s=96&r=g","contentUrl":"https:\/\/secure.gravatar.com\/avatar\/0499a666be08fad4eb4333dbfba8681b8ebe23a978ce2e4c44818b2c5e2415b8?s=96&r=g","caption":"sendelbach"},"url":"https:\/\/wp.kristdemokraterna.se\/vasternorrland\/author\/sendelbach\/"}]}},"_links":{"self":[{"href":"https:\/\/wp.kristdemokraterna.se\/vasternorrland\/wp-json\/wp\/v2\/posts\/256314","targetHints":{"allow":["GET"]}}],"collection":[{"href":"https:\/\/wp.kristdemokraterna.se\/vasternorrland\/wp-json\/wp\/v2\/posts"}],"about":[{"href":"https:\/\/wp.kristdemokraterna.se\/vasternorrland\/wp-json\/wp\/v2\/types\/post"}],"author":[{"embeddable":true,"href":"https:\/\/wp.kristdemokraterna.se\/vasternorrland\/wp-json\/wp\/v2\/users\/861"}],"replies":[{"embeddable":true,"href":"https:\/\/wp.kristdemokraterna.se\/vasternorrland\/wp-json\/wp\/v2\/comments?post=256314"}],"version-history":[{"count":3,"href":"https:\/\/wp.kristdemokraterna.se\/vasternorrland\/wp-json\/wp\/v2\/posts\/256314\/revisions"}],"predecessor-version":[{"id":281898,"href":"https:\/\/wp.kristdemokraterna.se\/vasternorrland\/wp-json\/wp\/v2\/posts\/256314\/revisions\/281898"}],"wp:attachment":[{"href":"https:\/\/wp.kristdemokraterna.se\/vasternorrland\/wp-json\/wp\/v2\/media?parent=256314"}],"wp:term":[{"taxonomy":"category","embeddable":true,"href":"https:\/\/wp.kristdemokraterna.se\/vasternorrland\/wp-json\/wp\/v2\/categories?post=256314"},{"taxonomy":"post_tag","embeddable":true,"href":"https:\/\/wp.kristdemokraterna.se\/vasternorrland\/wp-json\/wp\/v2\/tags?post=256314"}],"curies":[{"name":"wp","href":"https:\/\/api.w.org\/{rel}","templated":true}]}}