{"id":261299,"date":"1986-11-26T17:59:13","date_gmt":"1986-11-26T16:59:13","guid":{"rendered":"http:\/\/wp.kristdemokraterna.se\/vasternorrland\/?p=261299"},"modified":"2020-03-02T18:06:25","modified_gmt":"2020-03-02T17:06:25","slug":"svar-pa-motion-om-alkoholfri-representation","status":"publish","type":"post","link":"https:\/\/wp.kristdemokraterna.se\/vasternorrland\/svar-pa-motion-om-alkoholfri-representation\/","title":{"rendered":"Svar p\u00e5 motion om alkoholfri representation"},"content":{"rendered":"<h2>F\u00f6rvaltningsutskottets yttrande<\/h2>\n<p>I <a href=\"http:\/\/wp.kristdemokraterna.se\/vasternorrland\/motion-alkoholfri-representation-i-landstinget\/\">motionen<\/a> f\u00f6resl\u00e5s att all representation inom landstinget skall vara alkoholfri.<\/p>\n<p>Landstingets praxis \u00e4r i dag representation med l\u00e4tt\u00f6l eller vin. I mera officiella sammanhang, t ex vid utl\u00e4ndska bes\u00f6k, best\u00e4mmer f\u00f6rvaltningsutskottets arbetsutskott fr\u00e5n fall till fall om annan representation skall f\u00f6rekomma.<\/p>\n<p>Landstinget intar s\u00e5ledes en restriktiv h\u00e5llning. Det \u00e4r missbruket och \u00f6verkonsumtionen som b\u00f6r \u00e4gnas den st\u00f6rsta uppm\u00e4rksamheten i folkh\u00e4lsoarbetet.<\/p>\n<p>En sundare livsf\u00f6ring inneb\u00e4r ocks\u00e5 som framh\u00e5lls i motionen f\u00f6r\u00e4ndrade kostvanor, minskad tobakskonsumtion och \u00f6kad fysisk aktivitet.<\/p>\n<p>Allt detta kr\u00e4ver upplysning och information f\u00f6r att d\u00e4rmed kunna motivera den enskilda m\u00e4nniskan. Motivationen \u00e4r en f\u00f6ruts\u00e4ttning f\u00f6r ett framg\u00e5ngsrikt arbete.<\/p>\n<p>Ett beslut om alkoholfri representation kan ha ett symboliskt v\u00e4rde men knappast bidra till att f\u00f6ra alkoholfr\u00e5gan fram\u00e5t.<\/p>\n<p>Utskottet anser det dock motiverat att nuvarande regler f\u00f6r vinrepresentation upph\u00f6r men att f\u00f6rvaltningsutskottets arbetsutskott i likhet med tidigare f\u00e5r bed\u00f6ma om annan representation skall f\u00f6rekomma i samband med utl\u00e4ndska bes\u00f6k.<\/p>\n<p>F\u00f6rvaltningsutskottet hemst\u00e4ller att landstinget beslutar<\/p>\n<ul>\n<li><b><u>att<\/u><\/b> \u00e4ndra landstingets representationsregler i \u00f6verensst\u00e4mmelse med vad som ovan anf\u00f6rts; samt<\/li>\n<li><b><u>att<\/u><\/b> motionen d\u00e4rmed anses besvarad.<\/li>\n<\/ul>\n<hr \/>\n<p><a href=\"http:\/\/wp.kristdemokraterna.se\/vasternorrland\/var-politik\/politikomraden\/folkhalsa\/\">Folkh\u00e4lsa<\/a> | <a href=\"http:\/\/wp.kristdemokraterna.se\/vasternorrland\/etiketter\/alkohol\/\">alkohol<\/a> \u00b7 <a href=\"http:\/\/wp.kristdemokraterna.se\/vasternorrland\/etiketter\/motionssvar\/\">motionssvar<\/a> \u00b7 <a href=\"http:\/\/wp.kristdemokraterna.se\/vasternorrland\/etiketter\/representation\/\">representation<\/a><\/p>\n","protected":false},"excerpt":{"rendered":"<p>F\u00f6rvaltningsutskottets yttrande I motionen f\u00f6resl\u00e5s att all representation inom landstinget skall vara alkoholfri. Landstingets praxis \u00e4r i dag representation med l\u00e4tt\u00f6l eller vin. I mera officiella sammanhang, t ex vid utl\u00e4ndska bes\u00f6k, best\u00e4mmer f\u00f6rvaltningsutskottets arbetsutskott fr\u00e5n fall till fall om annan representation skall f\u00f6rekomma. Landstinget intar s\u00e5ledes en restriktiv h\u00e5llning. Det \u00e4r missbruket och \u00f6verkonsumtionen <a class=\"read-more-link\" href=\"https:\/\/wp.kristdemokraterna.se\/vasternorrland\/svar-pa-motion-om-alkoholfri-representation\/\">Read More<\/a><\/p>\n","protected":false},"author":861,"featured_media":0,"comment_status":"closed","ping_status":"closed","sticky":false,"template":"","format":"standard","meta":{"_acf_changed":false,"footnotes":""},"categories":[105,727],"tags":[279,543,200,344,305],"class_list":["post-261299","post","type-post","status-publish","format-standard","hentry","category-folkhalsa","category-nyheter","tag-alkohol","tag-alla-inlagg","tag-folkhalsa","tag-motionssvar","tag-representation"],"acf":[],"yoast_head":"<!-- This site is optimized with the Yoast SEO plugin v27.5 - https:\/\/yoast.com\/product\/yoast-seo-wordpress\/ -->\n<title>Svar p\u00e5 motion om alkoholfri representation | KD V\u00e4sternorrland<\/title>\n<meta name=\"robots\" content=\"index, follow, max-snippet:-1, max-image-preview:large, max-video-preview:-1\" \/>\n<link rel=\"canonical\" href=\"https:\/\/wp.kristdemokraterna.se\/vasternorrland\/svar-pa-motion-om-alkoholfri-representation\/\" \/>\n<meta property=\"og:locale\" content=\"sv_SE\" \/>\n<meta property=\"og:type\" content=\"article\" \/>\n<meta property=\"og:title\" content=\"Svar p\u00e5 motion om alkoholfri representation | KD V\u00e4sternorrland\" \/>\n<meta property=\"og:description\" content=\"F\u00f6rvaltningsutskottets yttrande I motionen f\u00f6resl\u00e5s att all representation inom landstinget skall vara alkoholfri. Landstingets praxis \u00e4r i dag representation med l\u00e4tt\u00f6l eller vin. I mera officiella sammanhang, t ex vid utl\u00e4ndska bes\u00f6k, best\u00e4mmer f\u00f6rvaltningsutskottets arbetsutskott fr\u00e5n fall till fall om annan representation skall f\u00f6rekomma. Landstinget intar s\u00e5ledes en restriktiv h\u00e5llning. Det \u00e4r missbruket och \u00f6verkonsumtionen Read More\" \/>\n<meta property=\"og:url\" content=\"https:\/\/wp.kristdemokraterna.se\/vasternorrland\/svar-pa-motion-om-alkoholfri-representation\/\" \/>\n<meta property=\"og:site_name\" content=\"KD V\u00e4sternorrland\" \/>\n<meta property=\"article:publisher\" content=\"https:\/\/www.facebook.com\/kdrvn\/\" \/>\n<meta property=\"article:published_time\" content=\"1986-11-26T16:59:13+00:00\" \/>\n<meta property=\"article:modified_time\" content=\"2020-03-02T17:06:25+00:00\" \/>\n<meta name=\"author\" content=\"sendelbach\" \/>\n<meta name=\"twitter:card\" content=\"summary_large_image\" \/>\n<meta name=\"twitter:label1\" content=\"Skriven av\" \/>\n\t<meta name=\"twitter:data1\" content=\"sendelbach\" \/>\n\t<meta name=\"twitter:label2\" content=\"Ber\u00e4knad l\u00e4stid\" \/>\n\t<meta name=\"twitter:data2\" content=\"1 minut\" \/>\n<script type=\"application\/ld+json\" class=\"yoast-schema-graph\">{\"@context\":\"https:\\\/\\\/schema.org\",\"@graph\":[{\"@type\":\"Article\",\"@id\":\"https:\\\/\\\/wp.kristdemokraterna.se\\\/vasternorrland\\\/svar-pa-motion-om-alkoholfri-representation\\\/#article\",\"isPartOf\":{\"@id\":\"https:\\\/\\\/wp.kristdemokraterna.se\\\/vasternorrland\\\/svar-pa-motion-om-alkoholfri-representation\\\/\"},\"author\":{\"name\":\"sendelbach\",\"@id\":\"https:\\\/\\\/wp.kristdemokraterna.se\\\/vasternorrland\\\/#\\\/schema\\\/person\\\/c253503d86970574912dff6ec658bf28\"},\"headline\":\"Svar p\u00e5 motion om alkoholfri representation\",\"datePublished\":\"1986-11-26T16:59:13+00:00\",\"dateModified\":\"2020-03-02T17:06:25+00:00\",\"mainEntityOfPage\":{\"@id\":\"https:\\\/\\\/wp.kristdemokraterna.se\\\/vasternorrland\\\/svar-pa-motion-om-alkoholfri-representation\\\/\"},\"wordCount\":231,\"keywords\":[\"alkohol\",\"alla inl\u00e4gg\",\"folkh\u00e4lsa\",\"motionssvar\",\"representation\"],\"articleSection\":[\"Folkh\u00e4lsa\",\"Nyheter\"],\"inLanguage\":\"sv-SE\"},{\"@type\":\"WebPage\",\"@id\":\"https:\\\/\\\/wp.kristdemokraterna.se\\\/vasternorrland\\\/svar-pa-motion-om-alkoholfri-representation\\\/\",\"url\":\"https:\\\/\\\/wp.kristdemokraterna.se\\\/vasternorrland\\\/svar-pa-motion-om-alkoholfri-representation\\\/\",\"name\":\"Svar p\u00e5 motion om alkoholfri representation | KD V\u00e4sternorrland\",\"isPartOf\":{\"@id\":\"https:\\\/\\\/wp.kristdemokraterna.se\\\/vasternorrland\\\/#website\"},\"datePublished\":\"1986-11-26T16:59:13+00:00\",\"dateModified\":\"2020-03-02T17:06:25+00:00\",\"author\":{\"@id\":\"https:\\\/\\\/wp.kristdemokraterna.se\\\/vasternorrland\\\/#\\\/schema\\\/person\\\/c253503d86970574912dff6ec658bf28\"},\"breadcrumb\":{\"@id\":\"https:\\\/\\\/wp.kristdemokraterna.se\\\/vasternorrland\\\/svar-pa-motion-om-alkoholfri-representation\\\/#breadcrumb\"},\"inLanguage\":\"sv-SE\",\"potentialAction\":[{\"@type\":\"ReadAction\",\"target\":[\"https:\\\/\\\/wp.kristdemokraterna.se\\\/vasternorrland\\\/svar-pa-motion-om-alkoholfri-representation\\\/\"]}]},{\"@type\":\"BreadcrumbList\",\"@id\":\"https:\\\/\\\/wp.kristdemokraterna.se\\\/vasternorrland\\\/svar-pa-motion-om-alkoholfri-representation\\\/#breadcrumb\",\"itemListElement\":[{\"@type\":\"ListItem\",\"position\":1,\"name\":\"Hem\",\"item\":\"https:\\\/\\\/wp.kristdemokraterna.se\\\/vasternorrland\\\/\"},{\"@type\":\"ListItem\",\"position\":2,\"name\":\"Svar p\u00e5 motion om alkoholfri representation\"}]},{\"@type\":\"WebSite\",\"@id\":\"https:\\\/\\\/wp.kristdemokraterna.se\\\/vasternorrland\\\/#website\",\"url\":\"https:\\\/\\\/wp.kristdemokraterna.se\\\/vasternorrland\\\/\",\"name\":\"KD V\u00e4sternorrland\",\"description\":\"V\u00e5rda v\u00e5rden - utveckla prim\u00e4rv\u00e5rden\",\"inLanguage\":\"sv-SE\"},{\"@type\":\"Person\",\"@id\":\"https:\\\/\\\/wp.kristdemokraterna.se\\\/vasternorrland\\\/#\\\/schema\\\/person\\\/c253503d86970574912dff6ec658bf28\",\"name\":\"sendelbach\",\"image\":{\"@type\":\"ImageObject\",\"inLanguage\":\"sv-SE\",\"@id\":\"https:\\\/\\\/secure.gravatar.com\\\/avatar\\\/0499a666be08fad4eb4333dbfba8681b8ebe23a978ce2e4c44818b2c5e2415b8?s=96&r=g\",\"url\":\"https:\\\/\\\/secure.gravatar.com\\\/avatar\\\/0499a666be08fad4eb4333dbfba8681b8ebe23a978ce2e4c44818b2c5e2415b8?s=96&r=g\",\"contentUrl\":\"https:\\\/\\\/secure.gravatar.com\\\/avatar\\\/0499a666be08fad4eb4333dbfba8681b8ebe23a978ce2e4c44818b2c5e2415b8?s=96&r=g\",\"caption\":\"sendelbach\"},\"url\":\"https:\\\/\\\/wp.kristdemokraterna.se\\\/vasternorrland\\\/author\\\/sendelbach\\\/\"}]}<\/script>\n<!-- \/ Yoast SEO plugin. -->","yoast_head_json":{"title":"Svar p\u00e5 motion om alkoholfri representation | KD V\u00e4sternorrland","robots":{"index":"index","follow":"follow","max-snippet":"max-snippet:-1","max-image-preview":"max-image-preview:large","max-video-preview":"max-video-preview:-1"},"canonical":"https:\/\/wp.kristdemokraterna.se\/vasternorrland\/svar-pa-motion-om-alkoholfri-representation\/","og_locale":"sv_SE","og_type":"article","og_title":"Svar p\u00e5 motion om alkoholfri representation | KD V\u00e4sternorrland","og_description":"F\u00f6rvaltningsutskottets yttrande I motionen f\u00f6resl\u00e5s att all representation inom landstinget skall vara alkoholfri. Landstingets praxis \u00e4r i dag representation med l\u00e4tt\u00f6l eller vin. I mera officiella sammanhang, t ex vid utl\u00e4ndska bes\u00f6k, best\u00e4mmer f\u00f6rvaltningsutskottets arbetsutskott fr\u00e5n fall till fall om annan representation skall f\u00f6rekomma. Landstinget intar s\u00e5ledes en restriktiv h\u00e5llning. Det \u00e4r missbruket och \u00f6verkonsumtionen Read More","og_url":"https:\/\/wp.kristdemokraterna.se\/vasternorrland\/svar-pa-motion-om-alkoholfri-representation\/","og_site_name":"KD V\u00e4sternorrland","article_publisher":"https:\/\/www.facebook.com\/kdrvn\/","article_published_time":"1986-11-26T16:59:13+00:00","article_modified_time":"2020-03-02T17:06:25+00:00","author":"sendelbach","twitter_card":"summary_large_image","twitter_misc":{"Skriven av":"sendelbach","Ber\u00e4knad l\u00e4stid":"1 minut"},"schema":{"@context":"https:\/\/schema.org","@graph":[{"@type":"Article","@id":"https:\/\/wp.kristdemokraterna.se\/vasternorrland\/svar-pa-motion-om-alkoholfri-representation\/#article","isPartOf":{"@id":"https:\/\/wp.kristdemokraterna.se\/vasternorrland\/svar-pa-motion-om-alkoholfri-representation\/"},"author":{"name":"sendelbach","@id":"https:\/\/wp.kristdemokraterna.se\/vasternorrland\/#\/schema\/person\/c253503d86970574912dff6ec658bf28"},"headline":"Svar p\u00e5 motion om alkoholfri representation","datePublished":"1986-11-26T16:59:13+00:00","dateModified":"2020-03-02T17:06:25+00:00","mainEntityOfPage":{"@id":"https:\/\/wp.kristdemokraterna.se\/vasternorrland\/svar-pa-motion-om-alkoholfri-representation\/"},"wordCount":231,"keywords":["alkohol","alla inl\u00e4gg","folkh\u00e4lsa","motionssvar","representation"],"articleSection":["Folkh\u00e4lsa","Nyheter"],"inLanguage":"sv-SE"},{"@type":"WebPage","@id":"https:\/\/wp.kristdemokraterna.se\/vasternorrland\/svar-pa-motion-om-alkoholfri-representation\/","url":"https:\/\/wp.kristdemokraterna.se\/vasternorrland\/svar-pa-motion-om-alkoholfri-representation\/","name":"Svar p\u00e5 motion om alkoholfri representation | KD V\u00e4sternorrland","isPartOf":{"@id":"https:\/\/wp.kristdemokraterna.se\/vasternorrland\/#website"},"datePublished":"1986-11-26T16:59:13+00:00","dateModified":"2020-03-02T17:06:25+00:00","author":{"@id":"https:\/\/wp.kristdemokraterna.se\/vasternorrland\/#\/schema\/person\/c253503d86970574912dff6ec658bf28"},"breadcrumb":{"@id":"https:\/\/wp.kristdemokraterna.se\/vasternorrland\/svar-pa-motion-om-alkoholfri-representation\/#breadcrumb"},"inLanguage":"sv-SE","potentialAction":[{"@type":"ReadAction","target":["https:\/\/wp.kristdemokraterna.se\/vasternorrland\/svar-pa-motion-om-alkoholfri-representation\/"]}]},{"@type":"BreadcrumbList","@id":"https:\/\/wp.kristdemokraterna.se\/vasternorrland\/svar-pa-motion-om-alkoholfri-representation\/#breadcrumb","itemListElement":[{"@type":"ListItem","position":1,"name":"Hem","item":"https:\/\/wp.kristdemokraterna.se\/vasternorrland\/"},{"@type":"ListItem","position":2,"name":"Svar p\u00e5 motion om alkoholfri representation"}]},{"@type":"WebSite","@id":"https:\/\/wp.kristdemokraterna.se\/vasternorrland\/#website","url":"https:\/\/wp.kristdemokraterna.se\/vasternorrland\/","name":"KD V\u00e4sternorrland","description":"V\u00e5rda v\u00e5rden - utveckla prim\u00e4rv\u00e5rden","inLanguage":"sv-SE"},{"@type":"Person","@id":"https:\/\/wp.kristdemokraterna.se\/vasternorrland\/#\/schema\/person\/c253503d86970574912dff6ec658bf28","name":"sendelbach","image":{"@type":"ImageObject","inLanguage":"sv-SE","@id":"https:\/\/secure.gravatar.com\/avatar\/0499a666be08fad4eb4333dbfba8681b8ebe23a978ce2e4c44818b2c5e2415b8?s=96&r=g","url":"https:\/\/secure.gravatar.com\/avatar\/0499a666be08fad4eb4333dbfba8681b8ebe23a978ce2e4c44818b2c5e2415b8?s=96&r=g","contentUrl":"https:\/\/secure.gravatar.com\/avatar\/0499a666be08fad4eb4333dbfba8681b8ebe23a978ce2e4c44818b2c5e2415b8?s=96&r=g","caption":"sendelbach"},"url":"https:\/\/wp.kristdemokraterna.se\/vasternorrland\/author\/sendelbach\/"}]}},"_links":{"self":[{"href":"https:\/\/wp.kristdemokraterna.se\/vasternorrland\/wp-json\/wp\/v2\/posts\/261299","targetHints":{"allow":["GET"]}}],"collection":[{"href":"https:\/\/wp.kristdemokraterna.se\/vasternorrland\/wp-json\/wp\/v2\/posts"}],"about":[{"href":"https:\/\/wp.kristdemokraterna.se\/vasternorrland\/wp-json\/wp\/v2\/types\/post"}],"author":[{"embeddable":true,"href":"https:\/\/wp.kristdemokraterna.se\/vasternorrland\/wp-json\/wp\/v2\/users\/861"}],"replies":[{"embeddable":true,"href":"https:\/\/wp.kristdemokraterna.se\/vasternorrland\/wp-json\/wp\/v2\/comments?post=261299"}],"version-history":[{"count":2,"href":"https:\/\/wp.kristdemokraterna.se\/vasternorrland\/wp-json\/wp\/v2\/posts\/261299\/revisions"}],"predecessor-version":[{"id":261301,"href":"https:\/\/wp.kristdemokraterna.se\/vasternorrland\/wp-json\/wp\/v2\/posts\/261299\/revisions\/261301"}],"wp:attachment":[{"href":"https:\/\/wp.kristdemokraterna.se\/vasternorrland\/wp-json\/wp\/v2\/media?parent=261299"}],"wp:term":[{"taxonomy":"category","embeddable":true,"href":"https:\/\/wp.kristdemokraterna.se\/vasternorrland\/wp-json\/wp\/v2\/categories?post=261299"},{"taxonomy":"post_tag","embeddable":true,"href":"https:\/\/wp.kristdemokraterna.se\/vasternorrland\/wp-json\/wp\/v2\/tags?post=261299"}],"curies":[{"name":"wp","href":"https:\/\/api.w.org\/{rel}","templated":true}]}}