{"id":281910,"date":"2018-04-21T15:51:21","date_gmt":"2018-04-21T13:51:21","guid":{"rendered":"http:\/\/wp.kristdemokraterna.se\/vasternorrland\/?p=281910"},"modified":"2020-05-25T16:00:32","modified_gmt":"2020-05-25T14:00:32","slug":"kd-kampanjade-pa-leva-amp-bomassan-i-sundsvall","status":"publish","type":"post","link":"https:\/\/wp.kristdemokraterna.se\/vasternorrland\/kd-kampanjade-pa-leva-amp-bomassan-i-sundsvall\/","title":{"rendered":"KD kampanjade p\u00e5 Leva &amp; Bom\u00e4ssan i Sundsvall"},"content":{"rendered":"<p>Den 19-22 april 2018 h\u00f6lls Leva &amp; Bom\u00e4ssan med Stora fritidsm\u00e4ssan i Sundsvall. Kristdemokraterna och flera andra politiska partier var med som utst\u00e4llare. <\/p>\n<p>I v\u00e5r monter fick bes\u00f6karna ge sin syn p\u00e5 den stora valfr\u00e5gan om sjukhusv\u00e5rden. Inte helt ov\u00e4ntat visade det sig att en \u00f6verv\u00e4ldigande majoritet h\u00e5ller med oss om i fr\u00e5gan om att F\u00f6rstatliga sjukhusv\u00e5rden.<\/p>\n<p><em>Bilden \u00f6verst Robin A H\u00e5kansson och Hans Brynielsson p\u00e5 Leva &amp; Bo och Fritidsm\u00e4ssan i Sundsvall den 21 april 2018. I sk\u00e5len f\u00f6r att staten ska ta \u00f6ver sjukhusv\u00e5rden finns de flesta bollarna. Foto av Henrik Sendelbach (<a href=\"https:\/\/creativecommons.org\/licenses\/by-sa\/4.0\/deed.sv\">CC-BY-SA 4.0<\/a>).<\/em><\/p>\n","protected":false},"excerpt":{"rendered":"<p>Den 19-22 april 2018 h\u00f6lls Leva &amp; Bom\u00e4ssan med Stora fritidsm\u00e4ssan i Sundsvall. Kristdemokraterna och flera andra politiska partier var med som utst\u00e4llare. I v\u00e5r monter fick bes\u00f6karna ge sin syn p\u00e5 den stora valfr\u00e5gan om sjukhusv\u00e5rden. Inte helt ov\u00e4ntat visade det sig att en \u00f6verv\u00e4ldigande majoritet h\u00e5ller med oss om i fr\u00e5gan om att <a class=\"read-more-link\" href=\"https:\/\/wp.kristdemokraterna.se\/vasternorrland\/kd-kampanjade-pa-leva-amp-bomassan-i-sundsvall\/\">Read More<\/a><\/p>\n","protected":false},"author":861,"featured_media":0,"comment_status":"closed","ping_status":"closed","sticky":false,"template":"","format":"standard","meta":{"_acf_changed":false,"footnotes":""},"categories":[101,28,58],"tags":[543,440,433,540,550,851],"class_list":["post-281910","post","type-post","status-publish","format-standard","hentry","category-specialistvard","category-val-2018","category-var-politik","tag-alla-inlagg","tag-hans-brynielsson","tag-robin-a-hakansson","tag-specialistvard","tag-val-2018","tag-valkampanj"],"acf":[],"yoast_head":"<!-- This site is optimized with the Yoast SEO plugin v27.4 - https:\/\/yoast.com\/product\/yoast-seo-wordpress\/ -->\n<title>KD kampanjade p\u00e5 Leva &amp; Bom\u00e4ssan i Sundsvall | KD V\u00e4sternorrland<\/title>\n<meta name=\"robots\" content=\"index, follow, max-snippet:-1, max-image-preview:large, max-video-preview:-1\" \/>\n<link rel=\"canonical\" href=\"https:\/\/wp.kristdemokraterna.se\/vasternorrland\/kd-kampanjade-pa-leva-amp-bomassan-i-sundsvall\/\" \/>\n<meta property=\"og:locale\" content=\"sv_SE\" \/>\n<meta property=\"og:type\" content=\"article\" \/>\n<meta property=\"og:title\" content=\"KD kampanjade p\u00e5 Leva &amp; Bom\u00e4ssan i Sundsvall | KD V\u00e4sternorrland\" \/>\n<meta property=\"og:description\" content=\"Den 19-22 april 2018 h\u00f6lls Leva &amp; Bom\u00e4ssan med Stora fritidsm\u00e4ssan i Sundsvall. Kristdemokraterna och flera andra politiska partier var med som utst\u00e4llare. I v\u00e5r monter fick bes\u00f6karna ge sin syn p\u00e5 den stora valfr\u00e5gan om sjukhusv\u00e5rden. Inte helt ov\u00e4ntat visade det sig att en \u00f6verv\u00e4ldigande majoritet h\u00e5ller med oss om i fr\u00e5gan om att Read More\" \/>\n<meta property=\"og:url\" content=\"https:\/\/wp.kristdemokraterna.se\/vasternorrland\/kd-kampanjade-pa-leva-amp-bomassan-i-sundsvall\/\" \/>\n<meta property=\"og:site_name\" content=\"KD V\u00e4sternorrland\" \/>\n<meta property=\"article:publisher\" content=\"https:\/\/www.facebook.com\/kdrvn\/\" \/>\n<meta property=\"article:published_time\" content=\"2018-04-21T13:51:21+00:00\" \/>\n<meta property=\"article:modified_time\" content=\"2020-05-25T14:00:32+00:00\" \/>\n<meta name=\"author\" content=\"sendelbach\" \/>\n<meta name=\"twitter:card\" content=\"summary_large_image\" \/>\n<meta name=\"twitter:label1\" content=\"Skriven av\" \/>\n\t<meta name=\"twitter:data1\" content=\"sendelbach\" \/>\n\t<meta name=\"twitter:label2\" content=\"Ber\u00e4knad l\u00e4stid\" \/>\n\t<meta name=\"twitter:data2\" content=\"1 minut\" \/>\n<script type=\"application\/ld+json\" class=\"yoast-schema-graph\">{\"@context\":\"https:\\\/\\\/schema.org\",\"@graph\":[{\"@type\":\"Article\",\"@id\":\"https:\\\/\\\/wp.kristdemokraterna.se\\\/vasternorrland\\\/kd-kampanjade-pa-leva-amp-bomassan-i-sundsvall\\\/#article\",\"isPartOf\":{\"@id\":\"https:\\\/\\\/wp.kristdemokraterna.se\\\/vasternorrland\\\/kd-kampanjade-pa-leva-amp-bomassan-i-sundsvall\\\/\"},\"author\":{\"name\":\"sendelbach\",\"@id\":\"https:\\\/\\\/wp.kristdemokraterna.se\\\/vasternorrland\\\/#\\\/schema\\\/person\\\/c253503d86970574912dff6ec658bf28\"},\"headline\":\"KD kampanjade p\u00e5 Leva &amp; Bom\u00e4ssan i Sundsvall\",\"datePublished\":\"2018-04-21T13:51:21+00:00\",\"dateModified\":\"2020-05-25T14:00:32+00:00\",\"mainEntityOfPage\":{\"@id\":\"https:\\\/\\\/wp.kristdemokraterna.se\\\/vasternorrland\\\/kd-kampanjade-pa-leva-amp-bomassan-i-sundsvall\\\/\"},\"wordCount\":120,\"keywords\":[\"alla inl\u00e4gg\",\"Hans Brynielsson\",\"Robin A H\u00e5kansson\",\"specialistv\u00e5rd\",\"val 2018\",\"valkampanj\"],\"articleSection\":[\"Specialistv\u00e5rd\",\"Val 2018\",\"V\u00e5r politik\"],\"inLanguage\":\"sv-SE\"},{\"@type\":\"WebPage\",\"@id\":\"https:\\\/\\\/wp.kristdemokraterna.se\\\/vasternorrland\\\/kd-kampanjade-pa-leva-amp-bomassan-i-sundsvall\\\/\",\"url\":\"https:\\\/\\\/wp.kristdemokraterna.se\\\/vasternorrland\\\/kd-kampanjade-pa-leva-amp-bomassan-i-sundsvall\\\/\",\"name\":\"KD kampanjade p\u00e5 Leva &amp; Bom\u00e4ssan i Sundsvall | KD V\u00e4sternorrland\",\"isPartOf\":{\"@id\":\"https:\\\/\\\/wp.kristdemokraterna.se\\\/vasternorrland\\\/#website\"},\"datePublished\":\"2018-04-21T13:51:21+00:00\",\"dateModified\":\"2020-05-25T14:00:32+00:00\",\"author\":{\"@id\":\"https:\\\/\\\/wp.kristdemokraterna.se\\\/vasternorrland\\\/#\\\/schema\\\/person\\\/c253503d86970574912dff6ec658bf28\"},\"breadcrumb\":{\"@id\":\"https:\\\/\\\/wp.kristdemokraterna.se\\\/vasternorrland\\\/kd-kampanjade-pa-leva-amp-bomassan-i-sundsvall\\\/#breadcrumb\"},\"inLanguage\":\"sv-SE\",\"potentialAction\":[{\"@type\":\"ReadAction\",\"target\":[\"https:\\\/\\\/wp.kristdemokraterna.se\\\/vasternorrland\\\/kd-kampanjade-pa-leva-amp-bomassan-i-sundsvall\\\/\"]}]},{\"@type\":\"BreadcrumbList\",\"@id\":\"https:\\\/\\\/wp.kristdemokraterna.se\\\/vasternorrland\\\/kd-kampanjade-pa-leva-amp-bomassan-i-sundsvall\\\/#breadcrumb\",\"itemListElement\":[{\"@type\":\"ListItem\",\"position\":1,\"name\":\"Hem\",\"item\":\"https:\\\/\\\/wp.kristdemokraterna.se\\\/vasternorrland\\\/\"},{\"@type\":\"ListItem\",\"position\":2,\"name\":\"KD kampanjade p\u00e5 Leva &amp; Bom\u00e4ssan i Sundsvall\"}]},{\"@type\":\"WebSite\",\"@id\":\"https:\\\/\\\/wp.kristdemokraterna.se\\\/vasternorrland\\\/#website\",\"url\":\"https:\\\/\\\/wp.kristdemokraterna.se\\\/vasternorrland\\\/\",\"name\":\"KD V\u00e4sternorrland\",\"description\":\"V\u00e5rda v\u00e5rden - utveckla prim\u00e4rv\u00e5rden\",\"inLanguage\":\"sv-SE\"},{\"@type\":\"Person\",\"@id\":\"https:\\\/\\\/wp.kristdemokraterna.se\\\/vasternorrland\\\/#\\\/schema\\\/person\\\/c253503d86970574912dff6ec658bf28\",\"name\":\"sendelbach\",\"image\":{\"@type\":\"ImageObject\",\"inLanguage\":\"sv-SE\",\"@id\":\"https:\\\/\\\/secure.gravatar.com\\\/avatar\\\/0499a666be08fad4eb4333dbfba8681b8ebe23a978ce2e4c44818b2c5e2415b8?s=96&r=g\",\"url\":\"https:\\\/\\\/secure.gravatar.com\\\/avatar\\\/0499a666be08fad4eb4333dbfba8681b8ebe23a978ce2e4c44818b2c5e2415b8?s=96&r=g\",\"contentUrl\":\"https:\\\/\\\/secure.gravatar.com\\\/avatar\\\/0499a666be08fad4eb4333dbfba8681b8ebe23a978ce2e4c44818b2c5e2415b8?s=96&r=g\",\"caption\":\"sendelbach\"},\"url\":\"https:\\\/\\\/wp.kristdemokraterna.se\\\/vasternorrland\\\/author\\\/sendelbach\\\/\"}]}<\/script>\n<!-- \/ Yoast SEO plugin. -->","yoast_head_json":{"title":"KD kampanjade p\u00e5 Leva &amp; Bom\u00e4ssan i Sundsvall | KD V\u00e4sternorrland","robots":{"index":"index","follow":"follow","max-snippet":"max-snippet:-1","max-image-preview":"max-image-preview:large","max-video-preview":"max-video-preview:-1"},"canonical":"https:\/\/wp.kristdemokraterna.se\/vasternorrland\/kd-kampanjade-pa-leva-amp-bomassan-i-sundsvall\/","og_locale":"sv_SE","og_type":"article","og_title":"KD kampanjade p\u00e5 Leva &amp; Bom\u00e4ssan i Sundsvall | KD V\u00e4sternorrland","og_description":"Den 19-22 april 2018 h\u00f6lls Leva &amp; Bom\u00e4ssan med Stora fritidsm\u00e4ssan i Sundsvall. Kristdemokraterna och flera andra politiska partier var med som utst\u00e4llare. I v\u00e5r monter fick bes\u00f6karna ge sin syn p\u00e5 den stora valfr\u00e5gan om sjukhusv\u00e5rden. Inte helt ov\u00e4ntat visade det sig att en \u00f6verv\u00e4ldigande majoritet h\u00e5ller med oss om i fr\u00e5gan om att Read More","og_url":"https:\/\/wp.kristdemokraterna.se\/vasternorrland\/kd-kampanjade-pa-leva-amp-bomassan-i-sundsvall\/","og_site_name":"KD V\u00e4sternorrland","article_publisher":"https:\/\/www.facebook.com\/kdrvn\/","article_published_time":"2018-04-21T13:51:21+00:00","article_modified_time":"2020-05-25T14:00:32+00:00","author":"sendelbach","twitter_card":"summary_large_image","twitter_misc":{"Skriven av":"sendelbach","Ber\u00e4knad l\u00e4stid":"1 minut"},"schema":{"@context":"https:\/\/schema.org","@graph":[{"@type":"Article","@id":"https:\/\/wp.kristdemokraterna.se\/vasternorrland\/kd-kampanjade-pa-leva-amp-bomassan-i-sundsvall\/#article","isPartOf":{"@id":"https:\/\/wp.kristdemokraterna.se\/vasternorrland\/kd-kampanjade-pa-leva-amp-bomassan-i-sundsvall\/"},"author":{"name":"sendelbach","@id":"https:\/\/wp.kristdemokraterna.se\/vasternorrland\/#\/schema\/person\/c253503d86970574912dff6ec658bf28"},"headline":"KD kampanjade p\u00e5 Leva &amp; Bom\u00e4ssan i Sundsvall","datePublished":"2018-04-21T13:51:21+00:00","dateModified":"2020-05-25T14:00:32+00:00","mainEntityOfPage":{"@id":"https:\/\/wp.kristdemokraterna.se\/vasternorrland\/kd-kampanjade-pa-leva-amp-bomassan-i-sundsvall\/"},"wordCount":120,"keywords":["alla inl\u00e4gg","Hans Brynielsson","Robin A H\u00e5kansson","specialistv\u00e5rd","val 2018","valkampanj"],"articleSection":["Specialistv\u00e5rd","Val 2018","V\u00e5r politik"],"inLanguage":"sv-SE"},{"@type":"WebPage","@id":"https:\/\/wp.kristdemokraterna.se\/vasternorrland\/kd-kampanjade-pa-leva-amp-bomassan-i-sundsvall\/","url":"https:\/\/wp.kristdemokraterna.se\/vasternorrland\/kd-kampanjade-pa-leva-amp-bomassan-i-sundsvall\/","name":"KD kampanjade p\u00e5 Leva &amp; Bom\u00e4ssan i Sundsvall | KD V\u00e4sternorrland","isPartOf":{"@id":"https:\/\/wp.kristdemokraterna.se\/vasternorrland\/#website"},"datePublished":"2018-04-21T13:51:21+00:00","dateModified":"2020-05-25T14:00:32+00:00","author":{"@id":"https:\/\/wp.kristdemokraterna.se\/vasternorrland\/#\/schema\/person\/c253503d86970574912dff6ec658bf28"},"breadcrumb":{"@id":"https:\/\/wp.kristdemokraterna.se\/vasternorrland\/kd-kampanjade-pa-leva-amp-bomassan-i-sundsvall\/#breadcrumb"},"inLanguage":"sv-SE","potentialAction":[{"@type":"ReadAction","target":["https:\/\/wp.kristdemokraterna.se\/vasternorrland\/kd-kampanjade-pa-leva-amp-bomassan-i-sundsvall\/"]}]},{"@type":"BreadcrumbList","@id":"https:\/\/wp.kristdemokraterna.se\/vasternorrland\/kd-kampanjade-pa-leva-amp-bomassan-i-sundsvall\/#breadcrumb","itemListElement":[{"@type":"ListItem","position":1,"name":"Hem","item":"https:\/\/wp.kristdemokraterna.se\/vasternorrland\/"},{"@type":"ListItem","position":2,"name":"KD kampanjade p\u00e5 Leva &amp; Bom\u00e4ssan i Sundsvall"}]},{"@type":"WebSite","@id":"https:\/\/wp.kristdemokraterna.se\/vasternorrland\/#website","url":"https:\/\/wp.kristdemokraterna.se\/vasternorrland\/","name":"KD V\u00e4sternorrland","description":"V\u00e5rda v\u00e5rden - utveckla prim\u00e4rv\u00e5rden","inLanguage":"sv-SE"},{"@type":"Person","@id":"https:\/\/wp.kristdemokraterna.se\/vasternorrland\/#\/schema\/person\/c253503d86970574912dff6ec658bf28","name":"sendelbach","image":{"@type":"ImageObject","inLanguage":"sv-SE","@id":"https:\/\/secure.gravatar.com\/avatar\/0499a666be08fad4eb4333dbfba8681b8ebe23a978ce2e4c44818b2c5e2415b8?s=96&r=g","url":"https:\/\/secure.gravatar.com\/avatar\/0499a666be08fad4eb4333dbfba8681b8ebe23a978ce2e4c44818b2c5e2415b8?s=96&r=g","contentUrl":"https:\/\/secure.gravatar.com\/avatar\/0499a666be08fad4eb4333dbfba8681b8ebe23a978ce2e4c44818b2c5e2415b8?s=96&r=g","caption":"sendelbach"},"url":"https:\/\/wp.kristdemokraterna.se\/vasternorrland\/author\/sendelbach\/"}]}},"_links":{"self":[{"href":"https:\/\/wp.kristdemokraterna.se\/vasternorrland\/wp-json\/wp\/v2\/posts\/281910","targetHints":{"allow":["GET"]}}],"collection":[{"href":"https:\/\/wp.kristdemokraterna.se\/vasternorrland\/wp-json\/wp\/v2\/posts"}],"about":[{"href":"https:\/\/wp.kristdemokraterna.se\/vasternorrland\/wp-json\/wp\/v2\/types\/post"}],"author":[{"embeddable":true,"href":"https:\/\/wp.kristdemokraterna.se\/vasternorrland\/wp-json\/wp\/v2\/users\/861"}],"replies":[{"embeddable":true,"href":"https:\/\/wp.kristdemokraterna.se\/vasternorrland\/wp-json\/wp\/v2\/comments?post=281910"}],"version-history":[{"count":3,"href":"https:\/\/wp.kristdemokraterna.se\/vasternorrland\/wp-json\/wp\/v2\/posts\/281910\/revisions"}],"predecessor-version":[{"id":281913,"href":"https:\/\/wp.kristdemokraterna.se\/vasternorrland\/wp-json\/wp\/v2\/posts\/281910\/revisions\/281913"}],"wp:attachment":[{"href":"https:\/\/wp.kristdemokraterna.se\/vasternorrland\/wp-json\/wp\/v2\/media?parent=281910"}],"wp:term":[{"taxonomy":"category","embeddable":true,"href":"https:\/\/wp.kristdemokraterna.se\/vasternorrland\/wp-json\/wp\/v2\/categories?post=281910"},{"taxonomy":"post_tag","embeddable":true,"href":"https:\/\/wp.kristdemokraterna.se\/vasternorrland\/wp-json\/wp\/v2\/tags?post=281910"}],"curies":[{"name":"wp","href":"https:\/\/api.w.org\/{rel}","templated":true}]}}