{"id":292608,"date":"1997-11-26T13:39:17","date_gmt":"1997-11-26T12:39:17","guid":{"rendered":"http:\/\/wp.kristdemokraterna.se\/vasternorrland\/?p=292608"},"modified":"2020-07-24T09:32:45","modified_gmt":"2020-07-24T07:32:45","slug":"budgetanforande-1997","status":"publish","type":"post","link":"https:\/\/wp.kristdemokraterna.se\/vasternorrland\/budgetanforande-1997\/","title":{"rendered":"Budgetanf\u00f6rande 1997"},"content":{"rendered":"<p>Just nu p\u00e5g\u00e5r en livlig och angel\u00e4gen debatt om sjukv\u00e5rd och \u00e4ldreomsorg i v\u00e5rt land. Den f\u00f6rst i media, i olika lokala sammanhang, i partigrupper, ja, praktiskt taget \u00f6verallt ute i samh\u00e4llet d\u00e4r medborgare m\u00f6ts.<\/p>\n<p>Kanske har debatten aldrig varit s\u00e5 intensiv och k\u00e4nts s\u00e5 n\u00e4ra f\u00f6r m\u00e4nniskor som nu. I riksdagens s\u00e4rskilda debatt onsdagen den 5 november &#8211; en debatt som kom tillst\u00e5nd p\u00e5 beg\u00e4ran av Kristdemokraterna och Folkpartiet Liberalerna &#8211; presenterade de olika partif\u00f6retr\u00e4darna respektive partis politiska vilja i denna angel\u00e4gna fr\u00e5ga.<\/p>\n<p>Varf\u00f6r har denna fr\u00e5ga f\u00e5tt s\u00e5 stor aktualitet p\u00e5 sistone? Ja, g\u00e5ng efter annan har vi t ex i media f\u00e5tt se de mest otillfredsst\u00e4llande v\u00e5rdsituationer med, f\u00f6r att ta n\u00e5gra exempel, \u00f6verbel\u00e4ggningar p\u00e5 sjukhus, l\u00e5nga besv\u00e4rliga v\u00e5rdk\u00f6er, gamla patienter som drabbats av undern\u00e4ring och t\u00f6rst och ocks\u00e5 med vidriga bens\u00e5r som ett ytterligare lidande, ibland &#8211; utan \u00f6verdrift &#8211; vanv\u00e5rd. Arbetssituationen m\u00e5ste m\u00e5nga g\u00e5nger k\u00e4nnas om\u00f6jligt f\u00f6r den h\u00e5rt pressade personalen. Vi tror ocks\u00e5 att likartade f\u00f6rh\u00e5llanden som dem vi sett finns p\u00e5 m\u00e5nga platser.<\/p>\n<p>Vi \u00e4r f\u00f6rtroendevalda, och som f\u00f6rtroendevalda har vi f\u00e5tt ett uppdrag, de n\u00e4mligen att lyssna till m\u00e4nniskorna runt omkring oss, f\u00f6ra deras talan och p\u00e5 b\u00e4sta s\u00e4tt ta ansvar f\u00f6r att ge alla, var i l\u00e4net man \u00e4n bor, god v\u00e5rd. Det \u00e4r en utmaning, alla larmrapporter till trots.<\/p>\n<p>Avg\u00f6rande f\u00f6r den intensiva v\u00e5rddebatten just nu \u00e4r det v\u00e4xande gapet mellan behov och resurser och de prioriteringar som d\u00e4rf\u00f6r m\u00e5ste l\u00e4ggas, ett f\u00f6rh\u00e5llande som vi i landstinget lever med &#8211; och kanske f\u00f6rresten i \u00e4n h\u00f6gre grad g\u00e4ller det kommunala ansvaret f\u00f6r \u00e4ldreomsorg och v\u00e5rd. V\u00e5ra pengar r\u00e4cker inte till allt som vi skulle vilja se f\u00f6rverkligat. HSU 2000 har kartlagt framtidens behov och pekar p\u00e5 stora sv\u00e5righeter f\u00f6r oss att klara v\u00e5rden och omsorgen. Ransonering snarare \u00e4n \u00f6verfl\u00f6d av resurser tycks bli ett f\u00f6rh\u00e5llande vi m\u00e5ste leva med.<\/p>\n<p>Alf Svenssons engagemang i v\u00e5rd- och omsorgsfr\u00e5gor har med all r\u00e4tt f\u00e5tt v\u00e4xande respekt, och i riksdagen har Kristdemokraterna lagt fram f\u00f6rslag f\u00f6r att budgetera mer pengar till v\u00e5rd och omsorg. I landsting och kommuner vill vi f\u00f6ra ut samma politik, s\u00e5 ocks\u00e5 h\u00e4r i v\u00e5rt l\u00e4n.<\/p>\n<p>De \u00e4ldre blir ju allt fler, och det \u00e4r n\u00e4r vi blir gamla som vi beh\u00f6ver mest v\u00e5rd. Personal med uppgift att ge de sv\u00e5rast sjuka god omv\u00e5rdnad m\u00e5ste beh\u00e5llas. Satsningar p\u00e5 geriatrik menar vi vara n\u00f6dv\u00e4ndigt, och inte mindre n\u00f6dv\u00e4ndigt \u00e4r att skrota begreppet klinikf\u00e4rdig. Det uttrycker ett cyniskt betraktelses\u00e4tt. Vi f\u00f6resl\u00e5r ist\u00e4llet att man utarbetar en v\u00e4rdighetsgaranti som en slags f\u00f6rst\u00e4rkt kvalitetsf\u00f6rs\u00e4kring. V\u00e5rd i livets slutskede m\u00e5ste pr\u00e4glas av v\u00e4rdighet, omtanke och respekt f\u00f6r patienten. M\u00e4nsklig n\u00e4rhet kan inte ers\u00e4ttas av n\u00e5got annat. Principen ska vara att ingen ska beh\u00f6va d\u00f6 i ensamhet.<\/p>\n<p>Men larmrapporterna om v\u00e5rd och omsorg \u00e4r m\u00e5nga. Nationella barnpsykiatriutredningar t ex ber\u00e4ttar om en alarmerande \u00f6kning av antalet anm\u00e4lda barn. D\u00e4rf\u00f6r f\u00f6resl\u00e5r vi kristdemokrater i v\u00e5rt yrkande, att prim\u00e4rv\u00e5rden f\u00f6rst\u00e4rks med nya kuratorer och psykologer. Det \u00e4r v\u00e5rt svar p\u00e5 att vi f\u00f6reslagit beh\u00e5llandet av den l\u00e4gre avgiftsfria \u00e5ldersgr\u00e4nsen inom prim\u00e4rv\u00e5rden (barn upp till 12 \u00e5r).<\/p>\n<p>Vi f\u00f6resl\u00e5r ocks\u00e5 ett skydd f\u00f6r pension\u00e4rers v\u00e5rdavgifter, som inneb\u00e4r maximalt 60 kr per dag, n\u00e4r man \u00e4r inlagd p\u00e5 sjukhus. M\u00f6jlighet ska finnas att minska avgiften ytterligare f\u00f6r personer med mycket l\u00e5g inkomst.<\/p>\n<p>Vi h\u00e4nvisar i \u00f6vrigt till det gemensamma f\u00f6rslag som lagts av Centern, Folkpartiet Liberalerna, Sjukv\u00e5rdspartiet och Kristdemokraterna.<\/p>\n<p>V\u00e5rt m\u00e5l inf\u00f6r 1998 \u00e5rs budget \u00e4r att omf\u00f6rdela medel och spara p\u00e5 andra h\u00e5ll, s\u00e5 att ingen i v\u00e5rden ska beh\u00f6va avskedas.<\/p>\n<h3>Yrkande:<\/h3>\n<p>Gemensamt yrkande med Centern, Folkpartiet och Sjukv\u00e5rdspartiet, sid 129 fr\u00e5nsett<\/p>\n<ul>\n<li>att landstingsbidraget till h\u00e4lso-\/sjukv\u00e5rd f\u00f6resl\u00e5s till 2 640,8 mnkr<\/li>\n<\/ul>\n<h3>Till\u00e4ggsyrkande:<\/h3>\n<ul>\n<li><strong><u>att<\/u><\/strong> Prim\u00e4rv\u00e5rden f\u00f6rst\u00e4rks med nya psykologer och kuratorer<\/li>\n<li><strong><u>att<\/u><\/strong> Barn- och ungdomspsykiatrin ska senast 1 juni 1998 kunna st\u00e4rkas med 5 miljoner om k\u00f6erna p\u00e5 s\u00e5 s\u00e4tt kan kapas<\/li>\n<li><strong><u>att<\/u><\/strong> sjukhusavgifter f\u00f6r pension\u00e4rer maximeras till 60 kr per dag<\/li>\n<li><strong><u>att<\/u><\/strong> personal med uppgift att ge de sv\u00e5rast sjuka god omv\u00e5rdnad b\u00f6r beh\u00e5llas<\/li>\n<li><strong><u>att<\/u><\/strong> ur anslaget f\u00f6r of\u00f6rutsedda utgifter anvisa 6,3 miljoner kronor (ej utnyttjade Persson-pengar fr\u00e5n septemberm\u00f6tet)<\/li>\n<li><strong><u>att<\/u><\/strong> beslut om patientavgifter i \u00a7 133 lf 1997 kvarst\u00e5r<\/li>\n<\/ul>\n<p>Budgetanf\u00f6rande av Berit Andersson i landstingsfullm\u00e4ktige den 26 november 1997.<\/p>\n<hr \/>\n<p><a href=\"http:\/\/wp.kristdemokraterna.se\/vasternorrland\/var-politik\/politikomraden\/primarvard\/\">Prim\u00e4rv\u00e5rd<\/a>\u00a0\u00b7 <a href=\"http:\/\/wp.kristdemokraterna.se\/vasternorrland\/var-politik\/politikomraden\/psykiatri\/\">Specialistv\u00e5rd<\/a> | <a href=\"http:\/\/wp.kristdemokraterna.se\/vasternorrland\/etiketter\/berit-andersson\/\">Berit Andersson<\/a>\u00a0\u00b7 <a href=\"http:\/\/wp.kristdemokraterna.se\/vasternorrland\/etiketter\/bup\/\">Barn- och ungdomspsykiatrin (BUP)<\/a>\u00a0\u00b7 <a href=\"http:\/\/wp.kristdemokraterna.se\/vasternorrland\/etiketter\/geriatrik\/\">geriatrik<\/a>\u00a0\u00b7 <a href=\"http:\/\/wp.kristdemokraterna.se\/vasternorrland\/etiketter\/patientavgift\/\">patientavgift<\/a><\/p>\n","protected":false},"excerpt":{"rendered":"<p>Just nu p\u00e5g\u00e5r en livlig och angel\u00e4gen debatt om sjukv\u00e5rd och \u00e4ldreomsorg i v\u00e5rt land. Den f\u00f6rst i media, i olika lokala sammanhang, i partigrupper, ja, praktiskt taget \u00f6verallt ute i samh\u00e4llet d\u00e4r medborgare m\u00f6ts. Kanske har debatten aldrig varit s\u00e5 intensiv och k\u00e4nts s\u00e5 n\u00e4ra f\u00f6r m\u00e4nniskor som nu. I riksdagens s\u00e4rskilda debatt onsdagen <a class=\"read-more-link\" href=\"https:\/\/wp.kristdemokraterna.se\/vasternorrland\/budgetanforande-1997\/\">Read More<\/a><\/p>\n","protected":false},"author":861,"featured_media":0,"comment_status":"closed","ping_status":"closed","sticky":false,"template":"","format":"standard","meta":{"_acf_changed":false,"footnotes":""},"categories":[786,1111,1112,100,101],"tags":[441,133,362,256,540],"class_list":["post-292608","post","type-post","status-publish","format-standard","hentry","category-aldre","category-barn-och-ungdomspsykiatri","category-geriatrik","category-primarvard","category-specialistvard","tag-berit-andersson","tag-bup","tag-geriatrik","tag-primarvard","tag-specialistvard"],"acf":[],"yoast_head":"<!-- This site is optimized with the Yoast SEO plugin v27.5 - https:\/\/yoast.com\/product\/yoast-seo-wordpress\/ -->\n<title>Budgetanf\u00f6rande 1997 | KD V\u00e4sternorrland<\/title>\n<meta name=\"robots\" content=\"index, follow, max-snippet:-1, max-image-preview:large, max-video-preview:-1\" \/>\n<link rel=\"canonical\" href=\"https:\/\/wp.kristdemokraterna.se\/vasternorrland\/budgetanforande-1997\/\" \/>\n<meta property=\"og:locale\" content=\"sv_SE\" \/>\n<meta property=\"og:type\" content=\"article\" \/>\n<meta property=\"og:title\" content=\"Budgetanf\u00f6rande 1997 | KD V\u00e4sternorrland\" \/>\n<meta property=\"og:description\" content=\"Just nu p\u00e5g\u00e5r en livlig och angel\u00e4gen debatt om sjukv\u00e5rd och \u00e4ldreomsorg i v\u00e5rt land. Den f\u00f6rst i media, i olika lokala sammanhang, i partigrupper, ja, praktiskt taget \u00f6verallt ute i samh\u00e4llet d\u00e4r medborgare m\u00f6ts. Kanske har debatten aldrig varit s\u00e5 intensiv och k\u00e4nts s\u00e5 n\u00e4ra f\u00f6r m\u00e4nniskor som nu. I riksdagens s\u00e4rskilda debatt onsdagen Read More\" \/>\n<meta property=\"og:url\" content=\"https:\/\/wp.kristdemokraterna.se\/vasternorrland\/budgetanforande-1997\/\" \/>\n<meta property=\"og:site_name\" content=\"KD V\u00e4sternorrland\" \/>\n<meta property=\"article:publisher\" content=\"https:\/\/www.facebook.com\/kdrvn\/\" \/>\n<meta property=\"article:published_time\" content=\"1997-11-26T12:39:17+00:00\" \/>\n<meta property=\"article:modified_time\" content=\"2020-07-24T07:32:45+00:00\" \/>\n<meta name=\"author\" content=\"sendelbach\" \/>\n<meta name=\"twitter:card\" content=\"summary_large_image\" \/>\n<meta name=\"twitter:label1\" content=\"Skriven av\" \/>\n\t<meta name=\"twitter:data1\" content=\"sendelbach\" \/>\n\t<meta name=\"twitter:label2\" content=\"Ber\u00e4knad l\u00e4stid\" \/>\n\t<meta name=\"twitter:data2\" content=\"4 minuter\" \/>\n<script type=\"application\/ld+json\" class=\"yoast-schema-graph\">{\"@context\":\"https:\\\/\\\/schema.org\",\"@graph\":[{\"@type\":\"Article\",\"@id\":\"https:\\\/\\\/wp.kristdemokraterna.se\\\/vasternorrland\\\/budgetanforande-1997\\\/#article\",\"isPartOf\":{\"@id\":\"https:\\\/\\\/wp.kristdemokraterna.se\\\/vasternorrland\\\/budgetanforande-1997\\\/\"},\"author\":{\"name\":\"sendelbach\",\"@id\":\"https:\\\/\\\/wp.kristdemokraterna.se\\\/vasternorrland\\\/#\\\/schema\\\/person\\\/c253503d86970574912dff6ec658bf28\"},\"headline\":\"Budgetanf\u00f6rande 1997\",\"datePublished\":\"1997-11-26T12:39:17+00:00\",\"dateModified\":\"2020-07-24T07:32:45+00:00\",\"mainEntityOfPage\":{\"@id\":\"https:\\\/\\\/wp.kristdemokraterna.se\\\/vasternorrland\\\/budgetanforande-1997\\\/\"},\"wordCount\":882,\"keywords\":[\"Berit Andersson\",\"BUP\",\"geriatrik\",\"prim\u00e4rv\u00e5rd\",\"specialistv\u00e5rd\"],\"articleSection\":[\"\u00c4ldre\",\"BUP\",\"Geriatrik\",\"Prim\u00e4rv\u00e5rd\",\"Specialistv\u00e5rd\"],\"inLanguage\":\"sv-SE\"},{\"@type\":\"WebPage\",\"@id\":\"https:\\\/\\\/wp.kristdemokraterna.se\\\/vasternorrland\\\/budgetanforande-1997\\\/\",\"url\":\"https:\\\/\\\/wp.kristdemokraterna.se\\\/vasternorrland\\\/budgetanforande-1997\\\/\",\"name\":\"Budgetanf\u00f6rande 1997 | KD V\u00e4sternorrland\",\"isPartOf\":{\"@id\":\"https:\\\/\\\/wp.kristdemokraterna.se\\\/vasternorrland\\\/#website\"},\"datePublished\":\"1997-11-26T12:39:17+00:00\",\"dateModified\":\"2020-07-24T07:32:45+00:00\",\"author\":{\"@id\":\"https:\\\/\\\/wp.kristdemokraterna.se\\\/vasternorrland\\\/#\\\/schema\\\/person\\\/c253503d86970574912dff6ec658bf28\"},\"breadcrumb\":{\"@id\":\"https:\\\/\\\/wp.kristdemokraterna.se\\\/vasternorrland\\\/budgetanforande-1997\\\/#breadcrumb\"},\"inLanguage\":\"sv-SE\",\"potentialAction\":[{\"@type\":\"ReadAction\",\"target\":[\"https:\\\/\\\/wp.kristdemokraterna.se\\\/vasternorrland\\\/budgetanforande-1997\\\/\"]}]},{\"@type\":\"BreadcrumbList\",\"@id\":\"https:\\\/\\\/wp.kristdemokraterna.se\\\/vasternorrland\\\/budgetanforande-1997\\\/#breadcrumb\",\"itemListElement\":[{\"@type\":\"ListItem\",\"position\":1,\"name\":\"Hem\",\"item\":\"https:\\\/\\\/wp.kristdemokraterna.se\\\/vasternorrland\\\/\"},{\"@type\":\"ListItem\",\"position\":2,\"name\":\"Budgetanf\u00f6rande 1997\"}]},{\"@type\":\"WebSite\",\"@id\":\"https:\\\/\\\/wp.kristdemokraterna.se\\\/vasternorrland\\\/#website\",\"url\":\"https:\\\/\\\/wp.kristdemokraterna.se\\\/vasternorrland\\\/\",\"name\":\"KD V\u00e4sternorrland\",\"description\":\"V\u00e5rda v\u00e5rden - utveckla prim\u00e4rv\u00e5rden\",\"inLanguage\":\"sv-SE\"},{\"@type\":\"Person\",\"@id\":\"https:\\\/\\\/wp.kristdemokraterna.se\\\/vasternorrland\\\/#\\\/schema\\\/person\\\/c253503d86970574912dff6ec658bf28\",\"name\":\"sendelbach\",\"image\":{\"@type\":\"ImageObject\",\"inLanguage\":\"sv-SE\",\"@id\":\"https:\\\/\\\/secure.gravatar.com\\\/avatar\\\/0499a666be08fad4eb4333dbfba8681b8ebe23a978ce2e4c44818b2c5e2415b8?s=96&r=g\",\"url\":\"https:\\\/\\\/secure.gravatar.com\\\/avatar\\\/0499a666be08fad4eb4333dbfba8681b8ebe23a978ce2e4c44818b2c5e2415b8?s=96&r=g\",\"contentUrl\":\"https:\\\/\\\/secure.gravatar.com\\\/avatar\\\/0499a666be08fad4eb4333dbfba8681b8ebe23a978ce2e4c44818b2c5e2415b8?s=96&r=g\",\"caption\":\"sendelbach\"},\"url\":\"https:\\\/\\\/wp.kristdemokraterna.se\\\/vasternorrland\\\/author\\\/sendelbach\\\/\"}]}<\/script>\n<!-- \/ Yoast SEO plugin. -->","yoast_head_json":{"title":"Budgetanf\u00f6rande 1997 | KD V\u00e4sternorrland","robots":{"index":"index","follow":"follow","max-snippet":"max-snippet:-1","max-image-preview":"max-image-preview:large","max-video-preview":"max-video-preview:-1"},"canonical":"https:\/\/wp.kristdemokraterna.se\/vasternorrland\/budgetanforande-1997\/","og_locale":"sv_SE","og_type":"article","og_title":"Budgetanf\u00f6rande 1997 | KD V\u00e4sternorrland","og_description":"Just nu p\u00e5g\u00e5r en livlig och angel\u00e4gen debatt om sjukv\u00e5rd och \u00e4ldreomsorg i v\u00e5rt land. Den f\u00f6rst i media, i olika lokala sammanhang, i partigrupper, ja, praktiskt taget \u00f6verallt ute i samh\u00e4llet d\u00e4r medborgare m\u00f6ts. Kanske har debatten aldrig varit s\u00e5 intensiv och k\u00e4nts s\u00e5 n\u00e4ra f\u00f6r m\u00e4nniskor som nu. I riksdagens s\u00e4rskilda debatt onsdagen Read More","og_url":"https:\/\/wp.kristdemokraterna.se\/vasternorrland\/budgetanforande-1997\/","og_site_name":"KD V\u00e4sternorrland","article_publisher":"https:\/\/www.facebook.com\/kdrvn\/","article_published_time":"1997-11-26T12:39:17+00:00","article_modified_time":"2020-07-24T07:32:45+00:00","author":"sendelbach","twitter_card":"summary_large_image","twitter_misc":{"Skriven av":"sendelbach","Ber\u00e4knad l\u00e4stid":"4 minuter"},"schema":{"@context":"https:\/\/schema.org","@graph":[{"@type":"Article","@id":"https:\/\/wp.kristdemokraterna.se\/vasternorrland\/budgetanforande-1997\/#article","isPartOf":{"@id":"https:\/\/wp.kristdemokraterna.se\/vasternorrland\/budgetanforande-1997\/"},"author":{"name":"sendelbach","@id":"https:\/\/wp.kristdemokraterna.se\/vasternorrland\/#\/schema\/person\/c253503d86970574912dff6ec658bf28"},"headline":"Budgetanf\u00f6rande 1997","datePublished":"1997-11-26T12:39:17+00:00","dateModified":"2020-07-24T07:32:45+00:00","mainEntityOfPage":{"@id":"https:\/\/wp.kristdemokraterna.se\/vasternorrland\/budgetanforande-1997\/"},"wordCount":882,"keywords":["Berit Andersson","BUP","geriatrik","prim\u00e4rv\u00e5rd","specialistv\u00e5rd"],"articleSection":["\u00c4ldre","BUP","Geriatrik","Prim\u00e4rv\u00e5rd","Specialistv\u00e5rd"],"inLanguage":"sv-SE"},{"@type":"WebPage","@id":"https:\/\/wp.kristdemokraterna.se\/vasternorrland\/budgetanforande-1997\/","url":"https:\/\/wp.kristdemokraterna.se\/vasternorrland\/budgetanforande-1997\/","name":"Budgetanf\u00f6rande 1997 | KD V\u00e4sternorrland","isPartOf":{"@id":"https:\/\/wp.kristdemokraterna.se\/vasternorrland\/#website"},"datePublished":"1997-11-26T12:39:17+00:00","dateModified":"2020-07-24T07:32:45+00:00","author":{"@id":"https:\/\/wp.kristdemokraterna.se\/vasternorrland\/#\/schema\/person\/c253503d86970574912dff6ec658bf28"},"breadcrumb":{"@id":"https:\/\/wp.kristdemokraterna.se\/vasternorrland\/budgetanforande-1997\/#breadcrumb"},"inLanguage":"sv-SE","potentialAction":[{"@type":"ReadAction","target":["https:\/\/wp.kristdemokraterna.se\/vasternorrland\/budgetanforande-1997\/"]}]},{"@type":"BreadcrumbList","@id":"https:\/\/wp.kristdemokraterna.se\/vasternorrland\/budgetanforande-1997\/#breadcrumb","itemListElement":[{"@type":"ListItem","position":1,"name":"Hem","item":"https:\/\/wp.kristdemokraterna.se\/vasternorrland\/"},{"@type":"ListItem","position":2,"name":"Budgetanf\u00f6rande 1997"}]},{"@type":"WebSite","@id":"https:\/\/wp.kristdemokraterna.se\/vasternorrland\/#website","url":"https:\/\/wp.kristdemokraterna.se\/vasternorrland\/","name":"KD V\u00e4sternorrland","description":"V\u00e5rda v\u00e5rden - utveckla prim\u00e4rv\u00e5rden","inLanguage":"sv-SE"},{"@type":"Person","@id":"https:\/\/wp.kristdemokraterna.se\/vasternorrland\/#\/schema\/person\/c253503d86970574912dff6ec658bf28","name":"sendelbach","image":{"@type":"ImageObject","inLanguage":"sv-SE","@id":"https:\/\/secure.gravatar.com\/avatar\/0499a666be08fad4eb4333dbfba8681b8ebe23a978ce2e4c44818b2c5e2415b8?s=96&r=g","url":"https:\/\/secure.gravatar.com\/avatar\/0499a666be08fad4eb4333dbfba8681b8ebe23a978ce2e4c44818b2c5e2415b8?s=96&r=g","contentUrl":"https:\/\/secure.gravatar.com\/avatar\/0499a666be08fad4eb4333dbfba8681b8ebe23a978ce2e4c44818b2c5e2415b8?s=96&r=g","caption":"sendelbach"},"url":"https:\/\/wp.kristdemokraterna.se\/vasternorrland\/author\/sendelbach\/"}]}},"_links":{"self":[{"href":"https:\/\/wp.kristdemokraterna.se\/vasternorrland\/wp-json\/wp\/v2\/posts\/292608","targetHints":{"allow":["GET"]}}],"collection":[{"href":"https:\/\/wp.kristdemokraterna.se\/vasternorrland\/wp-json\/wp\/v2\/posts"}],"about":[{"href":"https:\/\/wp.kristdemokraterna.se\/vasternorrland\/wp-json\/wp\/v2\/types\/post"}],"author":[{"embeddable":true,"href":"https:\/\/wp.kristdemokraterna.se\/vasternorrland\/wp-json\/wp\/v2\/users\/861"}],"replies":[{"embeddable":true,"href":"https:\/\/wp.kristdemokraterna.se\/vasternorrland\/wp-json\/wp\/v2\/comments?post=292608"}],"version-history":[{"count":6,"href":"https:\/\/wp.kristdemokraterna.se\/vasternorrland\/wp-json\/wp\/v2\/posts\/292608\/revisions"}],"predecessor-version":[{"id":296710,"href":"https:\/\/wp.kristdemokraterna.se\/vasternorrland\/wp-json\/wp\/v2\/posts\/292608\/revisions\/296710"}],"wp:attachment":[{"href":"https:\/\/wp.kristdemokraterna.se\/vasternorrland\/wp-json\/wp\/v2\/media?parent=292608"}],"wp:term":[{"taxonomy":"category","embeddable":true,"href":"https:\/\/wp.kristdemokraterna.se\/vasternorrland\/wp-json\/wp\/v2\/categories?post=292608"},{"taxonomy":"post_tag","embeddable":true,"href":"https:\/\/wp.kristdemokraterna.se\/vasternorrland\/wp-json\/wp\/v2\/tags?post=292608"}],"curies":[{"name":"wp","href":"https:\/\/api.w.org\/{rel}","templated":true}]}}