{"id":293455,"date":"2019-07-18T19:53:51","date_gmt":"2019-07-18T17:53:51","guid":{"rendered":"http:\/\/wp.kristdemokraterna.se\/vasternorrland\/?p=293455"},"modified":"2020-07-12T21:09:13","modified_gmt":"2020-07-12T19:09:13","slug":"staten-struntar-i-skogsagarnas-aganderatt","status":"publish","type":"post","link":"https:\/\/wp.kristdemokraterna.se\/vasternorrland\/staten-struntar-i-skogsagarnas-aganderatt\/","title":{"rendered":"Staten struntar i skogs\u00e4garnas \u00e4gander\u00e4tt"},"content":{"rendered":"<p>Den svenska skogen ger oss fantastiska m\u00f6jligheter, d\u00e4r kan vi vandra och s\u00f6ka ro. Dessutom ger den avg\u00f6rande int\u00e4kter f\u00f6r v\u00e5r v\u00e4lf\u00e4rd. Den brukade skogen ger oss trippel milj\u00f6nytta. Den tar upp koldioxid n\u00e4r den v\u00e4xer, lagrar koldioxid i tr\u00e4produkter och ers\u00e4tter olja, kol och plast.<\/p>\n<p>Utifr\u00e5n det perspektivet b\u00f6r vi utv\u00e4rdera arbetet med s\u00e5 kallade nyckelbiotoper. N\u00e4r ett skogsomr\u00e5de klassas som nyckelbiotop blir det om\u00f6jligt att s\u00e4lja virket fr\u00e5n skogen. Det blir i praktiken en svartlistning av skogen. Skogs\u00e4garen st\u00e5r i m\u00e5nga fall utan m\u00f6jlighet till ers\u00e4ttning och drabbas h\u00e5rt ekonomiskt.<\/p>\n<p>Det \u00e4r Skogsstyrelsen som best\u00e4mmer vilka skogsomr\u00e5den som \u00e4r nyckelbiotoper och vad som ska kr\u00e4vas av ett skogsomr\u00e5de f\u00f6r att det ska kallas nyckelbiotop. Genom att avg\u00f6ra var gr\u00e4nsen ska g\u00e5 avg\u00f6r man vilka skogar som ska f\u00e5 brukas eller inte. \u00c4nd\u00e5 s\u00e4ger myndigheten att den inte har n\u00e5got inflytande p\u00e5 nyckelbiotopsinventeringens konsekvenser.<\/p>\n<p>Kristdemokraterna menar att nyckelbiotopsinventeringen m\u00e5ste avbrytas helt tills man har visat att den kan utf\u00f6ras p\u00e5 ett r\u00e4ttss\u00e4kert s\u00e4tt d\u00e4r skogs\u00e4gare inte fr\u00e5ntas sin brukander\u00e4tt utan ers\u00e4ttning. \u00c4ven riksdagen har gjort ett tillk\u00e4nnagivande om att nyckelbiotopsinventeringen m\u00e5ste bli r\u00e4ttss\u00e4ker. Det inneb\u00e4r bland annat att inget ska klassas som nyckelbiotop mot skogs\u00e4garens vilja, eller om det saknas medel att ers\u00e4tta skogs\u00e4garen.<\/p>\n<p>Med regeringens tysta medgivande och i strid med riksdagens tillk\u00e4nnagivande har Skogsstyrelsen nu tagit fram en ny metod att inventera nyckelbiotoper. Med den f\u00f6reslagna metoden bed\u00f6ms ungef\u00e4r en fj\u00e4rdedel av den slutavverkningsbara skog som inte redan blivit reservat, bli nyckelbiotop. Det inneb\u00e4r att vart fj\u00e4rde skogsomr\u00e5de som skogs\u00e4gare vill avverka riskerar att stoppas av Skogsstyrelsen!<\/p>\n<p>Att ers\u00e4tta skogs\u00e4gare f\u00f6r all denna skog skulle kosta staten bort\u00e5t 50 miljarder kronor. Det \u00e4r inte realistiskt i ett omr\u00e5de d\u00e4r 14 procent av skogen redan \u00e4r reservat och \u00e4nnu mer har undantagits fr\u00e5n skogsbruk p\u00e5 annat s\u00e4tt. Ist\u00e4llet riskerar skogs\u00e4garna att st\u00e5 f\u00f6r kostnaden sj\u00e4lva.<\/p>\n<p>Konsekvenserna g\u00e5r knappast att \u00f6verblicka. M\u00e4nniskor kommer inte kunna betala sina l\u00e5n. Skog kommer inte accepteras som s\u00e4kerhet av bankerna. Investeringar som skulle beh\u00f6vts kommer inte genomf\u00f6ras, med f\u00f6ljdeffekter p\u00e5 arbetstillf\u00e4llen l\u00e5ngt utanf\u00f6r skogsbranschen. Det h\u00e4r \u00e4r tillg\u00e5ngar som staten i praktiken tar fr\u00e5n den region som beh\u00f6ver tillg\u00e5ngarna mest.<\/p>\n<p>En bra naturv\u00e5rd f\u00f6ruts\u00e4tter tillit till skogs\u00e4garna och att staten h\u00e5ller skogs\u00e4garnas \u00e4gander\u00e4tt h\u00f6gt. Nyckelbiotopsinventeringen i dess nuvarande form m\u00e5ste d\u00e4rf\u00f6r avbrytas.<\/p>\n<p>Kjell-Arne Ottosson, riksdagsledamot Kristdemokraterna V\u00e4rmland<br \/>\nMagnus Oscarsson, riksdagsledamot Kristdemokraterna \u00d6sterg\u00f6tland<br \/>\nLiza-Maria Norlin, gruppledare Kristdemokraterna Sundsvall<br \/>\n<!--Artikeln har \u00e4ven publicerats p\u00e5 allehanda.se och p\u00e5 st.nu den 17 juli 2019--><\/p>\n<hr \/>\n<p><a href=\"http:\/\/wp.kristdemokraterna.se\/vasternorrland\/var-politik\/politikomraden\/miljo-och-energi\/\">Milj\u00f6 och energi<\/a>\u00a0\u00b7 <a href=\"http:\/\/wp.kristdemokraterna.se\/vasternorrland\/var-politik\/politikomraden\/landsbygd\/\">Landsbygd<\/a> | <a href=\"http:\/\/wp.kristdemokraterna.se\/vasternorrland\/etiketter\/kjell-arne-ottosson\/\">Kjell-Arne Ottosson<\/a>\u00a0\u00b7 <a href=\"http:\/\/wp.kristdemokraterna.se\/vasternorrland\/etiketter\/liza-maria-norlin\/\">Liza-Maria Norlin<\/a>\u00a0\u00b7 <a href=\"http:\/\/wp.kristdemokraterna.se\/vasternorrland\/etiketter\/koldioxid\/\">koldioxid<\/a>\u00a0\u00b7 <a href=\"http:\/\/wp.kristdemokraterna.se\/vasternorrland\/etiketter\/magnus-oscarsson\/\">Magnus Oscarsson<\/a>\u00a0\u00b7 <a href=\"http:\/\/wp.kristdemokraterna.se\/vasternorrland\/etiketter\/nyckelbiotop\/\">nyckelbiotop<\/a>\u00a0\u00b7 <a href=\"http:\/\/wp.kristdemokraterna.se\/vasternorrland\/etiketter\/reservat\/\">reservat<\/a>\u00a0\u00b7 <a href=\"http:\/\/wp.kristdemokraterna.se\/vasternorrland\/etiketter\/skog\/\">skog<\/a>\u00a0\u00b7 <a href=\"http:\/\/wp.kristdemokraterna.se\/vasternorrland\/etiketter\/skogs\u00e4gare\/\">skogs\u00e4gare<\/a>\u00a0\u00b7 <a href=\"http:\/\/wp.kristdemokraterna.se\/vasternorrland\/etiketter\/aganderatt\/\">\u00e4gander\u00e4tt<\/a><\/p>\n","protected":false},"excerpt":{"rendered":"<p>Den svenska skogen ger oss fantastiska m\u00f6jligheter, d\u00e4r kan vi vandra och s\u00f6ka ro. Dessutom ger den avg\u00f6rande int\u00e4kter f\u00f6r v\u00e5r v\u00e4lf\u00e4rd. Den brukade skogen ger oss trippel milj\u00f6nytta. Den tar upp koldioxid n\u00e4r den v\u00e4xer, lagrar koldioxid i tr\u00e4produkter och ers\u00e4tter olja, kol och plast. Utifr\u00e5n det perspektivet b\u00f6r vi utv\u00e4rdera arbetet med s\u00e5 <a class=\"read-more-link\" href=\"https:\/\/wp.kristdemokraterna.se\/vasternorrland\/staten-struntar-i-skogsagarnas-aganderatt\/\">Read More<\/a><\/p>\n","protected":false},"author":861,"featured_media":0,"comment_status":"closed","ping_status":"closed","sticky":false,"template":"","format":"standard","meta":{"_acf_changed":false,"footnotes":""},"categories":[798,106,727],"tags":[944,543,409,939,336,693,49,874,622,941,943,940,942],"class_list":["post-293455","post","type-post","status-publish","format-standard","hentry","category-landsbygd","category-miljo-och-energi","category-nyheter","tag-aganderatt","tag-alla-inlagg","tag-debattartikel","tag-kjell-arne-ottosson","tag-koldioxid","tag-landsbygd","tag-liza-maria-norlin","tag-magnus-oscarsson","tag-miljo-och-energi","tag-nyckelbiotop","tag-reservat","tag-skog","tag-skogsagare"],"acf":[],"yoast_head":"<!-- This site is optimized with the Yoast SEO plugin v27.4 - https:\/\/yoast.com\/product\/yoast-seo-wordpress\/ -->\n<title>Staten struntar i skogs\u00e4garnas \u00e4gander\u00e4tt | KD V\u00e4sternorrland<\/title>\n<meta name=\"robots\" content=\"index, follow, max-snippet:-1, max-image-preview:large, max-video-preview:-1\" \/>\n<link rel=\"canonical\" href=\"https:\/\/wp.kristdemokraterna.se\/vasternorrland\/staten-struntar-i-skogsagarnas-aganderatt\/\" \/>\n<meta property=\"og:locale\" content=\"sv_SE\" \/>\n<meta property=\"og:type\" content=\"article\" \/>\n<meta property=\"og:title\" content=\"Staten struntar i skogs\u00e4garnas \u00e4gander\u00e4tt | KD V\u00e4sternorrland\" \/>\n<meta property=\"og:description\" content=\"Den svenska skogen ger oss fantastiska m\u00f6jligheter, d\u00e4r kan vi vandra och s\u00f6ka ro. Dessutom ger den avg\u00f6rande int\u00e4kter f\u00f6r v\u00e5r v\u00e4lf\u00e4rd. Den brukade skogen ger oss trippel milj\u00f6nytta. Den tar upp koldioxid n\u00e4r den v\u00e4xer, lagrar koldioxid i tr\u00e4produkter och ers\u00e4tter olja, kol och plast. Utifr\u00e5n det perspektivet b\u00f6r vi utv\u00e4rdera arbetet med s\u00e5 Read More\" \/>\n<meta property=\"og:url\" content=\"https:\/\/wp.kristdemokraterna.se\/vasternorrland\/staten-struntar-i-skogsagarnas-aganderatt\/\" \/>\n<meta property=\"og:site_name\" content=\"KD V\u00e4sternorrland\" \/>\n<meta property=\"article:publisher\" content=\"https:\/\/www.facebook.com\/kdrvn\/\" \/>\n<meta property=\"article:published_time\" content=\"2019-07-18T17:53:51+00:00\" \/>\n<meta property=\"article:modified_time\" content=\"2020-07-12T19:09:13+00:00\" \/>\n<meta name=\"author\" content=\"sendelbach\" \/>\n<meta name=\"twitter:card\" content=\"summary_large_image\" \/>\n<meta name=\"twitter:label1\" content=\"Skriven av\" \/>\n\t<meta name=\"twitter:data1\" content=\"sendelbach\" \/>\n\t<meta name=\"twitter:label2\" content=\"Ber\u00e4knad l\u00e4stid\" \/>\n\t<meta name=\"twitter:data2\" content=\"3 minuter\" \/>\n<script type=\"application\/ld+json\" class=\"yoast-schema-graph\">{\"@context\":\"https:\\\/\\\/schema.org\",\"@graph\":[{\"@type\":\"Article\",\"@id\":\"https:\\\/\\\/wp.kristdemokraterna.se\\\/vasternorrland\\\/staten-struntar-i-skogsagarnas-aganderatt\\\/#article\",\"isPartOf\":{\"@id\":\"https:\\\/\\\/wp.kristdemokraterna.se\\\/vasternorrland\\\/staten-struntar-i-skogsagarnas-aganderatt\\\/\"},\"author\":{\"name\":\"sendelbach\",\"@id\":\"https:\\\/\\\/wp.kristdemokraterna.se\\\/vasternorrland\\\/#\\\/schema\\\/person\\\/c253503d86970574912dff6ec658bf28\"},\"headline\":\"Staten struntar i skogs\u00e4garnas \u00e4gander\u00e4tt\",\"datePublished\":\"2019-07-18T17:53:51+00:00\",\"dateModified\":\"2020-07-12T19:09:13+00:00\",\"mainEntityOfPage\":{\"@id\":\"https:\\\/\\\/wp.kristdemokraterna.se\\\/vasternorrland\\\/staten-struntar-i-skogsagarnas-aganderatt\\\/\"},\"wordCount\":522,\"keywords\":[\"\u00e4gander\u00e4tt\",\"alla inl\u00e4gg\",\"debattartikel\",\"Kjell-Arne Ottosson\",\"koldioxid\",\"landsbygd\",\"Liza-Maria Norlin\",\"Magnus Oscarsson\",\"milj\u00f6 och energi\",\"nyckelbiotop\",\"reservat\",\"skog\",\"skogs\u00e4gare\"],\"articleSection\":[\"Landsbygd\",\"Milj\u00f6 och energi\",\"Nyheter\"],\"inLanguage\":\"sv-SE\"},{\"@type\":\"WebPage\",\"@id\":\"https:\\\/\\\/wp.kristdemokraterna.se\\\/vasternorrland\\\/staten-struntar-i-skogsagarnas-aganderatt\\\/\",\"url\":\"https:\\\/\\\/wp.kristdemokraterna.se\\\/vasternorrland\\\/staten-struntar-i-skogsagarnas-aganderatt\\\/\",\"name\":\"Staten struntar i skogs\u00e4garnas \u00e4gander\u00e4tt | KD V\u00e4sternorrland\",\"isPartOf\":{\"@id\":\"https:\\\/\\\/wp.kristdemokraterna.se\\\/vasternorrland\\\/#website\"},\"datePublished\":\"2019-07-18T17:53:51+00:00\",\"dateModified\":\"2020-07-12T19:09:13+00:00\",\"author\":{\"@id\":\"https:\\\/\\\/wp.kristdemokraterna.se\\\/vasternorrland\\\/#\\\/schema\\\/person\\\/c253503d86970574912dff6ec658bf28\"},\"breadcrumb\":{\"@id\":\"https:\\\/\\\/wp.kristdemokraterna.se\\\/vasternorrland\\\/staten-struntar-i-skogsagarnas-aganderatt\\\/#breadcrumb\"},\"inLanguage\":\"sv-SE\",\"potentialAction\":[{\"@type\":\"ReadAction\",\"target\":[\"https:\\\/\\\/wp.kristdemokraterna.se\\\/vasternorrland\\\/staten-struntar-i-skogsagarnas-aganderatt\\\/\"]}]},{\"@type\":\"BreadcrumbList\",\"@id\":\"https:\\\/\\\/wp.kristdemokraterna.se\\\/vasternorrland\\\/staten-struntar-i-skogsagarnas-aganderatt\\\/#breadcrumb\",\"itemListElement\":[{\"@type\":\"ListItem\",\"position\":1,\"name\":\"Hem\",\"item\":\"https:\\\/\\\/wp.kristdemokraterna.se\\\/vasternorrland\\\/\"},{\"@type\":\"ListItem\",\"position\":2,\"name\":\"Staten struntar i skogs\u00e4garnas \u00e4gander\u00e4tt\"}]},{\"@type\":\"WebSite\",\"@id\":\"https:\\\/\\\/wp.kristdemokraterna.se\\\/vasternorrland\\\/#website\",\"url\":\"https:\\\/\\\/wp.kristdemokraterna.se\\\/vasternorrland\\\/\",\"name\":\"KD V\u00e4sternorrland\",\"description\":\"V\u00e5rda v\u00e5rden - utveckla prim\u00e4rv\u00e5rden\",\"inLanguage\":\"sv-SE\"},{\"@type\":\"Person\",\"@id\":\"https:\\\/\\\/wp.kristdemokraterna.se\\\/vasternorrland\\\/#\\\/schema\\\/person\\\/c253503d86970574912dff6ec658bf28\",\"name\":\"sendelbach\",\"image\":{\"@type\":\"ImageObject\",\"inLanguage\":\"sv-SE\",\"@id\":\"https:\\\/\\\/secure.gravatar.com\\\/avatar\\\/0499a666be08fad4eb4333dbfba8681b8ebe23a978ce2e4c44818b2c5e2415b8?s=96&r=g\",\"url\":\"https:\\\/\\\/secure.gravatar.com\\\/avatar\\\/0499a666be08fad4eb4333dbfba8681b8ebe23a978ce2e4c44818b2c5e2415b8?s=96&r=g\",\"contentUrl\":\"https:\\\/\\\/secure.gravatar.com\\\/avatar\\\/0499a666be08fad4eb4333dbfba8681b8ebe23a978ce2e4c44818b2c5e2415b8?s=96&r=g\",\"caption\":\"sendelbach\"},\"url\":\"https:\\\/\\\/wp.kristdemokraterna.se\\\/vasternorrland\\\/author\\\/sendelbach\\\/\"}]}<\/script>\n<!-- \/ Yoast SEO plugin. -->","yoast_head_json":{"title":"Staten struntar i skogs\u00e4garnas \u00e4gander\u00e4tt | KD V\u00e4sternorrland","robots":{"index":"index","follow":"follow","max-snippet":"max-snippet:-1","max-image-preview":"max-image-preview:large","max-video-preview":"max-video-preview:-1"},"canonical":"https:\/\/wp.kristdemokraterna.se\/vasternorrland\/staten-struntar-i-skogsagarnas-aganderatt\/","og_locale":"sv_SE","og_type":"article","og_title":"Staten struntar i skogs\u00e4garnas \u00e4gander\u00e4tt | KD V\u00e4sternorrland","og_description":"Den svenska skogen ger oss fantastiska m\u00f6jligheter, d\u00e4r kan vi vandra och s\u00f6ka ro. Dessutom ger den avg\u00f6rande int\u00e4kter f\u00f6r v\u00e5r v\u00e4lf\u00e4rd. Den brukade skogen ger oss trippel milj\u00f6nytta. Den tar upp koldioxid n\u00e4r den v\u00e4xer, lagrar koldioxid i tr\u00e4produkter och ers\u00e4tter olja, kol och plast. Utifr\u00e5n det perspektivet b\u00f6r vi utv\u00e4rdera arbetet med s\u00e5 Read More","og_url":"https:\/\/wp.kristdemokraterna.se\/vasternorrland\/staten-struntar-i-skogsagarnas-aganderatt\/","og_site_name":"KD V\u00e4sternorrland","article_publisher":"https:\/\/www.facebook.com\/kdrvn\/","article_published_time":"2019-07-18T17:53:51+00:00","article_modified_time":"2020-07-12T19:09:13+00:00","author":"sendelbach","twitter_card":"summary_large_image","twitter_misc":{"Skriven av":"sendelbach","Ber\u00e4knad l\u00e4stid":"3 minuter"},"schema":{"@context":"https:\/\/schema.org","@graph":[{"@type":"Article","@id":"https:\/\/wp.kristdemokraterna.se\/vasternorrland\/staten-struntar-i-skogsagarnas-aganderatt\/#article","isPartOf":{"@id":"https:\/\/wp.kristdemokraterna.se\/vasternorrland\/staten-struntar-i-skogsagarnas-aganderatt\/"},"author":{"name":"sendelbach","@id":"https:\/\/wp.kristdemokraterna.se\/vasternorrland\/#\/schema\/person\/c253503d86970574912dff6ec658bf28"},"headline":"Staten struntar i skogs\u00e4garnas \u00e4gander\u00e4tt","datePublished":"2019-07-18T17:53:51+00:00","dateModified":"2020-07-12T19:09:13+00:00","mainEntityOfPage":{"@id":"https:\/\/wp.kristdemokraterna.se\/vasternorrland\/staten-struntar-i-skogsagarnas-aganderatt\/"},"wordCount":522,"keywords":["\u00e4gander\u00e4tt","alla inl\u00e4gg","debattartikel","Kjell-Arne Ottosson","koldioxid","landsbygd","Liza-Maria Norlin","Magnus Oscarsson","milj\u00f6 och energi","nyckelbiotop","reservat","skog","skogs\u00e4gare"],"articleSection":["Landsbygd","Milj\u00f6 och energi","Nyheter"],"inLanguage":"sv-SE"},{"@type":"WebPage","@id":"https:\/\/wp.kristdemokraterna.se\/vasternorrland\/staten-struntar-i-skogsagarnas-aganderatt\/","url":"https:\/\/wp.kristdemokraterna.se\/vasternorrland\/staten-struntar-i-skogsagarnas-aganderatt\/","name":"Staten struntar i skogs\u00e4garnas \u00e4gander\u00e4tt | KD V\u00e4sternorrland","isPartOf":{"@id":"https:\/\/wp.kristdemokraterna.se\/vasternorrland\/#website"},"datePublished":"2019-07-18T17:53:51+00:00","dateModified":"2020-07-12T19:09:13+00:00","author":{"@id":"https:\/\/wp.kristdemokraterna.se\/vasternorrland\/#\/schema\/person\/c253503d86970574912dff6ec658bf28"},"breadcrumb":{"@id":"https:\/\/wp.kristdemokraterna.se\/vasternorrland\/staten-struntar-i-skogsagarnas-aganderatt\/#breadcrumb"},"inLanguage":"sv-SE","potentialAction":[{"@type":"ReadAction","target":["https:\/\/wp.kristdemokraterna.se\/vasternorrland\/staten-struntar-i-skogsagarnas-aganderatt\/"]}]},{"@type":"BreadcrumbList","@id":"https:\/\/wp.kristdemokraterna.se\/vasternorrland\/staten-struntar-i-skogsagarnas-aganderatt\/#breadcrumb","itemListElement":[{"@type":"ListItem","position":1,"name":"Hem","item":"https:\/\/wp.kristdemokraterna.se\/vasternorrland\/"},{"@type":"ListItem","position":2,"name":"Staten struntar i skogs\u00e4garnas \u00e4gander\u00e4tt"}]},{"@type":"WebSite","@id":"https:\/\/wp.kristdemokraterna.se\/vasternorrland\/#website","url":"https:\/\/wp.kristdemokraterna.se\/vasternorrland\/","name":"KD V\u00e4sternorrland","description":"V\u00e5rda v\u00e5rden - utveckla prim\u00e4rv\u00e5rden","inLanguage":"sv-SE"},{"@type":"Person","@id":"https:\/\/wp.kristdemokraterna.se\/vasternorrland\/#\/schema\/person\/c253503d86970574912dff6ec658bf28","name":"sendelbach","image":{"@type":"ImageObject","inLanguage":"sv-SE","@id":"https:\/\/secure.gravatar.com\/avatar\/0499a666be08fad4eb4333dbfba8681b8ebe23a978ce2e4c44818b2c5e2415b8?s=96&r=g","url":"https:\/\/secure.gravatar.com\/avatar\/0499a666be08fad4eb4333dbfba8681b8ebe23a978ce2e4c44818b2c5e2415b8?s=96&r=g","contentUrl":"https:\/\/secure.gravatar.com\/avatar\/0499a666be08fad4eb4333dbfba8681b8ebe23a978ce2e4c44818b2c5e2415b8?s=96&r=g","caption":"sendelbach"},"url":"https:\/\/wp.kristdemokraterna.se\/vasternorrland\/author\/sendelbach\/"}]}},"_links":{"self":[{"href":"https:\/\/wp.kristdemokraterna.se\/vasternorrland\/wp-json\/wp\/v2\/posts\/293455","targetHints":{"allow":["GET"]}}],"collection":[{"href":"https:\/\/wp.kristdemokraterna.se\/vasternorrland\/wp-json\/wp\/v2\/posts"}],"about":[{"href":"https:\/\/wp.kristdemokraterna.se\/vasternorrland\/wp-json\/wp\/v2\/types\/post"}],"author":[{"embeddable":true,"href":"https:\/\/wp.kristdemokraterna.se\/vasternorrland\/wp-json\/wp\/v2\/users\/861"}],"replies":[{"embeddable":true,"href":"https:\/\/wp.kristdemokraterna.se\/vasternorrland\/wp-json\/wp\/v2\/comments?post=293455"}],"version-history":[{"count":2,"href":"https:\/\/wp.kristdemokraterna.se\/vasternorrland\/wp-json\/wp\/v2\/posts\/293455\/revisions"}],"predecessor-version":[{"id":293457,"href":"https:\/\/wp.kristdemokraterna.se\/vasternorrland\/wp-json\/wp\/v2\/posts\/293455\/revisions\/293457"}],"wp:attachment":[{"href":"https:\/\/wp.kristdemokraterna.se\/vasternorrland\/wp-json\/wp\/v2\/media?parent=293455"}],"wp:term":[{"taxonomy":"category","embeddable":true,"href":"https:\/\/wp.kristdemokraterna.se\/vasternorrland\/wp-json\/wp\/v2\/categories?post=293455"},{"taxonomy":"post_tag","embeddable":true,"href":"https:\/\/wp.kristdemokraterna.se\/vasternorrland\/wp-json\/wp\/v2\/tags?post=293455"}],"curies":[{"name":"wp","href":"https:\/\/api.w.org\/{rel}","templated":true}]}}