{"id":294480,"date":"2020-06-20T19:57:12","date_gmt":"2020-06-20T17:57:12","guid":{"rendered":"http:\/\/wp.kristdemokraterna.se\/vasternorrland\/?p=294480"},"modified":"2020-07-21T16:25:19","modified_gmt":"2020-07-21T14:25:19","slug":"vaccinera-aldre-och-riskgrupper-gratis-i-host","status":"publish","type":"post","link":"https:\/\/wp.kristdemokraterna.se\/vasternorrland\/vaccinera-aldre-och-riskgrupper-gratis-i-host\/","title":{"rendered":"Vaccinera \u00e4ldre och riskgrupper gratis i h\u00f6st!"},"content":{"rendered":"<p>Sannolikheten f\u00f6r en andra v\u00e5g av Covid-19 har \u00f6kat markant sedan regeringen beslutat ta bort restriktionerna f\u00f6r resor inom landet alldeles lagom till semestertiden d\u00e5 folk reser som mest.<\/p>\n<p>Snart kommer verkligheten ikapp folket. Kommer det en andra v\u00e5g av pandemin i v\u00e5rt land, s\u00e5 kommer v\u00e5rden f\u00e5 extremt anstr\u00e4ngt under h\u00f6sten och vintern. L\u00e4gg d\u00e4rtill den v\u00e5rdskuld som byggts upp genom alla de operationer och bes\u00f6k som st\u00e4llts in under v\u00e5ren. R\u00e4kna med l\u00e5nga l\u00e5nga v\u00e5rdk\u00f6er en bra tid fram\u00f6ver.<\/p>\n<p>I ett s\u00e5dant l\u00e4ge beh\u00f6ver vi g\u00f6ra allt vi kan f\u00f6r att l\u00e4tta p\u00e5 v\u00e5rdtrycket. Ett s\u00e4tt att g\u00f6ra detta \u00e4r att f\u00e5 fler att vaccinera sig mot influensa och pneumokocker (lunginflammation). Mot coronavirus finns \u00e4nnu inget vaccin. Kristdemokraterna vill d\u00e4rf\u00f6r att Region V\u00e4sternorrland genomf\u00f6r en kampanj d\u00e4r \u00e5lderspension\u00e4rer och riskgrupper erbjuds gratis vaccination.<\/p>\n<p>Vi vet att idag f\u00f6ljer regionen inte Folkh\u00e4lsomyndighetens rekommendationer f\u00f6r vaccinationer utan har valt en \u201drestriktiv linje i avvaktan p\u00e5 regeringens kommande beslut i fr\u00e5gan om att inf\u00f6ra nationella s\u00e4rskilda vaccinationsprogram mot influensa och pneumokocker\u201d. Nu \u00e4r det dags att t\u00e4nka \u2013 vaccinera fler och erbjud \u00e4ldre och riskgrupper gratis vaccination h\u00f6st. Det kommer att l\u00f6na sig!<\/p>\n<p>Mona Hammarstedt (KD), Gruppledare Region V\u00e4sternorrland<br \/>\nHenrik Sendelbach (KD), Vice gruppledare Region V\u00e4sternorrland<br \/>\n<!--Ins\u00e4ndaren har \u00e4ven publicerats p\u00e5 allehanda.se 17 juni, i Tidningen \u00c5ngermanland 18 juni, i Sundsvalls Tidning 21 juni och p\u00e5 st.nu den 23 juni 2020--><\/p>\n<hr \/>\n<p><a href=\"http:\/\/wp.kristdemokraterna.se\/vasternorrland\/var-politik\/politikomraden\/primarvard\/\">Prim\u00e4rv\u00e5rd<\/a>\u00a0\u00b7 <a href=\"http:\/\/wp.kristdemokraterna.se\/vasternorrland\/var-politik\/politikomraden\/aldre\/\">\u00c4ldre<\/a> | <a href=\"http:\/\/wp.kristdemokraterna.se\/vasternorrland\/etiketter\/covid-19\/\">Covid-19<\/a>\u00a0\u00b7 <a href=\"http:\/\/wp.kristdemokraterna.se\/vasternorrland\/etiketter\/mona-hammarstedt\/\">Mona Hammarstedt<\/a>\u00a0\u00b7 <a href=\"http:\/\/wp.kristdemokraterna.se\/vasternorrland\/etiketter\/henrik-sendelbach\/\">Henrik Sendelbach<\/a>\u00a0\u00b7 <a href=\"http:\/\/wp.kristdemokraterna.se\/vasternorrland\/etiketter\/influensa\/\">influensa<\/a>\u00a0\u00b7 <a href=\"http:\/\/wp.kristdemokraterna.se\/vasternorrland\/etiketter\/lunginflammation\/\">lunginflammation<\/a>\u00a0\u00b7 <a href=\"http:\/\/wp.kristdemokraterna.se\/vasternorrland\/etiketter\/pneumokocker\/\">pneumokocker<\/a>\u00a0\u00b7 <a href=\"http:\/\/wp.kristdemokraterna.se\/vasternorrland\/etiketter\/restriktioner\/\">restriktioner<\/a>\u00a0\u00b7 <a href=\"http:\/\/wp.kristdemokraterna.se\/vasternorrland\/etiketter\/riskgrupper\/\">riskgrupper<\/a>\u00a0\u00b7 <a href=\"http:\/\/wp.kristdemokraterna.se\/vasternorrland\/etiketter\/vaccination\/\">vaccination<\/a>\u00a0\u00b7 <a href=\"http:\/\/wp.kristdemokraterna.se\/vasternorrland\/etiketter\/vardskuld\/\">v\u00e5rdskuld<\/a><\/p>\n","protected":false},"excerpt":{"rendered":"<p>Sannolikheten f\u00f6r en andra v\u00e5g av Covid-19 har \u00f6kat markant sedan regeringen beslutat ta bort restriktionerna f\u00f6r resor inom landet alldeles lagom till semestertiden d\u00e5 folk reser som mest. Snart kommer verkligheten ikapp folket. Kommer det en andra v\u00e5g av pandemin i v\u00e5rt land, s\u00e5 kommer v\u00e5rden f\u00e5 extremt anstr\u00e4ngt under h\u00f6sten och vintern. L\u00e4gg <a class=\"read-more-link\" href=\"https:\/\/wp.kristdemokraterna.se\/vasternorrland\/vaccinera-aldre-och-riskgrupper-gratis-i-host\/\">Read More<\/a><\/p>\n","protected":false},"author":861,"featured_media":0,"comment_status":"closed","ping_status":"closed","sticky":false,"template":"","format":"standard","meta":{"_acf_changed":false,"footnotes":""},"categories":[786,727,100],"tags":[45,543,803,448,852,853,16,988,256,987,854,77,866],"class_list":["post-294480","post","type-post","status-publish","format-standard","hentry","category-aldre","category-nyheter","category-primarvard","tag-aldre","tag-alla-inlagg","tag-covid-19","tag-henrik-sendelbach","tag-influensa","tag-lunginflammation","tag-mona-hammarstedt","tag-pneumokocker","tag-primarvard","tag-restriktioner","tag-riskgrupper","tag-vaccination","tag-vardskuld"],"acf":[],"yoast_head":"<!-- This site is optimized with the Yoast SEO plugin v27.4 - https:\/\/yoast.com\/product\/yoast-seo-wordpress\/ -->\n<title>Vaccinera \u00e4ldre och riskgrupper gratis i h\u00f6st! | KD V\u00e4sternorrland<\/title>\n<meta name=\"robots\" content=\"index, follow, max-snippet:-1, max-image-preview:large, max-video-preview:-1\" \/>\n<link rel=\"canonical\" href=\"https:\/\/wp.kristdemokraterna.se\/vasternorrland\/vaccinera-aldre-och-riskgrupper-gratis-i-host\/\" \/>\n<meta property=\"og:locale\" content=\"sv_SE\" \/>\n<meta property=\"og:type\" content=\"article\" \/>\n<meta property=\"og:title\" content=\"Vaccinera \u00e4ldre och riskgrupper gratis i h\u00f6st! | KD V\u00e4sternorrland\" \/>\n<meta property=\"og:description\" content=\"Sannolikheten f\u00f6r en andra v\u00e5g av Covid-19 har \u00f6kat markant sedan regeringen beslutat ta bort restriktionerna f\u00f6r resor inom landet alldeles lagom till semestertiden d\u00e5 folk reser som mest. Snart kommer verkligheten ikapp folket. Kommer det en andra v\u00e5g av pandemin i v\u00e5rt land, s\u00e5 kommer v\u00e5rden f\u00e5 extremt anstr\u00e4ngt under h\u00f6sten och vintern. L\u00e4gg Read More\" \/>\n<meta property=\"og:url\" content=\"https:\/\/wp.kristdemokraterna.se\/vasternorrland\/vaccinera-aldre-och-riskgrupper-gratis-i-host\/\" \/>\n<meta property=\"og:site_name\" content=\"KD V\u00e4sternorrland\" \/>\n<meta property=\"article:publisher\" content=\"https:\/\/www.facebook.com\/kdrvn\/\" \/>\n<meta property=\"article:published_time\" content=\"2020-06-20T17:57:12+00:00\" \/>\n<meta property=\"article:modified_time\" content=\"2020-07-21T14:25:19+00:00\" \/>\n<meta name=\"author\" content=\"sendelbach\" \/>\n<meta name=\"twitter:card\" content=\"summary_large_image\" \/>\n<meta name=\"twitter:label1\" content=\"Skriven av\" \/>\n\t<meta name=\"twitter:data1\" content=\"sendelbach\" \/>\n\t<meta name=\"twitter:label2\" content=\"Ber\u00e4knad l\u00e4stid\" \/>\n\t<meta name=\"twitter:data2\" content=\"1 minut\" \/>\n<script type=\"application\/ld+json\" class=\"yoast-schema-graph\">{\"@context\":\"https:\\\/\\\/schema.org\",\"@graph\":[{\"@type\":\"Article\",\"@id\":\"https:\\\/\\\/wp.kristdemokraterna.se\\\/vasternorrland\\\/vaccinera-aldre-och-riskgrupper-gratis-i-host\\\/#article\",\"isPartOf\":{\"@id\":\"https:\\\/\\\/wp.kristdemokraterna.se\\\/vasternorrland\\\/vaccinera-aldre-och-riskgrupper-gratis-i-host\\\/\"},\"author\":{\"name\":\"sendelbach\",\"@id\":\"https:\\\/\\\/wp.kristdemokraterna.se\\\/vasternorrland\\\/#\\\/schema\\\/person\\\/c253503d86970574912dff6ec658bf28\"},\"headline\":\"Vaccinera \u00e4ldre och riskgrupper gratis i h\u00f6st!\",\"datePublished\":\"2020-06-20T17:57:12+00:00\",\"dateModified\":\"2020-07-21T14:25:19+00:00\",\"mainEntityOfPage\":{\"@id\":\"https:\\\/\\\/wp.kristdemokraterna.se\\\/vasternorrland\\\/vaccinera-aldre-och-riskgrupper-gratis-i-host\\\/\"},\"wordCount\":275,\"keywords\":[\"\u00e4ldre\",\"alla inl\u00e4gg\",\"Covid-19\",\"Henrik Sendelbach\",\"influensa\",\"lunginflammation\",\"Mona Hammarstedt\",\"pneumokocker\",\"prim\u00e4rv\u00e5rd\",\"restriktioner\",\"riskgrupper\",\"vaccination\",\"v\u00e5rdskuld\"],\"articleSection\":[\"\u00c4ldre\",\"Nyheter\",\"Prim\u00e4rv\u00e5rd\"],\"inLanguage\":\"sv-SE\"},{\"@type\":\"WebPage\",\"@id\":\"https:\\\/\\\/wp.kristdemokraterna.se\\\/vasternorrland\\\/vaccinera-aldre-och-riskgrupper-gratis-i-host\\\/\",\"url\":\"https:\\\/\\\/wp.kristdemokraterna.se\\\/vasternorrland\\\/vaccinera-aldre-och-riskgrupper-gratis-i-host\\\/\",\"name\":\"Vaccinera \u00e4ldre och riskgrupper gratis i h\u00f6st! | KD V\u00e4sternorrland\",\"isPartOf\":{\"@id\":\"https:\\\/\\\/wp.kristdemokraterna.se\\\/vasternorrland\\\/#website\"},\"datePublished\":\"2020-06-20T17:57:12+00:00\",\"dateModified\":\"2020-07-21T14:25:19+00:00\",\"author\":{\"@id\":\"https:\\\/\\\/wp.kristdemokraterna.se\\\/vasternorrland\\\/#\\\/schema\\\/person\\\/c253503d86970574912dff6ec658bf28\"},\"breadcrumb\":{\"@id\":\"https:\\\/\\\/wp.kristdemokraterna.se\\\/vasternorrland\\\/vaccinera-aldre-och-riskgrupper-gratis-i-host\\\/#breadcrumb\"},\"inLanguage\":\"sv-SE\",\"potentialAction\":[{\"@type\":\"ReadAction\",\"target\":[\"https:\\\/\\\/wp.kristdemokraterna.se\\\/vasternorrland\\\/vaccinera-aldre-och-riskgrupper-gratis-i-host\\\/\"]}]},{\"@type\":\"BreadcrumbList\",\"@id\":\"https:\\\/\\\/wp.kristdemokraterna.se\\\/vasternorrland\\\/vaccinera-aldre-och-riskgrupper-gratis-i-host\\\/#breadcrumb\",\"itemListElement\":[{\"@type\":\"ListItem\",\"position\":1,\"name\":\"Hem\",\"item\":\"https:\\\/\\\/wp.kristdemokraterna.se\\\/vasternorrland\\\/\"},{\"@type\":\"ListItem\",\"position\":2,\"name\":\"Vaccinera \u00e4ldre och riskgrupper gratis i h\u00f6st!\"}]},{\"@type\":\"WebSite\",\"@id\":\"https:\\\/\\\/wp.kristdemokraterna.se\\\/vasternorrland\\\/#website\",\"url\":\"https:\\\/\\\/wp.kristdemokraterna.se\\\/vasternorrland\\\/\",\"name\":\"KD V\u00e4sternorrland\",\"description\":\"V\u00e5rda v\u00e5rden - utveckla prim\u00e4rv\u00e5rden\",\"inLanguage\":\"sv-SE\"},{\"@type\":\"Person\",\"@id\":\"https:\\\/\\\/wp.kristdemokraterna.se\\\/vasternorrland\\\/#\\\/schema\\\/person\\\/c253503d86970574912dff6ec658bf28\",\"name\":\"sendelbach\",\"image\":{\"@type\":\"ImageObject\",\"inLanguage\":\"sv-SE\",\"@id\":\"https:\\\/\\\/secure.gravatar.com\\\/avatar\\\/0499a666be08fad4eb4333dbfba8681b8ebe23a978ce2e4c44818b2c5e2415b8?s=96&r=g\",\"url\":\"https:\\\/\\\/secure.gravatar.com\\\/avatar\\\/0499a666be08fad4eb4333dbfba8681b8ebe23a978ce2e4c44818b2c5e2415b8?s=96&r=g\",\"contentUrl\":\"https:\\\/\\\/secure.gravatar.com\\\/avatar\\\/0499a666be08fad4eb4333dbfba8681b8ebe23a978ce2e4c44818b2c5e2415b8?s=96&r=g\",\"caption\":\"sendelbach\"},\"url\":\"https:\\\/\\\/wp.kristdemokraterna.se\\\/vasternorrland\\\/author\\\/sendelbach\\\/\"}]}<\/script>\n<!-- \/ Yoast SEO plugin. -->","yoast_head_json":{"title":"Vaccinera \u00e4ldre och riskgrupper gratis i h\u00f6st! | KD V\u00e4sternorrland","robots":{"index":"index","follow":"follow","max-snippet":"max-snippet:-1","max-image-preview":"max-image-preview:large","max-video-preview":"max-video-preview:-1"},"canonical":"https:\/\/wp.kristdemokraterna.se\/vasternorrland\/vaccinera-aldre-och-riskgrupper-gratis-i-host\/","og_locale":"sv_SE","og_type":"article","og_title":"Vaccinera \u00e4ldre och riskgrupper gratis i h\u00f6st! | KD V\u00e4sternorrland","og_description":"Sannolikheten f\u00f6r en andra v\u00e5g av Covid-19 har \u00f6kat markant sedan regeringen beslutat ta bort restriktionerna f\u00f6r resor inom landet alldeles lagom till semestertiden d\u00e5 folk reser som mest. Snart kommer verkligheten ikapp folket. Kommer det en andra v\u00e5g av pandemin i v\u00e5rt land, s\u00e5 kommer v\u00e5rden f\u00e5 extremt anstr\u00e4ngt under h\u00f6sten och vintern. L\u00e4gg Read More","og_url":"https:\/\/wp.kristdemokraterna.se\/vasternorrland\/vaccinera-aldre-och-riskgrupper-gratis-i-host\/","og_site_name":"KD V\u00e4sternorrland","article_publisher":"https:\/\/www.facebook.com\/kdrvn\/","article_published_time":"2020-06-20T17:57:12+00:00","article_modified_time":"2020-07-21T14:25:19+00:00","author":"sendelbach","twitter_card":"summary_large_image","twitter_misc":{"Skriven av":"sendelbach","Ber\u00e4knad l\u00e4stid":"1 minut"},"schema":{"@context":"https:\/\/schema.org","@graph":[{"@type":"Article","@id":"https:\/\/wp.kristdemokraterna.se\/vasternorrland\/vaccinera-aldre-och-riskgrupper-gratis-i-host\/#article","isPartOf":{"@id":"https:\/\/wp.kristdemokraterna.se\/vasternorrland\/vaccinera-aldre-och-riskgrupper-gratis-i-host\/"},"author":{"name":"sendelbach","@id":"https:\/\/wp.kristdemokraterna.se\/vasternorrland\/#\/schema\/person\/c253503d86970574912dff6ec658bf28"},"headline":"Vaccinera \u00e4ldre och riskgrupper gratis i h\u00f6st!","datePublished":"2020-06-20T17:57:12+00:00","dateModified":"2020-07-21T14:25:19+00:00","mainEntityOfPage":{"@id":"https:\/\/wp.kristdemokraterna.se\/vasternorrland\/vaccinera-aldre-och-riskgrupper-gratis-i-host\/"},"wordCount":275,"keywords":["\u00e4ldre","alla inl\u00e4gg","Covid-19","Henrik Sendelbach","influensa","lunginflammation","Mona Hammarstedt","pneumokocker","prim\u00e4rv\u00e5rd","restriktioner","riskgrupper","vaccination","v\u00e5rdskuld"],"articleSection":["\u00c4ldre","Nyheter","Prim\u00e4rv\u00e5rd"],"inLanguage":"sv-SE"},{"@type":"WebPage","@id":"https:\/\/wp.kristdemokraterna.se\/vasternorrland\/vaccinera-aldre-och-riskgrupper-gratis-i-host\/","url":"https:\/\/wp.kristdemokraterna.se\/vasternorrland\/vaccinera-aldre-och-riskgrupper-gratis-i-host\/","name":"Vaccinera \u00e4ldre och riskgrupper gratis i h\u00f6st! | KD V\u00e4sternorrland","isPartOf":{"@id":"https:\/\/wp.kristdemokraterna.se\/vasternorrland\/#website"},"datePublished":"2020-06-20T17:57:12+00:00","dateModified":"2020-07-21T14:25:19+00:00","author":{"@id":"https:\/\/wp.kristdemokraterna.se\/vasternorrland\/#\/schema\/person\/c253503d86970574912dff6ec658bf28"},"breadcrumb":{"@id":"https:\/\/wp.kristdemokraterna.se\/vasternorrland\/vaccinera-aldre-och-riskgrupper-gratis-i-host\/#breadcrumb"},"inLanguage":"sv-SE","potentialAction":[{"@type":"ReadAction","target":["https:\/\/wp.kristdemokraterna.se\/vasternorrland\/vaccinera-aldre-och-riskgrupper-gratis-i-host\/"]}]},{"@type":"BreadcrumbList","@id":"https:\/\/wp.kristdemokraterna.se\/vasternorrland\/vaccinera-aldre-och-riskgrupper-gratis-i-host\/#breadcrumb","itemListElement":[{"@type":"ListItem","position":1,"name":"Hem","item":"https:\/\/wp.kristdemokraterna.se\/vasternorrland\/"},{"@type":"ListItem","position":2,"name":"Vaccinera \u00e4ldre och riskgrupper gratis i h\u00f6st!"}]},{"@type":"WebSite","@id":"https:\/\/wp.kristdemokraterna.se\/vasternorrland\/#website","url":"https:\/\/wp.kristdemokraterna.se\/vasternorrland\/","name":"KD V\u00e4sternorrland","description":"V\u00e5rda v\u00e5rden - utveckla prim\u00e4rv\u00e5rden","inLanguage":"sv-SE"},{"@type":"Person","@id":"https:\/\/wp.kristdemokraterna.se\/vasternorrland\/#\/schema\/person\/c253503d86970574912dff6ec658bf28","name":"sendelbach","image":{"@type":"ImageObject","inLanguage":"sv-SE","@id":"https:\/\/secure.gravatar.com\/avatar\/0499a666be08fad4eb4333dbfba8681b8ebe23a978ce2e4c44818b2c5e2415b8?s=96&r=g","url":"https:\/\/secure.gravatar.com\/avatar\/0499a666be08fad4eb4333dbfba8681b8ebe23a978ce2e4c44818b2c5e2415b8?s=96&r=g","contentUrl":"https:\/\/secure.gravatar.com\/avatar\/0499a666be08fad4eb4333dbfba8681b8ebe23a978ce2e4c44818b2c5e2415b8?s=96&r=g","caption":"sendelbach"},"url":"https:\/\/wp.kristdemokraterna.se\/vasternorrland\/author\/sendelbach\/"}]}},"_links":{"self":[{"href":"https:\/\/wp.kristdemokraterna.se\/vasternorrland\/wp-json\/wp\/v2\/posts\/294480","targetHints":{"allow":["GET"]}}],"collection":[{"href":"https:\/\/wp.kristdemokraterna.se\/vasternorrland\/wp-json\/wp\/v2\/posts"}],"about":[{"href":"https:\/\/wp.kristdemokraterna.se\/vasternorrland\/wp-json\/wp\/v2\/types\/post"}],"author":[{"embeddable":true,"href":"https:\/\/wp.kristdemokraterna.se\/vasternorrland\/wp-json\/wp\/v2\/users\/861"}],"replies":[{"embeddable":true,"href":"https:\/\/wp.kristdemokraterna.se\/vasternorrland\/wp-json\/wp\/v2\/comments?post=294480"}],"version-history":[{"count":2,"href":"https:\/\/wp.kristdemokraterna.se\/vasternorrland\/wp-json\/wp\/v2\/posts\/294480\/revisions"}],"predecessor-version":[{"id":295971,"href":"https:\/\/wp.kristdemokraterna.se\/vasternorrland\/wp-json\/wp\/v2\/posts\/294480\/revisions\/295971"}],"wp:attachment":[{"href":"https:\/\/wp.kristdemokraterna.se\/vasternorrland\/wp-json\/wp\/v2\/media?parent=294480"}],"wp:term":[{"taxonomy":"category","embeddable":true,"href":"https:\/\/wp.kristdemokraterna.se\/vasternorrland\/wp-json\/wp\/v2\/categories?post=294480"},{"taxonomy":"post_tag","embeddable":true,"href":"https:\/\/wp.kristdemokraterna.se\/vasternorrland\/wp-json\/wp\/v2\/tags?post=294480"}],"curies":[{"name":"wp","href":"https:\/\/api.w.org\/{rel}","templated":true}]}}