{"id":295488,"date":"2009-11-14T20:50:10","date_gmt":"2009-11-14T19:50:10","guid":{"rendered":"http:\/\/wp.kristdemokraterna.se\/vasternorrland\/?p=295488"},"modified":"2020-07-19T20:55:48","modified_gmt":"2020-07-19T18:55:48","slug":"bra-att-tanka-en-gang-till-i-regionfragan","status":"publish","type":"post","link":"https:\/\/wp.kristdemokraterna.se\/vasternorrland\/bra-att-tanka-en-gang-till-i-regionfragan\/","title":{"rendered":"Bra att t\u00e4nka en g\u00e5ng till i regionfr\u00e5gan"},"content":{"rendered":"<p>Nu har Kammarkollegiet ocks\u00e5 t\u00e4nkt till i fr\u00e5gan om att dela in Sverige i regioner. F\u00f6r oss i Norrland inneb\u00e4r deras svar, gl\u00e4djande nog, att de r\u00e5der regeringen att t\u00e4nka till en g\u00e5ng till och utreda fr\u00e5gan vidare. Vi \u00e4r m\u00e5nga som anser att det vore tokigt att g\u00f6ra en region av str\u00e4ckan fr\u00e5n Njurunda till Treriksr\u00f6set. Det skulle inneb\u00e4ra att \u00f6ver halva Sveriges yta blir en region. Vi har absolut ingenting emot m\u00e4nniskorna i Norrbotten och V\u00e4sterbotten, men, avst\u00e5nden \u00e4r f\u00f6r stora f\u00f6r att, de s\u00e5 viktiga, personliga m\u00f6tena mellan beslutsfattare skall kunna f\u00e5 demokratin och beslut n\u00e4ra ber\u00f6rda m\u00e4nniskor att fungera. Ett viktigt kriterium f\u00f6r regionbildningen \u00e4r just samh\u00f6righeten.<\/p>\n<p>Vi som arbetar f\u00f6r Mittregionen har ocks\u00e5 haft tillv\u00e4xt som ledstj\u00e4rna f\u00f6r tanken med regioner, medan debatten ofta har fastnat<br \/>\ni befolkningsunderlaget. M\u00f6jligen kan sjukv\u00e5rden vara en anledning till att det beh\u00f6vs ett stort befolkningsunderlag. Vi menar dock att det \u00e4r fullt m\u00f6jligt, och dessutom n\u00f6dv\u00e4ndigt, att sjukv\u00e5rden samarbetar \u00f6ver regiongr\u00e4nserna.<\/p>\n<p>\u00c4ven ett Stornorrland \u00e4r f\u00f6r litet f\u00f6r att kunna h\u00e5lla sig med spetskompetens inom alla sjukv\u00e5rdsomr\u00e5den. I debatten har det ibland l\u00e5tit som om varje ny region skall bli en isolerad \u00f6. Det \u00e4r naturligtvis i realiteten bara skr\u00e4mselargument. F\u00f6rnuftet ligger p\u00e5 ett helt annat plan. Speciellt d\u00e5 det g\u00e4ller sjukv\u00e5rd. I Mittens rike finns stora m\u00f6jligheter till utveckling och ett samlat tag kring tillv\u00e4xten fr\u00e5n kust till fj\u00e4ll och vidare till n\u00e4sta kust. Det k\u00e4nns helt riktigt att t\u00e4nka Sveriges regionindelning i ett<br \/>\nst\u00f6rre perspektiv \u00e4n bara det svenska. Vi \u00e4r en del i internationaliseringen och beroende av v\u00e5r omv\u00e4rld. Vi m\u00e5ste d\u00e4rf\u00f6r skapa b\u00e4sta f\u00f6ruts\u00e4ttningar f\u00f6r ett brett fungerande gr\u00e4ns\u00f6verskridande arbete. F\u00f6r oss \u00e4r det viktigt att regionalt knyta ihop samarbetet med v\u00e5ra grannar i \u00f6ster och v\u00e4ster och bilda en korridor fr\u00e5n Atlantkusten och \u00f6sterut, via \u00d6stersund och Sundsvall. V\u00e5rt geografiska l\u00e4ge \u00e4r utm\u00e4rkt f\u00f6r att bilda ett centralskandinaviskt nav. D\u00e4r kan man g\u00e4rna t\u00e4nka in flyg och kombinerade godstransporter. Vi vill v\u00e4rna om Mittuniversitetet och den positiva utvecklingstrend som de visar. Det \u00e4r mycket viktigt f\u00f6r v\u00e5rt omr\u00e5de att vi st\u00e4rker attraktionskraften f\u00f6r alla \u00e5lderskategorier och att kompetensniv\u00e5n h\u00e5lls uppe med ett v\u00e4l fungerande universitet. <\/p>\n<p>Det \u00e4r ocks\u00e5 troligt att politiken i fr\u00e4mst Timr\u00e5 och H\u00e4rn\u00f6sand inte speglar det som v\u00e4ljarna tycker. F\u00f6r oss k\u00e4nns det v\u00e4ldigt m\u00e4rkligt med en gr\u00e4ns l\u00e4ngs Merlob\u00e4cken. Sj\u00e4lvklart skall \u00e4ven Timr\u00e5 och H\u00e4rn\u00f6sand finnas med i en s\u00f6dra Norrlandsregion.<\/p>\n<p>Kanske kan vi i framtiden f\u00e5 se en s\u00f6dra Norrlandsregion mellan Dal\u00e4lven och Skuleskogen och en norra Norrlandsregion norr om Skuleskogen. D\u00e5 s\u00e4ger vi ja.<\/p>\n<p>Lars Holmgren, Ledamot i Mittstyrelsen f\u00f6r Kristdemokraterna<br \/>\nMona Hammarstedt, Ers\u00e4ttare i Mittstyrelsen f\u00f6r Kristdemokraterna<br \/>\n<!--Inl\u00e4ggeet har \u00e4ven publicerats i Sundsvalls Tidning den 14 november 2009--><br \/>\n<a href=\"http:\/\/wp.kristdemokraterna.se\/vasternorrland\/var-politik\/politikomraden\/regional-utveckling\/\">Regional utveckling<\/a> | <a href=\"http:\/\/wp.kristdemokraterna.se\/vasternorrland\/etiketter\/lars-holmgren\/\">Lars Holmgren<\/a>\u00a0\u00b7 <a href=\"http:\/\/wp.kristdemokraterna.se\/vasternorrland\/etiketter\/mona-hammarstedt\/\">Mona Hammarstedt<\/a>\u00a0\u00b7 <a href=\"http:\/\/wp.kristdemokraterna.se\/vasternorrland\/etiketter\/regionindelning\/\">regionindelning<\/a>\u00a0\u00b7 <a href=\"http:\/\/wp.kristdemokraterna.se\/vasternorrland\/etiketter\/stornorrland\/\">Stornorrland<\/a><\/p>\n","protected":false},"excerpt":{"rendered":"<p>Nu har Kammarkollegiet ocks\u00e5 t\u00e4nkt till i fr\u00e5gan om att dela in Sverige i regioner. F\u00f6r oss i Norrland inneb\u00e4r deras svar, gl\u00e4djande nog, att de r\u00e5der regeringen att t\u00e4nka till en g\u00e5ng till och utreda fr\u00e5gan vidare. Vi \u00e4r m\u00e5nga som anser att det vore tokigt att g\u00f6ra en region av str\u00e4ckan fr\u00e5n Njurunda <a class=\"read-more-link\" href=\"https:\/\/wp.kristdemokraterna.se\/vasternorrland\/bra-att-tanka-en-gang-till-i-regionfragan\/\">Read More<\/a><\/p>\n","protected":false},"author":861,"featured_media":0,"comment_status":"closed","ping_status":"closed","sticky":false,"template":"","format":"standard","meta":{"_acf_changed":false,"footnotes":""},"categories":[727,761],"tags":[543,1024,16,159,603,60],"class_list":["post-295488","post","type-post","status-publish","format-standard","hentry","category-nyheter","category-regional-utveckling","tag-alla-inlagg","tag-lars-holmgren","tag-mona-hammarstedt","tag-regional-utveckling","tag-regionindelning","tag-stornorrland"],"acf":[],"yoast_head":"<!-- This site is optimized with the Yoast SEO plugin v27.4 - https:\/\/yoast.com\/product\/yoast-seo-wordpress\/ -->\n<title>Bra att t\u00e4nka en g\u00e5ng till i regionfr\u00e5gan | KD V\u00e4sternorrland<\/title>\n<meta name=\"robots\" content=\"index, follow, max-snippet:-1, max-image-preview:large, max-video-preview:-1\" \/>\n<link rel=\"canonical\" href=\"https:\/\/wp.kristdemokraterna.se\/vasternorrland\/bra-att-tanka-en-gang-till-i-regionfragan\/\" \/>\n<meta property=\"og:locale\" content=\"sv_SE\" \/>\n<meta property=\"og:type\" content=\"article\" \/>\n<meta property=\"og:title\" content=\"Bra att t\u00e4nka en g\u00e5ng till i regionfr\u00e5gan | KD V\u00e4sternorrland\" \/>\n<meta property=\"og:description\" content=\"Nu har Kammarkollegiet ocks\u00e5 t\u00e4nkt till i fr\u00e5gan om att dela in Sverige i regioner. F\u00f6r oss i Norrland inneb\u00e4r deras svar, gl\u00e4djande nog, att de r\u00e5der regeringen att t\u00e4nka till en g\u00e5ng till och utreda fr\u00e5gan vidare. Vi \u00e4r m\u00e5nga som anser att det vore tokigt att g\u00f6ra en region av str\u00e4ckan fr\u00e5n Njurunda Read More\" \/>\n<meta property=\"og:url\" content=\"https:\/\/wp.kristdemokraterna.se\/vasternorrland\/bra-att-tanka-en-gang-till-i-regionfragan\/\" \/>\n<meta property=\"og:site_name\" content=\"KD V\u00e4sternorrland\" \/>\n<meta property=\"article:publisher\" content=\"https:\/\/www.facebook.com\/kdrvn\/\" \/>\n<meta property=\"article:published_time\" content=\"2009-11-14T19:50:10+00:00\" \/>\n<meta property=\"article:modified_time\" content=\"2020-07-19T18:55:48+00:00\" \/>\n<meta name=\"author\" content=\"sendelbach\" \/>\n<meta name=\"twitter:card\" content=\"summary_large_image\" \/>\n<meta name=\"twitter:label1\" content=\"Skriven av\" \/>\n\t<meta name=\"twitter:data1\" content=\"sendelbach\" \/>\n\t<meta name=\"twitter:label2\" content=\"Ber\u00e4knad l\u00e4stid\" \/>\n\t<meta name=\"twitter:data2\" content=\"3 minuter\" \/>\n<script type=\"application\/ld+json\" class=\"yoast-schema-graph\">{\"@context\":\"https:\\\/\\\/schema.org\",\"@graph\":[{\"@type\":\"Article\",\"@id\":\"https:\\\/\\\/wp.kristdemokraterna.se\\\/vasternorrland\\\/bra-att-tanka-en-gang-till-i-regionfragan\\\/#article\",\"isPartOf\":{\"@id\":\"https:\\\/\\\/wp.kristdemokraterna.se\\\/vasternorrland\\\/bra-att-tanka-en-gang-till-i-regionfragan\\\/\"},\"author\":{\"name\":\"sendelbach\",\"@id\":\"https:\\\/\\\/wp.kristdemokraterna.se\\\/vasternorrland\\\/#\\\/schema\\\/person\\\/c253503d86970574912dff6ec658bf28\"},\"headline\":\"Bra att t\u00e4nka en g\u00e5ng till i regionfr\u00e5gan\",\"datePublished\":\"2009-11-14T19:50:10+00:00\",\"dateModified\":\"2020-07-19T18:55:48+00:00\",\"mainEntityOfPage\":{\"@id\":\"https:\\\/\\\/wp.kristdemokraterna.se\\\/vasternorrland\\\/bra-att-tanka-en-gang-till-i-regionfragan\\\/\"},\"wordCount\":566,\"keywords\":[\"alla inl\u00e4gg\",\"Lars Holmgren\",\"Mona Hammarstedt\",\"regional utveckling\",\"regionindelning\",\"stornorrland\"],\"articleSection\":[\"Nyheter\",\"Regional utveckling\"],\"inLanguage\":\"sv-SE\"},{\"@type\":\"WebPage\",\"@id\":\"https:\\\/\\\/wp.kristdemokraterna.se\\\/vasternorrland\\\/bra-att-tanka-en-gang-till-i-regionfragan\\\/\",\"url\":\"https:\\\/\\\/wp.kristdemokraterna.se\\\/vasternorrland\\\/bra-att-tanka-en-gang-till-i-regionfragan\\\/\",\"name\":\"Bra att t\u00e4nka en g\u00e5ng till i regionfr\u00e5gan | KD V\u00e4sternorrland\",\"isPartOf\":{\"@id\":\"https:\\\/\\\/wp.kristdemokraterna.se\\\/vasternorrland\\\/#website\"},\"datePublished\":\"2009-11-14T19:50:10+00:00\",\"dateModified\":\"2020-07-19T18:55:48+00:00\",\"author\":{\"@id\":\"https:\\\/\\\/wp.kristdemokraterna.se\\\/vasternorrland\\\/#\\\/schema\\\/person\\\/c253503d86970574912dff6ec658bf28\"},\"breadcrumb\":{\"@id\":\"https:\\\/\\\/wp.kristdemokraterna.se\\\/vasternorrland\\\/bra-att-tanka-en-gang-till-i-regionfragan\\\/#breadcrumb\"},\"inLanguage\":\"sv-SE\",\"potentialAction\":[{\"@type\":\"ReadAction\",\"target\":[\"https:\\\/\\\/wp.kristdemokraterna.se\\\/vasternorrland\\\/bra-att-tanka-en-gang-till-i-regionfragan\\\/\"]}]},{\"@type\":\"BreadcrumbList\",\"@id\":\"https:\\\/\\\/wp.kristdemokraterna.se\\\/vasternorrland\\\/bra-att-tanka-en-gang-till-i-regionfragan\\\/#breadcrumb\",\"itemListElement\":[{\"@type\":\"ListItem\",\"position\":1,\"name\":\"Hem\",\"item\":\"https:\\\/\\\/wp.kristdemokraterna.se\\\/vasternorrland\\\/\"},{\"@type\":\"ListItem\",\"position\":2,\"name\":\"Bra att t\u00e4nka en g\u00e5ng till i regionfr\u00e5gan\"}]},{\"@type\":\"WebSite\",\"@id\":\"https:\\\/\\\/wp.kristdemokraterna.se\\\/vasternorrland\\\/#website\",\"url\":\"https:\\\/\\\/wp.kristdemokraterna.se\\\/vasternorrland\\\/\",\"name\":\"KD V\u00e4sternorrland\",\"description\":\"V\u00e5rda v\u00e5rden - utveckla prim\u00e4rv\u00e5rden\",\"inLanguage\":\"sv-SE\"},{\"@type\":\"Person\",\"@id\":\"https:\\\/\\\/wp.kristdemokraterna.se\\\/vasternorrland\\\/#\\\/schema\\\/person\\\/c253503d86970574912dff6ec658bf28\",\"name\":\"sendelbach\",\"image\":{\"@type\":\"ImageObject\",\"inLanguage\":\"sv-SE\",\"@id\":\"https:\\\/\\\/secure.gravatar.com\\\/avatar\\\/0499a666be08fad4eb4333dbfba8681b8ebe23a978ce2e4c44818b2c5e2415b8?s=96&r=g\",\"url\":\"https:\\\/\\\/secure.gravatar.com\\\/avatar\\\/0499a666be08fad4eb4333dbfba8681b8ebe23a978ce2e4c44818b2c5e2415b8?s=96&r=g\",\"contentUrl\":\"https:\\\/\\\/secure.gravatar.com\\\/avatar\\\/0499a666be08fad4eb4333dbfba8681b8ebe23a978ce2e4c44818b2c5e2415b8?s=96&r=g\",\"caption\":\"sendelbach\"},\"url\":\"https:\\\/\\\/wp.kristdemokraterna.se\\\/vasternorrland\\\/author\\\/sendelbach\\\/\"}]}<\/script>\n<!-- \/ Yoast SEO plugin. -->","yoast_head_json":{"title":"Bra att t\u00e4nka en g\u00e5ng till i regionfr\u00e5gan | KD V\u00e4sternorrland","robots":{"index":"index","follow":"follow","max-snippet":"max-snippet:-1","max-image-preview":"max-image-preview:large","max-video-preview":"max-video-preview:-1"},"canonical":"https:\/\/wp.kristdemokraterna.se\/vasternorrland\/bra-att-tanka-en-gang-till-i-regionfragan\/","og_locale":"sv_SE","og_type":"article","og_title":"Bra att t\u00e4nka en g\u00e5ng till i regionfr\u00e5gan | KD V\u00e4sternorrland","og_description":"Nu har Kammarkollegiet ocks\u00e5 t\u00e4nkt till i fr\u00e5gan om att dela in Sverige i regioner. F\u00f6r oss i Norrland inneb\u00e4r deras svar, gl\u00e4djande nog, att de r\u00e5der regeringen att t\u00e4nka till en g\u00e5ng till och utreda fr\u00e5gan vidare. Vi \u00e4r m\u00e5nga som anser att det vore tokigt att g\u00f6ra en region av str\u00e4ckan fr\u00e5n Njurunda Read More","og_url":"https:\/\/wp.kristdemokraterna.se\/vasternorrland\/bra-att-tanka-en-gang-till-i-regionfragan\/","og_site_name":"KD V\u00e4sternorrland","article_publisher":"https:\/\/www.facebook.com\/kdrvn\/","article_published_time":"2009-11-14T19:50:10+00:00","article_modified_time":"2020-07-19T18:55:48+00:00","author":"sendelbach","twitter_card":"summary_large_image","twitter_misc":{"Skriven av":"sendelbach","Ber\u00e4knad l\u00e4stid":"3 minuter"},"schema":{"@context":"https:\/\/schema.org","@graph":[{"@type":"Article","@id":"https:\/\/wp.kristdemokraterna.se\/vasternorrland\/bra-att-tanka-en-gang-till-i-regionfragan\/#article","isPartOf":{"@id":"https:\/\/wp.kristdemokraterna.se\/vasternorrland\/bra-att-tanka-en-gang-till-i-regionfragan\/"},"author":{"name":"sendelbach","@id":"https:\/\/wp.kristdemokraterna.se\/vasternorrland\/#\/schema\/person\/c253503d86970574912dff6ec658bf28"},"headline":"Bra att t\u00e4nka en g\u00e5ng till i regionfr\u00e5gan","datePublished":"2009-11-14T19:50:10+00:00","dateModified":"2020-07-19T18:55:48+00:00","mainEntityOfPage":{"@id":"https:\/\/wp.kristdemokraterna.se\/vasternorrland\/bra-att-tanka-en-gang-till-i-regionfragan\/"},"wordCount":566,"keywords":["alla inl\u00e4gg","Lars Holmgren","Mona Hammarstedt","regional utveckling","regionindelning","stornorrland"],"articleSection":["Nyheter","Regional utveckling"],"inLanguage":"sv-SE"},{"@type":"WebPage","@id":"https:\/\/wp.kristdemokraterna.se\/vasternorrland\/bra-att-tanka-en-gang-till-i-regionfragan\/","url":"https:\/\/wp.kristdemokraterna.se\/vasternorrland\/bra-att-tanka-en-gang-till-i-regionfragan\/","name":"Bra att t\u00e4nka en g\u00e5ng till i regionfr\u00e5gan | KD V\u00e4sternorrland","isPartOf":{"@id":"https:\/\/wp.kristdemokraterna.se\/vasternorrland\/#website"},"datePublished":"2009-11-14T19:50:10+00:00","dateModified":"2020-07-19T18:55:48+00:00","author":{"@id":"https:\/\/wp.kristdemokraterna.se\/vasternorrland\/#\/schema\/person\/c253503d86970574912dff6ec658bf28"},"breadcrumb":{"@id":"https:\/\/wp.kristdemokraterna.se\/vasternorrland\/bra-att-tanka-en-gang-till-i-regionfragan\/#breadcrumb"},"inLanguage":"sv-SE","potentialAction":[{"@type":"ReadAction","target":["https:\/\/wp.kristdemokraterna.se\/vasternorrland\/bra-att-tanka-en-gang-till-i-regionfragan\/"]}]},{"@type":"BreadcrumbList","@id":"https:\/\/wp.kristdemokraterna.se\/vasternorrland\/bra-att-tanka-en-gang-till-i-regionfragan\/#breadcrumb","itemListElement":[{"@type":"ListItem","position":1,"name":"Hem","item":"https:\/\/wp.kristdemokraterna.se\/vasternorrland\/"},{"@type":"ListItem","position":2,"name":"Bra att t\u00e4nka en g\u00e5ng till i regionfr\u00e5gan"}]},{"@type":"WebSite","@id":"https:\/\/wp.kristdemokraterna.se\/vasternorrland\/#website","url":"https:\/\/wp.kristdemokraterna.se\/vasternorrland\/","name":"KD V\u00e4sternorrland","description":"V\u00e5rda v\u00e5rden - utveckla prim\u00e4rv\u00e5rden","inLanguage":"sv-SE"},{"@type":"Person","@id":"https:\/\/wp.kristdemokraterna.se\/vasternorrland\/#\/schema\/person\/c253503d86970574912dff6ec658bf28","name":"sendelbach","image":{"@type":"ImageObject","inLanguage":"sv-SE","@id":"https:\/\/secure.gravatar.com\/avatar\/0499a666be08fad4eb4333dbfba8681b8ebe23a978ce2e4c44818b2c5e2415b8?s=96&r=g","url":"https:\/\/secure.gravatar.com\/avatar\/0499a666be08fad4eb4333dbfba8681b8ebe23a978ce2e4c44818b2c5e2415b8?s=96&r=g","contentUrl":"https:\/\/secure.gravatar.com\/avatar\/0499a666be08fad4eb4333dbfba8681b8ebe23a978ce2e4c44818b2c5e2415b8?s=96&r=g","caption":"sendelbach"},"url":"https:\/\/wp.kristdemokraterna.se\/vasternorrland\/author\/sendelbach\/"}]}},"_links":{"self":[{"href":"https:\/\/wp.kristdemokraterna.se\/vasternorrland\/wp-json\/wp\/v2\/posts\/295488","targetHints":{"allow":["GET"]}}],"collection":[{"href":"https:\/\/wp.kristdemokraterna.se\/vasternorrland\/wp-json\/wp\/v2\/posts"}],"about":[{"href":"https:\/\/wp.kristdemokraterna.se\/vasternorrland\/wp-json\/wp\/v2\/types\/post"}],"author":[{"embeddable":true,"href":"https:\/\/wp.kristdemokraterna.se\/vasternorrland\/wp-json\/wp\/v2\/users\/861"}],"replies":[{"embeddable":true,"href":"https:\/\/wp.kristdemokraterna.se\/vasternorrland\/wp-json\/wp\/v2\/comments?post=295488"}],"version-history":[{"count":1,"href":"https:\/\/wp.kristdemokraterna.se\/vasternorrland\/wp-json\/wp\/v2\/posts\/295488\/revisions"}],"predecessor-version":[{"id":295489,"href":"https:\/\/wp.kristdemokraterna.se\/vasternorrland\/wp-json\/wp\/v2\/posts\/295488\/revisions\/295489"}],"wp:attachment":[{"href":"https:\/\/wp.kristdemokraterna.se\/vasternorrland\/wp-json\/wp\/v2\/media?parent=295488"}],"wp:term":[{"taxonomy":"category","embeddable":true,"href":"https:\/\/wp.kristdemokraterna.se\/vasternorrland\/wp-json\/wp\/v2\/categories?post=295488"},{"taxonomy":"post_tag","embeddable":true,"href":"https:\/\/wp.kristdemokraterna.se\/vasternorrland\/wp-json\/wp\/v2\/tags?post=295488"}],"curies":[{"name":"wp","href":"https:\/\/api.w.org\/{rel}","templated":true}]}}