{"id":295629,"date":"2010-04-14T09:54:47","date_gmt":"2010-04-14T07:54:47","guid":{"rendered":"http:\/\/wp.kristdemokraterna.se\/vasternorrland\/?p=295629"},"modified":"2021-01-26T16:47:01","modified_gmt":"2021-01-26T15:47:01","slug":"tanka-bilen-med-allt-fran-biogas-etanol-till-el","status":"publish","type":"post","link":"https:\/\/wp.kristdemokraterna.se\/vasternorrland\/tanka-bilen-med-allt-fran-biogas-etanol-till-el\/","title":{"rendered":"Tanka bilen med allt fr\u00e5n biogas, etanol till el"},"content":{"rendered":"<p>N\u00e4r n\u00e5gon med stora men felaktiga ambitioner f\u00e5r chansen att ut\u00f6va inflytande, vad h\u00e4nder d\u00e5? I Milj\u00f6partiets fall \u00e4r pumplagen det pedagogiska exemplet p\u00e5 hur det kan g\u00e5 till. D\u00e4rf\u00f6r \u00e4r det s\u00e5 viktigt f\u00f6r Karin Svensson Smith i ST 6\/4 att f\u00f6rs\u00f6ka urs\u00e4kta varf\u00f6r pumplagen blivit ett fiasko. Milj\u00f6partiet vill s\u00e5 g\u00e4rna f\u00f6rsigkomma teknisk utveckling och utn\u00e4mna sig sj\u00e4lv i egenskap av politiker till huvudrollsinnehavare f\u00f6r den goda framtiden. Men att som politiker kliva in p\u00e5 en h\u00e5rt pr\u00f6vad bransch och kr\u00e4va en ol\u00f6nsam investering p\u00e5 cirka 500 000 kronor f\u00e5r avg\u00f6rande betydelse f\u00f6r hur n\u00e4ringen klarar sig. Trafikutskottets utredning pekar ut strukturrationaliseringen som huvudrollsinnehavare f\u00f6r mackd\u00f6den. Men pumplagens roll som droppen i den v\u00e4ltande b\u00e4garen avspeglar sig ocks\u00e5 i utredningen d\u00e4r man kan se nedl\u00e4ggningen accelerera i takt med att pumplagens krav sk\u00e4rptes i de olika stegen. Med en nedlagd mack f\u00e5r den som vill tanka, oavsett br\u00e4nsleslag, k\u00f6ra vidare till n\u00e4sta samh\u00e4lle f\u00f6r att d\u00e4r se om n\u00e5gon mack finns kvar. Varken milj\u00f6n eller n\u00e5gons pl\u00e5nbok sparas i den k\u00f6rturen.<\/p>\n<p>Vi kristdemokrater kritiserade pumplagen n\u00e4r den inf\u00f6rdes 2005 f\u00f6r dess brist p\u00e5 teknikneutralitet. D\u00e5 ville Milj\u00f6partiet inf\u00f6ra en lag som ensidigt skulle gynna etanolen som fossilfritt br\u00e4nsleslag. Etanolen \u00e4r fortsatt viktig i br\u00e4nslefloran, men inte allenar\u00e5dande med 1,1 procent av drivmedelsmarknaden. Nu, drygt fem \u00e5r senare kallar Karin Svensson-Smith mig okunnig f\u00f6r att jag inte utn\u00e4mner ett enskilt br\u00e4nsleslag till bensinens ers\u00e4ttare. Smith vill utn\u00e4mna ett br\u00e4nsle hon sj\u00e4lv bed\u00f6mer som framtidens och sedan med ett schackdrag inf\u00f6ra det f\u00f6r hela landet. F\u00f6r den som \u00e5tminstone doppar t\u00e5rna i n\u00e4ringslivets verklighet ter sig den h\u00e4r sortens centralpolitiska Alexanderhugg lite 1984.<\/p>\n<p>Milj\u00f6partiets resultatinriktade ambitioner f\u00f6rblir dystopisk science fiction n\u00e4r man v\u00e4grar bygga ett samh\u00e4lle med plats \u00e4ven f\u00f6r de som inte har tillg\u00e5ng till r\u00e4ls. Att Karin Svensson-Smith talar sig varm f\u00f6r biogasens f\u00f6rdelar blir ih\u00e5ligt n\u00e4r man i sitt partis alla budgetf\u00f6rslag inte vill l\u00e4gga en krona p\u00e5 v\u00e4gar. F\u00f6r s\u00e4kerhetens skull, f\u00f6r milj\u00f6ns skull och f\u00f6r alla som ser semesterpengar skjutas bort av stenskott eller pysa iv\u00e4g med punkteringar \u00e4r det viktigt att investera i v\u00e4gn\u00e4tet. Den miljard som satsas per \u00e5r p\u00e5 enskilda v\u00e4gar i regeringens plan f\u00f6r Sveriges infrastruktur 2010\u20132021, \u00e4r mycket viktig f\u00f6r V\u00e4sternorrland.<\/p>\n<p>Fr\u00e5n de tolv \u00e5r d\u00e5 Milj\u00f6partiet hade ett reellt inflytande p\u00e5 besluten har vi \u00e4rvt eftersatt v\u00e4g- och r\u00e4lsunderh\u00e5ll och orealiserade investeringar. Nu har vi en finansierad infrastruktur. P\u00e5 den ska framtidens kollektivtrafik och privatbilism ges f\u00f6ruts\u00e4ttningar att f\u00e4rdas koldioxidneutralt. Biogas, etanol, elektricitet, l\u00e5t tusen blommor blomma. L\u00e5t det b\u00e4sta br\u00e4nsleslaget f\u00e5 genomslaget.<\/p>\n<p>Liza-Maria Norlin, riksdagsledamot (KD) V\u00e4sternorrland<br \/>\n<!--Inl\u00e4gget har \u00e4ven publicerats i Sundsvalls Tidning den 15 april 2010--><br \/>\n<em>Bilden \u00f6verst: OKQ8 i Bydalen, Sundsvall 9 januari 20214. Foto av Henrik Sendelbach (<a href=\"https:\/\/creativecommons.org\/licenses\/by-sa\/4.0\/deed.sv\">CC-BY-SA 4.0<\/a>).<\/em><\/p>\n<p><a href=\"http:\/\/wp.kristdemokraterna.se\/vasternorrland\/var-politik\/politikomraden\/infrastruktur\/\">Infrastruktur<\/a>\u00a0\u00b7 <a href=\"http:\/\/wp.kristdemokraterna.se\/vasternorrland\/var-politik\/politikomraden\/miljo-och-energi\/\">Milj\u00f6 och energi<\/a> | <a href=\"http:\/\/wp.kristdemokraterna.se\/vasternorrland\/etiketter\/biobransle\/\">biobr\u00e4nsle<\/a>\u00a0\u00b7 <a href=\"http:\/\/wp.kristdemokraterna.se\/vasternorrland\/etiketter\/koldioxid\/\">koldioxid<\/a>\u00a0\u00b7 <a href=\"http:\/\/wp.kristdemokraterna.se\/vasternorrland\/etiketter\/liza-maria-norlin\/\">Liza-Maria Norlin<\/a>\u00a0\u00b7 <a href=\"http:\/\/wp.kristdemokraterna.se\/vasternorrland\/etiketter\/miljopartiet\/\">Milj\u00f6partiet<\/a>\u00a0\u00b7 <a href=\"http:\/\/wp.kristdemokraterna.se\/vasternorrland\/etiketter\/ralsunderhall\/\">r\u00e4lsunderh\u00e5ll<\/a>\u00a0\u00b7 <a href=\"http:\/\/wp.kristdemokraterna.se\/vasternorrland\/etiketter\/vagunderhall\/\">v\u00e4gunderh\u00e5ll<\/a><\/p>\n","protected":false},"excerpt":{"rendered":"<p>N\u00e4r n\u00e5gon med stora men felaktiga ambitioner f\u00e5r chansen att ut\u00f6va inflytande, vad h\u00e4nder d\u00e5? I Milj\u00f6partiets fall \u00e4r pumplagen det pedagogiska exemplet p\u00e5 hur det kan g\u00e5 till. D\u00e4rf\u00f6r \u00e4r det s\u00e5 viktigt f\u00f6r Karin Svensson Smith i ST 6\/4 att f\u00f6rs\u00f6ka urs\u00e4kta varf\u00f6r pumplagen blivit ett fiasko. Milj\u00f6partiet vill s\u00e5 g\u00e4rna f\u00f6rsigkomma teknisk <a class=\"read-more-link\" href=\"https:\/\/wp.kristdemokraterna.se\/vasternorrland\/tanka-bilen-med-allt-fran-biogas-etanol-till-el\/\">Read More<\/a><\/p>\n","protected":false},"author":861,"featured_media":0,"comment_status":"closed","ping_status":"closed","sticky":false,"template":"","format":"standard","meta":{"_acf_changed":false,"footnotes":""},"categories":[743,106,727],"tags":[543,1029,253,336,622,1026,1028,1027],"class_list":["post-295629","post","type-post","status-publish","format-standard","hentry","category-infrastruktur","category-miljo-och-energi","category-nyheter","tag-alla-inlagg","tag-biobransle","tag-infrastruktur","tag-koldioxid","tag-miljo-och-energi","tag-miljopartiet","tag-ralsunderhall","tag-vagunderhall"],"acf":[],"yoast_head":"<!-- This site is optimized with the Yoast SEO plugin v27.4 - https:\/\/yoast.com\/product\/yoast-seo-wordpress\/ -->\n<title>Tanka bilen med allt fr\u00e5n biogas, etanol till el | KD V\u00e4sternorrland<\/title>\n<meta name=\"robots\" content=\"index, follow, max-snippet:-1, max-image-preview:large, max-video-preview:-1\" \/>\n<link rel=\"canonical\" href=\"https:\/\/wp.kristdemokraterna.se\/vasternorrland\/tanka-bilen-med-allt-fran-biogas-etanol-till-el\/\" \/>\n<meta property=\"og:locale\" content=\"sv_SE\" \/>\n<meta property=\"og:type\" content=\"article\" \/>\n<meta property=\"og:title\" content=\"Tanka bilen med allt fr\u00e5n biogas, etanol till el | KD V\u00e4sternorrland\" \/>\n<meta property=\"og:description\" content=\"N\u00e4r n\u00e5gon med stora men felaktiga ambitioner f\u00e5r chansen att ut\u00f6va inflytande, vad h\u00e4nder d\u00e5? I Milj\u00f6partiets fall \u00e4r pumplagen det pedagogiska exemplet p\u00e5 hur det kan g\u00e5 till. D\u00e4rf\u00f6r \u00e4r det s\u00e5 viktigt f\u00f6r Karin Svensson Smith i ST 6\/4 att f\u00f6rs\u00f6ka urs\u00e4kta varf\u00f6r pumplagen blivit ett fiasko. Milj\u00f6partiet vill s\u00e5 g\u00e4rna f\u00f6rsigkomma teknisk Read More\" \/>\n<meta property=\"og:url\" content=\"https:\/\/wp.kristdemokraterna.se\/vasternorrland\/tanka-bilen-med-allt-fran-biogas-etanol-till-el\/\" \/>\n<meta property=\"og:site_name\" content=\"KD V\u00e4sternorrland\" \/>\n<meta property=\"article:publisher\" content=\"https:\/\/www.facebook.com\/kdrvn\/\" \/>\n<meta property=\"article:published_time\" content=\"2010-04-14T07:54:47+00:00\" \/>\n<meta property=\"article:modified_time\" content=\"2021-01-26T15:47:01+00:00\" \/>\n<meta name=\"author\" content=\"sendelbach\" \/>\n<meta name=\"twitter:card\" content=\"summary_large_image\" \/>\n<meta name=\"twitter:label1\" content=\"Skriven av\" \/>\n\t<meta name=\"twitter:data1\" content=\"sendelbach\" \/>\n\t<meta name=\"twitter:label2\" content=\"Ber\u00e4knad l\u00e4stid\" \/>\n\t<meta name=\"twitter:data2\" content=\"3 minuter\" \/>\n<script type=\"application\/ld+json\" class=\"yoast-schema-graph\">{\"@context\":\"https:\\\/\\\/schema.org\",\"@graph\":[{\"@type\":\"Article\",\"@id\":\"https:\\\/\\\/wp.kristdemokraterna.se\\\/vasternorrland\\\/tanka-bilen-med-allt-fran-biogas-etanol-till-el\\\/#article\",\"isPartOf\":{\"@id\":\"https:\\\/\\\/wp.kristdemokraterna.se\\\/vasternorrland\\\/tanka-bilen-med-allt-fran-biogas-etanol-till-el\\\/\"},\"author\":{\"name\":\"sendelbach\",\"@id\":\"https:\\\/\\\/wp.kristdemokraterna.se\\\/vasternorrland\\\/#\\\/schema\\\/person\\\/c253503d86970574912dff6ec658bf28\"},\"headline\":\"Tanka bilen med allt fr\u00e5n biogas, etanol till el\",\"datePublished\":\"2010-04-14T07:54:47+00:00\",\"dateModified\":\"2021-01-26T15:47:01+00:00\",\"mainEntityOfPage\":{\"@id\":\"https:\\\/\\\/wp.kristdemokraterna.se\\\/vasternorrland\\\/tanka-bilen-med-allt-fran-biogas-etanol-till-el\\\/\"},\"wordCount\":569,\"keywords\":[\"alla inl\u00e4gg\",\"biobr\u00e4nsle\",\"infrastruktur\",\"koldioxid\",\"milj\u00f6 och energi\",\"Milj\u00f6partiet\",\"r\u00e4lsunderh\u00e5ll\",\"v\u00e4gunderh\u00e5ll\"],\"articleSection\":[\"Infrastruktur\",\"Milj\u00f6 och energi\",\"Nyheter\"],\"inLanguage\":\"sv-SE\"},{\"@type\":\"WebPage\",\"@id\":\"https:\\\/\\\/wp.kristdemokraterna.se\\\/vasternorrland\\\/tanka-bilen-med-allt-fran-biogas-etanol-till-el\\\/\",\"url\":\"https:\\\/\\\/wp.kristdemokraterna.se\\\/vasternorrland\\\/tanka-bilen-med-allt-fran-biogas-etanol-till-el\\\/\",\"name\":\"Tanka bilen med allt fr\u00e5n biogas, etanol till el | KD V\u00e4sternorrland\",\"isPartOf\":{\"@id\":\"https:\\\/\\\/wp.kristdemokraterna.se\\\/vasternorrland\\\/#website\"},\"datePublished\":\"2010-04-14T07:54:47+00:00\",\"dateModified\":\"2021-01-26T15:47:01+00:00\",\"author\":{\"@id\":\"https:\\\/\\\/wp.kristdemokraterna.se\\\/vasternorrland\\\/#\\\/schema\\\/person\\\/c253503d86970574912dff6ec658bf28\"},\"breadcrumb\":{\"@id\":\"https:\\\/\\\/wp.kristdemokraterna.se\\\/vasternorrland\\\/tanka-bilen-med-allt-fran-biogas-etanol-till-el\\\/#breadcrumb\"},\"inLanguage\":\"sv-SE\",\"potentialAction\":[{\"@type\":\"ReadAction\",\"target\":[\"https:\\\/\\\/wp.kristdemokraterna.se\\\/vasternorrland\\\/tanka-bilen-med-allt-fran-biogas-etanol-till-el\\\/\"]}]},{\"@type\":\"BreadcrumbList\",\"@id\":\"https:\\\/\\\/wp.kristdemokraterna.se\\\/vasternorrland\\\/tanka-bilen-med-allt-fran-biogas-etanol-till-el\\\/#breadcrumb\",\"itemListElement\":[{\"@type\":\"ListItem\",\"position\":1,\"name\":\"Hem\",\"item\":\"https:\\\/\\\/wp.kristdemokraterna.se\\\/vasternorrland\\\/\"},{\"@type\":\"ListItem\",\"position\":2,\"name\":\"Tanka bilen med allt fr\u00e5n biogas, etanol till el\"}]},{\"@type\":\"WebSite\",\"@id\":\"https:\\\/\\\/wp.kristdemokraterna.se\\\/vasternorrland\\\/#website\",\"url\":\"https:\\\/\\\/wp.kristdemokraterna.se\\\/vasternorrland\\\/\",\"name\":\"KD V\u00e4sternorrland\",\"description\":\"V\u00e5rda v\u00e5rden - utveckla prim\u00e4rv\u00e5rden\",\"inLanguage\":\"sv-SE\"},{\"@type\":\"Person\",\"@id\":\"https:\\\/\\\/wp.kristdemokraterna.se\\\/vasternorrland\\\/#\\\/schema\\\/person\\\/c253503d86970574912dff6ec658bf28\",\"name\":\"sendelbach\",\"image\":{\"@type\":\"ImageObject\",\"inLanguage\":\"sv-SE\",\"@id\":\"https:\\\/\\\/secure.gravatar.com\\\/avatar\\\/0499a666be08fad4eb4333dbfba8681b8ebe23a978ce2e4c44818b2c5e2415b8?s=96&r=g\",\"url\":\"https:\\\/\\\/secure.gravatar.com\\\/avatar\\\/0499a666be08fad4eb4333dbfba8681b8ebe23a978ce2e4c44818b2c5e2415b8?s=96&r=g\",\"contentUrl\":\"https:\\\/\\\/secure.gravatar.com\\\/avatar\\\/0499a666be08fad4eb4333dbfba8681b8ebe23a978ce2e4c44818b2c5e2415b8?s=96&r=g\",\"caption\":\"sendelbach\"},\"url\":\"https:\\\/\\\/wp.kristdemokraterna.se\\\/vasternorrland\\\/author\\\/sendelbach\\\/\"}]}<\/script>\n<!-- \/ Yoast SEO plugin. -->","yoast_head_json":{"title":"Tanka bilen med allt fr\u00e5n biogas, etanol till el | KD V\u00e4sternorrland","robots":{"index":"index","follow":"follow","max-snippet":"max-snippet:-1","max-image-preview":"max-image-preview:large","max-video-preview":"max-video-preview:-1"},"canonical":"https:\/\/wp.kristdemokraterna.se\/vasternorrland\/tanka-bilen-med-allt-fran-biogas-etanol-till-el\/","og_locale":"sv_SE","og_type":"article","og_title":"Tanka bilen med allt fr\u00e5n biogas, etanol till el | KD V\u00e4sternorrland","og_description":"N\u00e4r n\u00e5gon med stora men felaktiga ambitioner f\u00e5r chansen att ut\u00f6va inflytande, vad h\u00e4nder d\u00e5? I Milj\u00f6partiets fall \u00e4r pumplagen det pedagogiska exemplet p\u00e5 hur det kan g\u00e5 till. D\u00e4rf\u00f6r \u00e4r det s\u00e5 viktigt f\u00f6r Karin Svensson Smith i ST 6\/4 att f\u00f6rs\u00f6ka urs\u00e4kta varf\u00f6r pumplagen blivit ett fiasko. Milj\u00f6partiet vill s\u00e5 g\u00e4rna f\u00f6rsigkomma teknisk Read More","og_url":"https:\/\/wp.kristdemokraterna.se\/vasternorrland\/tanka-bilen-med-allt-fran-biogas-etanol-till-el\/","og_site_name":"KD V\u00e4sternorrland","article_publisher":"https:\/\/www.facebook.com\/kdrvn\/","article_published_time":"2010-04-14T07:54:47+00:00","article_modified_time":"2021-01-26T15:47:01+00:00","author":"sendelbach","twitter_card":"summary_large_image","twitter_misc":{"Skriven av":"sendelbach","Ber\u00e4knad l\u00e4stid":"3 minuter"},"schema":{"@context":"https:\/\/schema.org","@graph":[{"@type":"Article","@id":"https:\/\/wp.kristdemokraterna.se\/vasternorrland\/tanka-bilen-med-allt-fran-biogas-etanol-till-el\/#article","isPartOf":{"@id":"https:\/\/wp.kristdemokraterna.se\/vasternorrland\/tanka-bilen-med-allt-fran-biogas-etanol-till-el\/"},"author":{"name":"sendelbach","@id":"https:\/\/wp.kristdemokraterna.se\/vasternorrland\/#\/schema\/person\/c253503d86970574912dff6ec658bf28"},"headline":"Tanka bilen med allt fr\u00e5n biogas, etanol till el","datePublished":"2010-04-14T07:54:47+00:00","dateModified":"2021-01-26T15:47:01+00:00","mainEntityOfPage":{"@id":"https:\/\/wp.kristdemokraterna.se\/vasternorrland\/tanka-bilen-med-allt-fran-biogas-etanol-till-el\/"},"wordCount":569,"keywords":["alla inl\u00e4gg","biobr\u00e4nsle","infrastruktur","koldioxid","milj\u00f6 och energi","Milj\u00f6partiet","r\u00e4lsunderh\u00e5ll","v\u00e4gunderh\u00e5ll"],"articleSection":["Infrastruktur","Milj\u00f6 och energi","Nyheter"],"inLanguage":"sv-SE"},{"@type":"WebPage","@id":"https:\/\/wp.kristdemokraterna.se\/vasternorrland\/tanka-bilen-med-allt-fran-biogas-etanol-till-el\/","url":"https:\/\/wp.kristdemokraterna.se\/vasternorrland\/tanka-bilen-med-allt-fran-biogas-etanol-till-el\/","name":"Tanka bilen med allt fr\u00e5n biogas, etanol till el | KD V\u00e4sternorrland","isPartOf":{"@id":"https:\/\/wp.kristdemokraterna.se\/vasternorrland\/#website"},"datePublished":"2010-04-14T07:54:47+00:00","dateModified":"2021-01-26T15:47:01+00:00","author":{"@id":"https:\/\/wp.kristdemokraterna.se\/vasternorrland\/#\/schema\/person\/c253503d86970574912dff6ec658bf28"},"breadcrumb":{"@id":"https:\/\/wp.kristdemokraterna.se\/vasternorrland\/tanka-bilen-med-allt-fran-biogas-etanol-till-el\/#breadcrumb"},"inLanguage":"sv-SE","potentialAction":[{"@type":"ReadAction","target":["https:\/\/wp.kristdemokraterna.se\/vasternorrland\/tanka-bilen-med-allt-fran-biogas-etanol-till-el\/"]}]},{"@type":"BreadcrumbList","@id":"https:\/\/wp.kristdemokraterna.se\/vasternorrland\/tanka-bilen-med-allt-fran-biogas-etanol-till-el\/#breadcrumb","itemListElement":[{"@type":"ListItem","position":1,"name":"Hem","item":"https:\/\/wp.kristdemokraterna.se\/vasternorrland\/"},{"@type":"ListItem","position":2,"name":"Tanka bilen med allt fr\u00e5n biogas, etanol till el"}]},{"@type":"WebSite","@id":"https:\/\/wp.kristdemokraterna.se\/vasternorrland\/#website","url":"https:\/\/wp.kristdemokraterna.se\/vasternorrland\/","name":"KD V\u00e4sternorrland","description":"V\u00e5rda v\u00e5rden - utveckla prim\u00e4rv\u00e5rden","inLanguage":"sv-SE"},{"@type":"Person","@id":"https:\/\/wp.kristdemokraterna.se\/vasternorrland\/#\/schema\/person\/c253503d86970574912dff6ec658bf28","name":"sendelbach","image":{"@type":"ImageObject","inLanguage":"sv-SE","@id":"https:\/\/secure.gravatar.com\/avatar\/0499a666be08fad4eb4333dbfba8681b8ebe23a978ce2e4c44818b2c5e2415b8?s=96&r=g","url":"https:\/\/secure.gravatar.com\/avatar\/0499a666be08fad4eb4333dbfba8681b8ebe23a978ce2e4c44818b2c5e2415b8?s=96&r=g","contentUrl":"https:\/\/secure.gravatar.com\/avatar\/0499a666be08fad4eb4333dbfba8681b8ebe23a978ce2e4c44818b2c5e2415b8?s=96&r=g","caption":"sendelbach"},"url":"https:\/\/wp.kristdemokraterna.se\/vasternorrland\/author\/sendelbach\/"}]}},"_links":{"self":[{"href":"https:\/\/wp.kristdemokraterna.se\/vasternorrland\/wp-json\/wp\/v2\/posts\/295629","targetHints":{"allow":["GET"]}}],"collection":[{"href":"https:\/\/wp.kristdemokraterna.se\/vasternorrland\/wp-json\/wp\/v2\/posts"}],"about":[{"href":"https:\/\/wp.kristdemokraterna.se\/vasternorrland\/wp-json\/wp\/v2\/types\/post"}],"author":[{"embeddable":true,"href":"https:\/\/wp.kristdemokraterna.se\/vasternorrland\/wp-json\/wp\/v2\/users\/861"}],"replies":[{"embeddable":true,"href":"https:\/\/wp.kristdemokraterna.se\/vasternorrland\/wp-json\/wp\/v2\/comments?post=295629"}],"version-history":[{"count":3,"href":"https:\/\/wp.kristdemokraterna.se\/vasternorrland\/wp-json\/wp\/v2\/posts\/295629\/revisions"}],"predecessor-version":[{"id":341560,"href":"https:\/\/wp.kristdemokraterna.se\/vasternorrland\/wp-json\/wp\/v2\/posts\/295629\/revisions\/341560"}],"wp:attachment":[{"href":"https:\/\/wp.kristdemokraterna.se\/vasternorrland\/wp-json\/wp\/v2\/media?parent=295629"}],"wp:term":[{"taxonomy":"category","embeddable":true,"href":"https:\/\/wp.kristdemokraterna.se\/vasternorrland\/wp-json\/wp\/v2\/categories?post=295629"},{"taxonomy":"post_tag","embeddable":true,"href":"https:\/\/wp.kristdemokraterna.se\/vasternorrland\/wp-json\/wp\/v2\/tags?post=295629"}],"curies":[{"name":"wp","href":"https:\/\/api.w.org\/{rel}","templated":true}]}}